{"id":5531,"date":"2026-03-03T07:45:11","date_gmt":"2026-03-03T06:45:11","guid":{"rendered":"https:\/\/spolecznajedynka.pl\/sp\/?p=5531"},"modified":"2026-03-03T07:45:11","modified_gmt":"2026-03-03T06:45:11","slug":"kilometry-zbieramy-nowy-sposob-logowania","status":"publish","type":"post","link":"https:\/\/spolecznajedynka.pl\/sp\/komunikaty\/kilometry-zbieramy-nowy-sposob-logowania\/","title":{"rendered":"Kilometry zbieramy &#8211; nowy spos\u00f3b logowania"},"content":{"rendered":"<div class=\"\" data-block=\"true\" data-editor=\"chgnr\" data-offset-key=\"8jun4-0-0\">\n<div class=\"_1mf _1mj\" data-offset-key=\"8jun4-0-0\"><strong>Coraz d\u0142u\u017csze dni, temperatury zdecydowanie nieminusowe i jedyny w swoim rodzaju zapach \u015bwiata budz\u0105cego si\u0119 do \u017cycia &#8211; czy nie za tym t\u0119sknili\u015bmy tak d\u0142ugo?\u00a0<\/strong><\/div>\n<\/div>\n<div class=\"\" data-block=\"true\" data-editor=\"chgnr\" data-offset-key=\"9jed6-0-0\">\n<div class=\"_1mf _1mj\" data-offset-key=\"9jed6-0-0\"><strong>Dlatego przyjmijcie gor\u0105c\u0105 zach\u0119t\u0119 do wiosennej aktywno\u015bci fizycznej!\u00a0<\/strong><\/div>\n<div data-offset-key=\"9jed6-0-0\">\n<hr \/>\n<\/div>\n<\/div>\n<div class=\"\" data-block=\"true\" data-editor=\"chgnr\" data-offset-key=\"3mvjr-0-0\">\n<div class=\"_1mf _1mj\" data-offset-key=\"3mvjr-0-0\"><span data-offset-key=\"3mvjr-0-0\">\u00a0<\/span><\/div>\n<\/div>\n<div class=\"\" data-block=\"true\" data-editor=\"chgnr\" data-offset-key=\"ckncg-0-0\">\n<div class=\"_1mf _1mj\" data-offset-key=\"ckncg-0-0\"><span data-offset-key=\"ckncg-0-0\">A kiedy ju\u017c zdecydujecie si\u0119 na porcj\u0119 ruchu &#8211; dodajcie wychodzone, wybiegane i wyje\u017cd\u017cone kilometry do naszego wyzwania w Fundacji Dzi\u0119ki Tobie.\u00a0<\/span><\/div>\n<\/div>\n<div class=\"\" data-block=\"true\" data-editor=\"chgnr\" data-offset-key=\"30gdt-0-0\">\n<div class=\"_1mf _1mj\" data-offset-key=\"30gdt-0-0\">\n<hr \/>\n<p><span data-offset-key=\"30gdt-0-0\"><br data-text=\"true\" \/><\/span><\/div>\n<\/div>\n<div class=\"\" data-block=\"true\" data-editor=\"chgnr\" data-offset-key=\"78fk1-0-0\">\n<div class=\"_1mf _1mj\" data-offset-key=\"78fk1-0-0\"><span data-offset-key=\"78fk1-0-0\">Zrobicie to w<strong> nowy spos\u00f3b<\/strong>, loguj\u0105c si\u0119 przez stron\u0119 dedykowan\u0105 naszej szkole:<\/span><\/div>\n<\/div>\n<div class=\"\" data-block=\"true\" data-editor=\"chgnr\" data-offset-key=\"1862u-0-0\">\n<div class=\"_1mf _1mj\" data-offset-key=\"1862u-0-0\"><span data-offset-key=\"1862u-0-0\">&#8211; za\u0142\u00f3\u017ccie konto na stronie wyzwania &#8211; https:\/\/wyzwaniaszkolne.pl\/wyzwanie\/wyzwania-partnerskie\/spoleczna-jedynka-poznan\/<\/span><\/div>\n<\/div>\n<div class=\"\" data-block=\"true\" data-editor=\"chgnr\" data-offset-key=\"ahaiv-0-0\">\n<div class=\"_1mf _1mj\" data-offset-key=\"ahaiv-0-0\"><span data-offset-key=\"ahaiv-0-0\">&#8211; podajcie has\u0142o &#8211; Spo\u0142ecznaJedynka<\/span><\/div>\n<\/div>\n<div class=\"\" data-block=\"true\" data-editor=\"chgnr\" data-offset-key=\"aq1jk-0-0\">\n<div class=\"_1mf _1mj\" data-offset-key=\"aq1jk-0-0\"><span data-offset-key=\"aq1jk-0-0\">&#8211; wpiszcie z jakiej klasy jeste\u015bcie (uczniowie i uczennice) lub poinformujcie, \u017ce jeste\u015bcie rodzicem\/nauczycielem\/absolwentem\/pracownikiem<\/span><\/div>\n<\/div>\n<div class=\"\" data-block=\"true\" data-editor=\"chgnr\" data-offset-key=\"aj9df-0-0\">\n<div class=\"_1mf _1mj\" data-offset-key=\"aj9df-0-0\"><span data-offset-key=\"aj9df-0-0\">&#8211; je\u015bli nie macie 18 lat, za\u0142\u0105czcie zgod\u0119 rodzica.<\/span><\/div>\n<\/div>\n<div class=\"\" data-block=\"true\" data-editor=\"chgnr\" data-offset-key=\"dbja1-0-0\">\n<div class=\"_1mf _1mj\" data-offset-key=\"dbja1-0-0\"><span data-offset-key=\"dbja1-0-0\">&#8211; zalogujcie si\u0119 i przeka\u017ccie swoje charytatywne kilometry.\u00a0<\/span><\/div>\n<\/div>\n<div class=\"\" data-block=\"true\" data-editor=\"chgnr\" data-offset-key=\"3n1uo-0-0\">\n<div class=\"_1mf _1mj\" data-offset-key=\"3n1uo-0-0\"><span data-offset-key=\"3n1uo-0-0\">\u00a0<\/span><\/div>\n<\/div>\n<div class=\"\" data-block=\"true\" data-editor=\"chgnr\" data-offset-key=\"doko4-0-0\">\n<div class=\"_1mf _1mj\" data-offset-key=\"doko4-0-0\"><span data-offset-key=\"doko4-0-0\">Nasze dzia\u0142anie na rzecz podopiecznych Fundacji <\/span><span class=\"_247o\" spellcheck=\"false\" data-offset-key=\"doko4-1-0\"><span data-offset-key=\"doko4-1-0\">DziekiTobie.pl<\/span><\/span><span data-offset-key=\"doko4-2-0\"> trwa ju\u017c kolejny rok!\u00a0<\/span><\/div>\n<\/div>\n<div class=\"\" data-block=\"true\" data-editor=\"chgnr\" data-offset-key=\"8dj7i-0-0\">\n<div class=\"_1mf _1mj\" data-offset-key=\"8dj7i-0-0\"><span data-offset-key=\"8dj7i-0-0\">\u00a0<\/span><\/div>\n<\/div>\n<div class=\"\" data-block=\"true\" data-editor=\"chgnr\" data-offset-key=\"6neau-0-0\">\n<div class=\"_1mf _1mj\" data-offset-key=\"6neau-0-0\"><img loading=\"lazy\" decoding=\"async\" class=\"alignleft  wp-image-5532\" src=\"https:\/\/spolecznajedynka.pl\/sp\/wp-content\/uploads\/sites\/3\/2026\/03\/Kafelek-KilometryZbieramy-2024-scaled-1-1024x572.jpg\" alt=\"\" width=\"812\" height=\"454\" srcset=\"https:\/\/spolecznajedynka.pl\/sp\/wp-content\/uploads\/sites\/3\/2026\/03\/Kafelek-KilometryZbieramy-2024-scaled-1-1024x572.jpg 1024w, https:\/\/spolecznajedynka.pl\/sp\/wp-content\/uploads\/sites\/3\/2026\/03\/Kafelek-KilometryZbieramy-2024-scaled-1-300x167.jpg 300w, https:\/\/spolecznajedynka.pl\/sp\/wp-content\/uploads\/sites\/3\/2026\/03\/Kafelek-KilometryZbieramy-2024-scaled-1-768x429.jpg 768w, https:\/\/spolecznajedynka.pl\/sp\/wp-content\/uploads\/sites\/3\/2026\/03\/Kafelek-KilometryZbieramy-2024-scaled-1-1536x857.jpg 1536w, https:\/\/spolecznajedynka.pl\/sp\/wp-content\/uploads\/sites\/3\/2026\/03\/Kafelek-KilometryZbieramy-2024-scaled-1-2048x1143.jpg 2048w\" sizes=\"auto, (max-width: 812px) 100vw, 812px\" \/><\/div>\n<\/div>\n","protected":false},"excerpt":{"rendered":"<p>Coraz d\u0142u\u017csze dni, temperatury zdecydowanie nieminusowe i jedyny w swoim rodzaju zapach \u015bwiata budz\u0105cego si\u0119 do \u017cycia &#8211; czy nie&#8230;<\/p>\n","protected":false},"author":2,"featured_media":5532,"comment_status":"closed","ping_status":"closed","sticky":false,"template":"","format":"standard","meta":{"_acf_changed":false,"footnotes":""},"categories":[3,10],"tags":[],"class_list":["post-5531","post","type-post","status-publish","format-standard","has-post-thumbnail","hentry","category-komunikaty","category-poza-lekcjami"],"acf":[],"yoast_head":"<!-- This site is optimized with the Yoast SEO plugin v27.5 - https:\/\/yoast.com\/product\/yoast-seo-wordpress\/ -->\n<title>Kilometry zbieramy - nowy spos\u00f3b logowania - Szko\u0142a Podstawowa<\/title>\n<meta name=\"robots\" content=\"index, follow, max-snippet:-1, max-image-preview:large, max-video-preview:-1\" \/>\n<link rel=\"canonical\" href=\"https:\/\/spolecznajedynka.pl\/sp\/komunikaty\/kilometry-zbieramy-nowy-sposob-logowania\/\" \/>\n<meta property=\"og:locale\" content=\"pl_PL\" \/>\n<meta property=\"og:type\" content=\"article\" \/>\n<meta property=\"og:title\" content=\"Kilometry zbieramy - nowy spos\u00f3b logowania - Szko\u0142a Podstawowa\" \/>\n<meta property=\"og:description\" content=\"Coraz d\u0142u\u017csze dni, temperatury zdecydowanie nieminusowe i jedyny w swoim rodzaju zapach \u015bwiata budz\u0105cego si\u0119 do \u017cycia &#8211; czy nie...\" \/>\n<meta property=\"og:url\" content=\"https:\/\/spolecznajedynka.pl\/sp\/komunikaty\/kilometry-zbieramy-nowy-sposob-logowania\/\" \/>\n<meta property=\"og:site_name\" content=\"Szko\u0142a Podstawowa\" \/>\n<meta property=\"article:publisher\" content=\"https:\/\/www.facebook.com\/spolecznajedynkapoznan\/\" \/>\n<meta property=\"article:published_time\" content=\"2026-03-03T06:45:11+00:00\" \/>\n<meta property=\"og:image\" content=\"https:\/\/spolecznajedynka.pl\/sp\/wp-content\/uploads\/sites\/3\/2026\/03\/Kafelek-KilometryZbieramy-2024-scaled-1.jpg\" \/>\n\t<meta property=\"og:image:width\" content=\"2560\" \/>\n\t<meta property=\"og:image:height\" content=\"1429\" \/>\n\t<meta property=\"og:image:type\" content=\"image\/jpeg\" \/>\n<meta name=\"author\" content=\"Admin Top\" \/>\n<meta name=\"twitter:card\" content=\"summary_large_image\" \/>\n<meta name=\"twitter:label1\" content=\"Napisane przez\" \/>\n\t<meta name=\"twitter:data1\" content=\"Admin Top\" \/>\n\t<meta name=\"twitter:label2\" content=\"Szacowany czas czytania\" \/>\n\t<meta name=\"twitter:data2\" content=\"2 minuty\" \/>\n<script type=\"application\/ld+json\" class=\"yoast-schema-graph\">{\"@context\":\"https:\\\/\\\/schema.org\",\"@graph\":[{\"@type\":\"Article\",\"@id\":\"https:\\\/\\\/spolecznajedynka.pl\\\/sp\\\/komunikaty\\\/kilometry-zbieramy-nowy-sposob-logowania\\\/#article\",\"isPartOf\":{\"@id\":\"https:\\\/\\\/spolecznajedynka.pl\\\/sp\\\/komunikaty\\\/kilometry-zbieramy-nowy-sposob-logowania\\\/\"},\"author\":{\"name\":\"Admin Top\",\"@id\":\"https:\\\/\\\/spolecznajedynka.pl\\\/sp\\\/#\\\/schema\\\/person\\\/2516201558d359d325ddfae4255a4356\"},\"headline\":\"Kilometry zbieramy &#8211; nowy spos\u00f3b logowania\",\"datePublished\":\"2026-03-03T06:45:11+00:00\",\"mainEntityOfPage\":{\"@id\":\"https:\\\/\\\/spolecznajedynka.pl\\\/sp\\\/komunikaty\\\/kilometry-zbieramy-nowy-sposob-logowania\\\/\"},\"wordCount\":160,\"publisher\":{\"@id\":\"https:\\\/\\\/spolecznajedynka.pl\\\/sp\\\/#organization\"},\"image\":{\"@id\":\"https:\\\/\\\/spolecznajedynka.pl\\\/sp\\\/komunikaty\\\/kilometry-zbieramy-nowy-sposob-logowania\\\/#primaryimage\"},\"thumbnailUrl\":\"https:\\\/\\\/spolecznajedynka.pl\\\/sp\\\/wp-content\\\/uploads\\\/sites\\\/3\\\/2026\\\/03\\\/Kafelek-KilometryZbieramy-2024-scaled-1.jpg\",\"articleSection\":[\"Komunikaty\",\"Poza lekcjami\"],\"inLanguage\":\"pl-PL\"},{\"@type\":\"WebPage\",\"@id\":\"https:\\\/\\\/spolecznajedynka.pl\\\/sp\\\/komunikaty\\\/kilometry-zbieramy-nowy-sposob-logowania\\\/\",\"url\":\"https:\\\/\\\/spolecznajedynka.pl\\\/sp\\\/komunikaty\\\/kilometry-zbieramy-nowy-sposob-logowania\\\/\",\"name\":\"Kilometry zbieramy - nowy spos\u00f3b logowania - Szko\u0142a Podstawowa\",\"isPartOf\":{\"@id\":\"https:\\\/\\\/spolecznajedynka.pl\\\/sp\\\/#website\"},\"primaryImageOfPage\":{\"@id\":\"https:\\\/\\\/spolecznajedynka.pl\\\/sp\\\/komunikaty\\\/kilometry-zbieramy-nowy-sposob-logowania\\\/#primaryimage\"},\"image\":{\"@id\":\"https:\\\/\\\/spolecznajedynka.pl\\\/sp\\\/komunikaty\\\/kilometry-zbieramy-nowy-sposob-logowania\\\/#primaryimage\"},\"thumbnailUrl\":\"https:\\\/\\\/spolecznajedynka.pl\\\/sp\\\/wp-content\\\/uploads\\\/sites\\\/3\\\/2026\\\/03\\\/Kafelek-KilometryZbieramy-2024-scaled-1.jpg\",\"datePublished\":\"2026-03-03T06:45:11+00:00\",\"breadcrumb\":{\"@id\":\"https:\\\/\\\/spolecznajedynka.pl\\\/sp\\\/komunikaty\\\/kilometry-zbieramy-nowy-sposob-logowania\\\/#breadcrumb\"},\"inLanguage\":\"pl-PL\",\"potentialAction\":[{\"@type\":\"ReadAction\",\"target\":[\"https:\\\/\\\/spolecznajedynka.pl\\\/sp\\\/komunikaty\\\/kilometry-zbieramy-nowy-sposob-logowania\\\/\"]}]},{\"@type\":\"ImageObject\",\"inLanguage\":\"pl-PL\",\"@id\":\"https:\\\/\\\/spolecznajedynka.pl\\\/sp\\\/komunikaty\\\/kilometry-zbieramy-nowy-sposob-logowania\\\/#primaryimage\",\"url\":\"https:\\\/\\\/spolecznajedynka.pl\\\/sp\\\/wp-content\\\/uploads\\\/sites\\\/3\\\/2026\\\/03\\\/Kafelek-KilometryZbieramy-2024-scaled-1.jpg\",\"contentUrl\":\"https:\\\/\\\/spolecznajedynka.pl\\\/sp\\\/wp-content\\\/uploads\\\/sites\\\/3\\\/2026\\\/03\\\/Kafelek-KilometryZbieramy-2024-scaled-1.jpg\",\"width\":2560,\"height\":1429},{\"@type\":\"BreadcrumbList\",\"@id\":\"https:\\\/\\\/spolecznajedynka.pl\\\/sp\\\/komunikaty\\\/kilometry-zbieramy-nowy-sposob-logowania\\\/#breadcrumb\",\"itemListElement\":[{\"@type\":\"ListItem\",\"position\":1,\"name\":\"Strona g\u0142\u00f3wna\",\"item\":\"https:\\\/\\\/spolecznajedynka.pl\\\/sp\\\/\"},{\"@type\":\"ListItem\",\"position\":2,\"name\":\"Komunikaty\",\"item\":\"https:\\\/\\\/spolecznajedynka.pl\\\/sp\\\/k\\\/komunikaty\\\/\"},{\"@type\":\"ListItem\",\"position\":3,\"name\":\"Kilometry zbieramy &#8211; nowy spos\u00f3b logowania\"}]},{\"@type\":\"WebSite\",\"@id\":\"https:\\\/\\\/spolecznajedynka.pl\\\/sp\\\/#website\",\"url\":\"https:\\\/\\\/spolecznajedynka.pl\\\/sp\\\/\",\"name\":\"Szko\u0142a Podstawowa Spo\u0142eczna Jedynka Pozna\u0144\",\"description\":\"\",\"publisher\":{\"@id\":\"https:\\\/\\\/spolecznajedynka.pl\\\/sp\\\/#organization\"},\"potentialAction\":[{\"@type\":\"SearchAction\",\"target\":{\"@type\":\"EntryPoint\",\"urlTemplate\":\"https:\\\/\\\/spolecznajedynka.pl\\\/sp\\\/?s={search_term_string}\"},\"query-input\":{\"@type\":\"PropertyValueSpecification\",\"valueRequired\":true,\"valueName\":\"search_term_string\"}}],\"inLanguage\":\"pl-PL\"},{\"@type\":\"Organization\",\"@id\":\"https:\\\/\\\/spolecznajedynka.pl\\\/sp\\\/#organization\",\"name\":\"Szko\u0142a Podstawowa Spo\u0142eczna Jedynka Pozna\u0144\",\"url\":\"https:\\\/\\\/spolecznajedynka.pl\\\/sp\\\/\",\"logo\":{\"@type\":\"ImageObject\",\"inLanguage\":\"pl-PL\",\"@id\":\"https:\\\/\\\/spolecznajedynka.pl\\\/sp\\\/#\\\/schema\\\/logo\\\/image\\\/\",\"url\":\"https:\\\/\\\/spolecznajedynka.pl\\\/sp\\\/wp-content\\\/uploads\\\/sites\\\/3\\\/2023\\\/10\\\/logo.png\",\"contentUrl\":\"https:\\\/\\\/spolecznajedynka.pl\\\/sp\\\/wp-content\\\/uploads\\\/sites\\\/3\\\/2023\\\/10\\\/logo.png\",\"width\":75,\"height\":124,\"caption\":\"Szko\u0142a Podstawowa Spo\u0142eczna Jedynka Pozna\u0144\"},\"image\":{\"@id\":\"https:\\\/\\\/spolecznajedynka.pl\\\/sp\\\/#\\\/schema\\\/logo\\\/image\\\/\"},\"sameAs\":[\"https:\\\/\\\/www.facebook.com\\\/spolecznajedynkapoznan\\\/\",\"https:\\\/\\\/www.instagram.com\\\/spolecznajedynka\\\/\"]},{\"@type\":\"Person\",\"@id\":\"https:\\\/\\\/spolecznajedynka.pl\\\/sp\\\/#\\\/schema\\\/person\\\/2516201558d359d325ddfae4255a4356\",\"name\":\"Admin Top\",\"image\":{\"@type\":\"ImageObject\",\"inLanguage\":\"pl-PL\",\"@id\":\"https:\\\/\\\/secure.gravatar.com\\\/avatar\\\/4faaedc4afabcd882aed6427c06dd9449a4ac635efb8f231a3e4f729e70f1cad?s=96&d=mm&r=g\",\"url\":\"https:\\\/\\\/secure.gravatar.com\\\/avatar\\\/4faaedc4afabcd882aed6427c06dd9449a4ac635efb8f231a3e4f729e70f1cad?s=96&d=mm&r=g\",\"contentUrl\":\"https:\\\/\\\/secure.gravatar.com\\\/avatar\\\/4faaedc4afabcd882aed6427c06dd9449a4ac635efb8f231a3e4f729e70f1cad?s=96&d=mm&r=g\",\"caption\":\"Admin Top\"}}]}<\/script>\n<!-- \/ Yoast SEO plugin. -->","yoast_head_json":{"title":"Kilometry zbieramy - nowy spos\u00f3b logowania - Szko\u0142a Podstawowa","robots":{"index":"index","follow":"follow","max-snippet":"max-snippet:-1","max-image-preview":"max-image-preview:large","max-video-preview":"max-video-preview:-1"},"canonical":"https:\/\/spolecznajedynka.pl\/sp\/komunikaty\/kilometry-zbieramy-nowy-sposob-logowania\/","og_locale":"pl_PL","og_type":"article","og_title":"Kilometry zbieramy - nowy spos\u00f3b logowania - Szko\u0142a Podstawowa","og_description":"Coraz d\u0142u\u017csze dni, temperatury zdecydowanie nieminusowe i jedyny w swoim rodzaju zapach \u015bwiata budz\u0105cego si\u0119 do \u017cycia &#8211; czy nie...","og_url":"https:\/\/spolecznajedynka.pl\/sp\/komunikaty\/kilometry-zbieramy-nowy-sposob-logowania\/","og_site_name":"Szko\u0142a Podstawowa","article_publisher":"https:\/\/www.facebook.com\/spolecznajedynkapoznan\/","article_published_time":"2026-03-03T06:45:11+00:00","og_image":[{"width":2560,"height":1429,"url":"https:\/\/spolecznajedynka.pl\/sp\/wp-content\/uploads\/sites\/3\/2026\/03\/Kafelek-KilometryZbieramy-2024-scaled-1.jpg","type":"image\/jpeg"}],"author":"Admin Top","twitter_card":"summary_large_image","twitter_misc":{"Napisane przez":"Admin Top","Szacowany czas czytania":"2 minuty"},"schema":{"@context":"https:\/\/schema.org","@graph":[{"@type":"Article","@id":"https:\/\/spolecznajedynka.pl\/sp\/komunikaty\/kilometry-zbieramy-nowy-sposob-logowania\/#article","isPartOf":{"@id":"https:\/\/spolecznajedynka.pl\/sp\/komunikaty\/kilometry-zbieramy-nowy-sposob-logowania\/"},"author":{"name":"Admin Top","@id":"https:\/\/spolecznajedynka.pl\/sp\/#\/schema\/person\/2516201558d359d325ddfae4255a4356"},"headline":"Kilometry zbieramy &#8211; nowy spos\u00f3b logowania","datePublished":"2026-03-03T06:45:11+00:00","mainEntityOfPage":{"@id":"https:\/\/spolecznajedynka.pl\/sp\/komunikaty\/kilometry-zbieramy-nowy-sposob-logowania\/"},"wordCount":160,"publisher":{"@id":"https:\/\/spolecznajedynka.pl\/sp\/#organization"},"image":{"@id":"https:\/\/spolecznajedynka.pl\/sp\/komunikaty\/kilometry-zbieramy-nowy-sposob-logowania\/#primaryimage"},"thumbnailUrl":"https:\/\/spolecznajedynka.pl\/sp\/wp-content\/uploads\/sites\/3\/2026\/03\/Kafelek-KilometryZbieramy-2024-scaled-1.jpg","articleSection":["Komunikaty","Poza lekcjami"],"inLanguage":"pl-PL"},{"@type":"WebPage","@id":"https:\/\/spolecznajedynka.pl\/sp\/komunikaty\/kilometry-zbieramy-nowy-sposob-logowania\/","url":"https:\/\/spolecznajedynka.pl\/sp\/komunikaty\/kilometry-zbieramy-nowy-sposob-logowania\/","name":"Kilometry zbieramy - nowy spos\u00f3b logowania - Szko\u0142a Podstawowa","isPartOf":{"@id":"https:\/\/spolecznajedynka.pl\/sp\/#website"},"primaryImageOfPage":{"@id":"https:\/\/spolecznajedynka.pl\/sp\/komunikaty\/kilometry-zbieramy-nowy-sposob-logowania\/#primaryimage"},"image":{"@id":"https:\/\/spolecznajedynka.pl\/sp\/komunikaty\/kilometry-zbieramy-nowy-sposob-logowania\/#primaryimage"},"thumbnailUrl":"https:\/\/spolecznajedynka.pl\/sp\/wp-content\/uploads\/sites\/3\/2026\/03\/Kafelek-KilometryZbieramy-2024-scaled-1.jpg","datePublished":"2026-03-03T06:45:11+00:00","breadcrumb":{"@id":"https:\/\/spolecznajedynka.pl\/sp\/komunikaty\/kilometry-zbieramy-nowy-sposob-logowania\/#breadcrumb"},"inLanguage":"pl-PL","potentialAction":[{"@type":"ReadAction","target":["https:\/\/spolecznajedynka.pl\/sp\/komunikaty\/kilometry-zbieramy-nowy-sposob-logowania\/"]}]},{"@type":"ImageObject","inLanguage":"pl-PL","@id":"https:\/\/spolecznajedynka.pl\/sp\/komunikaty\/kilometry-zbieramy-nowy-sposob-logowania\/#primaryimage","url":"https:\/\/spolecznajedynka.pl\/sp\/wp-content\/uploads\/sites\/3\/2026\/03\/Kafelek-KilometryZbieramy-2024-scaled-1.jpg","contentUrl":"https:\/\/spolecznajedynka.pl\/sp\/wp-content\/uploads\/sites\/3\/2026\/03\/Kafelek-KilometryZbieramy-2024-scaled-1.jpg","width":2560,"height":1429},{"@type":"BreadcrumbList","@id":"https:\/\/spolecznajedynka.pl\/sp\/komunikaty\/kilometry-zbieramy-nowy-sposob-logowania\/#breadcrumb","itemListElement":[{"@type":"ListItem","position":1,"name":"Strona g\u0142\u00f3wna","item":"https:\/\/spolecznajedynka.pl\/sp\/"},{"@type":"ListItem","position":2,"name":"Komunikaty","item":"https:\/\/spolecznajedynka.pl\/sp\/k\/komunikaty\/"},{"@type":"ListItem","position":3,"name":"Kilometry zbieramy &#8211; nowy spos\u00f3b logowania"}]},{"@type":"WebSite","@id":"https:\/\/spolecznajedynka.pl\/sp\/#website","url":"https:\/\/spolecznajedynka.pl\/sp\/","name":"Szko\u0142a Podstawowa Spo\u0142eczna Jedynka Pozna\u0144","description":"","publisher":{"@id":"https:\/\/spolecznajedynka.pl\/sp\/#organization"},"potentialAction":[{"@type":"SearchAction","target":{"@type":"EntryPoint","urlTemplate":"https:\/\/spolecznajedynka.pl\/sp\/?s={search_term_string}"},"query-input":{"@type":"PropertyValueSpecification","valueRequired":true,"valueName":"search_term_string"}}],"inLanguage":"pl-PL"},{"@type":"Organization","@id":"https:\/\/spolecznajedynka.pl\/sp\/#organization","name":"Szko\u0142a Podstawowa Spo\u0142eczna Jedynka Pozna\u0144","url":"https:\/\/spolecznajedynka.pl\/sp\/","logo":{"@type":"ImageObject","inLanguage":"pl-PL","@id":"https:\/\/spolecznajedynka.pl\/sp\/#\/schema\/logo\/image\/","url":"https:\/\/spolecznajedynka.pl\/sp\/wp-content\/uploads\/sites\/3\/2023\/10\/logo.png","contentUrl":"https:\/\/spolecznajedynka.pl\/sp\/wp-content\/uploads\/sites\/3\/2023\/10\/logo.png","width":75,"height":124,"caption":"Szko\u0142a Podstawowa Spo\u0142eczna Jedynka Pozna\u0144"},"image":{"@id":"https:\/\/spolecznajedynka.pl\/sp\/#\/schema\/logo\/image\/"},"sameAs":["https:\/\/www.facebook.com\/spolecznajedynkapoznan\/","https:\/\/www.instagram.com\/spolecznajedynka\/"]},{"@type":"Person","@id":"https:\/\/spolecznajedynka.pl\/sp\/#\/schema\/person\/2516201558d359d325ddfae4255a4356","name":"Admin Top","image":{"@type":"ImageObject","inLanguage":"pl-PL","@id":"https:\/\/secure.gravatar.com\/avatar\/4faaedc4afabcd882aed6427c06dd9449a4ac635efb8f231a3e4f729e70f1cad?s=96&d=mm&r=g","url":"https:\/\/secure.gravatar.com\/avatar\/4faaedc4afabcd882aed6427c06dd9449a4ac635efb8f231a3e4f729e70f1cad?s=96&d=mm&r=g","contentUrl":"https:\/\/secure.gravatar.com\/avatar\/4faaedc4afabcd882aed6427c06dd9449a4ac635efb8f231a3e4f729e70f1cad?s=96&d=mm&r=g","caption":"Admin Top"}}]}},"_links":{"self":[{"href":"https:\/\/spolecznajedynka.pl\/sp\/wp-json\/wp\/v2\/posts\/5531","targetHints":{"allow":["GET"]}}],"collection":[{"href":"https:\/\/spolecznajedynka.pl\/sp\/wp-json\/wp\/v2\/posts"}],"about":[{"href":"https:\/\/spolecznajedynka.pl\/sp\/wp-json\/wp\/v2\/types\/post"}],"author":[{"embeddable":true,"href":"https:\/\/spolecznajedynka.pl\/sp\/wp-json\/wp\/v2\/users\/2"}],"replies":[{"embeddable":true,"href":"https:\/\/spolecznajedynka.pl\/sp\/wp-json\/wp\/v2\/comments?post=5531"}],"version-history":[{"count":1,"href":"https:\/\/spolecznajedynka.pl\/sp\/wp-json\/wp\/v2\/posts\/5531\/revisions"}],"predecessor-version":[{"id":5533,"href":"https:\/\/spolecznajedynka.pl\/sp\/wp-json\/wp\/v2\/posts\/5531\/revisions\/5533"}],"wp:featuredmedia":[{"embeddable":true,"href":"https:\/\/spolecznajedynka.pl\/sp\/wp-json\/wp\/v2\/media\/5532"}],"wp:attachment":[{"href":"https:\/\/spolecznajedynka.pl\/sp\/wp-json\/wp\/v2\/media?parent=5531"}],"wp:term":[{"taxonomy":"category","embeddable":true,"href":"https:\/\/spolecznajedynka.pl\/sp\/wp-json\/wp\/v2\/categories?post=5531"},{"taxonomy":"post_tag","embeddable":true,"href":"https:\/\/spolecznajedynka.pl\/sp\/wp-json\/wp\/v2\/tags?post=5531"}],"curies":[{"name":"wp","href":"https:\/\/api.w.org\/{rel}","templated":true}]}}