{"id":5462,"date":"2026-01-27T22:07:43","date_gmt":"2026-01-27T21:07:43","guid":{"rendered":"https:\/\/spolecznajedynka.pl\/sp\/?p=5462"},"modified":"2026-01-27T22:07:43","modified_gmt":"2026-01-27T21:07:43","slug":"zapomniany-ojciec-niepodleglosci-wyklad-i-wystawa","status":"publish","type":"post","link":"https:\/\/spolecznajedynka.pl\/sp\/poza-lekcjami\/zapomniany-ojciec-niepodleglosci-wyklad-i-wystawa\/","title":{"rendered":"&#8222;Zapomniany Ojciec Niepodleg\u0142o\u015bci&#8221; &#8211; wyk\u0142ad i wystawa"},"content":{"rendered":"<div class=\"\" data-block=\"true\" data-editor=\"30kli\" data-offset-key=\"d8pjv-0-0\">\n<div class=\"_1mf _1mj\" data-offset-key=\"d8pjv-0-0\"><strong>To by\u0142a niezwyk\u0142a lekcja historii!\u00a0<\/strong><\/div>\n<\/div>\n<div class=\"\" data-block=\"true\" data-editor=\"30kli\" data-offset-key=\"9b0aa-0-0\">\n<div class=\"_1mf _1mj\" data-offset-key=\"9b0aa-0-0\"><strong>We wtorek 27 stycznia go\u015bcili\u015bmy przedstawicieli Towarzystwa Pami\u0119ci Genera\u0142a J\u00f3zefa Dowbora-Mu\u015bnickiego z Lusowa.\u00a0<\/strong><\/div>\n<div data-offset-key=\"9b0aa-0-0\">\n<hr \/>\n<\/div>\n<\/div>\n<div class=\"\" data-block=\"true\" data-editor=\"30kli\" data-offset-key=\"fji3-0-0\">\n<div class=\"_1mf _1mj\" data-offset-key=\"fji3-0-0\"><strong>\u00a0<\/strong><\/div>\n<\/div>\n<div class=\"\" data-block=\"true\" data-editor=\"30kli\" data-offset-key=\"eqh47-0-0\">\n<div class=\"_1mf _1mj\" data-offset-key=\"eqh47-0-0\"><span data-offset-key=\"eqh47-0-0\">Wyk\u0142ad, kt\u00f3ry przybli\u017cy\u0142 posta\u0107 wybitnego dow\u00f3dcy i bohatera walk o niepodleg\u0142o\u015b\u0107, poprowadzi\u0142a pani Violetta Ciesielska, wiceprezes Towarzystwa. Towarzyszy\u0142 jej m\u0105\u017c, pan Jerzy Ciesielski \u2013 cz\u0142onek za\u0142o\u017cyciel organizacji.\u00a0<\/span><\/div>\n<\/div>\n<div class=\"\" data-block=\"true\" data-editor=\"30kli\" data-offset-key=\"e3r7t-0-0\">\n<div class=\"_1mf _1mj\" data-offset-key=\"e3r7t-0-0\"><span data-offset-key=\"e3r7t-0-0\">\u00a0<\/span><\/div>\n<\/div>\n<div class=\"\" data-block=\"true\" data-editor=\"30kli\" data-offset-key=\"i68t-0-0\">\n<div class=\"_1mf _1mj\" data-offset-key=\"i68t-0-0\"><span data-offset-key=\"i68t-0-0\">Wydarzenie rozpocz\u0105\u0142 emocjonuj\u0105cy quiz wiedzy, w kt\u00f3rym dwuosobowe zespo\u0142y z ka\u017cdej klasy zmierzy\u0142y si\u0119 z faktami z \u017cycia genera\u0142a. <\/span>Po nim uczniowie i uczennice klas 6-8 wzi\u0119li udzia\u0142 w uroczystym otwarciu wystawy \u201eZapomniany Ojciec Niepodleg\u0142o\u015bci\u201d.<\/div>\n<\/div>\n<div class=\"\" data-block=\"true\" data-editor=\"30kli\" data-offset-key=\"28qj0-0-0\">\n<div class=\"_1mf _1mj\" data-offset-key=\"28qj0-0-0\">\n<hr \/>\n<p><span data-offset-key=\"28qj0-0-0\"><br data-text=\"true\" \/><\/span><\/div>\n<\/div>\n<div class=\"\" data-block=\"true\" data-editor=\"30kli\" data-offset-key=\"1b6r2-0-0\">\n<div class=\"_1mf _1mj\" data-offset-key=\"1b6r2-0-0\"><span data-offset-key=\"1b6r2-0-0\">Nasza rado\u015b\u0107 by\u0142a tym wi\u0119ksza, \u017ce pa\u0144stwo Ciesielscy s\u0105 blisko zwi\u0105zani z nasz\u0105 spo\u0142eczno\u015bci\u0105 jako rodzice naszej absolwentki.<\/span><\/div>\n<\/div>\n<div class=\"\" data-block=\"true\" data-editor=\"30kli\" data-offset-key=\"d8e6d-0-0\">\n<div class=\"_1mf _1mj\" data-offset-key=\"d8e6d-0-0\"><span data-offset-key=\"d8e6d-0-0\">Cieszy nas ka\u017cde spotkanie po latach &#8211; a tym bardziej, kiedy wi\u0105\u017ce si\u0119 z tak warto\u015bciow\u0105 inicjatyw\u0105!\u00a0<\/span><\/div>\n<\/div>\n<div class=\"\" data-block=\"true\" data-editor=\"30kli\" data-offset-key=\"age6t-0-0\">\n<div class=\"_1mf _1mj\" data-offset-key=\"age6t-0-0\"><span data-offset-key=\"age6t-0-0\">\u00a0<\/span><\/div>\n<\/div>\n<div class=\"\" data-block=\"true\" data-editor=\"30kli\" data-offset-key=\"e9bp2-0-0\">\n<div class=\"_1mf _1mj\" data-offset-key=\"e9bp2-0-0\"><span data-offset-key=\"e9bp2-0-0\">Zapraszamy do obejrzenia fotorelacji z tego spotkania!\u00a0<\/span><\/div>\n<\/div>\n<div class=\"\" data-block=\"true\" data-editor=\"30kli\" data-offset-key=\"44b1-0-0\">\n<div class=\"_1mf _1mj\" data-offset-key=\"44b1-0-0\"><span data-offset-key=\"44b1-0-0\">Nie zapomnijcie r\u00f3wnie\u017c o wpisaniu si\u0119 do Ksi\u0119gi Go\u015bci, kt\u00f3ra czeka na Was przy pomniku \u015bw. Urszuli w holu szko\u0142y.\u00a0<\/span><\/div>\n<\/div>\n<div class=\"_1mf _1mj\" data-offset-key=\"puos-0-0\"><\/div>\n<div data-offset-key=\"puos-0-0\">\n\n\t\t<style type=\"text\/css\">\n\t\t\t#gallery-1 {\n\t\t\t\tmargin: auto;\n\t\t\t}\n\t\t\t#gallery-1 .gallery-item {\n\t\t\t\tfloat: left;\n\t\t\t\tmargin-top: 10px;\n\t\t\t\ttext-align: center;\n\t\t\t\twidth: 33%;\n\t\t\t}\n\t\t\t#gallery-1 img {\n\t\t\t\tborder: 2px solid #cfcfcf;\n\t\t\t}\n\t\t\t#gallery-1 .gallery-caption {\n\t\t\t\tmargin-left: 0;\n\t\t\t}\n\t\t\t\/* see gallery_shortcode() in wp-includes\/media.php *\/\n\t\t<\/style>\n\t\t<div id='gallery-1' class='gallery galleryid-5462 gallery-columns-3 gallery-size-thumbnail'><dl class='gallery-item'>\n\t\t\t<dt class='gallery-icon landscape'>\n\t\t\t\t<a href='https:\/\/spolecznajedynka.pl\/sp\/poza-lekcjami\/zapomniany-ojciec-niepodleglosci-wyklad-i-wystawa\/attachment\/oplus_2097152-2\/'><img loading=\"lazy\" decoding=\"async\" width=\"150\" height=\"150\" src=\"https:\/\/spolecznajedynka.pl\/sp\/wp-content\/uploads\/sites\/3\/2026\/01\/IMG20260127111245-150x150.jpg\" class=\"attachment-thumbnail size-thumbnail\" alt=\"\" aria-describedby=\"gallery-1-5464\" \/><\/a>\n\t\t\t<\/dt>\n\t\t\t\t<dd class='wp-caption-text gallery-caption' id='gallery-1-5464'>\n\t\t\t\toplus_2097152\n\t\t\t\t<\/dd><\/dl><dl class='gallery-item'>\n\t\t\t<dt class='gallery-icon landscape'>\n\t\t\t\t<a href='https:\/\/spolecznajedynka.pl\/sp\/poza-lekcjami\/zapomniany-ojciec-niepodleglosci-wyklad-i-wystawa\/attachment\/oplus_2097152-3\/'><img loading=\"lazy\" decoding=\"async\" width=\"150\" height=\"150\" src=\"https:\/\/spolecznajedynka.pl\/sp\/wp-content\/uploads\/sites\/3\/2026\/01\/IMG20260127111406-150x150.jpg\" class=\"attachment-thumbnail size-thumbnail\" alt=\"\" aria-describedby=\"gallery-1-5465\" \/><\/a>\n\t\t\t<\/dt>\n\t\t\t\t<dd class='wp-caption-text gallery-caption' id='gallery-1-5465'>\n\t\t\t\toplus_2097152\n\t\t\t\t<\/dd><\/dl><dl class='gallery-item'>\n\t\t\t<dt class='gallery-icon landscape'>\n\t\t\t\t<a href='https:\/\/spolecznajedynka.pl\/sp\/poza-lekcjami\/zapomniany-ojciec-niepodleglosci-wyklad-i-wystawa\/attachment\/oplus_2097152-5\/'><img loading=\"lazy\" decoding=\"async\" width=\"150\" height=\"150\" src=\"https:\/\/spolecznajedynka.pl\/sp\/wp-content\/uploads\/sites\/3\/2026\/01\/IMG20260127110821-150x150.jpg\" class=\"attachment-thumbnail size-thumbnail\" alt=\"\" aria-describedby=\"gallery-1-5467\" \/><\/a>\n\t\t\t<\/dt>\n\t\t\t\t<dd class='wp-caption-text gallery-caption' id='gallery-1-5467'>\n\t\t\t\toplus_2097152\n\t\t\t\t<\/dd><\/dl><br style=\"clear: both\" \/><dl class='gallery-item'>\n\t\t\t<dt class='gallery-icon landscape'>\n\t\t\t\t<a href='https:\/\/spolecznajedynka.pl\/sp\/poza-lekcjami\/zapomniany-ojciec-niepodleglosci-wyklad-i-wystawa\/attachment\/oplus_2097152\/'><img loading=\"lazy\" decoding=\"async\" width=\"150\" height=\"150\" src=\"https:\/\/spolecznajedynka.pl\/sp\/wp-content\/uploads\/sites\/3\/2026\/01\/IMG20260127111214-150x150.jpg\" class=\"attachment-thumbnail size-thumbnail\" alt=\"\" aria-describedby=\"gallery-1-5463\" \/><\/a>\n\t\t\t<\/dt>\n\t\t\t\t<dd class='wp-caption-text gallery-caption' id='gallery-1-5463'>\n\t\t\t\toplus_2097152\n\t\t\t\t<\/dd><\/dl><dl class='gallery-item'>\n\t\t\t<dt class='gallery-icon landscape'>\n\t\t\t\t<a href='https:\/\/spolecznajedynka.pl\/sp\/poza-lekcjami\/zapomniany-ojciec-niepodleglosci-wyklad-i-wystawa\/attachment\/oplus_2097152-7\/'><img loading=\"lazy\" decoding=\"async\" width=\"150\" height=\"150\" src=\"https:\/\/spolecznajedynka.pl\/sp\/wp-content\/uploads\/sites\/3\/2026\/01\/IMG20260127110935-150x150.jpg\" class=\"attachment-thumbnail size-thumbnail\" alt=\"\" aria-describedby=\"gallery-1-5469\" \/><\/a>\n\t\t\t<\/dt>\n\t\t\t\t<dd class='wp-caption-text gallery-caption' id='gallery-1-5469'>\n\t\t\t\toplus_2097152\n\t\t\t\t<\/dd><\/dl><dl class='gallery-item'>\n\t\t\t<dt class='gallery-icon landscape'>\n\t\t\t\t<a href='https:\/\/spolecznajedynka.pl\/sp\/poza-lekcjami\/zapomniany-ojciec-niepodleglosci-wyklad-i-wystawa\/attachment\/oplus_2097152-8\/'><img loading=\"lazy\" decoding=\"async\" width=\"150\" height=\"150\" src=\"https:\/\/spolecznajedynka.pl\/sp\/wp-content\/uploads\/sites\/3\/2026\/01\/IMG20260127111037-150x150.jpg\" class=\"attachment-thumbnail size-thumbnail\" alt=\"\" aria-describedby=\"gallery-1-5470\" \/><\/a>\n\t\t\t<\/dt>\n\t\t\t\t<dd class='wp-caption-text gallery-caption' id='gallery-1-5470'>\n\t\t\t\toplus_2097152\n\t\t\t\t<\/dd><\/dl><br style=\"clear: both\" \/><dl class='gallery-item'>\n\t\t\t<dt class='gallery-icon landscape'>\n\t\t\t\t<a href='https:\/\/spolecznajedynka.pl\/sp\/poza-lekcjami\/zapomniany-ojciec-niepodleglosci-wyklad-i-wystawa\/attachment\/oplus_2097152-4\/'><img loading=\"lazy\" decoding=\"async\" width=\"150\" height=\"150\" src=\"https:\/\/spolecznajedynka.pl\/sp\/wp-content\/uploads\/sites\/3\/2026\/01\/IMG20260127111609-150x150.jpg\" class=\"attachment-thumbnail size-thumbnail\" alt=\"\" aria-describedby=\"gallery-1-5466\" \/><\/a>\n\t\t\t<\/dt>\n\t\t\t\t<dd class='wp-caption-text gallery-caption' id='gallery-1-5466'>\n\t\t\t\toplus_2097152\n\t\t\t\t<\/dd><\/dl>\n\t\t\t<br style='clear: both' \/>\n\t\t<\/div>\n\n<\/div>\n","protected":false},"excerpt":{"rendered":"<p>To by\u0142a niezwyk\u0142a lekcja historii!\u00a0 We wtorek 27 stycznia go\u015bcili\u015bmy przedstawicieli Towarzystwa Pami\u0119ci Genera\u0142a J\u00f3zefa Dowbora-Mu\u015bnickiego z Lusowa.\u00a0 \u00a0 Wyk\u0142ad,&#8230;<\/p>\n","protected":false},"author":2,"featured_media":5464,"comment_status":"closed","ping_status":"closed","sticky":false,"template":"","format":"standard","meta":{"_acf_changed":false,"footnotes":""},"categories":[10],"tags":[],"class_list":["post-5462","post","type-post","status-publish","format-standard","has-post-thumbnail","hentry","category-poza-lekcjami"],"acf":[],"yoast_head":"<!-- This site is optimized with the Yoast SEO plugin v27.5 - https:\/\/yoast.com\/product\/yoast-seo-wordpress\/ -->\n<title>&quot;Zapomniany Ojciec Niepodleg\u0142o\u015bci&quot; - wyk\u0142ad i wystawa - Szko\u0142a Podstawowa<\/title>\n<meta name=\"robots\" content=\"index, follow, max-snippet:-1, max-image-preview:large, max-video-preview:-1\" \/>\n<link rel=\"canonical\" href=\"https:\/\/spolecznajedynka.pl\/sp\/poza-lekcjami\/zapomniany-ojciec-niepodleglosci-wyklad-i-wystawa\/\" \/>\n<meta property=\"og:locale\" content=\"pl_PL\" \/>\n<meta property=\"og:type\" content=\"article\" \/>\n<meta property=\"og:title\" content=\"&quot;Zapomniany Ojciec Niepodleg\u0142o\u015bci&quot; - wyk\u0142ad i wystawa - Szko\u0142a Podstawowa\" \/>\n<meta property=\"og:description\" content=\"To by\u0142a niezwyk\u0142a lekcja historii!\u00a0 We wtorek 27 stycznia go\u015bcili\u015bmy przedstawicieli Towarzystwa Pami\u0119ci Genera\u0142a J\u00f3zefa Dowbora-Mu\u015bnickiego z Lusowa.\u00a0 \u00a0 Wyk\u0142ad,...\" \/>\n<meta property=\"og:url\" content=\"https:\/\/spolecznajedynka.pl\/sp\/poza-lekcjami\/zapomniany-ojciec-niepodleglosci-wyklad-i-wystawa\/\" \/>\n<meta property=\"og:site_name\" content=\"Szko\u0142a Podstawowa\" \/>\n<meta property=\"article:publisher\" content=\"https:\/\/www.facebook.com\/spolecznajedynkapoznan\/\" \/>\n<meta property=\"article:published_time\" content=\"2026-01-27T21:07:43+00:00\" \/>\n<meta property=\"og:image\" content=\"https:\/\/spolecznajedynka.pl\/sp\/wp-content\/uploads\/sites\/3\/2026\/01\/IMG20260127111245-scaled.jpg\" \/>\n\t<meta property=\"og:image:width\" content=\"2560\" \/>\n\t<meta property=\"og:image:height\" content=\"1920\" \/>\n\t<meta property=\"og:image:type\" content=\"image\/jpeg\" \/>\n<meta name=\"author\" content=\"Admin Top\" \/>\n<meta name=\"twitter:card\" content=\"summary_large_image\" \/>\n<meta name=\"twitter:label1\" content=\"Napisane przez\" \/>\n\t<meta name=\"twitter:data1\" content=\"Admin Top\" \/>\n\t<meta name=\"twitter:label2\" content=\"Szacowany czas czytania\" \/>\n\t<meta name=\"twitter:data2\" content=\"2 minuty\" \/>\n<script type=\"application\/ld+json\" class=\"yoast-schema-graph\">{\"@context\":\"https:\\\/\\\/schema.org\",\"@graph\":[{\"@type\":\"Article\",\"@id\":\"https:\\\/\\\/spolecznajedynka.pl\\\/sp\\\/poza-lekcjami\\\/zapomniany-ojciec-niepodleglosci-wyklad-i-wystawa\\\/#article\",\"isPartOf\":{\"@id\":\"https:\\\/\\\/spolecznajedynka.pl\\\/sp\\\/poza-lekcjami\\\/zapomniany-ojciec-niepodleglosci-wyklad-i-wystawa\\\/\"},\"author\":{\"name\":\"Admin Top\",\"@id\":\"https:\\\/\\\/spolecznajedynka.pl\\\/sp\\\/#\\\/schema\\\/person\\\/2516201558d359d325ddfae4255a4356\"},\"headline\":\"&#8222;Zapomniany Ojciec Niepodleg\u0142o\u015bci&#8221; &#8211; wyk\u0142ad i wystawa\",\"datePublished\":\"2026-01-27T21:07:43+00:00\",\"mainEntityOfPage\":{\"@id\":\"https:\\\/\\\/spolecznajedynka.pl\\\/sp\\\/poza-lekcjami\\\/zapomniany-ojciec-niepodleglosci-wyklad-i-wystawa\\\/\"},\"wordCount\":192,\"publisher\":{\"@id\":\"https:\\\/\\\/spolecznajedynka.pl\\\/sp\\\/#organization\"},\"image\":{\"@id\":\"https:\\\/\\\/spolecznajedynka.pl\\\/sp\\\/poza-lekcjami\\\/zapomniany-ojciec-niepodleglosci-wyklad-i-wystawa\\\/#primaryimage\"},\"thumbnailUrl\":\"https:\\\/\\\/spolecznajedynka.pl\\\/sp\\\/wp-content\\\/uploads\\\/sites\\\/3\\\/2026\\\/01\\\/IMG20260127111245-scaled.jpg\",\"articleSection\":[\"Poza lekcjami\"],\"inLanguage\":\"pl-PL\"},{\"@type\":\"WebPage\",\"@id\":\"https:\\\/\\\/spolecznajedynka.pl\\\/sp\\\/poza-lekcjami\\\/zapomniany-ojciec-niepodleglosci-wyklad-i-wystawa\\\/\",\"url\":\"https:\\\/\\\/spolecznajedynka.pl\\\/sp\\\/poza-lekcjami\\\/zapomniany-ojciec-niepodleglosci-wyklad-i-wystawa\\\/\",\"name\":\"\\\"Zapomniany Ojciec Niepodleg\u0142o\u015bci\\\" - wyk\u0142ad i wystawa - Szko\u0142a Podstawowa\",\"isPartOf\":{\"@id\":\"https:\\\/\\\/spolecznajedynka.pl\\\/sp\\\/#website\"},\"primaryImageOfPage\":{\"@id\":\"https:\\\/\\\/spolecznajedynka.pl\\\/sp\\\/poza-lekcjami\\\/zapomniany-ojciec-niepodleglosci-wyklad-i-wystawa\\\/#primaryimage\"},\"image\":{\"@id\":\"https:\\\/\\\/spolecznajedynka.pl\\\/sp\\\/poza-lekcjami\\\/zapomniany-ojciec-niepodleglosci-wyklad-i-wystawa\\\/#primaryimage\"},\"thumbnailUrl\":\"https:\\\/\\\/spolecznajedynka.pl\\\/sp\\\/wp-content\\\/uploads\\\/sites\\\/3\\\/2026\\\/01\\\/IMG20260127111245-scaled.jpg\",\"datePublished\":\"2026-01-27T21:07:43+00:00\",\"breadcrumb\":{\"@id\":\"https:\\\/\\\/spolecznajedynka.pl\\\/sp\\\/poza-lekcjami\\\/zapomniany-ojciec-niepodleglosci-wyklad-i-wystawa\\\/#breadcrumb\"},\"inLanguage\":\"pl-PL\",\"potentialAction\":[{\"@type\":\"ReadAction\",\"target\":[\"https:\\\/\\\/spolecznajedynka.pl\\\/sp\\\/poza-lekcjami\\\/zapomniany-ojciec-niepodleglosci-wyklad-i-wystawa\\\/\"]}]},{\"@type\":\"ImageObject\",\"inLanguage\":\"pl-PL\",\"@id\":\"https:\\\/\\\/spolecznajedynka.pl\\\/sp\\\/poza-lekcjami\\\/zapomniany-ojciec-niepodleglosci-wyklad-i-wystawa\\\/#primaryimage\",\"url\":\"https:\\\/\\\/spolecznajedynka.pl\\\/sp\\\/wp-content\\\/uploads\\\/sites\\\/3\\\/2026\\\/01\\\/IMG20260127111245-scaled.jpg\",\"contentUrl\":\"https:\\\/\\\/spolecznajedynka.pl\\\/sp\\\/wp-content\\\/uploads\\\/sites\\\/3\\\/2026\\\/01\\\/IMG20260127111245-scaled.jpg\",\"width\":2560,\"height\":1920,\"caption\":\"oplus_2097152\"},{\"@type\":\"BreadcrumbList\",\"@id\":\"https:\\\/\\\/spolecznajedynka.pl\\\/sp\\\/poza-lekcjami\\\/zapomniany-ojciec-niepodleglosci-wyklad-i-wystawa\\\/#breadcrumb\",\"itemListElement\":[{\"@type\":\"ListItem\",\"position\":1,\"name\":\"Strona g\u0142\u00f3wna\",\"item\":\"https:\\\/\\\/spolecznajedynka.pl\\\/sp\\\/\"},{\"@type\":\"ListItem\",\"position\":2,\"name\":\"Poza lekcjami\",\"item\":\"https:\\\/\\\/spolecznajedynka.pl\\\/sp\\\/k\\\/poza-lekcjami\\\/\"},{\"@type\":\"ListItem\",\"position\":3,\"name\":\"&#8222;Zapomniany Ojciec Niepodleg\u0142o\u015bci&#8221; &#8211; wyk\u0142ad i wystawa\"}]},{\"@type\":\"WebSite\",\"@id\":\"https:\\\/\\\/spolecznajedynka.pl\\\/sp\\\/#website\",\"url\":\"https:\\\/\\\/spolecznajedynka.pl\\\/sp\\\/\",\"name\":\"Szko\u0142a Podstawowa Spo\u0142eczna Jedynka Pozna\u0144\",\"description\":\"\",\"publisher\":{\"@id\":\"https:\\\/\\\/spolecznajedynka.pl\\\/sp\\\/#organization\"},\"potentialAction\":[{\"@type\":\"SearchAction\",\"target\":{\"@type\":\"EntryPoint\",\"urlTemplate\":\"https:\\\/\\\/spolecznajedynka.pl\\\/sp\\\/?s={search_term_string}\"},\"query-input\":{\"@type\":\"PropertyValueSpecification\",\"valueRequired\":true,\"valueName\":\"search_term_string\"}}],\"inLanguage\":\"pl-PL\"},{\"@type\":\"Organization\",\"@id\":\"https:\\\/\\\/spolecznajedynka.pl\\\/sp\\\/#organization\",\"name\":\"Szko\u0142a Podstawowa Spo\u0142eczna Jedynka Pozna\u0144\",\"url\":\"https:\\\/\\\/spolecznajedynka.pl\\\/sp\\\/\",\"logo\":{\"@type\":\"ImageObject\",\"inLanguage\":\"pl-PL\",\"@id\":\"https:\\\/\\\/spolecznajedynka.pl\\\/sp\\\/#\\\/schema\\\/logo\\\/image\\\/\",\"url\":\"https:\\\/\\\/spolecznajedynka.pl\\\/sp\\\/wp-content\\\/uploads\\\/sites\\\/3\\\/2023\\\/10\\\/logo.png\",\"contentUrl\":\"https:\\\/\\\/spolecznajedynka.pl\\\/sp\\\/wp-content\\\/uploads\\\/sites\\\/3\\\/2023\\\/10\\\/logo.png\",\"width\":75,\"height\":124,\"caption\":\"Szko\u0142a Podstawowa Spo\u0142eczna Jedynka Pozna\u0144\"},\"image\":{\"@id\":\"https:\\\/\\\/spolecznajedynka.pl\\\/sp\\\/#\\\/schema\\\/logo\\\/image\\\/\"},\"sameAs\":[\"https:\\\/\\\/www.facebook.com\\\/spolecznajedynkapoznan\\\/\",\"https:\\\/\\\/www.instagram.com\\\/spolecznajedynka\\\/\"]},{\"@type\":\"Person\",\"@id\":\"https:\\\/\\\/spolecznajedynka.pl\\\/sp\\\/#\\\/schema\\\/person\\\/2516201558d359d325ddfae4255a4356\",\"name\":\"Admin Top\",\"image\":{\"@type\":\"ImageObject\",\"inLanguage\":\"pl-PL\",\"@id\":\"https:\\\/\\\/secure.gravatar.com\\\/avatar\\\/4faaedc4afabcd882aed6427c06dd9449a4ac635efb8f231a3e4f729e70f1cad?s=96&d=mm&r=g\",\"url\":\"https:\\\/\\\/secure.gravatar.com\\\/avatar\\\/4faaedc4afabcd882aed6427c06dd9449a4ac635efb8f231a3e4f729e70f1cad?s=96&d=mm&r=g\",\"contentUrl\":\"https:\\\/\\\/secure.gravatar.com\\\/avatar\\\/4faaedc4afabcd882aed6427c06dd9449a4ac635efb8f231a3e4f729e70f1cad?s=96&d=mm&r=g\",\"caption\":\"Admin Top\"}}]}<\/script>\n<!-- \/ Yoast SEO plugin. -->","yoast_head_json":{"title":"\"Zapomniany Ojciec Niepodleg\u0142o\u015bci\" - wyk\u0142ad i wystawa - Szko\u0142a Podstawowa","robots":{"index":"index","follow":"follow","max-snippet":"max-snippet:-1","max-image-preview":"max-image-preview:large","max-video-preview":"max-video-preview:-1"},"canonical":"https:\/\/spolecznajedynka.pl\/sp\/poza-lekcjami\/zapomniany-ojciec-niepodleglosci-wyklad-i-wystawa\/","og_locale":"pl_PL","og_type":"article","og_title":"\"Zapomniany Ojciec Niepodleg\u0142o\u015bci\" - wyk\u0142ad i wystawa - Szko\u0142a Podstawowa","og_description":"To by\u0142a niezwyk\u0142a lekcja historii!\u00a0 We wtorek 27 stycznia go\u015bcili\u015bmy przedstawicieli Towarzystwa Pami\u0119ci Genera\u0142a J\u00f3zefa Dowbora-Mu\u015bnickiego z Lusowa.\u00a0 \u00a0 Wyk\u0142ad,...","og_url":"https:\/\/spolecznajedynka.pl\/sp\/poza-lekcjami\/zapomniany-ojciec-niepodleglosci-wyklad-i-wystawa\/","og_site_name":"Szko\u0142a Podstawowa","article_publisher":"https:\/\/www.facebook.com\/spolecznajedynkapoznan\/","article_published_time":"2026-01-27T21:07:43+00:00","og_image":[{"width":2560,"height":1920,"url":"https:\/\/spolecznajedynka.pl\/sp\/wp-content\/uploads\/sites\/3\/2026\/01\/IMG20260127111245-scaled.jpg","type":"image\/jpeg"}],"author":"Admin Top","twitter_card":"summary_large_image","twitter_misc":{"Napisane przez":"Admin Top","Szacowany czas czytania":"2 minuty"},"schema":{"@context":"https:\/\/schema.org","@graph":[{"@type":"Article","@id":"https:\/\/spolecznajedynka.pl\/sp\/poza-lekcjami\/zapomniany-ojciec-niepodleglosci-wyklad-i-wystawa\/#article","isPartOf":{"@id":"https:\/\/spolecznajedynka.pl\/sp\/poza-lekcjami\/zapomniany-ojciec-niepodleglosci-wyklad-i-wystawa\/"},"author":{"name":"Admin Top","@id":"https:\/\/spolecznajedynka.pl\/sp\/#\/schema\/person\/2516201558d359d325ddfae4255a4356"},"headline":"&#8222;Zapomniany Ojciec Niepodleg\u0142o\u015bci&#8221; &#8211; wyk\u0142ad i wystawa","datePublished":"2026-01-27T21:07:43+00:00","mainEntityOfPage":{"@id":"https:\/\/spolecznajedynka.pl\/sp\/poza-lekcjami\/zapomniany-ojciec-niepodleglosci-wyklad-i-wystawa\/"},"wordCount":192,"publisher":{"@id":"https:\/\/spolecznajedynka.pl\/sp\/#organization"},"image":{"@id":"https:\/\/spolecznajedynka.pl\/sp\/poza-lekcjami\/zapomniany-ojciec-niepodleglosci-wyklad-i-wystawa\/#primaryimage"},"thumbnailUrl":"https:\/\/spolecznajedynka.pl\/sp\/wp-content\/uploads\/sites\/3\/2026\/01\/IMG20260127111245-scaled.jpg","articleSection":["Poza lekcjami"],"inLanguage":"pl-PL"},{"@type":"WebPage","@id":"https:\/\/spolecznajedynka.pl\/sp\/poza-lekcjami\/zapomniany-ojciec-niepodleglosci-wyklad-i-wystawa\/","url":"https:\/\/spolecznajedynka.pl\/sp\/poza-lekcjami\/zapomniany-ojciec-niepodleglosci-wyklad-i-wystawa\/","name":"\"Zapomniany Ojciec Niepodleg\u0142o\u015bci\" - wyk\u0142ad i wystawa - Szko\u0142a Podstawowa","isPartOf":{"@id":"https:\/\/spolecznajedynka.pl\/sp\/#website"},"primaryImageOfPage":{"@id":"https:\/\/spolecznajedynka.pl\/sp\/poza-lekcjami\/zapomniany-ojciec-niepodleglosci-wyklad-i-wystawa\/#primaryimage"},"image":{"@id":"https:\/\/spolecznajedynka.pl\/sp\/poza-lekcjami\/zapomniany-ojciec-niepodleglosci-wyklad-i-wystawa\/#primaryimage"},"thumbnailUrl":"https:\/\/spolecznajedynka.pl\/sp\/wp-content\/uploads\/sites\/3\/2026\/01\/IMG20260127111245-scaled.jpg","datePublished":"2026-01-27T21:07:43+00:00","breadcrumb":{"@id":"https:\/\/spolecznajedynka.pl\/sp\/poza-lekcjami\/zapomniany-ojciec-niepodleglosci-wyklad-i-wystawa\/#breadcrumb"},"inLanguage":"pl-PL","potentialAction":[{"@type":"ReadAction","target":["https:\/\/spolecznajedynka.pl\/sp\/poza-lekcjami\/zapomniany-ojciec-niepodleglosci-wyklad-i-wystawa\/"]}]},{"@type":"ImageObject","inLanguage":"pl-PL","@id":"https:\/\/spolecznajedynka.pl\/sp\/poza-lekcjami\/zapomniany-ojciec-niepodleglosci-wyklad-i-wystawa\/#primaryimage","url":"https:\/\/spolecznajedynka.pl\/sp\/wp-content\/uploads\/sites\/3\/2026\/01\/IMG20260127111245-scaled.jpg","contentUrl":"https:\/\/spolecznajedynka.pl\/sp\/wp-content\/uploads\/sites\/3\/2026\/01\/IMG20260127111245-scaled.jpg","width":2560,"height":1920,"caption":"oplus_2097152"},{"@type":"BreadcrumbList","@id":"https:\/\/spolecznajedynka.pl\/sp\/poza-lekcjami\/zapomniany-ojciec-niepodleglosci-wyklad-i-wystawa\/#breadcrumb","itemListElement":[{"@type":"ListItem","position":1,"name":"Strona g\u0142\u00f3wna","item":"https:\/\/spolecznajedynka.pl\/sp\/"},{"@type":"ListItem","position":2,"name":"Poza lekcjami","item":"https:\/\/spolecznajedynka.pl\/sp\/k\/poza-lekcjami\/"},{"@type":"ListItem","position":3,"name":"&#8222;Zapomniany Ojciec Niepodleg\u0142o\u015bci&#8221; &#8211; wyk\u0142ad i wystawa"}]},{"@type":"WebSite","@id":"https:\/\/spolecznajedynka.pl\/sp\/#website","url":"https:\/\/spolecznajedynka.pl\/sp\/","name":"Szko\u0142a Podstawowa Spo\u0142eczna Jedynka Pozna\u0144","description":"","publisher":{"@id":"https:\/\/spolecznajedynka.pl\/sp\/#organization"},"potentialAction":[{"@type":"SearchAction","target":{"@type":"EntryPoint","urlTemplate":"https:\/\/spolecznajedynka.pl\/sp\/?s={search_term_string}"},"query-input":{"@type":"PropertyValueSpecification","valueRequired":true,"valueName":"search_term_string"}}],"inLanguage":"pl-PL"},{"@type":"Organization","@id":"https:\/\/spolecznajedynka.pl\/sp\/#organization","name":"Szko\u0142a Podstawowa Spo\u0142eczna Jedynka Pozna\u0144","url":"https:\/\/spolecznajedynka.pl\/sp\/","logo":{"@type":"ImageObject","inLanguage":"pl-PL","@id":"https:\/\/spolecznajedynka.pl\/sp\/#\/schema\/logo\/image\/","url":"https:\/\/spolecznajedynka.pl\/sp\/wp-content\/uploads\/sites\/3\/2023\/10\/logo.png","contentUrl":"https:\/\/spolecznajedynka.pl\/sp\/wp-content\/uploads\/sites\/3\/2023\/10\/logo.png","width":75,"height":124,"caption":"Szko\u0142a Podstawowa Spo\u0142eczna Jedynka Pozna\u0144"},"image":{"@id":"https:\/\/spolecznajedynka.pl\/sp\/#\/schema\/logo\/image\/"},"sameAs":["https:\/\/www.facebook.com\/spolecznajedynkapoznan\/","https:\/\/www.instagram.com\/spolecznajedynka\/"]},{"@type":"Person","@id":"https:\/\/spolecznajedynka.pl\/sp\/#\/schema\/person\/2516201558d359d325ddfae4255a4356","name":"Admin Top","image":{"@type":"ImageObject","inLanguage":"pl-PL","@id":"https:\/\/secure.gravatar.com\/avatar\/4faaedc4afabcd882aed6427c06dd9449a4ac635efb8f231a3e4f729e70f1cad?s=96&d=mm&r=g","url":"https:\/\/secure.gravatar.com\/avatar\/4faaedc4afabcd882aed6427c06dd9449a4ac635efb8f231a3e4f729e70f1cad?s=96&d=mm&r=g","contentUrl":"https:\/\/secure.gravatar.com\/avatar\/4faaedc4afabcd882aed6427c06dd9449a4ac635efb8f231a3e4f729e70f1cad?s=96&d=mm&r=g","caption":"Admin Top"}}]}},"_links":{"self":[{"href":"https:\/\/spolecznajedynka.pl\/sp\/wp-json\/wp\/v2\/posts\/5462","targetHints":{"allow":["GET"]}}],"collection":[{"href":"https:\/\/spolecznajedynka.pl\/sp\/wp-json\/wp\/v2\/posts"}],"about":[{"href":"https:\/\/spolecznajedynka.pl\/sp\/wp-json\/wp\/v2\/types\/post"}],"author":[{"embeddable":true,"href":"https:\/\/spolecznajedynka.pl\/sp\/wp-json\/wp\/v2\/users\/2"}],"replies":[{"embeddable":true,"href":"https:\/\/spolecznajedynka.pl\/sp\/wp-json\/wp\/v2\/comments?post=5462"}],"version-history":[{"count":1,"href":"https:\/\/spolecznajedynka.pl\/sp\/wp-json\/wp\/v2\/posts\/5462\/revisions"}],"predecessor-version":[{"id":5471,"href":"https:\/\/spolecznajedynka.pl\/sp\/wp-json\/wp\/v2\/posts\/5462\/revisions\/5471"}],"wp:featuredmedia":[{"embeddable":true,"href":"https:\/\/spolecznajedynka.pl\/sp\/wp-json\/wp\/v2\/media\/5464"}],"wp:attachment":[{"href":"https:\/\/spolecznajedynka.pl\/sp\/wp-json\/wp\/v2\/media?parent=5462"}],"wp:term":[{"taxonomy":"category","embeddable":true,"href":"https:\/\/spolecznajedynka.pl\/sp\/wp-json\/wp\/v2\/categories?post=5462"},{"taxonomy":"post_tag","embeddable":true,"href":"https:\/\/spolecznajedynka.pl\/sp\/wp-json\/wp\/v2\/tags?post=5462"}],"curies":[{"name":"wp","href":"https:\/\/api.w.org\/{rel}","templated":true}]}}