{"id":390,"date":"2022-09-12T22:19:56","date_gmt":"2022-09-12T20:19:56","guid":{"rendered":"https:\/\/zarzadzanie.smarthost.pl\/sp1\/sp\/?p=390"},"modified":"2024-10-26T11:12:59","modified_gmt":"2024-10-26T09:12:59","slug":"benalmadena-kurs-jezykowy-relacja-2","status":"publish","type":"post","link":"https:\/\/spolecznajedynka.pl\/sp\/poza-lekcjami\/benalmadena-kurs-jezykowy-relacja-2\/","title":{"rendered":"Benalmadena &#8211; kurs j\u0119zykowy [RELACJA]"},"content":{"rendered":"<p><strong>Zapraszamy do \u015bledzenia relacji z\u00a0kursu j\u0119zykowego, w\u00a0kt\u00f3rym uczestnicz\u0105 nasi uczniowie!<\/strong><\/p>\n<p><!--more--><\/p>\n<p>(Zachowali\u015bmy oryginaln\u0105 pisowni\u0119\u00a0 uczestnik\u00f3w kursu.)<\/p>\n<p><strong>Dzie\u0144 1 i\u00a02.<\/strong><\/p>\n<p><em>Zebrali\u015bmy si\u0119 na lotnisku kilka godzin przed lotem. Wszyscy czuli\u015bmy podekscytowanie zwi\u0105zane z\u00a0wycieczk\u0105. Lot przebieg\u0142 nam w\u00a0spokoju bez turbulencji. Dotarli\u015bmy wieczorem na lotnisko w\u00a0Maladze, a\u00a0nast\u0119pnie zostali\u015bmy przedstawieni naszym rodzinom goszcz\u0105cym. Nast\u0119pnego dnia czeka\u0142y nas ciekawe, kreatywne i\u00a0\u015bmieszne zaj\u0119cia z\u00a0nauczycielami w\u00a0szkole j\u0119zykowej. Ka\u017cdy z\u00a0nas mi\u0142o sp\u0119dzi\u0142 czas. Po lekcjach zjedli\u015bmy przygotowany dla nas lunch. Pyszne spaghetti i\u00a0\u015bwie\u017ce owoce. Nied\u0142ugo po posi\u0142ku ruszyli\u015bmy na spacer po miejscowo\u015bci. Przewodnicy opowiedzieli nam w\u00a0ciekawy i\u00a0zach\u0119caj\u0105cy spos\u00f3b o\u00a0miasteczku. Zobaczyli\u015bmy przepi\u0119kny park z\u00a0palmami, jeziorkami, bibliotek\u0105 oraz kawiarni\u0105. Zaraz po parku czeka\u0142 nas spacer na brzegu morza. Wszyscy bardzo dobrze si\u0119 bawili\u015bmy.<\/em><\/p>\n<p><strong>Dzie\u0144 3.<\/strong><\/p>\n<p><em>Hola! Za nami drugi, gor\u0105cy dzie\u0144 w\u00a0Hiszpanii. W\u00a0dniu dzisiejszym jak zwykle podzieleni ju\u017c na dwie grupy anglo i\u00a0hiszpanoj\u0119zyczn\u0105 mieli\u015bmy ciekawe zaj\u0119cia z\u00a0nativami. Po naszych lekcjach zjedli\u015bmy przepyszny obiad z\u00a0owocami na deser. Po posi\u0142ku udali\u015bmy si\u0119 na przystanek autobusowy po czym pojechali\u015bmy do malowniczego miasteczka Mijas. Zwiedzili\u015bmy pustelni\u0119, uraczyli\u015bmy si\u0119 przepyszmyni migda\u0142ami w\u00a0cukrze. Potem udali\u015bmy si\u0119 zwiedzi\u0107 aren\u0119, gdzie odbywa\u0142y si\u0119 walki byk\u00f3w.. Dowiedzieli\u015bmy si\u0119 tam bardzo du\u017co ciekawostek. Potem dostali\u015bmy czas wolny i\u00a0podzielili\u015bmy si\u0119 na ma\u0142e grupki aby pochodzi\u0107 po miasteczku i\u00a0kupi\u0107 drobne pami\u0105tki. Do Belmanadena wr\u00f3cili\u015bmy autobusem i\u00a0wszyscy zostali\u015bmy odebrani przez nasze rodziny.<\/em><\/p>\n<p><strong>Dzie\u0144 4.<\/strong><\/p>\n<p><em>Dzisiaj rano, oko\u0142o godziny 9:30 wszyscy spotkali\u015bmy si\u0119 w\u00a0szkole j\u0119zykowej. Lekcje zlecia\u0142y nam bardzo szybko w\u00a0niezwykle przyjaznej atmosferze. Po lekcjach zjedli\u015bmy bardzo dobry lunch. Nast\u0119pnie o\u00a0godzinie 14:30 wyruszyli\u015bmy na pla\u017c\u0119. Kiedy byli\u015bmy na pla\u017cy, nie tylko wypoczywali\u015bmy, ale r\u00f3wnie\u017c integrowali\u015bmy si\u0119 mi\u0119dzyklasowo. Niekt\u00f3rzy z\u00a0nas skorzystali z\u00a0k\u0105pieli w\u00a0bardzo ciep\u0142ym Morzu \u015ar\u00f3dziemnym. Wracaj\u0105c wszyscy byli\u015bmy ju\u017c bardzo zm\u0119czeni, wi\u0119c bez wi\u0119kszego wahania postanowili\u015bmy jak najszybciej wr\u00f3ci\u0107 do szko\u0142y j\u0119zykowej. Ka\u017cdy jest bardzo zadowolony z\u00a0tego dnia oraz w\u00a0jaki spos\u00f3b sp\u0119dzi\u0142 ten wspania\u0142y czas.<\/em><\/p>\n<p><strong>Dzie\u0144 5.<\/strong><\/p>\n<p><em>9 wrze\u015bnia zacz\u0105\u0142 si\u0119 przy \u201eBurger King\u201d w\u00a0Benalmadenie, wy\u015bcigiem po najlepsze miejsca w\u00a0autokarze. Po przyje\u017adzie do Frigiliany powita\u0142 nas pi\u0119kny widok z\u00a0wysoko\u015bci ok. 300 m.n.p.m. Najpierw nast\u0105pi\u0142o przeliczenie wszystkich, poprzedzaj\u0105ce ka\u017cda czynno\u015b\u0107 na naszym wyje\u017adzie, a\u00a0p\u00f3\u017aniej wspinaczka na punkt widokowy. Na szczycie pokaza\u0142o si\u0119 mniej wi\u0119cej to samo co widzieli\u015bmy z\u00a0parkingu, jednak\u017ce z\u00a0podniesion\u0105 jako\u015bci\u0105 i\u00a0w o\u00a0wiele szerszym kadrze.\u00a0 Kiedy ju\u017c wszyscy nacieszyli\u015bmy si\u0119 Pueblo blanco w\u00a0wersji ultra hd, udali\u015bmy si\u0119 do uroczego ko\u015bcio\u0142a. W\u00a0akompaniamencie wyk\u0142adu dw\u00f3ch nauczycieli, podziwiali\u015bmy ko\u015bci\u00f3\u0142 w\u00a0stylu gotyckim \u0142\u0105cz\u0105cy chrze\u015bcija\u0144ska kultur\u0119 z\u00a0muzu\u0142ma\u0144ska. To wypracowanie mog\u0142oby teraz zamieni\u0107 si\u0119 w\u00a0Wikipedi\u0119, ale niestety niezbyt uwa\u017ca\u0142am na s\u0142owa naszych opiekun\u00f3w, w\u00a0tamtym\u00a0 momencie. Na sam koniec usiedli\u015bmy przy \u017ar\u00f3de\u0142ku w\u00a0ni\u017cszej cz\u0119\u015bci miasteczka i\u00a0ju\u017c po chwili rozpocz\u0119\u0142a si\u0119 runda druga zawod\u00f3w z\u00a0pocz\u0105tku dnia. W\u00a0ten spos\u00f3b rozpocz\u0119\u0142a si\u0119 ju\u017c druga jazda w, na szcz\u0119\u015bcie, klimatyzowanej puszce.Nerja, nasza druga destynacja, by\u0142a r\u00f3wnie urzekaj\u0105ca z\u00a0cudownym Morskim krajobrazem i\u00a0mozaikowymi chodnikami. Pierwsza rzecz\u0105 by\u0142o zrobienie zdj\u0119\u0107 morza, aby przej\u015b\u0107 na \u015bliczny placyk wychodz\u0105cy na morze. Jeszcze wi\u0119cej cykania zdj\u0119\u0107 i\u00a0rozm\u00f3w o\u00a0wyje\u017adzie, gdy nast\u0105pi\u0142o tradycyjne ,, espa\u00f1ol aqu\u00ed y english group here\u201d. Po tej godzinie wszyscy w\u00a0mniejszym lub wi\u0119kszym stopniu zadowoleni powr\u00f3cili\u015bmy do autokaru(3..2..1.. na miejsca gotowi start!). Podr\u00f3\u017c zako\u0144czy\u0142a si\u0119 przy jednej z\u00a0Benalmadenskich uliczek, z\u00a0kt\u00f3rej udali\u015bmy si\u0119 do budynku szko\u0142y. Na miejscu zacz\u0119\u0142y si\u0119 codzienne 3 godzinne zaj\u0119cia, a\u00a0po nich wybrali\u015bmy si\u0119 na pyszne hiszpa\u0144skie churros.<\/em><\/p>\n<p><strong>Dzie\u0144 6.<\/strong><\/p>\n<p><em>Dzisiejszy dzie\u0144 sp\u0119dzili\u015bmy w\u00a0Maladze. Udali\u015bmy si\u0119 na stacj\u0119 kolejow\u0105 z\u00a0kt\u00f3rej odbyli\u015bmy 30 minutowa podr\u00f3\u017c poci\u0105giem. Pierwsz\u0105 atrakcj\u0105 w\u00a0Maladze by\u0142 lokalny targ, gdzie widzieli\u015bmy \u015bwie\u017ce owoce morza, owoce i\u00a0warzywa. Nast\u0119pnie udali\u015bmy si\u0119 na spacer do parku, w\u00a0kt\u00f3rym widzieli\u015bmy \u0142aweczk\u0119 z\u00a0podobizn\u0105 Pablo Picasso. Zobaczyli\u015bmy r\u00f3wnie\u017c muzeum powy\u017cszego artysty. Podoba\u0142a nam si\u0119 jego specyficzna, ale zarazem ciekawa sztuka. Ka\u017cdy z\u00a0nas by\u0142 g\u0142odny, dlatego z\u00a0wielk\u0105 ch\u0119ci\u0105 ruszyli\u015bmy w\u00a0kierunku restauracji, gdzie czeka\u0142 nas pyszny posi\u0142ek. W\u00a0Maladze mo\u017cna zobaczy\u0107 przepi\u0119kny deptak z\u00a0licznymi sklepami (Muelle Uno), dlatego podczas czasu wolnego postanowili\u015bmy zrobi\u0107 zakupy.\u00a0 Zaraz po zakupach ruszli\u015bmy do staro\u017cytnych mur\u00f3w (Alcazaba), z\u00a0kt\u00f3rych widzieli\u015bmy pi\u0119kne widoki. Nast\u0119pnie udali\u015bmy si\u0119 do malowniczego portu, gdzie wi\u0119ksza cze\u015b\u0107 grupy zjad\u0142a pysze lody. Wracaj\u0105c z\u00a0portu odbyli\u015bmy mi\u0142y spacer w\u00a0stron\u0119 stacji kolejowej. Uwa\u017camy, \u017ce by\u0142 to bardzo udany dzie\u0144.<\/em><\/p>\n","protected":false},"excerpt":{"rendered":"<p>Zapraszamy do \u015bledzenia relacji z\u00a0kursu j\u0119zykowego, w\u00a0kt\u00f3rym uczestnicz\u0105 nasi uczniowie!<\/p>\n","protected":false},"author":2,"featured_media":666,"comment_status":"closed","ping_status":"closed","sticky":false,"template":"","format":"standard","meta":{"_acf_changed":false,"footnotes":""},"categories":[10],"tags":[],"class_list":["post-390","post","type-post","status-publish","format-standard","has-post-thumbnail","hentry","category-poza-lekcjami"],"acf":[],"yoast_head":"<!-- This site is optimized with the Yoast SEO plugin v27.5 - https:\/\/yoast.com\/product\/yoast-seo-wordpress\/ -->\n<title>Benalmadena - kurs j\u0119zykowy [RELACJA] - Szko\u0142a Podstawowa<\/title>\n<meta name=\"robots\" content=\"index, follow, max-snippet:-1, max-image-preview:large, max-video-preview:-1\" \/>\n<link rel=\"canonical\" href=\"https:\/\/spolecznajedynka.pl\/sp\/poza-lekcjami\/benalmadena-kurs-jezykowy-relacja-2\/\" \/>\n<meta property=\"og:locale\" content=\"pl_PL\" \/>\n<meta property=\"og:type\" content=\"article\" \/>\n<meta property=\"og:title\" content=\"Benalmadena - kurs j\u0119zykowy [RELACJA] - Szko\u0142a Podstawowa\" \/>\n<meta property=\"og:description\" content=\"Zapraszamy do \u015bledzenia relacji z\u00a0kursu j\u0119zykowego, w\u00a0kt\u00f3rym uczestnicz\u0105 nasi uczniowie!\" \/>\n<meta property=\"og:url\" content=\"https:\/\/spolecznajedynka.pl\/sp\/poza-lekcjami\/benalmadena-kurs-jezykowy-relacja-2\/\" \/>\n<meta property=\"og:site_name\" content=\"Szko\u0142a Podstawowa\" \/>\n<meta property=\"article:publisher\" content=\"https:\/\/www.facebook.com\/spolecznajedynkapoznan\/\" \/>\n<meta property=\"article:published_time\" content=\"2022-09-12T20:19:56+00:00\" \/>\n<meta property=\"article:modified_time\" content=\"2024-10-26T09:12:59+00:00\" \/>\n<meta property=\"og:image\" content=\"https:\/\/spolecznajedynka.pl\/sp\/wp-content\/uploads\/sites\/3\/2022\/09\/306598261_498012432329971_6097952237412252097_n.jpg\" \/>\n\t<meta property=\"og:image:width\" content=\"1440\" \/>\n\t<meta property=\"og:image:height\" content=\"1800\" \/>\n\t<meta property=\"og:image:type\" content=\"image\/jpeg\" \/>\n<meta name=\"author\" content=\"Admin Top\" \/>\n<meta name=\"twitter:card\" content=\"summary_large_image\" \/>\n<meta name=\"twitter:label1\" content=\"Napisane przez\" \/>\n\t<meta name=\"twitter:data1\" content=\"Admin Top\" \/>\n\t<meta name=\"twitter:label2\" content=\"Szacowany czas czytania\" \/>\n\t<meta name=\"twitter:data2\" content=\"5 minut\" \/>\n<script type=\"application\/ld+json\" class=\"yoast-schema-graph\">{\"@context\":\"https:\\\/\\\/schema.org\",\"@graph\":[{\"@type\":\"Article\",\"@id\":\"https:\\\/\\\/spolecznajedynka.pl\\\/sp\\\/poza-lekcjami\\\/benalmadena-kurs-jezykowy-relacja-2\\\/#article\",\"isPartOf\":{\"@id\":\"https:\\\/\\\/spolecznajedynka.pl\\\/sp\\\/poza-lekcjami\\\/benalmadena-kurs-jezykowy-relacja-2\\\/\"},\"author\":{\"name\":\"Admin Top\",\"@id\":\"https:\\\/\\\/spolecznajedynka.pl\\\/sp\\\/#\\\/schema\\\/person\\\/2516201558d359d325ddfae4255a4356\"},\"headline\":\"Benalmadena &#8211; kurs j\u0119zykowy [RELACJA]\",\"datePublished\":\"2022-09-12T20:19:56+00:00\",\"dateModified\":\"2024-10-26T09:12:59+00:00\",\"mainEntityOfPage\":{\"@id\":\"https:\\\/\\\/spolecznajedynka.pl\\\/sp\\\/poza-lekcjami\\\/benalmadena-kurs-jezykowy-relacja-2\\\/\"},\"wordCount\":898,\"publisher\":{\"@id\":\"https:\\\/\\\/spolecznajedynka.pl\\\/sp\\\/#organization\"},\"image\":{\"@id\":\"https:\\\/\\\/spolecznajedynka.pl\\\/sp\\\/poza-lekcjami\\\/benalmadena-kurs-jezykowy-relacja-2\\\/#primaryimage\"},\"thumbnailUrl\":\"https:\\\/\\\/spolecznajedynka.pl\\\/sp\\\/wp-content\\\/uploads\\\/sites\\\/3\\\/2022\\\/09\\\/306598261_498012432329971_6097952237412252097_n.jpg\",\"articleSection\":[\"Poza lekcjami\"],\"inLanguage\":\"pl-PL\"},{\"@type\":\"WebPage\",\"@id\":\"https:\\\/\\\/spolecznajedynka.pl\\\/sp\\\/poza-lekcjami\\\/benalmadena-kurs-jezykowy-relacja-2\\\/\",\"url\":\"https:\\\/\\\/spolecznajedynka.pl\\\/sp\\\/poza-lekcjami\\\/benalmadena-kurs-jezykowy-relacja-2\\\/\",\"name\":\"Benalmadena - kurs j\u0119zykowy [RELACJA] - Szko\u0142a Podstawowa\",\"isPartOf\":{\"@id\":\"https:\\\/\\\/spolecznajedynka.pl\\\/sp\\\/#website\"},\"primaryImageOfPage\":{\"@id\":\"https:\\\/\\\/spolecznajedynka.pl\\\/sp\\\/poza-lekcjami\\\/benalmadena-kurs-jezykowy-relacja-2\\\/#primaryimage\"},\"image\":{\"@id\":\"https:\\\/\\\/spolecznajedynka.pl\\\/sp\\\/poza-lekcjami\\\/benalmadena-kurs-jezykowy-relacja-2\\\/#primaryimage\"},\"thumbnailUrl\":\"https:\\\/\\\/spolecznajedynka.pl\\\/sp\\\/wp-content\\\/uploads\\\/sites\\\/3\\\/2022\\\/09\\\/306598261_498012432329971_6097952237412252097_n.jpg\",\"datePublished\":\"2022-09-12T20:19:56+00:00\",\"dateModified\":\"2024-10-26T09:12:59+00:00\",\"breadcrumb\":{\"@id\":\"https:\\\/\\\/spolecznajedynka.pl\\\/sp\\\/poza-lekcjami\\\/benalmadena-kurs-jezykowy-relacja-2\\\/#breadcrumb\"},\"inLanguage\":\"pl-PL\",\"potentialAction\":[{\"@type\":\"ReadAction\",\"target\":[\"https:\\\/\\\/spolecznajedynka.pl\\\/sp\\\/poza-lekcjami\\\/benalmadena-kurs-jezykowy-relacja-2\\\/\"]}]},{\"@type\":\"ImageObject\",\"inLanguage\":\"pl-PL\",\"@id\":\"https:\\\/\\\/spolecznajedynka.pl\\\/sp\\\/poza-lekcjami\\\/benalmadena-kurs-jezykowy-relacja-2\\\/#primaryimage\",\"url\":\"https:\\\/\\\/spolecznajedynka.pl\\\/sp\\\/wp-content\\\/uploads\\\/sites\\\/3\\\/2022\\\/09\\\/306598261_498012432329971_6097952237412252097_n.jpg\",\"contentUrl\":\"https:\\\/\\\/spolecznajedynka.pl\\\/sp\\\/wp-content\\\/uploads\\\/sites\\\/3\\\/2022\\\/09\\\/306598261_498012432329971_6097952237412252097_n.jpg\",\"width\":1440,\"height\":1800},{\"@type\":\"BreadcrumbList\",\"@id\":\"https:\\\/\\\/spolecznajedynka.pl\\\/sp\\\/poza-lekcjami\\\/benalmadena-kurs-jezykowy-relacja-2\\\/#breadcrumb\",\"itemListElement\":[{\"@type\":\"ListItem\",\"position\":1,\"name\":\"Strona g\u0142\u00f3wna\",\"item\":\"https:\\\/\\\/spolecznajedynka.pl\\\/sp\\\/\"},{\"@type\":\"ListItem\",\"position\":2,\"name\":\"Poza lekcjami\",\"item\":\"https:\\\/\\\/spolecznajedynka.pl\\\/sp\\\/k\\\/poza-lekcjami\\\/\"},{\"@type\":\"ListItem\",\"position\":3,\"name\":\"Benalmadena &#8211; kurs j\u0119zykowy [RELACJA]\"}]},{\"@type\":\"WebSite\",\"@id\":\"https:\\\/\\\/spolecznajedynka.pl\\\/sp\\\/#website\",\"url\":\"https:\\\/\\\/spolecznajedynka.pl\\\/sp\\\/\",\"name\":\"Szko\u0142a Podstawowa Spo\u0142eczna Jedynka Pozna\u0144\",\"description\":\"\",\"publisher\":{\"@id\":\"https:\\\/\\\/spolecznajedynka.pl\\\/sp\\\/#organization\"},\"potentialAction\":[{\"@type\":\"SearchAction\",\"target\":{\"@type\":\"EntryPoint\",\"urlTemplate\":\"https:\\\/\\\/spolecznajedynka.pl\\\/sp\\\/?s={search_term_string}\"},\"query-input\":{\"@type\":\"PropertyValueSpecification\",\"valueRequired\":true,\"valueName\":\"search_term_string\"}}],\"inLanguage\":\"pl-PL\"},{\"@type\":\"Organization\",\"@id\":\"https:\\\/\\\/spolecznajedynka.pl\\\/sp\\\/#organization\",\"name\":\"Szko\u0142a Podstawowa Spo\u0142eczna Jedynka Pozna\u0144\",\"url\":\"https:\\\/\\\/spolecznajedynka.pl\\\/sp\\\/\",\"logo\":{\"@type\":\"ImageObject\",\"inLanguage\":\"pl-PL\",\"@id\":\"https:\\\/\\\/spolecznajedynka.pl\\\/sp\\\/#\\\/schema\\\/logo\\\/image\\\/\",\"url\":\"https:\\\/\\\/spolecznajedynka.pl\\\/sp\\\/wp-content\\\/uploads\\\/sites\\\/3\\\/2023\\\/10\\\/logo.png\",\"contentUrl\":\"https:\\\/\\\/spolecznajedynka.pl\\\/sp\\\/wp-content\\\/uploads\\\/sites\\\/3\\\/2023\\\/10\\\/logo.png\",\"width\":75,\"height\":124,\"caption\":\"Szko\u0142a Podstawowa Spo\u0142eczna Jedynka Pozna\u0144\"},\"image\":{\"@id\":\"https:\\\/\\\/spolecznajedynka.pl\\\/sp\\\/#\\\/schema\\\/logo\\\/image\\\/\"},\"sameAs\":[\"https:\\\/\\\/www.facebook.com\\\/spolecznajedynkapoznan\\\/\",\"https:\\\/\\\/www.instagram.com\\\/spolecznajedynka\\\/\"]},{\"@type\":\"Person\",\"@id\":\"https:\\\/\\\/spolecznajedynka.pl\\\/sp\\\/#\\\/schema\\\/person\\\/2516201558d359d325ddfae4255a4356\",\"name\":\"Admin Top\",\"image\":{\"@type\":\"ImageObject\",\"inLanguage\":\"pl-PL\",\"@id\":\"https:\\\/\\\/secure.gravatar.com\\\/avatar\\\/4faaedc4afabcd882aed6427c06dd9449a4ac635efb8f231a3e4f729e70f1cad?s=96&d=mm&r=g\",\"url\":\"https:\\\/\\\/secure.gravatar.com\\\/avatar\\\/4faaedc4afabcd882aed6427c06dd9449a4ac635efb8f231a3e4f729e70f1cad?s=96&d=mm&r=g\",\"contentUrl\":\"https:\\\/\\\/secure.gravatar.com\\\/avatar\\\/4faaedc4afabcd882aed6427c06dd9449a4ac635efb8f231a3e4f729e70f1cad?s=96&d=mm&r=g\",\"caption\":\"Admin Top\"}}]}<\/script>\n<!-- \/ Yoast SEO plugin. -->","yoast_head_json":{"title":"Benalmadena - kurs j\u0119zykowy [RELACJA] - Szko\u0142a Podstawowa","robots":{"index":"index","follow":"follow","max-snippet":"max-snippet:-1","max-image-preview":"max-image-preview:large","max-video-preview":"max-video-preview:-1"},"canonical":"https:\/\/spolecznajedynka.pl\/sp\/poza-lekcjami\/benalmadena-kurs-jezykowy-relacja-2\/","og_locale":"pl_PL","og_type":"article","og_title":"Benalmadena - kurs j\u0119zykowy [RELACJA] - Szko\u0142a Podstawowa","og_description":"Zapraszamy do \u015bledzenia relacji z\u00a0kursu j\u0119zykowego, w\u00a0kt\u00f3rym uczestnicz\u0105 nasi uczniowie!","og_url":"https:\/\/spolecznajedynka.pl\/sp\/poza-lekcjami\/benalmadena-kurs-jezykowy-relacja-2\/","og_site_name":"Szko\u0142a Podstawowa","article_publisher":"https:\/\/www.facebook.com\/spolecznajedynkapoznan\/","article_published_time":"2022-09-12T20:19:56+00:00","article_modified_time":"2024-10-26T09:12:59+00:00","og_image":[{"width":1440,"height":1800,"url":"https:\/\/spolecznajedynka.pl\/sp\/wp-content\/uploads\/sites\/3\/2022\/09\/306598261_498012432329971_6097952237412252097_n.jpg","type":"image\/jpeg"}],"author":"Admin Top","twitter_card":"summary_large_image","twitter_misc":{"Napisane przez":"Admin Top","Szacowany czas czytania":"5 minut"},"schema":{"@context":"https:\/\/schema.org","@graph":[{"@type":"Article","@id":"https:\/\/spolecznajedynka.pl\/sp\/poza-lekcjami\/benalmadena-kurs-jezykowy-relacja-2\/#article","isPartOf":{"@id":"https:\/\/spolecznajedynka.pl\/sp\/poza-lekcjami\/benalmadena-kurs-jezykowy-relacja-2\/"},"author":{"name":"Admin Top","@id":"https:\/\/spolecznajedynka.pl\/sp\/#\/schema\/person\/2516201558d359d325ddfae4255a4356"},"headline":"Benalmadena &#8211; kurs j\u0119zykowy [RELACJA]","datePublished":"2022-09-12T20:19:56+00:00","dateModified":"2024-10-26T09:12:59+00:00","mainEntityOfPage":{"@id":"https:\/\/spolecznajedynka.pl\/sp\/poza-lekcjami\/benalmadena-kurs-jezykowy-relacja-2\/"},"wordCount":898,"publisher":{"@id":"https:\/\/spolecznajedynka.pl\/sp\/#organization"},"image":{"@id":"https:\/\/spolecznajedynka.pl\/sp\/poza-lekcjami\/benalmadena-kurs-jezykowy-relacja-2\/#primaryimage"},"thumbnailUrl":"https:\/\/spolecznajedynka.pl\/sp\/wp-content\/uploads\/sites\/3\/2022\/09\/306598261_498012432329971_6097952237412252097_n.jpg","articleSection":["Poza lekcjami"],"inLanguage":"pl-PL"},{"@type":"WebPage","@id":"https:\/\/spolecznajedynka.pl\/sp\/poza-lekcjami\/benalmadena-kurs-jezykowy-relacja-2\/","url":"https:\/\/spolecznajedynka.pl\/sp\/poza-lekcjami\/benalmadena-kurs-jezykowy-relacja-2\/","name":"Benalmadena - kurs j\u0119zykowy [RELACJA] - Szko\u0142a Podstawowa","isPartOf":{"@id":"https:\/\/spolecznajedynka.pl\/sp\/#website"},"primaryImageOfPage":{"@id":"https:\/\/spolecznajedynka.pl\/sp\/poza-lekcjami\/benalmadena-kurs-jezykowy-relacja-2\/#primaryimage"},"image":{"@id":"https:\/\/spolecznajedynka.pl\/sp\/poza-lekcjami\/benalmadena-kurs-jezykowy-relacja-2\/#primaryimage"},"thumbnailUrl":"https:\/\/spolecznajedynka.pl\/sp\/wp-content\/uploads\/sites\/3\/2022\/09\/306598261_498012432329971_6097952237412252097_n.jpg","datePublished":"2022-09-12T20:19:56+00:00","dateModified":"2024-10-26T09:12:59+00:00","breadcrumb":{"@id":"https:\/\/spolecznajedynka.pl\/sp\/poza-lekcjami\/benalmadena-kurs-jezykowy-relacja-2\/#breadcrumb"},"inLanguage":"pl-PL","potentialAction":[{"@type":"ReadAction","target":["https:\/\/spolecznajedynka.pl\/sp\/poza-lekcjami\/benalmadena-kurs-jezykowy-relacja-2\/"]}]},{"@type":"ImageObject","inLanguage":"pl-PL","@id":"https:\/\/spolecznajedynka.pl\/sp\/poza-lekcjami\/benalmadena-kurs-jezykowy-relacja-2\/#primaryimage","url":"https:\/\/spolecznajedynka.pl\/sp\/wp-content\/uploads\/sites\/3\/2022\/09\/306598261_498012432329971_6097952237412252097_n.jpg","contentUrl":"https:\/\/spolecznajedynka.pl\/sp\/wp-content\/uploads\/sites\/3\/2022\/09\/306598261_498012432329971_6097952237412252097_n.jpg","width":1440,"height":1800},{"@type":"BreadcrumbList","@id":"https:\/\/spolecznajedynka.pl\/sp\/poza-lekcjami\/benalmadena-kurs-jezykowy-relacja-2\/#breadcrumb","itemListElement":[{"@type":"ListItem","position":1,"name":"Strona g\u0142\u00f3wna","item":"https:\/\/spolecznajedynka.pl\/sp\/"},{"@type":"ListItem","position":2,"name":"Poza lekcjami","item":"https:\/\/spolecznajedynka.pl\/sp\/k\/poza-lekcjami\/"},{"@type":"ListItem","position":3,"name":"Benalmadena &#8211; kurs j\u0119zykowy [RELACJA]"}]},{"@type":"WebSite","@id":"https:\/\/spolecznajedynka.pl\/sp\/#website","url":"https:\/\/spolecznajedynka.pl\/sp\/","name":"Szko\u0142a Podstawowa Spo\u0142eczna Jedynka Pozna\u0144","description":"","publisher":{"@id":"https:\/\/spolecznajedynka.pl\/sp\/#organization"},"potentialAction":[{"@type":"SearchAction","target":{"@type":"EntryPoint","urlTemplate":"https:\/\/spolecznajedynka.pl\/sp\/?s={search_term_string}"},"query-input":{"@type":"PropertyValueSpecification","valueRequired":true,"valueName":"search_term_string"}}],"inLanguage":"pl-PL"},{"@type":"Organization","@id":"https:\/\/spolecznajedynka.pl\/sp\/#organization","name":"Szko\u0142a Podstawowa Spo\u0142eczna Jedynka Pozna\u0144","url":"https:\/\/spolecznajedynka.pl\/sp\/","logo":{"@type":"ImageObject","inLanguage":"pl-PL","@id":"https:\/\/spolecznajedynka.pl\/sp\/#\/schema\/logo\/image\/","url":"https:\/\/spolecznajedynka.pl\/sp\/wp-content\/uploads\/sites\/3\/2023\/10\/logo.png","contentUrl":"https:\/\/spolecznajedynka.pl\/sp\/wp-content\/uploads\/sites\/3\/2023\/10\/logo.png","width":75,"height":124,"caption":"Szko\u0142a Podstawowa Spo\u0142eczna Jedynka Pozna\u0144"},"image":{"@id":"https:\/\/spolecznajedynka.pl\/sp\/#\/schema\/logo\/image\/"},"sameAs":["https:\/\/www.facebook.com\/spolecznajedynkapoznan\/","https:\/\/www.instagram.com\/spolecznajedynka\/"]},{"@type":"Person","@id":"https:\/\/spolecznajedynka.pl\/sp\/#\/schema\/person\/2516201558d359d325ddfae4255a4356","name":"Admin Top","image":{"@type":"ImageObject","inLanguage":"pl-PL","@id":"https:\/\/secure.gravatar.com\/avatar\/4faaedc4afabcd882aed6427c06dd9449a4ac635efb8f231a3e4f729e70f1cad?s=96&d=mm&r=g","url":"https:\/\/secure.gravatar.com\/avatar\/4faaedc4afabcd882aed6427c06dd9449a4ac635efb8f231a3e4f729e70f1cad?s=96&d=mm&r=g","contentUrl":"https:\/\/secure.gravatar.com\/avatar\/4faaedc4afabcd882aed6427c06dd9449a4ac635efb8f231a3e4f729e70f1cad?s=96&d=mm&r=g","caption":"Admin Top"}}]}},"_links":{"self":[{"href":"https:\/\/spolecznajedynka.pl\/sp\/wp-json\/wp\/v2\/posts\/390","targetHints":{"allow":["GET"]}}],"collection":[{"href":"https:\/\/spolecznajedynka.pl\/sp\/wp-json\/wp\/v2\/posts"}],"about":[{"href":"https:\/\/spolecznajedynka.pl\/sp\/wp-json\/wp\/v2\/types\/post"}],"author":[{"embeddable":true,"href":"https:\/\/spolecznajedynka.pl\/sp\/wp-json\/wp\/v2\/users\/2"}],"replies":[{"embeddable":true,"href":"https:\/\/spolecznajedynka.pl\/sp\/wp-json\/wp\/v2\/comments?post=390"}],"version-history":[{"count":1,"href":"https:\/\/spolecznajedynka.pl\/sp\/wp-json\/wp\/v2\/posts\/390\/revisions"}],"predecessor-version":[{"id":391,"href":"https:\/\/spolecznajedynka.pl\/sp\/wp-json\/wp\/v2\/posts\/390\/revisions\/391"}],"wp:featuredmedia":[{"embeddable":true,"href":"https:\/\/spolecznajedynka.pl\/sp\/wp-json\/wp\/v2\/media\/666"}],"wp:attachment":[{"href":"https:\/\/spolecznajedynka.pl\/sp\/wp-json\/wp\/v2\/media?parent=390"}],"wp:term":[{"taxonomy":"category","embeddable":true,"href":"https:\/\/spolecznajedynka.pl\/sp\/wp-json\/wp\/v2\/categories?post=390"},{"taxonomy":"post_tag","embeddable":true,"href":"https:\/\/spolecznajedynka.pl\/sp\/wp-json\/wp\/v2\/tags?post=390"}],"curies":[{"name":"wp","href":"https:\/\/api.w.org\/{rel}","templated":true}]}}