{"id":386,"date":"2022-09-22T22:18:48","date_gmt":"2022-09-22T20:18:48","guid":{"rendered":"https:\/\/zarzadzanie.smarthost.pl\/sp1\/sp\/?p=386"},"modified":"2023-11-04T00:25:09","modified_gmt":"2023-11-03T23:25:09","slug":"liceum-czy-technikum","status":"publish","type":"post","link":"https:\/\/spolecznajedynka.pl\/sp\/w-dzialaniu\/liceum-czy-technikum\/","title":{"rendered":"Liceum czy technikum?"},"content":{"rendered":"<p><strong>O podobie\u0144stwach i\u00a0r\u00f3\u017cnicach mi\u0119dzy nauk\u0105 w\u00a0liceum i\u00a0technikum dowiadywali si\u0119 \u00f3smoklasi\u015bci podczas zaj\u0119\u0107 z\u00a0doradztwa zawodowego.<\/strong><\/p>\n<p><!--more--><\/p>\n<p>Gdzie\u015b na horyzoncie &#8211; wci\u0105\u017c daleko, ale ju\u017c jakby wyra\u017aniej ni\u017c przed wakacjami &#8211; przed uczniami i\u00a0uczennicami klas \u00f3smych majacz\u0105 egzaminy i\u00a0wyb\u00f3r szko\u0142y ponadpodstawowej.<\/p>\n<div class=\"l7ghb35v kjdc1dyq kmwttqpk gh25dzvf jikcssrz n3t5jt4f\">\n<div dir=\"auto\">Aby do wyboru szko\u0142y dobrze si\u0119 przygotowa\u0107, \u00f3smoklasi\u015bci kontynuuj\u0105 zaj\u0119cia doradztwa zawodowego.<\/div>\n<div><\/div>\n<\/div>\n<div class=\"l7ghb35v kjdc1dyq kmwttqpk gh25dzvf jikcssrz n3t5jt4f\">\n<div dir=\"auto\">Ostatnio przywitali w\u00a0murach naszej szko\u0142y uczni\u00f3w Technikum Komunikacji w\u00a0Poznaniu. Go\u015bcie odpowiadali na wszystkie pytania i\u00a0wyja\u015bniali, na czym polegaj\u0105 podobie\u0144stwa i\u00a0r\u00f3\u017cnice mi\u0119dzy liceum a\u00a0technikum.<\/div>\n<\/div>\n","protected":false},"excerpt":{"rendered":"<p>O podobie\u0144stwach i\u00a0r\u00f3\u017cnicach mi\u0119dzy nauk\u0105 w\u00a0liceum i\u00a0technikum dowiadywali si\u0119 \u00f3smoklasi\u015bci podczas zaj\u0119\u0107 z\u00a0doradztwa zawodowego.<\/p>\n","protected":false},"author":2,"featured_media":665,"comment_status":"closed","ping_status":"closed","sticky":false,"template":"","format":"standard","meta":{"_acf_changed":false,"footnotes":""},"categories":[7],"tags":[],"class_list":["post-386","post","type-post","status-publish","format-standard","has-post-thumbnail","hentry","category-w-dzialaniu"],"acf":[],"yoast_head":"<!-- This site is optimized with the Yoast SEO plugin v27.5 - https:\/\/yoast.com\/product\/yoast-seo-wordpress\/ -->\n<title>Liceum czy technikum? - Szko\u0142a Podstawowa<\/title>\n<meta name=\"robots\" content=\"index, follow, max-snippet:-1, max-image-preview:large, max-video-preview:-1\" \/>\n<link rel=\"canonical\" href=\"https:\/\/spolecznajedynka.pl\/sp\/w-dzialaniu\/liceum-czy-technikum\/\" \/>\n<meta property=\"og:locale\" content=\"pl_PL\" \/>\n<meta property=\"og:type\" content=\"article\" \/>\n<meta property=\"og:title\" content=\"Liceum czy technikum? - Szko\u0142a Podstawowa\" \/>\n<meta property=\"og:description\" content=\"O podobie\u0144stwach i\u00a0r\u00f3\u017cnicach mi\u0119dzy nauk\u0105 w\u00a0liceum i\u00a0technikum dowiadywali si\u0119 \u00f3smoklasi\u015bci podczas zaj\u0119\u0107 z\u00a0doradztwa zawodowego.\" \/>\n<meta property=\"og:url\" content=\"https:\/\/spolecznajedynka.pl\/sp\/w-dzialaniu\/liceum-czy-technikum\/\" \/>\n<meta property=\"og:site_name\" content=\"Szko\u0142a Podstawowa\" \/>\n<meta property=\"article:publisher\" content=\"https:\/\/www.facebook.com\/spolecznajedynkapoznan\/\" \/>\n<meta property=\"article:published_time\" content=\"2022-09-22T20:18:48+00:00\" \/>\n<meta property=\"article:modified_time\" content=\"2023-11-03T23:25:09+00:00\" \/>\n<meta property=\"og:image\" content=\"https:\/\/spolecznajedynka.pl\/sp\/wp-content\/uploads\/sites\/3\/2022\/09\/308338011_505583964906151_2705683214144102038_n.jpg\" \/>\n\t<meta property=\"og:image:width\" content=\"2048\" \/>\n\t<meta property=\"og:image:height\" content=\"1536\" \/>\n\t<meta property=\"og:image:type\" content=\"image\/jpeg\" \/>\n<meta name=\"author\" content=\"Admin Top\" \/>\n<meta name=\"twitter:card\" content=\"summary_large_image\" \/>\n<meta name=\"twitter:label1\" content=\"Napisane przez\" \/>\n\t<meta name=\"twitter:data1\" content=\"Admin Top\" \/>\n\t<meta name=\"twitter:label2\" content=\"Szacowany czas czytania\" \/>\n\t<meta name=\"twitter:data2\" content=\"1 minuta\" \/>\n<script type=\"application\/ld+json\" class=\"yoast-schema-graph\">{\"@context\":\"https:\\\/\\\/schema.org\",\"@graph\":[{\"@type\":\"Article\",\"@id\":\"https:\\\/\\\/spolecznajedynka.pl\\\/sp\\\/w-dzialaniu\\\/liceum-czy-technikum\\\/#article\",\"isPartOf\":{\"@id\":\"https:\\\/\\\/spolecznajedynka.pl\\\/sp\\\/w-dzialaniu\\\/liceum-czy-technikum\\\/\"},\"author\":{\"name\":\"Admin Top\",\"@id\":\"https:\\\/\\\/spolecznajedynka.pl\\\/sp\\\/#\\\/schema\\\/person\\\/2516201558d359d325ddfae4255a4356\"},\"headline\":\"Liceum czy technikum?\",\"datePublished\":\"2022-09-22T20:18:48+00:00\",\"dateModified\":\"2023-11-03T23:25:09+00:00\",\"mainEntityOfPage\":{\"@id\":\"https:\\\/\\\/spolecznajedynka.pl\\\/sp\\\/w-dzialaniu\\\/liceum-czy-technikum\\\/\"},\"wordCount\":104,\"publisher\":{\"@id\":\"https:\\\/\\\/spolecznajedynka.pl\\\/sp\\\/#organization\"},\"image\":{\"@id\":\"https:\\\/\\\/spolecznajedynka.pl\\\/sp\\\/w-dzialaniu\\\/liceum-czy-technikum\\\/#primaryimage\"},\"thumbnailUrl\":\"https:\\\/\\\/spolecznajedynka.pl\\\/sp\\\/wp-content\\\/uploads\\\/sites\\\/3\\\/2022\\\/09\\\/308338011_505583964906151_2705683214144102038_n.jpg\",\"articleSection\":[\"W dzia\u0142aniu\"],\"inLanguage\":\"pl-PL\"},{\"@type\":\"WebPage\",\"@id\":\"https:\\\/\\\/spolecznajedynka.pl\\\/sp\\\/w-dzialaniu\\\/liceum-czy-technikum\\\/\",\"url\":\"https:\\\/\\\/spolecznajedynka.pl\\\/sp\\\/w-dzialaniu\\\/liceum-czy-technikum\\\/\",\"name\":\"Liceum czy technikum? - Szko\u0142a Podstawowa\",\"isPartOf\":{\"@id\":\"https:\\\/\\\/spolecznajedynka.pl\\\/sp\\\/#website\"},\"primaryImageOfPage\":{\"@id\":\"https:\\\/\\\/spolecznajedynka.pl\\\/sp\\\/w-dzialaniu\\\/liceum-czy-technikum\\\/#primaryimage\"},\"image\":{\"@id\":\"https:\\\/\\\/spolecznajedynka.pl\\\/sp\\\/w-dzialaniu\\\/liceum-czy-technikum\\\/#primaryimage\"},\"thumbnailUrl\":\"https:\\\/\\\/spolecznajedynka.pl\\\/sp\\\/wp-content\\\/uploads\\\/sites\\\/3\\\/2022\\\/09\\\/308338011_505583964906151_2705683214144102038_n.jpg\",\"datePublished\":\"2022-09-22T20:18:48+00:00\",\"dateModified\":\"2023-11-03T23:25:09+00:00\",\"breadcrumb\":{\"@id\":\"https:\\\/\\\/spolecznajedynka.pl\\\/sp\\\/w-dzialaniu\\\/liceum-czy-technikum\\\/#breadcrumb\"},\"inLanguage\":\"pl-PL\",\"potentialAction\":[{\"@type\":\"ReadAction\",\"target\":[\"https:\\\/\\\/spolecznajedynka.pl\\\/sp\\\/w-dzialaniu\\\/liceum-czy-technikum\\\/\"]}]},{\"@type\":\"ImageObject\",\"inLanguage\":\"pl-PL\",\"@id\":\"https:\\\/\\\/spolecznajedynka.pl\\\/sp\\\/w-dzialaniu\\\/liceum-czy-technikum\\\/#primaryimage\",\"url\":\"https:\\\/\\\/spolecznajedynka.pl\\\/sp\\\/wp-content\\\/uploads\\\/sites\\\/3\\\/2022\\\/09\\\/308338011_505583964906151_2705683214144102038_n.jpg\",\"contentUrl\":\"https:\\\/\\\/spolecznajedynka.pl\\\/sp\\\/wp-content\\\/uploads\\\/sites\\\/3\\\/2022\\\/09\\\/308338011_505583964906151_2705683214144102038_n.jpg\",\"width\":2048,\"height\":1536},{\"@type\":\"BreadcrumbList\",\"@id\":\"https:\\\/\\\/spolecznajedynka.pl\\\/sp\\\/w-dzialaniu\\\/liceum-czy-technikum\\\/#breadcrumb\",\"itemListElement\":[{\"@type\":\"ListItem\",\"position\":1,\"name\":\"Strona g\u0142\u00f3wna\",\"item\":\"https:\\\/\\\/spolecznajedynka.pl\\\/sp\\\/\"},{\"@type\":\"ListItem\",\"position\":2,\"name\":\"W dzia\u0142aniu\",\"item\":\"https:\\\/\\\/spolecznajedynka.pl\\\/sp\\\/k\\\/w-dzialaniu\\\/\"},{\"@type\":\"ListItem\",\"position\":3,\"name\":\"Liceum czy technikum?\"}]},{\"@type\":\"WebSite\",\"@id\":\"https:\\\/\\\/spolecznajedynka.pl\\\/sp\\\/#website\",\"url\":\"https:\\\/\\\/spolecznajedynka.pl\\\/sp\\\/\",\"name\":\"Szko\u0142a Podstawowa Spo\u0142eczna Jedynka Pozna\u0144\",\"description\":\"\",\"publisher\":{\"@id\":\"https:\\\/\\\/spolecznajedynka.pl\\\/sp\\\/#organization\"},\"potentialAction\":[{\"@type\":\"SearchAction\",\"target\":{\"@type\":\"EntryPoint\",\"urlTemplate\":\"https:\\\/\\\/spolecznajedynka.pl\\\/sp\\\/?s={search_term_string}\"},\"query-input\":{\"@type\":\"PropertyValueSpecification\",\"valueRequired\":true,\"valueName\":\"search_term_string\"}}],\"inLanguage\":\"pl-PL\"},{\"@type\":\"Organization\",\"@id\":\"https:\\\/\\\/spolecznajedynka.pl\\\/sp\\\/#organization\",\"name\":\"Szko\u0142a Podstawowa Spo\u0142eczna Jedynka Pozna\u0144\",\"url\":\"https:\\\/\\\/spolecznajedynka.pl\\\/sp\\\/\",\"logo\":{\"@type\":\"ImageObject\",\"inLanguage\":\"pl-PL\",\"@id\":\"https:\\\/\\\/spolecznajedynka.pl\\\/sp\\\/#\\\/schema\\\/logo\\\/image\\\/\",\"url\":\"https:\\\/\\\/spolecznajedynka.pl\\\/sp\\\/wp-content\\\/uploads\\\/sites\\\/3\\\/2023\\\/10\\\/logo.png\",\"contentUrl\":\"https:\\\/\\\/spolecznajedynka.pl\\\/sp\\\/wp-content\\\/uploads\\\/sites\\\/3\\\/2023\\\/10\\\/logo.png\",\"width\":75,\"height\":124,\"caption\":\"Szko\u0142a Podstawowa Spo\u0142eczna Jedynka Pozna\u0144\"},\"image\":{\"@id\":\"https:\\\/\\\/spolecznajedynka.pl\\\/sp\\\/#\\\/schema\\\/logo\\\/image\\\/\"},\"sameAs\":[\"https:\\\/\\\/www.facebook.com\\\/spolecznajedynkapoznan\\\/\",\"https:\\\/\\\/www.instagram.com\\\/spolecznajedynka\\\/\"]},{\"@type\":\"Person\",\"@id\":\"https:\\\/\\\/spolecznajedynka.pl\\\/sp\\\/#\\\/schema\\\/person\\\/2516201558d359d325ddfae4255a4356\",\"name\":\"Admin Top\",\"image\":{\"@type\":\"ImageObject\",\"inLanguage\":\"pl-PL\",\"@id\":\"https:\\\/\\\/secure.gravatar.com\\\/avatar\\\/4faaedc4afabcd882aed6427c06dd9449a4ac635efb8f231a3e4f729e70f1cad?s=96&d=mm&r=g\",\"url\":\"https:\\\/\\\/secure.gravatar.com\\\/avatar\\\/4faaedc4afabcd882aed6427c06dd9449a4ac635efb8f231a3e4f729e70f1cad?s=96&d=mm&r=g\",\"contentUrl\":\"https:\\\/\\\/secure.gravatar.com\\\/avatar\\\/4faaedc4afabcd882aed6427c06dd9449a4ac635efb8f231a3e4f729e70f1cad?s=96&d=mm&r=g\",\"caption\":\"Admin Top\"}}]}<\/script>\n<!-- \/ Yoast SEO plugin. -->","yoast_head_json":{"title":"Liceum czy technikum? - Szko\u0142a Podstawowa","robots":{"index":"index","follow":"follow","max-snippet":"max-snippet:-1","max-image-preview":"max-image-preview:large","max-video-preview":"max-video-preview:-1"},"canonical":"https:\/\/spolecznajedynka.pl\/sp\/w-dzialaniu\/liceum-czy-technikum\/","og_locale":"pl_PL","og_type":"article","og_title":"Liceum czy technikum? - Szko\u0142a Podstawowa","og_description":"O podobie\u0144stwach i\u00a0r\u00f3\u017cnicach mi\u0119dzy nauk\u0105 w\u00a0liceum i\u00a0technikum dowiadywali si\u0119 \u00f3smoklasi\u015bci podczas zaj\u0119\u0107 z\u00a0doradztwa zawodowego.","og_url":"https:\/\/spolecznajedynka.pl\/sp\/w-dzialaniu\/liceum-czy-technikum\/","og_site_name":"Szko\u0142a Podstawowa","article_publisher":"https:\/\/www.facebook.com\/spolecznajedynkapoznan\/","article_published_time":"2022-09-22T20:18:48+00:00","article_modified_time":"2023-11-03T23:25:09+00:00","og_image":[{"width":2048,"height":1536,"url":"https:\/\/spolecznajedynka.pl\/sp\/wp-content\/uploads\/sites\/3\/2022\/09\/308338011_505583964906151_2705683214144102038_n.jpg","type":"image\/jpeg"}],"author":"Admin Top","twitter_card":"summary_large_image","twitter_misc":{"Napisane przez":"Admin Top","Szacowany czas czytania":"1 minuta"},"schema":{"@context":"https:\/\/schema.org","@graph":[{"@type":"Article","@id":"https:\/\/spolecznajedynka.pl\/sp\/w-dzialaniu\/liceum-czy-technikum\/#article","isPartOf":{"@id":"https:\/\/spolecznajedynka.pl\/sp\/w-dzialaniu\/liceum-czy-technikum\/"},"author":{"name":"Admin Top","@id":"https:\/\/spolecznajedynka.pl\/sp\/#\/schema\/person\/2516201558d359d325ddfae4255a4356"},"headline":"Liceum czy technikum?","datePublished":"2022-09-22T20:18:48+00:00","dateModified":"2023-11-03T23:25:09+00:00","mainEntityOfPage":{"@id":"https:\/\/spolecznajedynka.pl\/sp\/w-dzialaniu\/liceum-czy-technikum\/"},"wordCount":104,"publisher":{"@id":"https:\/\/spolecznajedynka.pl\/sp\/#organization"},"image":{"@id":"https:\/\/spolecznajedynka.pl\/sp\/w-dzialaniu\/liceum-czy-technikum\/#primaryimage"},"thumbnailUrl":"https:\/\/spolecznajedynka.pl\/sp\/wp-content\/uploads\/sites\/3\/2022\/09\/308338011_505583964906151_2705683214144102038_n.jpg","articleSection":["W dzia\u0142aniu"],"inLanguage":"pl-PL"},{"@type":"WebPage","@id":"https:\/\/spolecznajedynka.pl\/sp\/w-dzialaniu\/liceum-czy-technikum\/","url":"https:\/\/spolecznajedynka.pl\/sp\/w-dzialaniu\/liceum-czy-technikum\/","name":"Liceum czy technikum? - Szko\u0142a Podstawowa","isPartOf":{"@id":"https:\/\/spolecznajedynka.pl\/sp\/#website"},"primaryImageOfPage":{"@id":"https:\/\/spolecznajedynka.pl\/sp\/w-dzialaniu\/liceum-czy-technikum\/#primaryimage"},"image":{"@id":"https:\/\/spolecznajedynka.pl\/sp\/w-dzialaniu\/liceum-czy-technikum\/#primaryimage"},"thumbnailUrl":"https:\/\/spolecznajedynka.pl\/sp\/wp-content\/uploads\/sites\/3\/2022\/09\/308338011_505583964906151_2705683214144102038_n.jpg","datePublished":"2022-09-22T20:18:48+00:00","dateModified":"2023-11-03T23:25:09+00:00","breadcrumb":{"@id":"https:\/\/spolecznajedynka.pl\/sp\/w-dzialaniu\/liceum-czy-technikum\/#breadcrumb"},"inLanguage":"pl-PL","potentialAction":[{"@type":"ReadAction","target":["https:\/\/spolecznajedynka.pl\/sp\/w-dzialaniu\/liceum-czy-technikum\/"]}]},{"@type":"ImageObject","inLanguage":"pl-PL","@id":"https:\/\/spolecznajedynka.pl\/sp\/w-dzialaniu\/liceum-czy-technikum\/#primaryimage","url":"https:\/\/spolecznajedynka.pl\/sp\/wp-content\/uploads\/sites\/3\/2022\/09\/308338011_505583964906151_2705683214144102038_n.jpg","contentUrl":"https:\/\/spolecznajedynka.pl\/sp\/wp-content\/uploads\/sites\/3\/2022\/09\/308338011_505583964906151_2705683214144102038_n.jpg","width":2048,"height":1536},{"@type":"BreadcrumbList","@id":"https:\/\/spolecznajedynka.pl\/sp\/w-dzialaniu\/liceum-czy-technikum\/#breadcrumb","itemListElement":[{"@type":"ListItem","position":1,"name":"Strona g\u0142\u00f3wna","item":"https:\/\/spolecznajedynka.pl\/sp\/"},{"@type":"ListItem","position":2,"name":"W dzia\u0142aniu","item":"https:\/\/spolecznajedynka.pl\/sp\/k\/w-dzialaniu\/"},{"@type":"ListItem","position":3,"name":"Liceum czy technikum?"}]},{"@type":"WebSite","@id":"https:\/\/spolecznajedynka.pl\/sp\/#website","url":"https:\/\/spolecznajedynka.pl\/sp\/","name":"Szko\u0142a Podstawowa Spo\u0142eczna Jedynka Pozna\u0144","description":"","publisher":{"@id":"https:\/\/spolecznajedynka.pl\/sp\/#organization"},"potentialAction":[{"@type":"SearchAction","target":{"@type":"EntryPoint","urlTemplate":"https:\/\/spolecznajedynka.pl\/sp\/?s={search_term_string}"},"query-input":{"@type":"PropertyValueSpecification","valueRequired":true,"valueName":"search_term_string"}}],"inLanguage":"pl-PL"},{"@type":"Organization","@id":"https:\/\/spolecznajedynka.pl\/sp\/#organization","name":"Szko\u0142a Podstawowa Spo\u0142eczna Jedynka Pozna\u0144","url":"https:\/\/spolecznajedynka.pl\/sp\/","logo":{"@type":"ImageObject","inLanguage":"pl-PL","@id":"https:\/\/spolecznajedynka.pl\/sp\/#\/schema\/logo\/image\/","url":"https:\/\/spolecznajedynka.pl\/sp\/wp-content\/uploads\/sites\/3\/2023\/10\/logo.png","contentUrl":"https:\/\/spolecznajedynka.pl\/sp\/wp-content\/uploads\/sites\/3\/2023\/10\/logo.png","width":75,"height":124,"caption":"Szko\u0142a Podstawowa Spo\u0142eczna Jedynka Pozna\u0144"},"image":{"@id":"https:\/\/spolecznajedynka.pl\/sp\/#\/schema\/logo\/image\/"},"sameAs":["https:\/\/www.facebook.com\/spolecznajedynkapoznan\/","https:\/\/www.instagram.com\/spolecznajedynka\/"]},{"@type":"Person","@id":"https:\/\/spolecznajedynka.pl\/sp\/#\/schema\/person\/2516201558d359d325ddfae4255a4356","name":"Admin Top","image":{"@type":"ImageObject","inLanguage":"pl-PL","@id":"https:\/\/secure.gravatar.com\/avatar\/4faaedc4afabcd882aed6427c06dd9449a4ac635efb8f231a3e4f729e70f1cad?s=96&d=mm&r=g","url":"https:\/\/secure.gravatar.com\/avatar\/4faaedc4afabcd882aed6427c06dd9449a4ac635efb8f231a3e4f729e70f1cad?s=96&d=mm&r=g","contentUrl":"https:\/\/secure.gravatar.com\/avatar\/4faaedc4afabcd882aed6427c06dd9449a4ac635efb8f231a3e4f729e70f1cad?s=96&d=mm&r=g","caption":"Admin Top"}}]}},"_links":{"self":[{"href":"https:\/\/spolecznajedynka.pl\/sp\/wp-json\/wp\/v2\/posts\/386","targetHints":{"allow":["GET"]}}],"collection":[{"href":"https:\/\/spolecznajedynka.pl\/sp\/wp-json\/wp\/v2\/posts"}],"about":[{"href":"https:\/\/spolecznajedynka.pl\/sp\/wp-json\/wp\/v2\/types\/post"}],"author":[{"embeddable":true,"href":"https:\/\/spolecznajedynka.pl\/sp\/wp-json\/wp\/v2\/users\/2"}],"replies":[{"embeddable":true,"href":"https:\/\/spolecznajedynka.pl\/sp\/wp-json\/wp\/v2\/comments?post=386"}],"version-history":[{"count":1,"href":"https:\/\/spolecznajedynka.pl\/sp\/wp-json\/wp\/v2\/posts\/386\/revisions"}],"predecessor-version":[{"id":387,"href":"https:\/\/spolecznajedynka.pl\/sp\/wp-json\/wp\/v2\/posts\/386\/revisions\/387"}],"wp:featuredmedia":[{"embeddable":true,"href":"https:\/\/spolecznajedynka.pl\/sp\/wp-json\/wp\/v2\/media\/665"}],"wp:attachment":[{"href":"https:\/\/spolecznajedynka.pl\/sp\/wp-json\/wp\/v2\/media?parent=386"}],"wp:term":[{"taxonomy":"category","embeddable":true,"href":"https:\/\/spolecznajedynka.pl\/sp\/wp-json\/wp\/v2\/categories?post=386"},{"taxonomy":"post_tag","embeddable":true,"href":"https:\/\/spolecznajedynka.pl\/sp\/wp-json\/wp\/v2\/tags?post=386"}],"curies":[{"name":"wp","href":"https:\/\/api.w.org\/{rel}","templated":true}]}}