{"id":378,"date":"2022-10-08T22:16:47","date_gmt":"2022-10-08T20:16:47","guid":{"rendered":"https:\/\/zarzadzanie.smarthost.pl\/sp1\/sp\/?p=378"},"modified":"2023-10-08T22:17:07","modified_gmt":"2023-10-08T20:17:07","slug":"nowe-mikrofony-dla-sali-muzycznej","status":"publish","type":"post","link":"https:\/\/spolecznajedynka.pl\/sp\/w-dzialaniu\/nowe-mikrofony-dla-sali-muzycznej\/","title":{"rendered":"Nowe mikrofony dla sali muzycznej"},"content":{"rendered":"<p><strong>Nasza sala muzyczna zosta\u0142a wyposa\u017cona w\u00a0cztery nowe mikrofony wraz z\u00a0niezb\u0119dnym dla nich zestawem akcesori\u00f3w!\u00a0<\/strong><\/p>\n<p><!--more--><\/p>\n<p>Ten tak\u00a0 bardzo oczekiwany przez ch\u00f3rzyst\u00f3w, m\u0142odych solist\u00f3w i\u00a0instrumentalist\u00f3w zakup zosta\u0142 wr\u0119czony uczniom w\u00a0imieniu Rady Rodzic\u00f3w, przez reprezentuj\u0105ce j\u0105 Pani\u0105 Lidi\u0119 Homan i\u00a0Pani\u0105 Hann\u0119 Grzegorzewicz.<\/p>\n<p>Sprawi\u0142o to ogromn\u0105 rado\u015b\u0107 wszystkim m\u0142odym muzykom, kt\u00f3rzy korzystaj\u0105 z\u00a0sali muzycznej ucz\u0119szczaj\u0105c nie tylko na lekcje muzyki, ale r\u00f3wnie\u017c na zaj\u0119cia pozalekcyjne takie jak: ch\u00f3r, studio piosenki i\u00a0emisji g\u0142osu, pr\u00f3by zespo\u0142u instrumentalnego, czy na sesje nagraniowe na nasz kana\u0142 muzyczny.<\/p>\n<p>Jeszcze raz bardzo dzi\u0119kujemy, mikrofony ju\u017c nam dzia\u0142aj\u0105 i\u00a0z pewno\u015bci\u0105 b\u0119d\u0105 wr\u0119cz koncertowo wykorzystane!<\/p>\n","protected":false},"excerpt":{"rendered":"<p>Nasza sala muzyczna zosta\u0142a wyposa\u017cona w\u00a0cztery nowe mikrofony wraz z\u00a0niezb\u0119dnym dla nich zestawem akcesori\u00f3w!\u00a0<\/p>\n","protected":false},"author":2,"featured_media":0,"comment_status":"closed","ping_status":"closed","sticky":false,"template":"","format":"standard","meta":{"_acf_changed":false,"footnotes":""},"categories":[7],"tags":[],"class_list":["post-378","post","type-post","status-publish","format-standard","hentry","category-w-dzialaniu"],"acf":[],"yoast_head":"<!-- This site is optimized with the Yoast SEO plugin v27.5 - https:\/\/yoast.com\/product\/yoast-seo-wordpress\/ -->\n<title>Nowe mikrofony dla sali muzycznej - Szko\u0142a Podstawowa<\/title>\n<meta name=\"robots\" content=\"index, follow, max-snippet:-1, max-image-preview:large, max-video-preview:-1\" \/>\n<link rel=\"canonical\" href=\"https:\/\/spolecznajedynka.pl\/sp\/w-dzialaniu\/nowe-mikrofony-dla-sali-muzycznej\/\" \/>\n<meta property=\"og:locale\" content=\"pl_PL\" \/>\n<meta property=\"og:type\" content=\"article\" \/>\n<meta property=\"og:title\" content=\"Nowe mikrofony dla sali muzycznej - Szko\u0142a Podstawowa\" \/>\n<meta property=\"og:description\" content=\"Nasza sala muzyczna zosta\u0142a wyposa\u017cona w\u00a0cztery nowe mikrofony wraz z\u00a0niezb\u0119dnym dla nich zestawem akcesori\u00f3w!\u00a0\" \/>\n<meta property=\"og:url\" content=\"https:\/\/spolecznajedynka.pl\/sp\/w-dzialaniu\/nowe-mikrofony-dla-sali-muzycznej\/\" \/>\n<meta property=\"og:site_name\" content=\"Szko\u0142a Podstawowa\" \/>\n<meta property=\"article:publisher\" content=\"https:\/\/www.facebook.com\/spolecznajedynkapoznan\/\" \/>\n<meta property=\"article:published_time\" content=\"2022-10-08T20:16:47+00:00\" \/>\n<meta property=\"article:modified_time\" content=\"2023-10-08T20:17:07+00:00\" \/>\n<meta name=\"author\" content=\"Admin Top\" \/>\n<meta name=\"twitter:card\" content=\"summary_large_image\" \/>\n<meta name=\"twitter:label1\" content=\"Napisane przez\" \/>\n\t<meta name=\"twitter:data1\" content=\"Admin Top\" \/>\n\t<meta name=\"twitter:label2\" content=\"Szacowany czas czytania\" \/>\n\t<meta name=\"twitter:data2\" content=\"1 minuta\" \/>\n<script type=\"application\/ld+json\" class=\"yoast-schema-graph\">{\"@context\":\"https:\\\/\\\/schema.org\",\"@graph\":[{\"@type\":\"Article\",\"@id\":\"https:\\\/\\\/spolecznajedynka.pl\\\/sp\\\/w-dzialaniu\\\/nowe-mikrofony-dla-sali-muzycznej\\\/#article\",\"isPartOf\":{\"@id\":\"https:\\\/\\\/spolecznajedynka.pl\\\/sp\\\/w-dzialaniu\\\/nowe-mikrofony-dla-sali-muzycznej\\\/\"},\"author\":{\"name\":\"Admin Top\",\"@id\":\"https:\\\/\\\/spolecznajedynka.pl\\\/sp\\\/#\\\/schema\\\/person\\\/2516201558d359d325ddfae4255a4356\"},\"headline\":\"Nowe mikrofony dla sali muzycznej\",\"datePublished\":\"2022-10-08T20:16:47+00:00\",\"dateModified\":\"2023-10-08T20:17:07+00:00\",\"mainEntityOfPage\":{\"@id\":\"https:\\\/\\\/spolecznajedynka.pl\\\/sp\\\/w-dzialaniu\\\/nowe-mikrofony-dla-sali-muzycznej\\\/\"},\"wordCount\":134,\"publisher\":{\"@id\":\"https:\\\/\\\/spolecznajedynka.pl\\\/sp\\\/#organization\"},\"articleSection\":[\"W dzia\u0142aniu\"],\"inLanguage\":\"pl-PL\"},{\"@type\":\"WebPage\",\"@id\":\"https:\\\/\\\/spolecznajedynka.pl\\\/sp\\\/w-dzialaniu\\\/nowe-mikrofony-dla-sali-muzycznej\\\/\",\"url\":\"https:\\\/\\\/spolecznajedynka.pl\\\/sp\\\/w-dzialaniu\\\/nowe-mikrofony-dla-sali-muzycznej\\\/\",\"name\":\"Nowe mikrofony dla sali muzycznej - Szko\u0142a Podstawowa\",\"isPartOf\":{\"@id\":\"https:\\\/\\\/spolecznajedynka.pl\\\/sp\\\/#website\"},\"datePublished\":\"2022-10-08T20:16:47+00:00\",\"dateModified\":\"2023-10-08T20:17:07+00:00\",\"breadcrumb\":{\"@id\":\"https:\\\/\\\/spolecznajedynka.pl\\\/sp\\\/w-dzialaniu\\\/nowe-mikrofony-dla-sali-muzycznej\\\/#breadcrumb\"},\"inLanguage\":\"pl-PL\",\"potentialAction\":[{\"@type\":\"ReadAction\",\"target\":[\"https:\\\/\\\/spolecznajedynka.pl\\\/sp\\\/w-dzialaniu\\\/nowe-mikrofony-dla-sali-muzycznej\\\/\"]}]},{\"@type\":\"BreadcrumbList\",\"@id\":\"https:\\\/\\\/spolecznajedynka.pl\\\/sp\\\/w-dzialaniu\\\/nowe-mikrofony-dla-sali-muzycznej\\\/#breadcrumb\",\"itemListElement\":[{\"@type\":\"ListItem\",\"position\":1,\"name\":\"Strona g\u0142\u00f3wna\",\"item\":\"https:\\\/\\\/spolecznajedynka.pl\\\/sp\\\/\"},{\"@type\":\"ListItem\",\"position\":2,\"name\":\"W dzia\u0142aniu\",\"item\":\"https:\\\/\\\/spolecznajedynka.pl\\\/sp\\\/k\\\/w-dzialaniu\\\/\"},{\"@type\":\"ListItem\",\"position\":3,\"name\":\"Nowe mikrofony dla sali muzycznej\"}]},{\"@type\":\"WebSite\",\"@id\":\"https:\\\/\\\/spolecznajedynka.pl\\\/sp\\\/#website\",\"url\":\"https:\\\/\\\/spolecznajedynka.pl\\\/sp\\\/\",\"name\":\"Szko\u0142a Podstawowa Spo\u0142eczna Jedynka Pozna\u0144\",\"description\":\"\",\"publisher\":{\"@id\":\"https:\\\/\\\/spolecznajedynka.pl\\\/sp\\\/#organization\"},\"potentialAction\":[{\"@type\":\"SearchAction\",\"target\":{\"@type\":\"EntryPoint\",\"urlTemplate\":\"https:\\\/\\\/spolecznajedynka.pl\\\/sp\\\/?s={search_term_string}\"},\"query-input\":{\"@type\":\"PropertyValueSpecification\",\"valueRequired\":true,\"valueName\":\"search_term_string\"}}],\"inLanguage\":\"pl-PL\"},{\"@type\":\"Organization\",\"@id\":\"https:\\\/\\\/spolecznajedynka.pl\\\/sp\\\/#organization\",\"name\":\"Szko\u0142a Podstawowa Spo\u0142eczna Jedynka Pozna\u0144\",\"url\":\"https:\\\/\\\/spolecznajedynka.pl\\\/sp\\\/\",\"logo\":{\"@type\":\"ImageObject\",\"inLanguage\":\"pl-PL\",\"@id\":\"https:\\\/\\\/spolecznajedynka.pl\\\/sp\\\/#\\\/schema\\\/logo\\\/image\\\/\",\"url\":\"https:\\\/\\\/spolecznajedynka.pl\\\/sp\\\/wp-content\\\/uploads\\\/sites\\\/3\\\/2023\\\/10\\\/logo.png\",\"contentUrl\":\"https:\\\/\\\/spolecznajedynka.pl\\\/sp\\\/wp-content\\\/uploads\\\/sites\\\/3\\\/2023\\\/10\\\/logo.png\",\"width\":75,\"height\":124,\"caption\":\"Szko\u0142a Podstawowa Spo\u0142eczna Jedynka Pozna\u0144\"},\"image\":{\"@id\":\"https:\\\/\\\/spolecznajedynka.pl\\\/sp\\\/#\\\/schema\\\/logo\\\/image\\\/\"},\"sameAs\":[\"https:\\\/\\\/www.facebook.com\\\/spolecznajedynkapoznan\\\/\",\"https:\\\/\\\/www.instagram.com\\\/spolecznajedynka\\\/\"]},{\"@type\":\"Person\",\"@id\":\"https:\\\/\\\/spolecznajedynka.pl\\\/sp\\\/#\\\/schema\\\/person\\\/2516201558d359d325ddfae4255a4356\",\"name\":\"Admin Top\",\"image\":{\"@type\":\"ImageObject\",\"inLanguage\":\"pl-PL\",\"@id\":\"https:\\\/\\\/secure.gravatar.com\\\/avatar\\\/4faaedc4afabcd882aed6427c06dd9449a4ac635efb8f231a3e4f729e70f1cad?s=96&d=mm&r=g\",\"url\":\"https:\\\/\\\/secure.gravatar.com\\\/avatar\\\/4faaedc4afabcd882aed6427c06dd9449a4ac635efb8f231a3e4f729e70f1cad?s=96&d=mm&r=g\",\"contentUrl\":\"https:\\\/\\\/secure.gravatar.com\\\/avatar\\\/4faaedc4afabcd882aed6427c06dd9449a4ac635efb8f231a3e4f729e70f1cad?s=96&d=mm&r=g\",\"caption\":\"Admin Top\"}}]}<\/script>\n<!-- \/ Yoast SEO plugin. -->","yoast_head_json":{"title":"Nowe mikrofony dla sali muzycznej - Szko\u0142a Podstawowa","robots":{"index":"index","follow":"follow","max-snippet":"max-snippet:-1","max-image-preview":"max-image-preview:large","max-video-preview":"max-video-preview:-1"},"canonical":"https:\/\/spolecznajedynka.pl\/sp\/w-dzialaniu\/nowe-mikrofony-dla-sali-muzycznej\/","og_locale":"pl_PL","og_type":"article","og_title":"Nowe mikrofony dla sali muzycznej - Szko\u0142a Podstawowa","og_description":"Nasza sala muzyczna zosta\u0142a wyposa\u017cona w\u00a0cztery nowe mikrofony wraz z\u00a0niezb\u0119dnym dla nich zestawem akcesori\u00f3w!\u00a0","og_url":"https:\/\/spolecznajedynka.pl\/sp\/w-dzialaniu\/nowe-mikrofony-dla-sali-muzycznej\/","og_site_name":"Szko\u0142a Podstawowa","article_publisher":"https:\/\/www.facebook.com\/spolecznajedynkapoznan\/","article_published_time":"2022-10-08T20:16:47+00:00","article_modified_time":"2023-10-08T20:17:07+00:00","author":"Admin Top","twitter_card":"summary_large_image","twitter_misc":{"Napisane przez":"Admin Top","Szacowany czas czytania":"1 minuta"},"schema":{"@context":"https:\/\/schema.org","@graph":[{"@type":"Article","@id":"https:\/\/spolecznajedynka.pl\/sp\/w-dzialaniu\/nowe-mikrofony-dla-sali-muzycznej\/#article","isPartOf":{"@id":"https:\/\/spolecznajedynka.pl\/sp\/w-dzialaniu\/nowe-mikrofony-dla-sali-muzycznej\/"},"author":{"name":"Admin Top","@id":"https:\/\/spolecznajedynka.pl\/sp\/#\/schema\/person\/2516201558d359d325ddfae4255a4356"},"headline":"Nowe mikrofony dla sali muzycznej","datePublished":"2022-10-08T20:16:47+00:00","dateModified":"2023-10-08T20:17:07+00:00","mainEntityOfPage":{"@id":"https:\/\/spolecznajedynka.pl\/sp\/w-dzialaniu\/nowe-mikrofony-dla-sali-muzycznej\/"},"wordCount":134,"publisher":{"@id":"https:\/\/spolecznajedynka.pl\/sp\/#organization"},"articleSection":["W dzia\u0142aniu"],"inLanguage":"pl-PL"},{"@type":"WebPage","@id":"https:\/\/spolecznajedynka.pl\/sp\/w-dzialaniu\/nowe-mikrofony-dla-sali-muzycznej\/","url":"https:\/\/spolecznajedynka.pl\/sp\/w-dzialaniu\/nowe-mikrofony-dla-sali-muzycznej\/","name":"Nowe mikrofony dla sali muzycznej - Szko\u0142a Podstawowa","isPartOf":{"@id":"https:\/\/spolecznajedynka.pl\/sp\/#website"},"datePublished":"2022-10-08T20:16:47+00:00","dateModified":"2023-10-08T20:17:07+00:00","breadcrumb":{"@id":"https:\/\/spolecznajedynka.pl\/sp\/w-dzialaniu\/nowe-mikrofony-dla-sali-muzycznej\/#breadcrumb"},"inLanguage":"pl-PL","potentialAction":[{"@type":"ReadAction","target":["https:\/\/spolecznajedynka.pl\/sp\/w-dzialaniu\/nowe-mikrofony-dla-sali-muzycznej\/"]}]},{"@type":"BreadcrumbList","@id":"https:\/\/spolecznajedynka.pl\/sp\/w-dzialaniu\/nowe-mikrofony-dla-sali-muzycznej\/#breadcrumb","itemListElement":[{"@type":"ListItem","position":1,"name":"Strona g\u0142\u00f3wna","item":"https:\/\/spolecznajedynka.pl\/sp\/"},{"@type":"ListItem","position":2,"name":"W dzia\u0142aniu","item":"https:\/\/spolecznajedynka.pl\/sp\/k\/w-dzialaniu\/"},{"@type":"ListItem","position":3,"name":"Nowe mikrofony dla sali muzycznej"}]},{"@type":"WebSite","@id":"https:\/\/spolecznajedynka.pl\/sp\/#website","url":"https:\/\/spolecznajedynka.pl\/sp\/","name":"Szko\u0142a Podstawowa Spo\u0142eczna Jedynka Pozna\u0144","description":"","publisher":{"@id":"https:\/\/spolecznajedynka.pl\/sp\/#organization"},"potentialAction":[{"@type":"SearchAction","target":{"@type":"EntryPoint","urlTemplate":"https:\/\/spolecznajedynka.pl\/sp\/?s={search_term_string}"},"query-input":{"@type":"PropertyValueSpecification","valueRequired":true,"valueName":"search_term_string"}}],"inLanguage":"pl-PL"},{"@type":"Organization","@id":"https:\/\/spolecznajedynka.pl\/sp\/#organization","name":"Szko\u0142a Podstawowa Spo\u0142eczna Jedynka Pozna\u0144","url":"https:\/\/spolecznajedynka.pl\/sp\/","logo":{"@type":"ImageObject","inLanguage":"pl-PL","@id":"https:\/\/spolecznajedynka.pl\/sp\/#\/schema\/logo\/image\/","url":"https:\/\/spolecznajedynka.pl\/sp\/wp-content\/uploads\/sites\/3\/2023\/10\/logo.png","contentUrl":"https:\/\/spolecznajedynka.pl\/sp\/wp-content\/uploads\/sites\/3\/2023\/10\/logo.png","width":75,"height":124,"caption":"Szko\u0142a Podstawowa Spo\u0142eczna Jedynka Pozna\u0144"},"image":{"@id":"https:\/\/spolecznajedynka.pl\/sp\/#\/schema\/logo\/image\/"},"sameAs":["https:\/\/www.facebook.com\/spolecznajedynkapoznan\/","https:\/\/www.instagram.com\/spolecznajedynka\/"]},{"@type":"Person","@id":"https:\/\/spolecznajedynka.pl\/sp\/#\/schema\/person\/2516201558d359d325ddfae4255a4356","name":"Admin Top","image":{"@type":"ImageObject","inLanguage":"pl-PL","@id":"https:\/\/secure.gravatar.com\/avatar\/4faaedc4afabcd882aed6427c06dd9449a4ac635efb8f231a3e4f729e70f1cad?s=96&d=mm&r=g","url":"https:\/\/secure.gravatar.com\/avatar\/4faaedc4afabcd882aed6427c06dd9449a4ac635efb8f231a3e4f729e70f1cad?s=96&d=mm&r=g","contentUrl":"https:\/\/secure.gravatar.com\/avatar\/4faaedc4afabcd882aed6427c06dd9449a4ac635efb8f231a3e4f729e70f1cad?s=96&d=mm&r=g","caption":"Admin Top"}}]}},"_links":{"self":[{"href":"https:\/\/spolecznajedynka.pl\/sp\/wp-json\/wp\/v2\/posts\/378","targetHints":{"allow":["GET"]}}],"collection":[{"href":"https:\/\/spolecznajedynka.pl\/sp\/wp-json\/wp\/v2\/posts"}],"about":[{"href":"https:\/\/spolecznajedynka.pl\/sp\/wp-json\/wp\/v2\/types\/post"}],"author":[{"embeddable":true,"href":"https:\/\/spolecznajedynka.pl\/sp\/wp-json\/wp\/v2\/users\/2"}],"replies":[{"embeddable":true,"href":"https:\/\/spolecznajedynka.pl\/sp\/wp-json\/wp\/v2\/comments?post=378"}],"version-history":[{"count":1,"href":"https:\/\/spolecznajedynka.pl\/sp\/wp-json\/wp\/v2\/posts\/378\/revisions"}],"predecessor-version":[{"id":379,"href":"https:\/\/spolecznajedynka.pl\/sp\/wp-json\/wp\/v2\/posts\/378\/revisions\/379"}],"wp:attachment":[{"href":"https:\/\/spolecznajedynka.pl\/sp\/wp-json\/wp\/v2\/media?parent=378"}],"wp:term":[{"taxonomy":"category","embeddable":true,"href":"https:\/\/spolecznajedynka.pl\/sp\/wp-json\/wp\/v2\/categories?post=378"},{"taxonomy":"post_tag","embeddable":true,"href":"https:\/\/spolecznajedynka.pl\/sp\/wp-json\/wp\/v2\/tags?post=378"}],"curies":[{"name":"wp","href":"https:\/\/api.w.org\/{rel}","templated":true}]}}