{"id":3295,"date":"2025-03-02T16:00:05","date_gmt":"2025-03-02T15:00:05","guid":{"rendered":"https:\/\/spolecznajedynka.pl\/sp\/?p=3295"},"modified":"2025-03-02T16:00:05","modified_gmt":"2025-03-02T15:00:05","slug":"kilometry-zbieramy-podsumowanie-semestru","status":"publish","type":"post","link":"https:\/\/spolecznajedynka.pl\/sp\/osiagniecia\/kilometry-zbieramy-podsumowanie-semestru\/","title":{"rendered":"Kilometry zbieramy &#8211; podsumowanie semestru"},"content":{"rendered":"<div class=\"\" data-block=\"true\" data-editor=\"b8pmd\" data-offset-key=\"d657q-0-0\">\n<div class=\"_1mf _1mj\" data-offset-key=\"d657q-0-0\"><strong>C\u00f3\u017c to by\u0142 za aktywny czas!\u00a0<\/strong><\/div>\n<\/div>\n<div class=\"\" data-block=\"true\" data-editor=\"b8pmd\" data-offset-key=\"dj7kk-0-0\">\n<div class=\"_1mf _1mj\" data-offset-key=\"dj7kk-0-0\"><strong>Oficjalnie podsumowali\u015bmy pierwszy semestr zbierania kilometr\u00f3w dla Fundacji <span class=\"_247o\" spellcheck=\"false\" data-offset-key=\"dj7kk-1-0\">DziekiTobie.pl<\/span>.\u00a0<\/strong><\/div>\n<\/div>\n<div data-offset-key=\"dj7kk-0-0\"><\/div>\n<div data-offset-key=\"dj7kk-0-0\">\n<hr \/>\n<\/div>\n<div class=\"\" data-block=\"true\" data-editor=\"b8pmd\" data-offset-key=\"61sru-0-0\">\n<div class=\"_1mf _1mj\" data-offset-key=\"61sru-0-0\"><span data-offset-key=\"61sru-0-0\">\u00a0<\/span><\/div>\n<\/div>\n<div class=\"\" data-block=\"true\" data-editor=\"b8pmd\" data-offset-key=\"b57d1-0-0\">\n<div class=\"_1mf _1mj\" data-offset-key=\"b57d1-0-0\"><span data-offset-key=\"b57d1-0-0\">W minionym tygodniu rozdali\u015bmy dyplomy i medale tym, kt\u00f3rzy w ci\u0105gu kilku minionych miesi\u0119cy wybiegali, wychodzili, wyje\u017adzili i wyp\u0142ywali najd\u0142u\u017csze dystanse.\u00a0<\/span><\/div>\n<\/div>\n<div class=\"\" data-block=\"true\" data-editor=\"b8pmd\" data-offset-key=\"ajec7-0-0\">\n<div class=\"_1mf _1mj\" data-offset-key=\"ajec7-0-0\"><span data-offset-key=\"ajec7-0-0\">\u00a0<\/span><\/div>\n<\/div>\n<div class=\"\" data-block=\"true\" data-editor=\"b8pmd\" data-offset-key=\"60hjr-0-0\">\n<div class=\"_1mf _1mj\" data-offset-key=\"60hjr-0-0\"><span data-offset-key=\"60hjr-0-0\">Niekt\u00f3rzy uczniowie odbierali dyplomy za swoich rodzic\u00f3w, wujk\u00f3w i ciocie.\u00a0<\/span><\/div>\n<\/div>\n<div class=\"\" data-block=\"true\" data-editor=\"b8pmd\" data-offset-key=\"dqs70-0-0\">\n<div class=\"_1mf _1mj\" data-offset-key=\"dqs70-0-0\"><span data-offset-key=\"dqs70-0-0\">Bo kilometry zbieramy ca\u0142ymi rodzinami!\u00a0<\/span><\/div>\n<\/div>\n<div class=\"\" data-block=\"true\" data-editor=\"b8pmd\" data-offset-key=\"d5ahn-0-0\">\n<div class=\"_1mf _1mj\" data-offset-key=\"d5ahn-0-0\"><span data-offset-key=\"d5ahn-0-0\">\u00a0<\/span><\/div>\n<\/div>\n<div class=\"\" data-block=\"true\" data-editor=\"b8pmd\" data-offset-key=\"cbkrb-0-0\">\n<div class=\"_1mf _1mj\" data-offset-key=\"cbkrb-0-0\"><span data-offset-key=\"cbkrb-0-0\">Ale to przecie\u017c nie koniec akcji!\u00a0<\/span><\/div>\n<\/div>\n<div class=\"\" data-block=\"true\" data-editor=\"b8pmd\" data-offset-key=\"d34lt-0-0\">\n<div class=\"_1mf _1mj\" data-offset-key=\"d34lt-0-0\"><span data-offset-key=\"d34lt-0-0\">Na horyzoncie ju\u017c wiosna, rze\u015bkie poranki ze \u015bpiewem ptak\u00f3w w pakiecie i pierwsze naprawd\u0119 ciep\u0142e dni &#8211; kto si\u0119 im oprze?\u00a0<\/span><\/div>\n<\/div>\n<div class=\"\" data-block=\"true\" data-editor=\"b8pmd\" data-offset-key=\"5mrg7-0-0\">\n<div class=\"_1mf _1mj\" data-offset-key=\"5mrg7-0-0\"><span data-offset-key=\"5mrg7-0-0\">\u00a0<\/span><\/div>\n<\/div>\n<div class=\"\" data-block=\"true\" data-editor=\"b8pmd\" data-offset-key=\"dhlq5-0-0\">\n<div class=\"_1mf _1mj\" data-offset-key=\"dhlq5-0-0\"><img loading=\"lazy\" decoding=\"async\" class=\"alignleft size-large wp-image-3296\" src=\"https:\/\/spolecznajedynka.pl\/sp\/wp-content\/uploads\/sites\/3\/2025\/03\/kilometry-1024x1024.png\" alt=\"\" width=\"1024\" height=\"1024\" srcset=\"https:\/\/spolecznajedynka.pl\/sp\/wp-content\/uploads\/sites\/3\/2025\/03\/kilometry-1024x1024.png 1024w, https:\/\/spolecznajedynka.pl\/sp\/wp-content\/uploads\/sites\/3\/2025\/03\/kilometry-300x300.png 300w, https:\/\/spolecznajedynka.pl\/sp\/wp-content\/uploads\/sites\/3\/2025\/03\/kilometry-150x150.png 150w, https:\/\/spolecznajedynka.pl\/sp\/wp-content\/uploads\/sites\/3\/2025\/03\/kilometry-768x768.png 768w, https:\/\/spolecznajedynka.pl\/sp\/wp-content\/uploads\/sites\/3\/2025\/03\/kilometry.png 1080w\" sizes=\"auto, (max-width: 1024px) 100vw, 1024px\" \/><\/div>\n<\/div>\n<div class=\"\" data-block=\"true\" data-editor=\"b8pmd\" data-offset-key=\"emfh4-0-0\"><\/div>\n","protected":false},"excerpt":{"rendered":"<p>C\u00f3\u017c to by\u0142 za aktywny czas!\u00a0 Oficjalnie podsumowali\u015bmy pierwszy semestr zbierania kilometr\u00f3w dla Fundacji DziekiTobie.pl.\u00a0 \u00a0 W minionym tygodniu rozdali\u015bmy&#8230;<\/p>\n","protected":false},"author":2,"featured_media":3296,"comment_status":"closed","ping_status":"closed","sticky":false,"template":"","format":"standard","meta":{"_acf_changed":false,"footnotes":""},"categories":[11],"tags":[],"class_list":["post-3295","post","type-post","status-publish","format-standard","has-post-thumbnail","hentry","category-osiagniecia"],"acf":[],"yoast_head":"<!-- This site is optimized with the Yoast SEO plugin v27.4 - https:\/\/yoast.com\/product\/yoast-seo-wordpress\/ -->\n<title>Kilometry zbieramy - podsumowanie semestru - Szko\u0142a Podstawowa<\/title>\n<meta name=\"robots\" content=\"index, follow, max-snippet:-1, max-image-preview:large, max-video-preview:-1\" \/>\n<link rel=\"canonical\" href=\"https:\/\/spolecznajedynka.pl\/sp\/osiagniecia\/kilometry-zbieramy-podsumowanie-semestru\/\" \/>\n<meta property=\"og:locale\" content=\"pl_PL\" \/>\n<meta property=\"og:type\" content=\"article\" \/>\n<meta property=\"og:title\" content=\"Kilometry zbieramy - podsumowanie semestru - Szko\u0142a Podstawowa\" \/>\n<meta property=\"og:description\" content=\"C\u00f3\u017c to by\u0142 za aktywny czas!\u00a0 Oficjalnie podsumowali\u015bmy pierwszy semestr zbierania kilometr\u00f3w dla Fundacji DziekiTobie.pl.\u00a0 \u00a0 W minionym tygodniu rozdali\u015bmy...\" \/>\n<meta property=\"og:url\" content=\"https:\/\/spolecznajedynka.pl\/sp\/osiagniecia\/kilometry-zbieramy-podsumowanie-semestru\/\" \/>\n<meta property=\"og:site_name\" content=\"Szko\u0142a Podstawowa\" \/>\n<meta property=\"article:publisher\" content=\"https:\/\/www.facebook.com\/spolecznajedynkapoznan\/\" \/>\n<meta property=\"article:published_time\" content=\"2025-03-02T15:00:05+00:00\" \/>\n<meta property=\"og:image\" content=\"https:\/\/spolecznajedynka.pl\/sp\/wp-content\/uploads\/sites\/3\/2025\/03\/kilometry.png\" \/>\n\t<meta property=\"og:image:width\" content=\"1080\" \/>\n\t<meta property=\"og:image:height\" content=\"1080\" \/>\n\t<meta property=\"og:image:type\" content=\"image\/png\" \/>\n<meta name=\"author\" content=\"Admin Top\" \/>\n<meta name=\"twitter:card\" content=\"summary_large_image\" \/>\n<meta name=\"twitter:label1\" content=\"Napisane przez\" \/>\n\t<meta name=\"twitter:data1\" content=\"Admin Top\" \/>\n\t<meta name=\"twitter:label2\" content=\"Szacowany czas czytania\" \/>\n\t<meta name=\"twitter:data2\" content=\"1 minuta\" \/>\n<script type=\"application\/ld+json\" class=\"yoast-schema-graph\">{\"@context\":\"https:\\\/\\\/schema.org\",\"@graph\":[{\"@type\":\"Article\",\"@id\":\"https:\\\/\\\/spolecznajedynka.pl\\\/sp\\\/osiagniecia\\\/kilometry-zbieramy-podsumowanie-semestru\\\/#article\",\"isPartOf\":{\"@id\":\"https:\\\/\\\/spolecznajedynka.pl\\\/sp\\\/osiagniecia\\\/kilometry-zbieramy-podsumowanie-semestru\\\/\"},\"author\":{\"name\":\"Admin Top\",\"@id\":\"https:\\\/\\\/spolecznajedynka.pl\\\/sp\\\/#\\\/schema\\\/person\\\/2516201558d359d325ddfae4255a4356\"},\"headline\":\"Kilometry zbieramy &#8211; podsumowanie semestru\",\"datePublished\":\"2025-03-02T15:00:05+00:00\",\"mainEntityOfPage\":{\"@id\":\"https:\\\/\\\/spolecznajedynka.pl\\\/sp\\\/osiagniecia\\\/kilometry-zbieramy-podsumowanie-semestru\\\/\"},\"wordCount\":101,\"publisher\":{\"@id\":\"https:\\\/\\\/spolecznajedynka.pl\\\/sp\\\/#organization\"},\"image\":{\"@id\":\"https:\\\/\\\/spolecznajedynka.pl\\\/sp\\\/osiagniecia\\\/kilometry-zbieramy-podsumowanie-semestru\\\/#primaryimage\"},\"thumbnailUrl\":\"https:\\\/\\\/spolecznajedynka.pl\\\/sp\\\/wp-content\\\/uploads\\\/sites\\\/3\\\/2025\\\/03\\\/kilometry.png\",\"articleSection\":[\"Osi\u0105gni\u0119cia\"],\"inLanguage\":\"pl-PL\"},{\"@type\":\"WebPage\",\"@id\":\"https:\\\/\\\/spolecznajedynka.pl\\\/sp\\\/osiagniecia\\\/kilometry-zbieramy-podsumowanie-semestru\\\/\",\"url\":\"https:\\\/\\\/spolecznajedynka.pl\\\/sp\\\/osiagniecia\\\/kilometry-zbieramy-podsumowanie-semestru\\\/\",\"name\":\"Kilometry zbieramy - podsumowanie semestru - Szko\u0142a Podstawowa\",\"isPartOf\":{\"@id\":\"https:\\\/\\\/spolecznajedynka.pl\\\/sp\\\/#website\"},\"primaryImageOfPage\":{\"@id\":\"https:\\\/\\\/spolecznajedynka.pl\\\/sp\\\/osiagniecia\\\/kilometry-zbieramy-podsumowanie-semestru\\\/#primaryimage\"},\"image\":{\"@id\":\"https:\\\/\\\/spolecznajedynka.pl\\\/sp\\\/osiagniecia\\\/kilometry-zbieramy-podsumowanie-semestru\\\/#primaryimage\"},\"thumbnailUrl\":\"https:\\\/\\\/spolecznajedynka.pl\\\/sp\\\/wp-content\\\/uploads\\\/sites\\\/3\\\/2025\\\/03\\\/kilometry.png\",\"datePublished\":\"2025-03-02T15:00:05+00:00\",\"breadcrumb\":{\"@id\":\"https:\\\/\\\/spolecznajedynka.pl\\\/sp\\\/osiagniecia\\\/kilometry-zbieramy-podsumowanie-semestru\\\/#breadcrumb\"},\"inLanguage\":\"pl-PL\",\"potentialAction\":[{\"@type\":\"ReadAction\",\"target\":[\"https:\\\/\\\/spolecznajedynka.pl\\\/sp\\\/osiagniecia\\\/kilometry-zbieramy-podsumowanie-semestru\\\/\"]}]},{\"@type\":\"ImageObject\",\"inLanguage\":\"pl-PL\",\"@id\":\"https:\\\/\\\/spolecznajedynka.pl\\\/sp\\\/osiagniecia\\\/kilometry-zbieramy-podsumowanie-semestru\\\/#primaryimage\",\"url\":\"https:\\\/\\\/spolecznajedynka.pl\\\/sp\\\/wp-content\\\/uploads\\\/sites\\\/3\\\/2025\\\/03\\\/kilometry.png\",\"contentUrl\":\"https:\\\/\\\/spolecznajedynka.pl\\\/sp\\\/wp-content\\\/uploads\\\/sites\\\/3\\\/2025\\\/03\\\/kilometry.png\",\"width\":1080,\"height\":1080},{\"@type\":\"BreadcrumbList\",\"@id\":\"https:\\\/\\\/spolecznajedynka.pl\\\/sp\\\/osiagniecia\\\/kilometry-zbieramy-podsumowanie-semestru\\\/#breadcrumb\",\"itemListElement\":[{\"@type\":\"ListItem\",\"position\":1,\"name\":\"Strona g\u0142\u00f3wna\",\"item\":\"https:\\\/\\\/spolecznajedynka.pl\\\/sp\\\/\"},{\"@type\":\"ListItem\",\"position\":2,\"name\":\"Osi\u0105gni\u0119cia\",\"item\":\"https:\\\/\\\/spolecznajedynka.pl\\\/sp\\\/k\\\/osiagniecia\\\/\"},{\"@type\":\"ListItem\",\"position\":3,\"name\":\"Kilometry zbieramy &#8211; podsumowanie semestru\"}]},{\"@type\":\"WebSite\",\"@id\":\"https:\\\/\\\/spolecznajedynka.pl\\\/sp\\\/#website\",\"url\":\"https:\\\/\\\/spolecznajedynka.pl\\\/sp\\\/\",\"name\":\"Szko\u0142a Podstawowa Spo\u0142eczna Jedynka Pozna\u0144\",\"description\":\"\",\"publisher\":{\"@id\":\"https:\\\/\\\/spolecznajedynka.pl\\\/sp\\\/#organization\"},\"potentialAction\":[{\"@type\":\"SearchAction\",\"target\":{\"@type\":\"EntryPoint\",\"urlTemplate\":\"https:\\\/\\\/spolecznajedynka.pl\\\/sp\\\/?s={search_term_string}\"},\"query-input\":{\"@type\":\"PropertyValueSpecification\",\"valueRequired\":true,\"valueName\":\"search_term_string\"}}],\"inLanguage\":\"pl-PL\"},{\"@type\":\"Organization\",\"@id\":\"https:\\\/\\\/spolecznajedynka.pl\\\/sp\\\/#organization\",\"name\":\"Szko\u0142a Podstawowa Spo\u0142eczna Jedynka Pozna\u0144\",\"url\":\"https:\\\/\\\/spolecznajedynka.pl\\\/sp\\\/\",\"logo\":{\"@type\":\"ImageObject\",\"inLanguage\":\"pl-PL\",\"@id\":\"https:\\\/\\\/spolecznajedynka.pl\\\/sp\\\/#\\\/schema\\\/logo\\\/image\\\/\",\"url\":\"https:\\\/\\\/spolecznajedynka.pl\\\/sp\\\/wp-content\\\/uploads\\\/sites\\\/3\\\/2023\\\/10\\\/logo.png\",\"contentUrl\":\"https:\\\/\\\/spolecznajedynka.pl\\\/sp\\\/wp-content\\\/uploads\\\/sites\\\/3\\\/2023\\\/10\\\/logo.png\",\"width\":75,\"height\":124,\"caption\":\"Szko\u0142a Podstawowa Spo\u0142eczna Jedynka Pozna\u0144\"},\"image\":{\"@id\":\"https:\\\/\\\/spolecznajedynka.pl\\\/sp\\\/#\\\/schema\\\/logo\\\/image\\\/\"},\"sameAs\":[\"https:\\\/\\\/www.facebook.com\\\/spolecznajedynkapoznan\\\/\",\"https:\\\/\\\/www.instagram.com\\\/spolecznajedynka\\\/\"]},{\"@type\":\"Person\",\"@id\":\"https:\\\/\\\/spolecznajedynka.pl\\\/sp\\\/#\\\/schema\\\/person\\\/2516201558d359d325ddfae4255a4356\",\"name\":\"Admin Top\",\"image\":{\"@type\":\"ImageObject\",\"inLanguage\":\"pl-PL\",\"@id\":\"https:\\\/\\\/secure.gravatar.com\\\/avatar\\\/4faaedc4afabcd882aed6427c06dd9449a4ac635efb8f231a3e4f729e70f1cad?s=96&d=mm&r=g\",\"url\":\"https:\\\/\\\/secure.gravatar.com\\\/avatar\\\/4faaedc4afabcd882aed6427c06dd9449a4ac635efb8f231a3e4f729e70f1cad?s=96&d=mm&r=g\",\"contentUrl\":\"https:\\\/\\\/secure.gravatar.com\\\/avatar\\\/4faaedc4afabcd882aed6427c06dd9449a4ac635efb8f231a3e4f729e70f1cad?s=96&d=mm&r=g\",\"caption\":\"Admin Top\"}}]}<\/script>\n<!-- \/ Yoast SEO plugin. -->","yoast_head_json":{"title":"Kilometry zbieramy - podsumowanie semestru - Szko\u0142a Podstawowa","robots":{"index":"index","follow":"follow","max-snippet":"max-snippet:-1","max-image-preview":"max-image-preview:large","max-video-preview":"max-video-preview:-1"},"canonical":"https:\/\/spolecznajedynka.pl\/sp\/osiagniecia\/kilometry-zbieramy-podsumowanie-semestru\/","og_locale":"pl_PL","og_type":"article","og_title":"Kilometry zbieramy - podsumowanie semestru - Szko\u0142a Podstawowa","og_description":"C\u00f3\u017c to by\u0142 za aktywny czas!\u00a0 Oficjalnie podsumowali\u015bmy pierwszy semestr zbierania kilometr\u00f3w dla Fundacji DziekiTobie.pl.\u00a0 \u00a0 W minionym tygodniu rozdali\u015bmy...","og_url":"https:\/\/spolecznajedynka.pl\/sp\/osiagniecia\/kilometry-zbieramy-podsumowanie-semestru\/","og_site_name":"Szko\u0142a Podstawowa","article_publisher":"https:\/\/www.facebook.com\/spolecznajedynkapoznan\/","article_published_time":"2025-03-02T15:00:05+00:00","og_image":[{"width":1080,"height":1080,"url":"https:\/\/spolecznajedynka.pl\/sp\/wp-content\/uploads\/sites\/3\/2025\/03\/kilometry.png","type":"image\/png"}],"author":"Admin Top","twitter_card":"summary_large_image","twitter_misc":{"Napisane przez":"Admin Top","Szacowany czas czytania":"1 minuta"},"schema":{"@context":"https:\/\/schema.org","@graph":[{"@type":"Article","@id":"https:\/\/spolecznajedynka.pl\/sp\/osiagniecia\/kilometry-zbieramy-podsumowanie-semestru\/#article","isPartOf":{"@id":"https:\/\/spolecznajedynka.pl\/sp\/osiagniecia\/kilometry-zbieramy-podsumowanie-semestru\/"},"author":{"name":"Admin Top","@id":"https:\/\/spolecznajedynka.pl\/sp\/#\/schema\/person\/2516201558d359d325ddfae4255a4356"},"headline":"Kilometry zbieramy &#8211; podsumowanie semestru","datePublished":"2025-03-02T15:00:05+00:00","mainEntityOfPage":{"@id":"https:\/\/spolecznajedynka.pl\/sp\/osiagniecia\/kilometry-zbieramy-podsumowanie-semestru\/"},"wordCount":101,"publisher":{"@id":"https:\/\/spolecznajedynka.pl\/sp\/#organization"},"image":{"@id":"https:\/\/spolecznajedynka.pl\/sp\/osiagniecia\/kilometry-zbieramy-podsumowanie-semestru\/#primaryimage"},"thumbnailUrl":"https:\/\/spolecznajedynka.pl\/sp\/wp-content\/uploads\/sites\/3\/2025\/03\/kilometry.png","articleSection":["Osi\u0105gni\u0119cia"],"inLanguage":"pl-PL"},{"@type":"WebPage","@id":"https:\/\/spolecznajedynka.pl\/sp\/osiagniecia\/kilometry-zbieramy-podsumowanie-semestru\/","url":"https:\/\/spolecznajedynka.pl\/sp\/osiagniecia\/kilometry-zbieramy-podsumowanie-semestru\/","name":"Kilometry zbieramy - podsumowanie semestru - Szko\u0142a Podstawowa","isPartOf":{"@id":"https:\/\/spolecznajedynka.pl\/sp\/#website"},"primaryImageOfPage":{"@id":"https:\/\/spolecznajedynka.pl\/sp\/osiagniecia\/kilometry-zbieramy-podsumowanie-semestru\/#primaryimage"},"image":{"@id":"https:\/\/spolecznajedynka.pl\/sp\/osiagniecia\/kilometry-zbieramy-podsumowanie-semestru\/#primaryimage"},"thumbnailUrl":"https:\/\/spolecznajedynka.pl\/sp\/wp-content\/uploads\/sites\/3\/2025\/03\/kilometry.png","datePublished":"2025-03-02T15:00:05+00:00","breadcrumb":{"@id":"https:\/\/spolecznajedynka.pl\/sp\/osiagniecia\/kilometry-zbieramy-podsumowanie-semestru\/#breadcrumb"},"inLanguage":"pl-PL","potentialAction":[{"@type":"ReadAction","target":["https:\/\/spolecznajedynka.pl\/sp\/osiagniecia\/kilometry-zbieramy-podsumowanie-semestru\/"]}]},{"@type":"ImageObject","inLanguage":"pl-PL","@id":"https:\/\/spolecznajedynka.pl\/sp\/osiagniecia\/kilometry-zbieramy-podsumowanie-semestru\/#primaryimage","url":"https:\/\/spolecznajedynka.pl\/sp\/wp-content\/uploads\/sites\/3\/2025\/03\/kilometry.png","contentUrl":"https:\/\/spolecznajedynka.pl\/sp\/wp-content\/uploads\/sites\/3\/2025\/03\/kilometry.png","width":1080,"height":1080},{"@type":"BreadcrumbList","@id":"https:\/\/spolecznajedynka.pl\/sp\/osiagniecia\/kilometry-zbieramy-podsumowanie-semestru\/#breadcrumb","itemListElement":[{"@type":"ListItem","position":1,"name":"Strona g\u0142\u00f3wna","item":"https:\/\/spolecznajedynka.pl\/sp\/"},{"@type":"ListItem","position":2,"name":"Osi\u0105gni\u0119cia","item":"https:\/\/spolecznajedynka.pl\/sp\/k\/osiagniecia\/"},{"@type":"ListItem","position":3,"name":"Kilometry zbieramy &#8211; podsumowanie semestru"}]},{"@type":"WebSite","@id":"https:\/\/spolecznajedynka.pl\/sp\/#website","url":"https:\/\/spolecznajedynka.pl\/sp\/","name":"Szko\u0142a Podstawowa Spo\u0142eczna Jedynka Pozna\u0144","description":"","publisher":{"@id":"https:\/\/spolecznajedynka.pl\/sp\/#organization"},"potentialAction":[{"@type":"SearchAction","target":{"@type":"EntryPoint","urlTemplate":"https:\/\/spolecznajedynka.pl\/sp\/?s={search_term_string}"},"query-input":{"@type":"PropertyValueSpecification","valueRequired":true,"valueName":"search_term_string"}}],"inLanguage":"pl-PL"},{"@type":"Organization","@id":"https:\/\/spolecznajedynka.pl\/sp\/#organization","name":"Szko\u0142a Podstawowa Spo\u0142eczna Jedynka Pozna\u0144","url":"https:\/\/spolecznajedynka.pl\/sp\/","logo":{"@type":"ImageObject","inLanguage":"pl-PL","@id":"https:\/\/spolecznajedynka.pl\/sp\/#\/schema\/logo\/image\/","url":"https:\/\/spolecznajedynka.pl\/sp\/wp-content\/uploads\/sites\/3\/2023\/10\/logo.png","contentUrl":"https:\/\/spolecznajedynka.pl\/sp\/wp-content\/uploads\/sites\/3\/2023\/10\/logo.png","width":75,"height":124,"caption":"Szko\u0142a Podstawowa Spo\u0142eczna Jedynka Pozna\u0144"},"image":{"@id":"https:\/\/spolecznajedynka.pl\/sp\/#\/schema\/logo\/image\/"},"sameAs":["https:\/\/www.facebook.com\/spolecznajedynkapoznan\/","https:\/\/www.instagram.com\/spolecznajedynka\/"]},{"@type":"Person","@id":"https:\/\/spolecznajedynka.pl\/sp\/#\/schema\/person\/2516201558d359d325ddfae4255a4356","name":"Admin Top","image":{"@type":"ImageObject","inLanguage":"pl-PL","@id":"https:\/\/secure.gravatar.com\/avatar\/4faaedc4afabcd882aed6427c06dd9449a4ac635efb8f231a3e4f729e70f1cad?s=96&d=mm&r=g","url":"https:\/\/secure.gravatar.com\/avatar\/4faaedc4afabcd882aed6427c06dd9449a4ac635efb8f231a3e4f729e70f1cad?s=96&d=mm&r=g","contentUrl":"https:\/\/secure.gravatar.com\/avatar\/4faaedc4afabcd882aed6427c06dd9449a4ac635efb8f231a3e4f729e70f1cad?s=96&d=mm&r=g","caption":"Admin Top"}}]}},"_links":{"self":[{"href":"https:\/\/spolecznajedynka.pl\/sp\/wp-json\/wp\/v2\/posts\/3295","targetHints":{"allow":["GET"]}}],"collection":[{"href":"https:\/\/spolecznajedynka.pl\/sp\/wp-json\/wp\/v2\/posts"}],"about":[{"href":"https:\/\/spolecznajedynka.pl\/sp\/wp-json\/wp\/v2\/types\/post"}],"author":[{"embeddable":true,"href":"https:\/\/spolecznajedynka.pl\/sp\/wp-json\/wp\/v2\/users\/2"}],"replies":[{"embeddable":true,"href":"https:\/\/spolecznajedynka.pl\/sp\/wp-json\/wp\/v2\/comments?post=3295"}],"version-history":[{"count":1,"href":"https:\/\/spolecznajedynka.pl\/sp\/wp-json\/wp\/v2\/posts\/3295\/revisions"}],"predecessor-version":[{"id":3297,"href":"https:\/\/spolecznajedynka.pl\/sp\/wp-json\/wp\/v2\/posts\/3295\/revisions\/3297"}],"wp:featuredmedia":[{"embeddable":true,"href":"https:\/\/spolecznajedynka.pl\/sp\/wp-json\/wp\/v2\/media\/3296"}],"wp:attachment":[{"href":"https:\/\/spolecznajedynka.pl\/sp\/wp-json\/wp\/v2\/media?parent=3295"}],"wp:term":[{"taxonomy":"category","embeddable":true,"href":"https:\/\/spolecznajedynka.pl\/sp\/wp-json\/wp\/v2\/categories?post=3295"},{"taxonomy":"post_tag","embeddable":true,"href":"https:\/\/spolecznajedynka.pl\/sp\/wp-json\/wp\/v2\/tags?post=3295"}],"curies":[{"name":"wp","href":"https:\/\/api.w.org\/{rel}","templated":true}]}}