{"id":3285,"date":"2025-02-28T23:16:22","date_gmt":"2025-02-28T22:16:22","guid":{"rendered":"https:\/\/spolecznajedynka.pl\/sp\/?p=3285"},"modified":"2025-02-28T23:16:22","modified_gmt":"2025-02-28T22:16:22","slug":"zebranie-walne-relacja","status":"publish","type":"post","link":"https:\/\/spolecznajedynka.pl\/sp\/komunikaty\/zebranie-walne-relacja\/","title":{"rendered":"Zebranie Walne [RELACJA]"},"content":{"rendered":"<div class=\"\" data-block=\"true\" data-editor=\"5sd5h\" data-offset-key=\"2fbsu-0-0\"><\/div>\n<div class=\"\" data-block=\"true\" data-editor=\"5sd5h\" data-offset-key=\"5guca-0-0\">\n<div class=\"_1mf _1mj\" data-offset-key=\"5guca-0-0\"><strong>We wtorek 25 lutego mia\u0142o miejsce Zwyczajne Walne Zebranie Cz\u0142onk\u00f3w SKT nr 15 STO.<\/strong><\/div>\n<\/div>\n<div class=\"\" data-block=\"true\" data-editor=\"5sd5h\" data-offset-key=\"4qko7-0-0\">\n<div class=\"_1mf _1mj\" data-offset-key=\"4qko7-0-0\"><strong>Cz\u0142onkowie Stowarzyszenia prowadz\u0105cego szko\u0142\u0119 &#8211; rodzice i nauczyciele &#8211; udzielili absolutorium zarz\u0105dowi kadencji 2022-2025 oraz ustalili najwa\u017cniejsze kierunki rozwoju Ko\u0142a i Szko\u0142y.\u00a0<\/strong><\/div>\n<\/div>\n<div data-offset-key=\"4qko7-0-0\"><\/div>\n<div data-offset-key=\"4qko7-0-0\">\n<hr \/>\n<\/div>\n<div class=\"\" data-block=\"true\" data-editor=\"5sd5h\" data-offset-key=\"dh540-0-0\">\n<div class=\"_1mf _1mj\" data-offset-key=\"dh540-0-0\"><span data-offset-key=\"dh540-0-0\">\u00a0<\/span><\/div>\n<\/div>\n<div class=\"\" data-block=\"true\" data-editor=\"5sd5h\" data-offset-key=\"ad829-0-0\">\n<div class=\"_1mf _1mj\" data-offset-key=\"ad829-0-0\"><span data-offset-key=\"ad829-0-0\">Wa\u017cnym elementem zebrania by\u0142y wybory Zarz\u0105du Samodzielnego Ko\u0142a Terenowego nr 15 na kadencj\u0119 2025-2028!\u00a0<\/span><\/div>\n<\/div>\n<div class=\"\" data-block=\"true\" data-editor=\"5sd5h\" data-offset-key=\"bp4t3-0-0\">\n<div class=\"_1mf _1mj\" data-offset-key=\"bp4t3-0-0\"><span data-offset-key=\"bp4t3-0-0\">\u00a0<\/span><\/div>\n<\/div>\n<div class=\"\" data-block=\"true\" data-editor=\"5sd5h\" data-offset-key=\"1rbqs-0-0\">\n<div class=\"_1mf _1mj\" data-offset-key=\"1rbqs-0-0\"><span data-offset-key=\"1rbqs-0-0\">W ich wyniku:<\/span><\/div>\n<\/div>\n<div class=\"\" data-block=\"true\" data-editor=\"5sd5h\" data-offset-key=\"71la5-0-0\">\n<div class=\"_1mf _1mj\" data-offset-key=\"71la5-0-0\"><span data-offset-key=\"71la5-0-0\">\u00a0<\/span><\/div>\n<\/div>\n<div class=\"\" data-block=\"true\" data-editor=\"5sd5h\" data-offset-key=\"34dk8-0-0\">\n<div class=\"_1mf _1mj\" data-offset-key=\"34dk8-0-0\"><span data-offset-key=\"34dk8-0-0\">Prezesem SKT nr 15 STO ponownie zosta\u0142 wybrany pan Krzysztof Spelak.\u00a0<\/span><\/div>\n<\/div>\n<div class=\"\" data-block=\"true\" data-editor=\"5sd5h\" data-offset-key=\"6f9s2-0-0\">\n<div class=\"_1mf _1mj\" data-offset-key=\"6f9s2-0-0\"><span data-offset-key=\"6f9s2-0-0\">\u00a0<\/span><\/div>\n<\/div>\n<div class=\"\" data-block=\"true\" data-editor=\"5sd5h\" data-offset-key=\"4csrg-0-0\">\n<div class=\"_1mf _1mj\" data-offset-key=\"4csrg-0-0\"><span data-offset-key=\"4csrg-0-0\">W sk\u0142ad Zarz\u0105du Ko\u0142a w nowej kadencji wejd\u0105:<\/span><\/div>\n<\/div>\n<div class=\"\" data-block=\"true\" data-editor=\"5sd5h\" data-offset-key=\"5bvq-0-0\">\n<div class=\"_1mf _1mj\" data-offset-key=\"5bvq-0-0\"><span data-offset-key=\"5bvq-0-0\">&#8211; Witos\u0142aw Awedyk,<\/span><\/div>\n<\/div>\n<div class=\"\" data-block=\"true\" data-editor=\"5sd5h\" data-offset-key=\"civie-0-0\">\n<div class=\"_1mf _1mj\" data-offset-key=\"civie-0-0\"><span data-offset-key=\"civie-0-0\">&#8211; Lidia Homan,<\/span><\/div>\n<\/div>\n<div class=\"\" data-block=\"true\" data-editor=\"5sd5h\" data-offset-key=\"95tt7-0-0\">\n<div class=\"_1mf _1mj\" data-offset-key=\"95tt7-0-0\"><span data-offset-key=\"95tt7-0-0\">&#8211; Magdalena Oczachowska,<\/span><\/div>\n<\/div>\n<div class=\"\" data-block=\"true\" data-editor=\"5sd5h\" data-offset-key=\"ahco-0-0\">\n<div class=\"_1mf _1mj\" data-offset-key=\"ahco-0-0\"><span data-offset-key=\"ahco-0-0\">&#8211; Katarzyna Sokowicz,<\/span><\/div>\n<\/div>\n<div class=\"\" data-block=\"true\" data-editor=\"5sd5h\" data-offset-key=\"avqtq-0-0\">\n<div class=\"_1mf _1mj\" data-offset-key=\"avqtq-0-0\"><span data-offset-key=\"avqtq-0-0\">&#8211; Piotr Stobiecki,<\/span><\/div>\n<\/div>\n<div class=\"\" data-block=\"true\" data-editor=\"5sd5h\" data-offset-key=\"bgj1u-0-0\">\n<div class=\"_1mf _1mj\" data-offset-key=\"bgj1u-0-0\"><span data-offset-key=\"bgj1u-0-0\">&#8211; Konrad Syryca.<\/span><\/div>\n<\/div>\n<div class=\"\" data-block=\"true\" data-editor=\"5sd5h\" data-offset-key=\"bq677-0-0\">\n<div class=\"_1mf _1mj\" data-offset-key=\"bq677-0-0\"><span data-offset-key=\"bq677-0-0\">\u00a0<\/span><\/div>\n<\/div>\n<div class=\"\" data-block=\"true\" data-editor=\"5sd5h\" data-offset-key=\"an76e-0-0\">\n<div class=\"_1mf _1mj\" data-offset-key=\"an76e-0-0\"><span data-offset-key=\"an76e-0-0\">Do Komisji Rewizyjnej Ko\u0142a zostali wybrani:<\/span><\/div>\n<\/div>\n<div class=\"\" data-block=\"true\" data-editor=\"5sd5h\" data-offset-key=\"5gmc6-0-0\">\n<div class=\"_1mf _1mj\" data-offset-key=\"5gmc6-0-0\"><span data-offset-key=\"5gmc6-0-0\">&#8211; Tomasz Cholewa,\u00a0<\/span><\/div>\n<\/div>\n<div class=\"\" data-block=\"true\" data-editor=\"5sd5h\" data-offset-key=\"2ek1s-0-0\">\n<div class=\"_1mf _1mj\" data-offset-key=\"2ek1s-0-0\"><span data-offset-key=\"2ek1s-0-0\">&#8211; Filip Kolasi\u0144ski,<\/span><\/div>\n<\/div>\n<div class=\"\" data-block=\"true\" data-editor=\"5sd5h\" data-offset-key=\"6qb9r-0-0\">\n<div class=\"_1mf _1mj\" data-offset-key=\"6qb9r-0-0\"><span data-offset-key=\"6qb9r-0-0\">&#8211; Tomasz Krokowicz,<\/span><\/div>\n<\/div>\n<div class=\"\" data-block=\"true\" data-editor=\"5sd5h\" data-offset-key=\"cl96l-0-0\">\n<div class=\"_1mf _1mj\" data-offset-key=\"cl96l-0-0\"><span data-offset-key=\"cl96l-0-0\">&#8211; Wojciech Wile\u0144ski.<\/span><\/div>\n<\/div>\n<div class=\"\" data-block=\"true\" data-editor=\"5sd5h\" data-offset-key=\"6ceqa-0-0\">\n<div class=\"_1mf _1mj\" data-offset-key=\"6ceqa-0-0\"><span data-offset-key=\"6ceqa-0-0\">\u00a0<\/span><\/div>\n<\/div>\n<div class=\"\" data-block=\"true\" data-editor=\"5sd5h\" data-offset-key=\"ch4jf-0-0\">\n<div class=\"_1mf _1mj\" data-offset-key=\"ch4jf-0-0\"><span data-offset-key=\"ch4jf-0-0\">Wszystkim cz\u0142onkom nowowybranego Zarz\u0105du SKT nr 15 gratulujemy i \u017cyczymy niewyczerpanej wytrwa\u0142o\u015bci i pasji!\u00a0<\/span><\/div>\n<\/div>\n<div class=\"\" data-block=\"true\" data-editor=\"5sd5h\" data-offset-key=\"4bm3c-0-0\">\n<div class=\"_1mf _1mj\" data-offset-key=\"4bm3c-0-0\"><span data-offset-key=\"4bm3c-0-0\">\u00a0<\/span><\/div>\n<\/div>\n<div class=\"\" data-block=\"true\" data-editor=\"5sd5h\" data-offset-key=\"cfcvn-0-0\">\n<div class=\"_1mf _1mj\" data-offset-key=\"cfcvn-0-0\">\n\n\t\t<style type=\"text\/css\">\n\t\t\t#gallery-1 {\n\t\t\t\tmargin: auto;\n\t\t\t}\n\t\t\t#gallery-1 .gallery-item {\n\t\t\t\tfloat: left;\n\t\t\t\tmargin-top: 10px;\n\t\t\t\ttext-align: center;\n\t\t\t\twidth: 33%;\n\t\t\t}\n\t\t\t#gallery-1 img {\n\t\t\t\tborder: 2px solid #cfcfcf;\n\t\t\t}\n\t\t\t#gallery-1 .gallery-caption {\n\t\t\t\tmargin-left: 0;\n\t\t\t}\n\t\t\t\/* see gallery_shortcode() in wp-includes\/media.php *\/\n\t\t<\/style>\n\t\t<div id='gallery-1' class='gallery galleryid-3285 gallery-columns-3 gallery-size-thumbnail'><dl class='gallery-item'>\n\t\t\t<dt class='gallery-icon landscape'>\n\t\t\t\t<a href='https:\/\/spolecznajedynka.pl\/sp\/komunikaty\/zebranie-walne-relacja\/attachment\/481254176_1180433344087873_1739984612376912244_n\/'><img loading=\"lazy\" decoding=\"async\" width=\"150\" height=\"150\" src=\"https:\/\/spolecznajedynka.pl\/sp\/wp-content\/uploads\/sites\/3\/2025\/02\/481254176_1180433344087873_1739984612376912244_n-150x150.jpg\" class=\"attachment-thumbnail size-thumbnail\" alt=\"\" srcset=\"https:\/\/spolecznajedynka.pl\/sp\/wp-content\/uploads\/sites\/3\/2025\/02\/481254176_1180433344087873_1739984612376912244_n-150x150.jpg 150w, https:\/\/spolecznajedynka.pl\/sp\/wp-content\/uploads\/sites\/3\/2025\/02\/481254176_1180433344087873_1739984612376912244_n-300x300.jpg 300w, https:\/\/spolecznajedynka.pl\/sp\/wp-content\/uploads\/sites\/3\/2025\/02\/481254176_1180433344087873_1739984612376912244_n-1024x1024.jpg 1024w, https:\/\/spolecznajedynka.pl\/sp\/wp-content\/uploads\/sites\/3\/2025\/02\/481254176_1180433344087873_1739984612376912244_n-768x768.jpg 768w, https:\/\/spolecznajedynka.pl\/sp\/wp-content\/uploads\/sites\/3\/2025\/02\/481254176_1180433344087873_1739984612376912244_n.jpg 1200w\" sizes=\"auto, (max-width: 150px) 100vw, 150px\" \/><\/a>\n\t\t\t<\/dt><\/dl><dl class='gallery-item'>\n\t\t\t<dt class='gallery-icon landscape'>\n\t\t\t\t<a href='https:\/\/spolecznajedynka.pl\/sp\/komunikaty\/zebranie-walne-relacja\/attachment\/481153792_1180425970755277_7784835046174295484_n\/'><img loading=\"lazy\" decoding=\"async\" width=\"150\" height=\"150\" src=\"https:\/\/spolecznajedynka.pl\/sp\/wp-content\/uploads\/sites\/3\/2025\/02\/481153792_1180425970755277_7784835046174295484_n-150x150.jpg\" class=\"attachment-thumbnail size-thumbnail\" alt=\"\" srcset=\"https:\/\/spolecznajedynka.pl\/sp\/wp-content\/uploads\/sites\/3\/2025\/02\/481153792_1180425970755277_7784835046174295484_n-150x150.jpg 150w, https:\/\/spolecznajedynka.pl\/sp\/wp-content\/uploads\/sites\/3\/2025\/02\/481153792_1180425970755277_7784835046174295484_n-300x300.jpg 300w, https:\/\/spolecznajedynka.pl\/sp\/wp-content\/uploads\/sites\/3\/2025\/02\/481153792_1180425970755277_7784835046174295484_n-1024x1024.jpg 1024w, https:\/\/spolecznajedynka.pl\/sp\/wp-content\/uploads\/sites\/3\/2025\/02\/481153792_1180425970755277_7784835046174295484_n-768x768.jpg 768w, https:\/\/spolecznajedynka.pl\/sp\/wp-content\/uploads\/sites\/3\/2025\/02\/481153792_1180425970755277_7784835046174295484_n.jpg 1200w\" sizes=\"auto, (max-width: 150px) 100vw, 150px\" \/><\/a>\n\t\t\t<\/dt><\/dl><dl class='gallery-item'>\n\t\t\t<dt class='gallery-icon landscape'>\n\t\t\t\t<a href='https:\/\/spolecznajedynka.pl\/sp\/komunikaty\/zebranie-walne-relacja\/attachment\/480831540_1180433427421198_3088881022383480933_n\/'><img loading=\"lazy\" decoding=\"async\" width=\"150\" height=\"150\" src=\"https:\/\/spolecznajedynka.pl\/sp\/wp-content\/uploads\/sites\/3\/2025\/02\/480831540_1180433427421198_3088881022383480933_n-150x150.jpg\" class=\"attachment-thumbnail size-thumbnail\" alt=\"\" srcset=\"https:\/\/spolecznajedynka.pl\/sp\/wp-content\/uploads\/sites\/3\/2025\/02\/480831540_1180433427421198_3088881022383480933_n-150x150.jpg 150w, https:\/\/spolecznajedynka.pl\/sp\/wp-content\/uploads\/sites\/3\/2025\/02\/480831540_1180433427421198_3088881022383480933_n-300x300.jpg 300w, https:\/\/spolecznajedynka.pl\/sp\/wp-content\/uploads\/sites\/3\/2025\/02\/480831540_1180433427421198_3088881022383480933_n-1024x1024.jpg 1024w, https:\/\/spolecznajedynka.pl\/sp\/wp-content\/uploads\/sites\/3\/2025\/02\/480831540_1180433427421198_3088881022383480933_n-768x768.jpg 768w, https:\/\/spolecznajedynka.pl\/sp\/wp-content\/uploads\/sites\/3\/2025\/02\/480831540_1180433427421198_3088881022383480933_n.jpg 1200w\" sizes=\"auto, (max-width: 150px) 100vw, 150px\" \/><\/a>\n\t\t\t<\/dt><\/dl><br style=\"clear: both\" \/><dl class='gallery-item'>\n\t\t\t<dt class='gallery-icon landscape'>\n\t\t\t\t<a href='https:\/\/spolecznajedynka.pl\/sp\/komunikaty\/zebranie-walne-relacja\/attachment\/480734450_1180405910757283_8147927798888735182_n\/'><img loading=\"lazy\" decoding=\"async\" width=\"150\" height=\"150\" src=\"https:\/\/spolecznajedynka.pl\/sp\/wp-content\/uploads\/sites\/3\/2025\/02\/480734450_1180405910757283_8147927798888735182_n-150x150.jpg\" class=\"attachment-thumbnail size-thumbnail\" alt=\"\" srcset=\"https:\/\/spolecznajedynka.pl\/sp\/wp-content\/uploads\/sites\/3\/2025\/02\/480734450_1180405910757283_8147927798888735182_n-150x150.jpg 150w, https:\/\/spolecznajedynka.pl\/sp\/wp-content\/uploads\/sites\/3\/2025\/02\/480734450_1180405910757283_8147927798888735182_n-300x300.jpg 300w, https:\/\/spolecznajedynka.pl\/sp\/wp-content\/uploads\/sites\/3\/2025\/02\/480734450_1180405910757283_8147927798888735182_n-1024x1024.jpg 1024w, https:\/\/spolecznajedynka.pl\/sp\/wp-content\/uploads\/sites\/3\/2025\/02\/480734450_1180405910757283_8147927798888735182_n-768x768.jpg 768w, https:\/\/spolecznajedynka.pl\/sp\/wp-content\/uploads\/sites\/3\/2025\/02\/480734450_1180405910757283_8147927798888735182_n.jpg 1200w\" sizes=\"auto, (max-width: 150px) 100vw, 150px\" \/><\/a>\n\t\t\t<\/dt><\/dl><dl class='gallery-item'>\n\t\t\t<dt class='gallery-icon landscape'>\n\t\t\t\t<a href='https:\/\/spolecznajedynka.pl\/sp\/komunikaty\/zebranie-walne-relacja\/attachment\/480711453_1180433674087840_3568498137060077387_n\/'><img loading=\"lazy\" decoding=\"async\" width=\"150\" height=\"150\" src=\"https:\/\/spolecznajedynka.pl\/sp\/wp-content\/uploads\/sites\/3\/2025\/02\/480711453_1180433674087840_3568498137060077387_n-150x150.jpg\" class=\"attachment-thumbnail size-thumbnail\" alt=\"\" srcset=\"https:\/\/spolecznajedynka.pl\/sp\/wp-content\/uploads\/sites\/3\/2025\/02\/480711453_1180433674087840_3568498137060077387_n-150x150.jpg 150w, https:\/\/spolecznajedynka.pl\/sp\/wp-content\/uploads\/sites\/3\/2025\/02\/480711453_1180433674087840_3568498137060077387_n-300x300.jpg 300w, https:\/\/spolecznajedynka.pl\/sp\/wp-content\/uploads\/sites\/3\/2025\/02\/480711453_1180433674087840_3568498137060077387_n-1024x1024.jpg 1024w, https:\/\/spolecznajedynka.pl\/sp\/wp-content\/uploads\/sites\/3\/2025\/02\/480711453_1180433674087840_3568498137060077387_n-768x768.jpg 768w, https:\/\/spolecznajedynka.pl\/sp\/wp-content\/uploads\/sites\/3\/2025\/02\/480711453_1180433674087840_3568498137060077387_n.jpg 1200w\" sizes=\"auto, (max-width: 150px) 100vw, 150px\" \/><\/a>\n\t\t\t<\/dt><\/dl><dl class='gallery-item'>\n\t\t\t<dt class='gallery-icon landscape'>\n\t\t\t\t<a href='https:\/\/spolecznajedynka.pl\/sp\/komunikaty\/zebranie-walne-relacja\/attachment\/480702393_1180405690757305_2191710419131567934_n\/'><img loading=\"lazy\" decoding=\"async\" width=\"150\" height=\"150\" src=\"https:\/\/spolecznajedynka.pl\/sp\/wp-content\/uploads\/sites\/3\/2025\/02\/480702393_1180405690757305_2191710419131567934_n-150x150.jpg\" class=\"attachment-thumbnail size-thumbnail\" alt=\"\" srcset=\"https:\/\/spolecznajedynka.pl\/sp\/wp-content\/uploads\/sites\/3\/2025\/02\/480702393_1180405690757305_2191710419131567934_n-150x150.jpg 150w, https:\/\/spolecznajedynka.pl\/sp\/wp-content\/uploads\/sites\/3\/2025\/02\/480702393_1180405690757305_2191710419131567934_n-300x300.jpg 300w, https:\/\/spolecznajedynka.pl\/sp\/wp-content\/uploads\/sites\/3\/2025\/02\/480702393_1180405690757305_2191710419131567934_n-1024x1024.jpg 1024w, https:\/\/spolecznajedynka.pl\/sp\/wp-content\/uploads\/sites\/3\/2025\/02\/480702393_1180405690757305_2191710419131567934_n-768x768.jpg 768w, https:\/\/spolecznajedynka.pl\/sp\/wp-content\/uploads\/sites\/3\/2025\/02\/480702393_1180405690757305_2191710419131567934_n.jpg 1092w\" sizes=\"auto, (max-width: 150px) 100vw, 150px\" \/><\/a>\n\t\t\t<\/dt><\/dl><br style=\"clear: both\" \/><dl class='gallery-item'>\n\t\t\t<dt class='gallery-icon landscape'>\n\t\t\t\t<a href='https:\/\/spolecznajedynka.pl\/sp\/komunikaty\/zebranie-walne-relacja\/attachment\/480673769_1180406897423851_90801161185111382_n\/'><img loading=\"lazy\" decoding=\"async\" width=\"150\" height=\"150\" src=\"https:\/\/spolecznajedynka.pl\/sp\/wp-content\/uploads\/sites\/3\/2025\/02\/480673769_1180406897423851_90801161185111382_n-150x150.jpg\" class=\"attachment-thumbnail size-thumbnail\" alt=\"\" srcset=\"https:\/\/spolecznajedynka.pl\/sp\/wp-content\/uploads\/sites\/3\/2025\/02\/480673769_1180406897423851_90801161185111382_n-150x150.jpg 150w, https:\/\/spolecznajedynka.pl\/sp\/wp-content\/uploads\/sites\/3\/2025\/02\/480673769_1180406897423851_90801161185111382_n-300x300.jpg 300w, https:\/\/spolecznajedynka.pl\/sp\/wp-content\/uploads\/sites\/3\/2025\/02\/480673769_1180406897423851_90801161185111382_n-1024x1024.jpg 1024w, https:\/\/spolecznajedynka.pl\/sp\/wp-content\/uploads\/sites\/3\/2025\/02\/480673769_1180406897423851_90801161185111382_n-768x768.jpg 768w, https:\/\/spolecznajedynka.pl\/sp\/wp-content\/uploads\/sites\/3\/2025\/02\/480673769_1180406897423851_90801161185111382_n.jpg 1200w\" sizes=\"auto, (max-width: 150px) 100vw, 150px\" \/><\/a>\n\t\t\t<\/dt><\/dl><dl class='gallery-item'>\n\t\t\t<dt class='gallery-icon landscape'>\n\t\t\t\t<a href='https:\/\/spolecznajedynka.pl\/sp\/komunikaty\/zebranie-walne-relacja\/attachment\/480442811_1180403497424191_4322843628837012110_n\/'><img loading=\"lazy\" decoding=\"async\" width=\"150\" height=\"150\" src=\"https:\/\/spolecznajedynka.pl\/sp\/wp-content\/uploads\/sites\/3\/2025\/02\/480442811_1180403497424191_4322843628837012110_n-150x150.jpg\" class=\"attachment-thumbnail size-thumbnail\" alt=\"\" srcset=\"https:\/\/spolecznajedynka.pl\/sp\/wp-content\/uploads\/sites\/3\/2025\/02\/480442811_1180403497424191_4322843628837012110_n-150x150.jpg 150w, https:\/\/spolecznajedynka.pl\/sp\/wp-content\/uploads\/sites\/3\/2025\/02\/480442811_1180403497424191_4322843628837012110_n-300x300.jpg 300w, https:\/\/spolecznajedynka.pl\/sp\/wp-content\/uploads\/sites\/3\/2025\/02\/480442811_1180403497424191_4322843628837012110_n-1024x1024.jpg 1024w, https:\/\/spolecznajedynka.pl\/sp\/wp-content\/uploads\/sites\/3\/2025\/02\/480442811_1180403497424191_4322843628837012110_n-768x768.jpg 768w, https:\/\/spolecznajedynka.pl\/sp\/wp-content\/uploads\/sites\/3\/2025\/02\/480442811_1180403497424191_4322843628837012110_n.jpg 1200w\" sizes=\"auto, (max-width: 150px) 100vw, 150px\" \/><\/a>\n\t\t\t<\/dt><\/dl>\n\t\t\t<br style='clear: both' \/>\n\t\t<\/div>\n\n<\/div>\n<\/div>\n","protected":false},"excerpt":{"rendered":"<p>We wtorek 25 lutego mia\u0142o miejsce Zwyczajne Walne Zebranie Cz\u0142onk\u00f3w SKT nr 15 STO. Cz\u0142onkowie Stowarzyszenia prowadz\u0105cego szko\u0142\u0119 &#8211; rodzice&#8230;<\/p>\n","protected":false},"author":2,"featured_media":3289,"comment_status":"closed","ping_status":"closed","sticky":false,"template":"","format":"standard","meta":{"_acf_changed":false,"footnotes":""},"categories":[3],"tags":[],"class_list":["post-3285","post","type-post","status-publish","format-standard","has-post-thumbnail","hentry","category-komunikaty"],"acf":[],"yoast_head":"<!-- This site is optimized with the Yoast SEO plugin v27.5 - https:\/\/yoast.com\/product\/yoast-seo-wordpress\/ -->\n<title>Zebranie Walne [RELACJA] - Szko\u0142a Podstawowa<\/title>\n<meta name=\"robots\" content=\"index, follow, max-snippet:-1, max-image-preview:large, max-video-preview:-1\" \/>\n<link rel=\"canonical\" href=\"https:\/\/spolecznajedynka.pl\/sp\/komunikaty\/zebranie-walne-relacja\/\" \/>\n<meta property=\"og:locale\" content=\"pl_PL\" \/>\n<meta property=\"og:type\" content=\"article\" \/>\n<meta property=\"og:title\" content=\"Zebranie Walne [RELACJA] - Szko\u0142a Podstawowa\" \/>\n<meta property=\"og:description\" content=\"We wtorek 25 lutego mia\u0142o miejsce Zwyczajne Walne Zebranie Cz\u0142onk\u00f3w SKT nr 15 STO. Cz\u0142onkowie Stowarzyszenia prowadz\u0105cego szko\u0142\u0119 &#8211; rodzice...\" \/>\n<meta property=\"og:url\" content=\"https:\/\/spolecznajedynka.pl\/sp\/komunikaty\/zebranie-walne-relacja\/\" \/>\n<meta property=\"og:site_name\" content=\"Szko\u0142a Podstawowa\" \/>\n<meta property=\"article:publisher\" content=\"https:\/\/www.facebook.com\/spolecznajedynkapoznan\/\" \/>\n<meta property=\"article:published_time\" content=\"2025-02-28T22:16:22+00:00\" \/>\n<meta property=\"og:image\" content=\"https:\/\/spolecznajedynka.pl\/sp\/wp-content\/uploads\/sites\/3\/2025\/02\/480711453_1180433674087840_3568498137060077387_n.jpg\" \/>\n\t<meta property=\"og:image:width\" content=\"1200\" \/>\n\t<meta property=\"og:image:height\" content=\"1200\" \/>\n\t<meta property=\"og:image:type\" content=\"image\/jpeg\" \/>\n<meta name=\"author\" content=\"Admin Top\" \/>\n<meta name=\"twitter:card\" content=\"summary_large_image\" \/>\n<meta name=\"twitter:label1\" content=\"Napisane przez\" \/>\n\t<meta name=\"twitter:data1\" content=\"Admin Top\" \/>\n\t<meta name=\"twitter:label2\" content=\"Szacowany czas czytania\" \/>\n\t<meta name=\"twitter:data2\" content=\"1 minuta\" \/>\n<script type=\"application\/ld+json\" class=\"yoast-schema-graph\">{\"@context\":\"https:\\\/\\\/schema.org\",\"@graph\":[{\"@type\":\"Article\",\"@id\":\"https:\\\/\\\/spolecznajedynka.pl\\\/sp\\\/komunikaty\\\/zebranie-walne-relacja\\\/#article\",\"isPartOf\":{\"@id\":\"https:\\\/\\\/spolecznajedynka.pl\\\/sp\\\/komunikaty\\\/zebranie-walne-relacja\\\/\"},\"author\":{\"name\":\"Admin Top\",\"@id\":\"https:\\\/\\\/spolecznajedynka.pl\\\/sp\\\/#\\\/schema\\\/person\\\/2516201558d359d325ddfae4255a4356\"},\"headline\":\"Zebranie Walne [RELACJA]\",\"datePublished\":\"2025-02-28T22:16:22+00:00\",\"mainEntityOfPage\":{\"@id\":\"https:\\\/\\\/spolecznajedynka.pl\\\/sp\\\/komunikaty\\\/zebranie-walne-relacja\\\/\"},\"wordCount\":146,\"publisher\":{\"@id\":\"https:\\\/\\\/spolecznajedynka.pl\\\/sp\\\/#organization\"},\"image\":{\"@id\":\"https:\\\/\\\/spolecznajedynka.pl\\\/sp\\\/komunikaty\\\/zebranie-walne-relacja\\\/#primaryimage\"},\"thumbnailUrl\":\"https:\\\/\\\/spolecznajedynka.pl\\\/sp\\\/wp-content\\\/uploads\\\/sites\\\/3\\\/2025\\\/02\\\/480711453_1180433674087840_3568498137060077387_n.jpg\",\"articleSection\":[\"Komunikaty\"],\"inLanguage\":\"pl-PL\"},{\"@type\":\"WebPage\",\"@id\":\"https:\\\/\\\/spolecznajedynka.pl\\\/sp\\\/komunikaty\\\/zebranie-walne-relacja\\\/\",\"url\":\"https:\\\/\\\/spolecznajedynka.pl\\\/sp\\\/komunikaty\\\/zebranie-walne-relacja\\\/\",\"name\":\"Zebranie Walne [RELACJA] - Szko\u0142a Podstawowa\",\"isPartOf\":{\"@id\":\"https:\\\/\\\/spolecznajedynka.pl\\\/sp\\\/#website\"},\"primaryImageOfPage\":{\"@id\":\"https:\\\/\\\/spolecznajedynka.pl\\\/sp\\\/komunikaty\\\/zebranie-walne-relacja\\\/#primaryimage\"},\"image\":{\"@id\":\"https:\\\/\\\/spolecznajedynka.pl\\\/sp\\\/komunikaty\\\/zebranie-walne-relacja\\\/#primaryimage\"},\"thumbnailUrl\":\"https:\\\/\\\/spolecznajedynka.pl\\\/sp\\\/wp-content\\\/uploads\\\/sites\\\/3\\\/2025\\\/02\\\/480711453_1180433674087840_3568498137060077387_n.jpg\",\"datePublished\":\"2025-02-28T22:16:22+00:00\",\"breadcrumb\":{\"@id\":\"https:\\\/\\\/spolecznajedynka.pl\\\/sp\\\/komunikaty\\\/zebranie-walne-relacja\\\/#breadcrumb\"},\"inLanguage\":\"pl-PL\",\"potentialAction\":[{\"@type\":\"ReadAction\",\"target\":[\"https:\\\/\\\/spolecznajedynka.pl\\\/sp\\\/komunikaty\\\/zebranie-walne-relacja\\\/\"]}]},{\"@type\":\"ImageObject\",\"inLanguage\":\"pl-PL\",\"@id\":\"https:\\\/\\\/spolecznajedynka.pl\\\/sp\\\/komunikaty\\\/zebranie-walne-relacja\\\/#primaryimage\",\"url\":\"https:\\\/\\\/spolecznajedynka.pl\\\/sp\\\/wp-content\\\/uploads\\\/sites\\\/3\\\/2025\\\/02\\\/480711453_1180433674087840_3568498137060077387_n.jpg\",\"contentUrl\":\"https:\\\/\\\/spolecznajedynka.pl\\\/sp\\\/wp-content\\\/uploads\\\/sites\\\/3\\\/2025\\\/02\\\/480711453_1180433674087840_3568498137060077387_n.jpg\",\"width\":1200,\"height\":1200},{\"@type\":\"BreadcrumbList\",\"@id\":\"https:\\\/\\\/spolecznajedynka.pl\\\/sp\\\/komunikaty\\\/zebranie-walne-relacja\\\/#breadcrumb\",\"itemListElement\":[{\"@type\":\"ListItem\",\"position\":1,\"name\":\"Strona g\u0142\u00f3wna\",\"item\":\"https:\\\/\\\/spolecznajedynka.pl\\\/sp\\\/\"},{\"@type\":\"ListItem\",\"position\":2,\"name\":\"Komunikaty\",\"item\":\"https:\\\/\\\/spolecznajedynka.pl\\\/sp\\\/k\\\/komunikaty\\\/\"},{\"@type\":\"ListItem\",\"position\":3,\"name\":\"Zebranie Walne [RELACJA]\"}]},{\"@type\":\"WebSite\",\"@id\":\"https:\\\/\\\/spolecznajedynka.pl\\\/sp\\\/#website\",\"url\":\"https:\\\/\\\/spolecznajedynka.pl\\\/sp\\\/\",\"name\":\"Szko\u0142a Podstawowa Spo\u0142eczna Jedynka Pozna\u0144\",\"description\":\"\",\"publisher\":{\"@id\":\"https:\\\/\\\/spolecznajedynka.pl\\\/sp\\\/#organization\"},\"potentialAction\":[{\"@type\":\"SearchAction\",\"target\":{\"@type\":\"EntryPoint\",\"urlTemplate\":\"https:\\\/\\\/spolecznajedynka.pl\\\/sp\\\/?s={search_term_string}\"},\"query-input\":{\"@type\":\"PropertyValueSpecification\",\"valueRequired\":true,\"valueName\":\"search_term_string\"}}],\"inLanguage\":\"pl-PL\"},{\"@type\":\"Organization\",\"@id\":\"https:\\\/\\\/spolecznajedynka.pl\\\/sp\\\/#organization\",\"name\":\"Szko\u0142a Podstawowa Spo\u0142eczna Jedynka Pozna\u0144\",\"url\":\"https:\\\/\\\/spolecznajedynka.pl\\\/sp\\\/\",\"logo\":{\"@type\":\"ImageObject\",\"inLanguage\":\"pl-PL\",\"@id\":\"https:\\\/\\\/spolecznajedynka.pl\\\/sp\\\/#\\\/schema\\\/logo\\\/image\\\/\",\"url\":\"https:\\\/\\\/spolecznajedynka.pl\\\/sp\\\/wp-content\\\/uploads\\\/sites\\\/3\\\/2023\\\/10\\\/logo.png\",\"contentUrl\":\"https:\\\/\\\/spolecznajedynka.pl\\\/sp\\\/wp-content\\\/uploads\\\/sites\\\/3\\\/2023\\\/10\\\/logo.png\",\"width\":75,\"height\":124,\"caption\":\"Szko\u0142a Podstawowa Spo\u0142eczna Jedynka Pozna\u0144\"},\"image\":{\"@id\":\"https:\\\/\\\/spolecznajedynka.pl\\\/sp\\\/#\\\/schema\\\/logo\\\/image\\\/\"},\"sameAs\":[\"https:\\\/\\\/www.facebook.com\\\/spolecznajedynkapoznan\\\/\",\"https:\\\/\\\/www.instagram.com\\\/spolecznajedynka\\\/\"]},{\"@type\":\"Person\",\"@id\":\"https:\\\/\\\/spolecznajedynka.pl\\\/sp\\\/#\\\/schema\\\/person\\\/2516201558d359d325ddfae4255a4356\",\"name\":\"Admin Top\",\"image\":{\"@type\":\"ImageObject\",\"inLanguage\":\"pl-PL\",\"@id\":\"https:\\\/\\\/secure.gravatar.com\\\/avatar\\\/4faaedc4afabcd882aed6427c06dd9449a4ac635efb8f231a3e4f729e70f1cad?s=96&d=mm&r=g\",\"url\":\"https:\\\/\\\/secure.gravatar.com\\\/avatar\\\/4faaedc4afabcd882aed6427c06dd9449a4ac635efb8f231a3e4f729e70f1cad?s=96&d=mm&r=g\",\"contentUrl\":\"https:\\\/\\\/secure.gravatar.com\\\/avatar\\\/4faaedc4afabcd882aed6427c06dd9449a4ac635efb8f231a3e4f729e70f1cad?s=96&d=mm&r=g\",\"caption\":\"Admin Top\"}}]}<\/script>\n<!-- \/ Yoast SEO plugin. -->","yoast_head_json":{"title":"Zebranie Walne [RELACJA] - Szko\u0142a Podstawowa","robots":{"index":"index","follow":"follow","max-snippet":"max-snippet:-1","max-image-preview":"max-image-preview:large","max-video-preview":"max-video-preview:-1"},"canonical":"https:\/\/spolecznajedynka.pl\/sp\/komunikaty\/zebranie-walne-relacja\/","og_locale":"pl_PL","og_type":"article","og_title":"Zebranie Walne [RELACJA] - Szko\u0142a Podstawowa","og_description":"We wtorek 25 lutego mia\u0142o miejsce Zwyczajne Walne Zebranie Cz\u0142onk\u00f3w SKT nr 15 STO. Cz\u0142onkowie Stowarzyszenia prowadz\u0105cego szko\u0142\u0119 &#8211; rodzice...","og_url":"https:\/\/spolecznajedynka.pl\/sp\/komunikaty\/zebranie-walne-relacja\/","og_site_name":"Szko\u0142a Podstawowa","article_publisher":"https:\/\/www.facebook.com\/spolecznajedynkapoznan\/","article_published_time":"2025-02-28T22:16:22+00:00","og_image":[{"width":1200,"height":1200,"url":"https:\/\/spolecznajedynka.pl\/sp\/wp-content\/uploads\/sites\/3\/2025\/02\/480711453_1180433674087840_3568498137060077387_n.jpg","type":"image\/jpeg"}],"author":"Admin Top","twitter_card":"summary_large_image","twitter_misc":{"Napisane przez":"Admin Top","Szacowany czas czytania":"1 minuta"},"schema":{"@context":"https:\/\/schema.org","@graph":[{"@type":"Article","@id":"https:\/\/spolecznajedynka.pl\/sp\/komunikaty\/zebranie-walne-relacja\/#article","isPartOf":{"@id":"https:\/\/spolecznajedynka.pl\/sp\/komunikaty\/zebranie-walne-relacja\/"},"author":{"name":"Admin Top","@id":"https:\/\/spolecznajedynka.pl\/sp\/#\/schema\/person\/2516201558d359d325ddfae4255a4356"},"headline":"Zebranie Walne [RELACJA]","datePublished":"2025-02-28T22:16:22+00:00","mainEntityOfPage":{"@id":"https:\/\/spolecznajedynka.pl\/sp\/komunikaty\/zebranie-walne-relacja\/"},"wordCount":146,"publisher":{"@id":"https:\/\/spolecznajedynka.pl\/sp\/#organization"},"image":{"@id":"https:\/\/spolecznajedynka.pl\/sp\/komunikaty\/zebranie-walne-relacja\/#primaryimage"},"thumbnailUrl":"https:\/\/spolecznajedynka.pl\/sp\/wp-content\/uploads\/sites\/3\/2025\/02\/480711453_1180433674087840_3568498137060077387_n.jpg","articleSection":["Komunikaty"],"inLanguage":"pl-PL"},{"@type":"WebPage","@id":"https:\/\/spolecznajedynka.pl\/sp\/komunikaty\/zebranie-walne-relacja\/","url":"https:\/\/spolecznajedynka.pl\/sp\/komunikaty\/zebranie-walne-relacja\/","name":"Zebranie Walne [RELACJA] - Szko\u0142a Podstawowa","isPartOf":{"@id":"https:\/\/spolecznajedynka.pl\/sp\/#website"},"primaryImageOfPage":{"@id":"https:\/\/spolecznajedynka.pl\/sp\/komunikaty\/zebranie-walne-relacja\/#primaryimage"},"image":{"@id":"https:\/\/spolecznajedynka.pl\/sp\/komunikaty\/zebranie-walne-relacja\/#primaryimage"},"thumbnailUrl":"https:\/\/spolecznajedynka.pl\/sp\/wp-content\/uploads\/sites\/3\/2025\/02\/480711453_1180433674087840_3568498137060077387_n.jpg","datePublished":"2025-02-28T22:16:22+00:00","breadcrumb":{"@id":"https:\/\/spolecznajedynka.pl\/sp\/komunikaty\/zebranie-walne-relacja\/#breadcrumb"},"inLanguage":"pl-PL","potentialAction":[{"@type":"ReadAction","target":["https:\/\/spolecznajedynka.pl\/sp\/komunikaty\/zebranie-walne-relacja\/"]}]},{"@type":"ImageObject","inLanguage":"pl-PL","@id":"https:\/\/spolecznajedynka.pl\/sp\/komunikaty\/zebranie-walne-relacja\/#primaryimage","url":"https:\/\/spolecznajedynka.pl\/sp\/wp-content\/uploads\/sites\/3\/2025\/02\/480711453_1180433674087840_3568498137060077387_n.jpg","contentUrl":"https:\/\/spolecznajedynka.pl\/sp\/wp-content\/uploads\/sites\/3\/2025\/02\/480711453_1180433674087840_3568498137060077387_n.jpg","width":1200,"height":1200},{"@type":"BreadcrumbList","@id":"https:\/\/spolecznajedynka.pl\/sp\/komunikaty\/zebranie-walne-relacja\/#breadcrumb","itemListElement":[{"@type":"ListItem","position":1,"name":"Strona g\u0142\u00f3wna","item":"https:\/\/spolecznajedynka.pl\/sp\/"},{"@type":"ListItem","position":2,"name":"Komunikaty","item":"https:\/\/spolecznajedynka.pl\/sp\/k\/komunikaty\/"},{"@type":"ListItem","position":3,"name":"Zebranie Walne [RELACJA]"}]},{"@type":"WebSite","@id":"https:\/\/spolecznajedynka.pl\/sp\/#website","url":"https:\/\/spolecznajedynka.pl\/sp\/","name":"Szko\u0142a Podstawowa Spo\u0142eczna Jedynka Pozna\u0144","description":"","publisher":{"@id":"https:\/\/spolecznajedynka.pl\/sp\/#organization"},"potentialAction":[{"@type":"SearchAction","target":{"@type":"EntryPoint","urlTemplate":"https:\/\/spolecznajedynka.pl\/sp\/?s={search_term_string}"},"query-input":{"@type":"PropertyValueSpecification","valueRequired":true,"valueName":"search_term_string"}}],"inLanguage":"pl-PL"},{"@type":"Organization","@id":"https:\/\/spolecznajedynka.pl\/sp\/#organization","name":"Szko\u0142a Podstawowa Spo\u0142eczna Jedynka Pozna\u0144","url":"https:\/\/spolecznajedynka.pl\/sp\/","logo":{"@type":"ImageObject","inLanguage":"pl-PL","@id":"https:\/\/spolecznajedynka.pl\/sp\/#\/schema\/logo\/image\/","url":"https:\/\/spolecznajedynka.pl\/sp\/wp-content\/uploads\/sites\/3\/2023\/10\/logo.png","contentUrl":"https:\/\/spolecznajedynka.pl\/sp\/wp-content\/uploads\/sites\/3\/2023\/10\/logo.png","width":75,"height":124,"caption":"Szko\u0142a Podstawowa Spo\u0142eczna Jedynka Pozna\u0144"},"image":{"@id":"https:\/\/spolecznajedynka.pl\/sp\/#\/schema\/logo\/image\/"},"sameAs":["https:\/\/www.facebook.com\/spolecznajedynkapoznan\/","https:\/\/www.instagram.com\/spolecznajedynka\/"]},{"@type":"Person","@id":"https:\/\/spolecznajedynka.pl\/sp\/#\/schema\/person\/2516201558d359d325ddfae4255a4356","name":"Admin Top","image":{"@type":"ImageObject","inLanguage":"pl-PL","@id":"https:\/\/secure.gravatar.com\/avatar\/4faaedc4afabcd882aed6427c06dd9449a4ac635efb8f231a3e4f729e70f1cad?s=96&d=mm&r=g","url":"https:\/\/secure.gravatar.com\/avatar\/4faaedc4afabcd882aed6427c06dd9449a4ac635efb8f231a3e4f729e70f1cad?s=96&d=mm&r=g","contentUrl":"https:\/\/secure.gravatar.com\/avatar\/4faaedc4afabcd882aed6427c06dd9449a4ac635efb8f231a3e4f729e70f1cad?s=96&d=mm&r=g","caption":"Admin Top"}}]}},"_links":{"self":[{"href":"https:\/\/spolecznajedynka.pl\/sp\/wp-json\/wp\/v2\/posts\/3285","targetHints":{"allow":["GET"]}}],"collection":[{"href":"https:\/\/spolecznajedynka.pl\/sp\/wp-json\/wp\/v2\/posts"}],"about":[{"href":"https:\/\/spolecznajedynka.pl\/sp\/wp-json\/wp\/v2\/types\/post"}],"author":[{"embeddable":true,"href":"https:\/\/spolecznajedynka.pl\/sp\/wp-json\/wp\/v2\/users\/2"}],"replies":[{"embeddable":true,"href":"https:\/\/spolecznajedynka.pl\/sp\/wp-json\/wp\/v2\/comments?post=3285"}],"version-history":[{"count":1,"href":"https:\/\/spolecznajedynka.pl\/sp\/wp-json\/wp\/v2\/posts\/3285\/revisions"}],"predecessor-version":[{"id":3294,"href":"https:\/\/spolecznajedynka.pl\/sp\/wp-json\/wp\/v2\/posts\/3285\/revisions\/3294"}],"wp:featuredmedia":[{"embeddable":true,"href":"https:\/\/spolecznajedynka.pl\/sp\/wp-json\/wp\/v2\/media\/3289"}],"wp:attachment":[{"href":"https:\/\/spolecznajedynka.pl\/sp\/wp-json\/wp\/v2\/media?parent=3285"}],"wp:term":[{"taxonomy":"category","embeddable":true,"href":"https:\/\/spolecznajedynka.pl\/sp\/wp-json\/wp\/v2\/categories?post=3285"},{"taxonomy":"post_tag","embeddable":true,"href":"https:\/\/spolecznajedynka.pl\/sp\/wp-json\/wp\/v2\/tags?post=3285"}],"curies":[{"name":"wp","href":"https:\/\/api.w.org\/{rel}","templated":true}]}}