{"id":2557,"date":"2024-09-16T23:22:41","date_gmt":"2024-09-16T21:22:41","guid":{"rendered":"https:\/\/spolecznajedynka.pl\/sp\/?p=2557"},"modified":"2024-10-23T18:07:43","modified_gmt":"2024-10-23T16:07:43","slug":"pomoc-dla-poszkodowanych-w-powodzi","status":"publish","type":"post","link":"https:\/\/spolecznajedynka.pl\/sp\/komunikaty\/pomoc-dla-poszkodowanych-w-powodzi\/","title":{"rendered":"Pomoc dla poszkodowanych w powodzi"},"content":{"rendered":"<div class=\"xdj266r x11i5rnm xat24cr x1mh8g0r x1vvkbs x126k92a\">\n<div dir=\"auto\"><strong>We wsp\u00f3\u0142pracy z <span class=\"html-span xdj266r x11i5rnm xat24cr x1mh8g0r xexx8yu x4uap5 x18d9i69 xkhd6sd x1hl2dhg x16tdsg8 x1vvkbs\"><a class=\"x1i10hfl xjbqb8w x1ejq31n xd10rxx x1sy0etr x17r0tee x972fbf xcfux6l x1qhh985 xm0m39n x9f619 x1ypdohk xt0psk2 xe8uvvx xdj266r x11i5rnm xat24cr x1mh8g0r xexx8yu x4uap5 x18d9i69 xkhd6sd x16tdsg8 x1hl2dhg xggy1nq x1a2a7pz x1sur9pj xkrqix3 x1fey0fg xo1l8bm\" tabindex=\"0\" role=\"link\" href=\"https:\/\/www.facebook.com\/fundacja.redemptorismissio?__cft__[0]=AZXRvgZD4uxW1F2SwIw88ZLDKQZ-c6pVMzmZkCLzBEEaeyWdTXGkfueOJEZUHpus7RstH8m1xPwRlmcIVoH8WwReoxgRLOKel-mKB4qTrofo1hLVRKB77sU_TRThysSkSyduC7VMmvIhIsqV-G2yMKa2-X4xQMLJcwipNkhgVeiqRzFT-hAyzO2_DVoEdIHlWVQfqeV6H8Wevnd5SH3ytcSSpCDpj_B14l89Yp4DLPzmeA&amp;__tn__=-]K-R\" target=\"_blank\" rel=\"noopener\"><span class=\"xt0psk2\">Fundacja Redemptoris Missio<\/span><\/a><\/span> do\u0142\u0105czamy do akcji pomocy poszkodowanym w trakcie trwaj\u0105cej powodzi.<\/strong><\/div>\n<\/div>\n<div dir=\"auto\"><\/div>\n<div dir=\"auto\">EDIT 20.09.2024<br \/>\nAktualnie zbieramy:<br \/>\n&#8211; chemi\u0119,<br \/>\n&#8211; agregaty pr\u0105dotw\u00f3rcze,<br \/>\n&#8211; \u0142opaty,<br \/>\n&#8211; przed\u0142u\u017cacze.<\/div>\n<div dir=\"auto\"><\/div>\n<div class=\"x11i5rnm xat24cr x1mh8g0r x1vvkbs xtlvy1s x126k92a\">\n<div dir=\"auto\">Od dzisiaj rozpoczynamy zbi\u00f3rk\u0119:<\/div>\n<ul>\n<li dir=\"auto\"><span class=\"html-span xexx8yu x4uap5 x18d9i69 xkhd6sd x1hl2dhg x16tdsg8 x1vvkbs x3nfvp2 x1j61x8r x1fcty0u xdj266r xat24cr xgzva0m xhhsvwb xxymvpz xlup9mm x1kky2od\">\u00a0<\/span>wody,<\/li>\n<li dir=\"auto\">suchego prowiantu,<\/li>\n<li dir=\"auto\">pieluch i s\u0142oiczk\u00f3w z \u017cywno\u015bci\u0105 dla dzieci,<\/li>\n<li dir=\"auto\">\u015brodk\u00f3w higieny osobistej,<\/li>\n<li dir=\"auto\">nowej bielizny,<\/li>\n<li dir=\"auto\">\u015brodk\u00f3w czysto\u015bci,<\/li>\n<li dir=\"auto\">kaloszy,<\/li>\n<li dir=\"auto\">\u0142opat,<\/li>\n<li dir=\"auto\">wiader.<\/li>\n<\/ul>\n<\/div>\n<div class=\"x11i5rnm xat24cr x1mh8g0r x1vvkbs xtlvy1s x126k92a\">\n<div dir=\"auto\">Zebrane w szkole dary b\u0119dziemy na bie\u017c\u0105co dowozili do siedziby fundacji &#8211; stamt\u0105d b\u0119d\u0105 one przekazywane tym, kt\u00f3rzy w tych dniach najbardziej potrzebuj\u0105 wsparcia.<\/div>\n<div dir=\"auto\"><\/div>\n<\/div>\n<div class=\"x11i5rnm xat24cr x1mh8g0r x1vvkbs xtlvy1s x126k92a\">\n<div dir=\"auto\">Nie okre\u015blamy ko\u0144ca akcji &#8211; b\u0119dziemy pomaga\u0107 tak d\u0142ugo, jak b\u0119dzie tego wymaga\u0142a sytuacja.<\/div>\n<\/div>\n","protected":false},"excerpt":{"rendered":"<p>We wsp\u00f3\u0142pracy z Fundacja Redemptoris Missio do\u0142\u0105czamy do akcji pomocy poszkodowanym w trakcie trwaj\u0105cej powodzi. EDIT 20.09.2024 Aktualnie zbieramy: &#8211;&#8230;<\/p>\n","protected":false},"author":2,"featured_media":2656,"comment_status":"closed","ping_status":"closed","sticky":false,"template":"","format":"standard","meta":{"_acf_changed":false,"footnotes":""},"categories":[3],"tags":[],"class_list":["post-2557","post","type-post","status-publish","format-standard","has-post-thumbnail","hentry","category-komunikaty"],"acf":[],"yoast_head":"<!-- This site is optimized with the Yoast SEO plugin v27.5 - https:\/\/yoast.com\/product\/yoast-seo-wordpress\/ -->\n<title>Pomoc dla poszkodowanych w powodzi - Szko\u0142a Podstawowa<\/title>\n<meta name=\"robots\" content=\"index, follow, max-snippet:-1, max-image-preview:large, max-video-preview:-1\" \/>\n<link rel=\"canonical\" href=\"https:\/\/spolecznajedynka.pl\/sp\/komunikaty\/pomoc-dla-poszkodowanych-w-powodzi\/\" \/>\n<meta property=\"og:locale\" content=\"pl_PL\" \/>\n<meta property=\"og:type\" content=\"article\" \/>\n<meta property=\"og:title\" content=\"Pomoc dla poszkodowanych w powodzi - Szko\u0142a Podstawowa\" \/>\n<meta property=\"og:description\" content=\"We wsp\u00f3\u0142pracy z Fundacja Redemptoris Missio do\u0142\u0105czamy do akcji pomocy poszkodowanym w trakcie trwaj\u0105cej powodzi. EDIT 20.09.2024 Aktualnie zbieramy: &#8211;...\" \/>\n<meta property=\"og:url\" content=\"https:\/\/spolecznajedynka.pl\/sp\/komunikaty\/pomoc-dla-poszkodowanych-w-powodzi\/\" \/>\n<meta property=\"og:site_name\" content=\"Szko\u0142a Podstawowa\" \/>\n<meta property=\"article:publisher\" content=\"https:\/\/www.facebook.com\/spolecznajedynkapoznan\/\" \/>\n<meta property=\"article:published_time\" content=\"2024-09-16T21:22:41+00:00\" \/>\n<meta property=\"article:modified_time\" content=\"2024-10-23T16:07:43+00:00\" \/>\n<meta property=\"og:image\" content=\"https:\/\/spolecznajedynka.pl\/sp\/wp-content\/uploads\/sites\/3\/2024\/09\/tim-marshall-cAtzHUz7Z8g-unsplash-1-scaled.jpg\" \/>\n\t<meta property=\"og:image:width\" content=\"2560\" \/>\n\t<meta property=\"og:image:height\" content=\"1706\" \/>\n\t<meta property=\"og:image:type\" content=\"image\/jpeg\" \/>\n<meta name=\"author\" content=\"Admin Top\" \/>\n<meta name=\"twitter:card\" content=\"summary_large_image\" \/>\n<meta name=\"twitter:label1\" content=\"Napisane przez\" \/>\n\t<meta name=\"twitter:data1\" content=\"Admin Top\" \/>\n\t<meta name=\"twitter:label2\" content=\"Szacowany czas czytania\" \/>\n\t<meta name=\"twitter:data2\" content=\"1 minuta\" \/>\n<script type=\"application\/ld+json\" class=\"yoast-schema-graph\">{\"@context\":\"https:\\\/\\\/schema.org\",\"@graph\":[{\"@type\":\"Article\",\"@id\":\"https:\\\/\\\/spolecznajedynka.pl\\\/sp\\\/komunikaty\\\/pomoc-dla-poszkodowanych-w-powodzi\\\/#article\",\"isPartOf\":{\"@id\":\"https:\\\/\\\/spolecznajedynka.pl\\\/sp\\\/komunikaty\\\/pomoc-dla-poszkodowanych-w-powodzi\\\/\"},\"author\":{\"name\":\"Admin Top\",\"@id\":\"https:\\\/\\\/spolecznajedynka.pl\\\/sp\\\/#\\\/schema\\\/person\\\/2516201558d359d325ddfae4255a4356\"},\"headline\":\"Pomoc dla poszkodowanych w powodzi\",\"datePublished\":\"2024-09-16T21:22:41+00:00\",\"dateModified\":\"2024-10-23T16:07:43+00:00\",\"mainEntityOfPage\":{\"@id\":\"https:\\\/\\\/spolecznajedynka.pl\\\/sp\\\/komunikaty\\\/pomoc-dla-poszkodowanych-w-powodzi\\\/\"},\"wordCount\":119,\"publisher\":{\"@id\":\"https:\\\/\\\/spolecznajedynka.pl\\\/sp\\\/#organization\"},\"image\":{\"@id\":\"https:\\\/\\\/spolecznajedynka.pl\\\/sp\\\/komunikaty\\\/pomoc-dla-poszkodowanych-w-powodzi\\\/#primaryimage\"},\"thumbnailUrl\":\"https:\\\/\\\/spolecznajedynka.pl\\\/sp\\\/wp-content\\\/uploads\\\/sites\\\/3\\\/2024\\\/09\\\/tim-marshall-cAtzHUz7Z8g-unsplash-1-scaled.jpg\",\"articleSection\":[\"Komunikaty\"],\"inLanguage\":\"pl-PL\"},{\"@type\":\"WebPage\",\"@id\":\"https:\\\/\\\/spolecznajedynka.pl\\\/sp\\\/komunikaty\\\/pomoc-dla-poszkodowanych-w-powodzi\\\/\",\"url\":\"https:\\\/\\\/spolecznajedynka.pl\\\/sp\\\/komunikaty\\\/pomoc-dla-poszkodowanych-w-powodzi\\\/\",\"name\":\"Pomoc dla poszkodowanych w powodzi - Szko\u0142a Podstawowa\",\"isPartOf\":{\"@id\":\"https:\\\/\\\/spolecznajedynka.pl\\\/sp\\\/#website\"},\"primaryImageOfPage\":{\"@id\":\"https:\\\/\\\/spolecznajedynka.pl\\\/sp\\\/komunikaty\\\/pomoc-dla-poszkodowanych-w-powodzi\\\/#primaryimage\"},\"image\":{\"@id\":\"https:\\\/\\\/spolecznajedynka.pl\\\/sp\\\/komunikaty\\\/pomoc-dla-poszkodowanych-w-powodzi\\\/#primaryimage\"},\"thumbnailUrl\":\"https:\\\/\\\/spolecznajedynka.pl\\\/sp\\\/wp-content\\\/uploads\\\/sites\\\/3\\\/2024\\\/09\\\/tim-marshall-cAtzHUz7Z8g-unsplash-1-scaled.jpg\",\"datePublished\":\"2024-09-16T21:22:41+00:00\",\"dateModified\":\"2024-10-23T16:07:43+00:00\",\"breadcrumb\":{\"@id\":\"https:\\\/\\\/spolecznajedynka.pl\\\/sp\\\/komunikaty\\\/pomoc-dla-poszkodowanych-w-powodzi\\\/#breadcrumb\"},\"inLanguage\":\"pl-PL\",\"potentialAction\":[{\"@type\":\"ReadAction\",\"target\":[\"https:\\\/\\\/spolecznajedynka.pl\\\/sp\\\/komunikaty\\\/pomoc-dla-poszkodowanych-w-powodzi\\\/\"]}]},{\"@type\":\"ImageObject\",\"inLanguage\":\"pl-PL\",\"@id\":\"https:\\\/\\\/spolecznajedynka.pl\\\/sp\\\/komunikaty\\\/pomoc-dla-poszkodowanych-w-powodzi\\\/#primaryimage\",\"url\":\"https:\\\/\\\/spolecznajedynka.pl\\\/sp\\\/wp-content\\\/uploads\\\/sites\\\/3\\\/2024\\\/09\\\/tim-marshall-cAtzHUz7Z8g-unsplash-1-scaled.jpg\",\"contentUrl\":\"https:\\\/\\\/spolecznajedynka.pl\\\/sp\\\/wp-content\\\/uploads\\\/sites\\\/3\\\/2024\\\/09\\\/tim-marshall-cAtzHUz7Z8g-unsplash-1-scaled.jpg\",\"width\":2560,\"height\":1706},{\"@type\":\"BreadcrumbList\",\"@id\":\"https:\\\/\\\/spolecznajedynka.pl\\\/sp\\\/komunikaty\\\/pomoc-dla-poszkodowanych-w-powodzi\\\/#breadcrumb\",\"itemListElement\":[{\"@type\":\"ListItem\",\"position\":1,\"name\":\"Strona g\u0142\u00f3wna\",\"item\":\"https:\\\/\\\/spolecznajedynka.pl\\\/sp\\\/\"},{\"@type\":\"ListItem\",\"position\":2,\"name\":\"Komunikaty\",\"item\":\"https:\\\/\\\/spolecznajedynka.pl\\\/sp\\\/k\\\/komunikaty\\\/\"},{\"@type\":\"ListItem\",\"position\":3,\"name\":\"Pomoc dla poszkodowanych w powodzi\"}]},{\"@type\":\"WebSite\",\"@id\":\"https:\\\/\\\/spolecznajedynka.pl\\\/sp\\\/#website\",\"url\":\"https:\\\/\\\/spolecznajedynka.pl\\\/sp\\\/\",\"name\":\"Szko\u0142a Podstawowa Spo\u0142eczna Jedynka Pozna\u0144\",\"description\":\"\",\"publisher\":{\"@id\":\"https:\\\/\\\/spolecznajedynka.pl\\\/sp\\\/#organization\"},\"potentialAction\":[{\"@type\":\"SearchAction\",\"target\":{\"@type\":\"EntryPoint\",\"urlTemplate\":\"https:\\\/\\\/spolecznajedynka.pl\\\/sp\\\/?s={search_term_string}\"},\"query-input\":{\"@type\":\"PropertyValueSpecification\",\"valueRequired\":true,\"valueName\":\"search_term_string\"}}],\"inLanguage\":\"pl-PL\"},{\"@type\":\"Organization\",\"@id\":\"https:\\\/\\\/spolecznajedynka.pl\\\/sp\\\/#organization\",\"name\":\"Szko\u0142a Podstawowa Spo\u0142eczna Jedynka Pozna\u0144\",\"url\":\"https:\\\/\\\/spolecznajedynka.pl\\\/sp\\\/\",\"logo\":{\"@type\":\"ImageObject\",\"inLanguage\":\"pl-PL\",\"@id\":\"https:\\\/\\\/spolecznajedynka.pl\\\/sp\\\/#\\\/schema\\\/logo\\\/image\\\/\",\"url\":\"https:\\\/\\\/spolecznajedynka.pl\\\/sp\\\/wp-content\\\/uploads\\\/sites\\\/3\\\/2023\\\/10\\\/logo.png\",\"contentUrl\":\"https:\\\/\\\/spolecznajedynka.pl\\\/sp\\\/wp-content\\\/uploads\\\/sites\\\/3\\\/2023\\\/10\\\/logo.png\",\"width\":75,\"height\":124,\"caption\":\"Szko\u0142a Podstawowa Spo\u0142eczna Jedynka Pozna\u0144\"},\"image\":{\"@id\":\"https:\\\/\\\/spolecznajedynka.pl\\\/sp\\\/#\\\/schema\\\/logo\\\/image\\\/\"},\"sameAs\":[\"https:\\\/\\\/www.facebook.com\\\/spolecznajedynkapoznan\\\/\",\"https:\\\/\\\/www.instagram.com\\\/spolecznajedynka\\\/\"]},{\"@type\":\"Person\",\"@id\":\"https:\\\/\\\/spolecznajedynka.pl\\\/sp\\\/#\\\/schema\\\/person\\\/2516201558d359d325ddfae4255a4356\",\"name\":\"Admin Top\",\"image\":{\"@type\":\"ImageObject\",\"inLanguage\":\"pl-PL\",\"@id\":\"https:\\\/\\\/secure.gravatar.com\\\/avatar\\\/4faaedc4afabcd882aed6427c06dd9449a4ac635efb8f231a3e4f729e70f1cad?s=96&d=mm&r=g\",\"url\":\"https:\\\/\\\/secure.gravatar.com\\\/avatar\\\/4faaedc4afabcd882aed6427c06dd9449a4ac635efb8f231a3e4f729e70f1cad?s=96&d=mm&r=g\",\"contentUrl\":\"https:\\\/\\\/secure.gravatar.com\\\/avatar\\\/4faaedc4afabcd882aed6427c06dd9449a4ac635efb8f231a3e4f729e70f1cad?s=96&d=mm&r=g\",\"caption\":\"Admin Top\"}}]}<\/script>\n<!-- \/ Yoast SEO plugin. -->","yoast_head_json":{"title":"Pomoc dla poszkodowanych w powodzi - Szko\u0142a Podstawowa","robots":{"index":"index","follow":"follow","max-snippet":"max-snippet:-1","max-image-preview":"max-image-preview:large","max-video-preview":"max-video-preview:-1"},"canonical":"https:\/\/spolecznajedynka.pl\/sp\/komunikaty\/pomoc-dla-poszkodowanych-w-powodzi\/","og_locale":"pl_PL","og_type":"article","og_title":"Pomoc dla poszkodowanych w powodzi - Szko\u0142a Podstawowa","og_description":"We wsp\u00f3\u0142pracy z Fundacja Redemptoris Missio do\u0142\u0105czamy do akcji pomocy poszkodowanym w trakcie trwaj\u0105cej powodzi. EDIT 20.09.2024 Aktualnie zbieramy: &#8211;...","og_url":"https:\/\/spolecznajedynka.pl\/sp\/komunikaty\/pomoc-dla-poszkodowanych-w-powodzi\/","og_site_name":"Szko\u0142a Podstawowa","article_publisher":"https:\/\/www.facebook.com\/spolecznajedynkapoznan\/","article_published_time":"2024-09-16T21:22:41+00:00","article_modified_time":"2024-10-23T16:07:43+00:00","og_image":[{"width":2560,"height":1706,"url":"https:\/\/spolecznajedynka.pl\/sp\/wp-content\/uploads\/sites\/3\/2024\/09\/tim-marshall-cAtzHUz7Z8g-unsplash-1-scaled.jpg","type":"image\/jpeg"}],"author":"Admin Top","twitter_card":"summary_large_image","twitter_misc":{"Napisane przez":"Admin Top","Szacowany czas czytania":"1 minuta"},"schema":{"@context":"https:\/\/schema.org","@graph":[{"@type":"Article","@id":"https:\/\/spolecznajedynka.pl\/sp\/komunikaty\/pomoc-dla-poszkodowanych-w-powodzi\/#article","isPartOf":{"@id":"https:\/\/spolecznajedynka.pl\/sp\/komunikaty\/pomoc-dla-poszkodowanych-w-powodzi\/"},"author":{"name":"Admin Top","@id":"https:\/\/spolecznajedynka.pl\/sp\/#\/schema\/person\/2516201558d359d325ddfae4255a4356"},"headline":"Pomoc dla poszkodowanych w powodzi","datePublished":"2024-09-16T21:22:41+00:00","dateModified":"2024-10-23T16:07:43+00:00","mainEntityOfPage":{"@id":"https:\/\/spolecznajedynka.pl\/sp\/komunikaty\/pomoc-dla-poszkodowanych-w-powodzi\/"},"wordCount":119,"publisher":{"@id":"https:\/\/spolecznajedynka.pl\/sp\/#organization"},"image":{"@id":"https:\/\/spolecznajedynka.pl\/sp\/komunikaty\/pomoc-dla-poszkodowanych-w-powodzi\/#primaryimage"},"thumbnailUrl":"https:\/\/spolecznajedynka.pl\/sp\/wp-content\/uploads\/sites\/3\/2024\/09\/tim-marshall-cAtzHUz7Z8g-unsplash-1-scaled.jpg","articleSection":["Komunikaty"],"inLanguage":"pl-PL"},{"@type":"WebPage","@id":"https:\/\/spolecznajedynka.pl\/sp\/komunikaty\/pomoc-dla-poszkodowanych-w-powodzi\/","url":"https:\/\/spolecznajedynka.pl\/sp\/komunikaty\/pomoc-dla-poszkodowanych-w-powodzi\/","name":"Pomoc dla poszkodowanych w powodzi - Szko\u0142a Podstawowa","isPartOf":{"@id":"https:\/\/spolecznajedynka.pl\/sp\/#website"},"primaryImageOfPage":{"@id":"https:\/\/spolecznajedynka.pl\/sp\/komunikaty\/pomoc-dla-poszkodowanych-w-powodzi\/#primaryimage"},"image":{"@id":"https:\/\/spolecznajedynka.pl\/sp\/komunikaty\/pomoc-dla-poszkodowanych-w-powodzi\/#primaryimage"},"thumbnailUrl":"https:\/\/spolecznajedynka.pl\/sp\/wp-content\/uploads\/sites\/3\/2024\/09\/tim-marshall-cAtzHUz7Z8g-unsplash-1-scaled.jpg","datePublished":"2024-09-16T21:22:41+00:00","dateModified":"2024-10-23T16:07:43+00:00","breadcrumb":{"@id":"https:\/\/spolecznajedynka.pl\/sp\/komunikaty\/pomoc-dla-poszkodowanych-w-powodzi\/#breadcrumb"},"inLanguage":"pl-PL","potentialAction":[{"@type":"ReadAction","target":["https:\/\/spolecznajedynka.pl\/sp\/komunikaty\/pomoc-dla-poszkodowanych-w-powodzi\/"]}]},{"@type":"ImageObject","inLanguage":"pl-PL","@id":"https:\/\/spolecznajedynka.pl\/sp\/komunikaty\/pomoc-dla-poszkodowanych-w-powodzi\/#primaryimage","url":"https:\/\/spolecznajedynka.pl\/sp\/wp-content\/uploads\/sites\/3\/2024\/09\/tim-marshall-cAtzHUz7Z8g-unsplash-1-scaled.jpg","contentUrl":"https:\/\/spolecznajedynka.pl\/sp\/wp-content\/uploads\/sites\/3\/2024\/09\/tim-marshall-cAtzHUz7Z8g-unsplash-1-scaled.jpg","width":2560,"height":1706},{"@type":"BreadcrumbList","@id":"https:\/\/spolecznajedynka.pl\/sp\/komunikaty\/pomoc-dla-poszkodowanych-w-powodzi\/#breadcrumb","itemListElement":[{"@type":"ListItem","position":1,"name":"Strona g\u0142\u00f3wna","item":"https:\/\/spolecznajedynka.pl\/sp\/"},{"@type":"ListItem","position":2,"name":"Komunikaty","item":"https:\/\/spolecznajedynka.pl\/sp\/k\/komunikaty\/"},{"@type":"ListItem","position":3,"name":"Pomoc dla poszkodowanych w powodzi"}]},{"@type":"WebSite","@id":"https:\/\/spolecznajedynka.pl\/sp\/#website","url":"https:\/\/spolecznajedynka.pl\/sp\/","name":"Szko\u0142a Podstawowa Spo\u0142eczna Jedynka Pozna\u0144","description":"","publisher":{"@id":"https:\/\/spolecznajedynka.pl\/sp\/#organization"},"potentialAction":[{"@type":"SearchAction","target":{"@type":"EntryPoint","urlTemplate":"https:\/\/spolecznajedynka.pl\/sp\/?s={search_term_string}"},"query-input":{"@type":"PropertyValueSpecification","valueRequired":true,"valueName":"search_term_string"}}],"inLanguage":"pl-PL"},{"@type":"Organization","@id":"https:\/\/spolecznajedynka.pl\/sp\/#organization","name":"Szko\u0142a Podstawowa Spo\u0142eczna Jedynka Pozna\u0144","url":"https:\/\/spolecznajedynka.pl\/sp\/","logo":{"@type":"ImageObject","inLanguage":"pl-PL","@id":"https:\/\/spolecznajedynka.pl\/sp\/#\/schema\/logo\/image\/","url":"https:\/\/spolecznajedynka.pl\/sp\/wp-content\/uploads\/sites\/3\/2023\/10\/logo.png","contentUrl":"https:\/\/spolecznajedynka.pl\/sp\/wp-content\/uploads\/sites\/3\/2023\/10\/logo.png","width":75,"height":124,"caption":"Szko\u0142a Podstawowa Spo\u0142eczna Jedynka Pozna\u0144"},"image":{"@id":"https:\/\/spolecznajedynka.pl\/sp\/#\/schema\/logo\/image\/"},"sameAs":["https:\/\/www.facebook.com\/spolecznajedynkapoznan\/","https:\/\/www.instagram.com\/spolecznajedynka\/"]},{"@type":"Person","@id":"https:\/\/spolecznajedynka.pl\/sp\/#\/schema\/person\/2516201558d359d325ddfae4255a4356","name":"Admin Top","image":{"@type":"ImageObject","inLanguage":"pl-PL","@id":"https:\/\/secure.gravatar.com\/avatar\/4faaedc4afabcd882aed6427c06dd9449a4ac635efb8f231a3e4f729e70f1cad?s=96&d=mm&r=g","url":"https:\/\/secure.gravatar.com\/avatar\/4faaedc4afabcd882aed6427c06dd9449a4ac635efb8f231a3e4f729e70f1cad?s=96&d=mm&r=g","contentUrl":"https:\/\/secure.gravatar.com\/avatar\/4faaedc4afabcd882aed6427c06dd9449a4ac635efb8f231a3e4f729e70f1cad?s=96&d=mm&r=g","caption":"Admin Top"}}]}},"_links":{"self":[{"href":"https:\/\/spolecznajedynka.pl\/sp\/wp-json\/wp\/v2\/posts\/2557","targetHints":{"allow":["GET"]}}],"collection":[{"href":"https:\/\/spolecznajedynka.pl\/sp\/wp-json\/wp\/v2\/posts"}],"about":[{"href":"https:\/\/spolecznajedynka.pl\/sp\/wp-json\/wp\/v2\/types\/post"}],"author":[{"embeddable":true,"href":"https:\/\/spolecznajedynka.pl\/sp\/wp-json\/wp\/v2\/users\/2"}],"replies":[{"embeddable":true,"href":"https:\/\/spolecznajedynka.pl\/sp\/wp-json\/wp\/v2\/comments?post=2557"}],"version-history":[{"count":2,"href":"https:\/\/spolecznajedynka.pl\/sp\/wp-json\/wp\/v2\/posts\/2557\/revisions"}],"predecessor-version":[{"id":2602,"href":"https:\/\/spolecznajedynka.pl\/sp\/wp-json\/wp\/v2\/posts\/2557\/revisions\/2602"}],"wp:featuredmedia":[{"embeddable":true,"href":"https:\/\/spolecznajedynka.pl\/sp\/wp-json\/wp\/v2\/media\/2656"}],"wp:attachment":[{"href":"https:\/\/spolecznajedynka.pl\/sp\/wp-json\/wp\/v2\/media?parent=2557"}],"wp:term":[{"taxonomy":"category","embeddable":true,"href":"https:\/\/spolecznajedynka.pl\/sp\/wp-json\/wp\/v2\/categories?post=2557"},{"taxonomy":"post_tag","embeddable":true,"href":"https:\/\/spolecznajedynka.pl\/sp\/wp-json\/wp\/v2\/tags?post=2557"}],"curies":[{"name":"wp","href":"https:\/\/api.w.org\/{rel}","templated":true}]}}