{"id":2273,"date":"2024-05-13T07:45:43","date_gmt":"2024-05-13T05:45:43","guid":{"rendered":"https:\/\/spolecznajedynka.pl\/sp\/?p=2273"},"modified":"2024-05-13T07:45:43","modified_gmt":"2024-05-13T05:45:43","slug":"spotkanie-rady-rodzicow-z-dyrekcja","status":"publish","type":"post","link":"https:\/\/spolecznajedynka.pl\/sp\/poza-lekcjami\/spotkanie-rady-rodzicow-z-dyrekcja\/","title":{"rendered":"Spotkanie Rady Rodzic\u00f3w z dyrekcj\u0105"},"content":{"rendered":"<p><strong>Organizacja kolejnego roku szkolnego, program nauczania i oferta zaj\u0119\u0107 dodatkowych oraz kwestie lokalowe by\u0142y przedmiotem rozm\u00f3w Rady Rodzic\u00f3w z dyrekcj\u0105 szko\u0142y.\u00a0<\/strong><\/p>\n<p>Spotkanie odby\u0142o si\u0119 we wtorek, 7 maja.<\/p>\n\n\t\t<style type=\"text\/css\">\n\t\t\t#gallery-1 {\n\t\t\t\tmargin: auto;\n\t\t\t}\n\t\t\t#gallery-1 .gallery-item {\n\t\t\t\tfloat: left;\n\t\t\t\tmargin-top: 10px;\n\t\t\t\ttext-align: center;\n\t\t\t\twidth: 33%;\n\t\t\t}\n\t\t\t#gallery-1 img {\n\t\t\t\tborder: 2px solid #cfcfcf;\n\t\t\t}\n\t\t\t#gallery-1 .gallery-caption {\n\t\t\t\tmargin-left: 0;\n\t\t\t}\n\t\t\t\/* see gallery_shortcode() in wp-includes\/media.php *\/\n\t\t<\/style>\n\t\t<div id='gallery-1' class='gallery galleryid-2273 gallery-columns-3 gallery-size-thumbnail'><dl class='gallery-item'>\n\t\t\t<dt class='gallery-icon landscape'>\n\t\t\t\t<a href='https:\/\/spolecznajedynka.pl\/sp\/poza-lekcjami\/spotkanie-rady-rodzicow-z-dyrekcja\/attachment\/zdjecie-whatsapp-2024-05-07-o-17-06-20_6b650014\/'><img loading=\"lazy\" decoding=\"async\" width=\"150\" height=\"150\" src=\"https:\/\/spolecznajedynka.pl\/sp\/wp-content\/uploads\/sites\/3\/2024\/05\/Zdjecie-WhatsApp-2024-05-07-o-17.06.20_6b650014-150x150.jpg\" class=\"attachment-thumbnail size-thumbnail\" alt=\"\" \/><\/a>\n\t\t\t<\/dt><\/dl><dl class='gallery-item'>\n\t\t\t<dt class='gallery-icon landscape'>\n\t\t\t\t<a href='https:\/\/spolecznajedynka.pl\/sp\/poza-lekcjami\/spotkanie-rady-rodzicow-z-dyrekcja\/attachment\/zdjecie-whatsapp-2024-05-07-o-17-06-23_5873e2b3\/'><img loading=\"lazy\" decoding=\"async\" width=\"150\" height=\"150\" src=\"https:\/\/spolecznajedynka.pl\/sp\/wp-content\/uploads\/sites\/3\/2024\/05\/Zdjecie-WhatsApp-2024-05-07-o-17.06.23_5873e2b3-150x150.jpg\" class=\"attachment-thumbnail size-thumbnail\" alt=\"\" \/><\/a>\n\t\t\t<\/dt><\/dl><dl class='gallery-item'>\n\t\t\t<dt class='gallery-icon landscape'>\n\t\t\t\t<a href='https:\/\/spolecznajedynka.pl\/sp\/poza-lekcjami\/spotkanie-rady-rodzicow-z-dyrekcja\/attachment\/zdjecie-whatsapp-2024-05-07-o-17-06-20_6ef28f9b\/'><img loading=\"lazy\" decoding=\"async\" width=\"150\" height=\"150\" src=\"https:\/\/spolecznajedynka.pl\/sp\/wp-content\/uploads\/sites\/3\/2024\/05\/Zdjecie-WhatsApp-2024-05-07-o-17.06.20_6ef28f9b-150x150.jpg\" class=\"attachment-thumbnail size-thumbnail\" alt=\"\" \/><\/a>\n\t\t\t<\/dt><\/dl><br style=\"clear: both\" \/>\n\t\t<\/div>\n\n","protected":false},"excerpt":{"rendered":"<p>Organizacja kolejnego roku szkolnego, program nauczania i oferta zaj\u0119\u0107 dodatkowych oraz kwestie lokalowe by\u0142y przedmiotem rozm\u00f3w Rady Rodzic\u00f3w z dyrekcj\u0105&#8230;<\/p>\n","protected":false},"author":2,"featured_media":0,"comment_status":"closed","ping_status":"closed","sticky":false,"template":"","format":"standard","meta":{"_acf_changed":false,"footnotes":""},"categories":[10],"tags":[],"class_list":["post-2273","post","type-post","status-publish","format-standard","hentry","category-poza-lekcjami"],"acf":[],"yoast_head":"<!-- This site is optimized with the Yoast SEO plugin v27.5 - https:\/\/yoast.com\/product\/yoast-seo-wordpress\/ -->\n<title>Spotkanie Rady Rodzic\u00f3w z dyrekcj\u0105 - Szko\u0142a Podstawowa<\/title>\n<meta name=\"robots\" content=\"index, follow, max-snippet:-1, max-image-preview:large, max-video-preview:-1\" \/>\n<link rel=\"canonical\" href=\"https:\/\/spolecznajedynka.pl\/sp\/poza-lekcjami\/spotkanie-rady-rodzicow-z-dyrekcja\/\" \/>\n<meta property=\"og:locale\" content=\"pl_PL\" \/>\n<meta property=\"og:type\" content=\"article\" \/>\n<meta property=\"og:title\" content=\"Spotkanie Rady Rodzic\u00f3w z dyrekcj\u0105 - Szko\u0142a Podstawowa\" \/>\n<meta property=\"og:description\" content=\"Organizacja kolejnego roku szkolnego, program nauczania i oferta zaj\u0119\u0107 dodatkowych oraz kwestie lokalowe by\u0142y przedmiotem rozm\u00f3w Rady Rodzic\u00f3w z dyrekcj\u0105...\" \/>\n<meta property=\"og:url\" content=\"https:\/\/spolecznajedynka.pl\/sp\/poza-lekcjami\/spotkanie-rady-rodzicow-z-dyrekcja\/\" \/>\n<meta property=\"og:site_name\" content=\"Szko\u0142a Podstawowa\" \/>\n<meta property=\"article:publisher\" content=\"https:\/\/www.facebook.com\/spolecznajedynkapoznan\/\" \/>\n<meta property=\"article:published_time\" content=\"2024-05-13T05:45:43+00:00\" \/>\n<meta property=\"og:image\" content=\"https:\/\/spolecznajedynka.pl\/sp\/wp-content\/uploads\/sites\/3\/2024\/05\/Zdjecie-WhatsApp-2024-05-07-o-17.06.20_6b650014-150x150.jpg\" \/>\n<meta name=\"author\" content=\"Admin Top\" \/>\n<meta name=\"twitter:card\" content=\"summary_large_image\" \/>\n<meta name=\"twitter:label1\" content=\"Napisane przez\" \/>\n\t<meta name=\"twitter:data1\" content=\"Admin Top\" \/>\n\t<meta name=\"twitter:label2\" content=\"Szacowany czas czytania\" \/>\n\t<meta name=\"twitter:data2\" content=\"1 minuta\" \/>\n<script type=\"application\/ld+json\" class=\"yoast-schema-graph\">{\"@context\":\"https:\\\/\\\/schema.org\",\"@graph\":[{\"@type\":\"Article\",\"@id\":\"https:\\\/\\\/spolecznajedynka.pl\\\/sp\\\/poza-lekcjami\\\/spotkanie-rady-rodzicow-z-dyrekcja\\\/#article\",\"isPartOf\":{\"@id\":\"https:\\\/\\\/spolecznajedynka.pl\\\/sp\\\/poza-lekcjami\\\/spotkanie-rady-rodzicow-z-dyrekcja\\\/\"},\"author\":{\"name\":\"Admin Top\",\"@id\":\"https:\\\/\\\/spolecznajedynka.pl\\\/sp\\\/#\\\/schema\\\/person\\\/2516201558d359d325ddfae4255a4356\"},\"headline\":\"Spotkanie Rady Rodzic\u00f3w z dyrekcj\u0105\",\"datePublished\":\"2024-05-13T05:45:43+00:00\",\"mainEntityOfPage\":{\"@id\":\"https:\\\/\\\/spolecznajedynka.pl\\\/sp\\\/poza-lekcjami\\\/spotkanie-rady-rodzicow-z-dyrekcja\\\/\"},\"wordCount\":40,\"publisher\":{\"@id\":\"https:\\\/\\\/spolecznajedynka.pl\\\/sp\\\/#organization\"},\"articleSection\":[\"Poza lekcjami\"],\"inLanguage\":\"pl-PL\"},{\"@type\":\"WebPage\",\"@id\":\"https:\\\/\\\/spolecznajedynka.pl\\\/sp\\\/poza-lekcjami\\\/spotkanie-rady-rodzicow-z-dyrekcja\\\/\",\"url\":\"https:\\\/\\\/spolecznajedynka.pl\\\/sp\\\/poza-lekcjami\\\/spotkanie-rady-rodzicow-z-dyrekcja\\\/\",\"name\":\"Spotkanie Rady Rodzic\u00f3w z dyrekcj\u0105 - Szko\u0142a Podstawowa\",\"isPartOf\":{\"@id\":\"https:\\\/\\\/spolecznajedynka.pl\\\/sp\\\/#website\"},\"datePublished\":\"2024-05-13T05:45:43+00:00\",\"breadcrumb\":{\"@id\":\"https:\\\/\\\/spolecznajedynka.pl\\\/sp\\\/poza-lekcjami\\\/spotkanie-rady-rodzicow-z-dyrekcja\\\/#breadcrumb\"},\"inLanguage\":\"pl-PL\",\"potentialAction\":[{\"@type\":\"ReadAction\",\"target\":[\"https:\\\/\\\/spolecznajedynka.pl\\\/sp\\\/poza-lekcjami\\\/spotkanie-rady-rodzicow-z-dyrekcja\\\/\"]}]},{\"@type\":\"BreadcrumbList\",\"@id\":\"https:\\\/\\\/spolecznajedynka.pl\\\/sp\\\/poza-lekcjami\\\/spotkanie-rady-rodzicow-z-dyrekcja\\\/#breadcrumb\",\"itemListElement\":[{\"@type\":\"ListItem\",\"position\":1,\"name\":\"Strona g\u0142\u00f3wna\",\"item\":\"https:\\\/\\\/spolecznajedynka.pl\\\/sp\\\/\"},{\"@type\":\"ListItem\",\"position\":2,\"name\":\"Poza lekcjami\",\"item\":\"https:\\\/\\\/spolecznajedynka.pl\\\/sp\\\/k\\\/poza-lekcjami\\\/\"},{\"@type\":\"ListItem\",\"position\":3,\"name\":\"Spotkanie Rady Rodzic\u00f3w z dyrekcj\u0105\"}]},{\"@type\":\"WebSite\",\"@id\":\"https:\\\/\\\/spolecznajedynka.pl\\\/sp\\\/#website\",\"url\":\"https:\\\/\\\/spolecznajedynka.pl\\\/sp\\\/\",\"name\":\"Szko\u0142a Podstawowa Spo\u0142eczna Jedynka Pozna\u0144\",\"description\":\"\",\"publisher\":{\"@id\":\"https:\\\/\\\/spolecznajedynka.pl\\\/sp\\\/#organization\"},\"potentialAction\":[{\"@type\":\"SearchAction\",\"target\":{\"@type\":\"EntryPoint\",\"urlTemplate\":\"https:\\\/\\\/spolecznajedynka.pl\\\/sp\\\/?s={search_term_string}\"},\"query-input\":{\"@type\":\"PropertyValueSpecification\",\"valueRequired\":true,\"valueName\":\"search_term_string\"}}],\"inLanguage\":\"pl-PL\"},{\"@type\":\"Organization\",\"@id\":\"https:\\\/\\\/spolecznajedynka.pl\\\/sp\\\/#organization\",\"name\":\"Szko\u0142a Podstawowa Spo\u0142eczna Jedynka Pozna\u0144\",\"url\":\"https:\\\/\\\/spolecznajedynka.pl\\\/sp\\\/\",\"logo\":{\"@type\":\"ImageObject\",\"inLanguage\":\"pl-PL\",\"@id\":\"https:\\\/\\\/spolecznajedynka.pl\\\/sp\\\/#\\\/schema\\\/logo\\\/image\\\/\",\"url\":\"https:\\\/\\\/spolecznajedynka.pl\\\/sp\\\/wp-content\\\/uploads\\\/sites\\\/3\\\/2023\\\/10\\\/logo.png\",\"contentUrl\":\"https:\\\/\\\/spolecznajedynka.pl\\\/sp\\\/wp-content\\\/uploads\\\/sites\\\/3\\\/2023\\\/10\\\/logo.png\",\"width\":75,\"height\":124,\"caption\":\"Szko\u0142a Podstawowa Spo\u0142eczna Jedynka Pozna\u0144\"},\"image\":{\"@id\":\"https:\\\/\\\/spolecznajedynka.pl\\\/sp\\\/#\\\/schema\\\/logo\\\/image\\\/\"},\"sameAs\":[\"https:\\\/\\\/www.facebook.com\\\/spolecznajedynkapoznan\\\/\",\"https:\\\/\\\/www.instagram.com\\\/spolecznajedynka\\\/\"]},{\"@type\":\"Person\",\"@id\":\"https:\\\/\\\/spolecznajedynka.pl\\\/sp\\\/#\\\/schema\\\/person\\\/2516201558d359d325ddfae4255a4356\",\"name\":\"Admin Top\",\"image\":{\"@type\":\"ImageObject\",\"inLanguage\":\"pl-PL\",\"@id\":\"https:\\\/\\\/secure.gravatar.com\\\/avatar\\\/4faaedc4afabcd882aed6427c06dd9449a4ac635efb8f231a3e4f729e70f1cad?s=96&d=mm&r=g\",\"url\":\"https:\\\/\\\/secure.gravatar.com\\\/avatar\\\/4faaedc4afabcd882aed6427c06dd9449a4ac635efb8f231a3e4f729e70f1cad?s=96&d=mm&r=g\",\"contentUrl\":\"https:\\\/\\\/secure.gravatar.com\\\/avatar\\\/4faaedc4afabcd882aed6427c06dd9449a4ac635efb8f231a3e4f729e70f1cad?s=96&d=mm&r=g\",\"caption\":\"Admin Top\"}}]}<\/script>\n<!-- \/ Yoast SEO plugin. -->","yoast_head_json":{"title":"Spotkanie Rady Rodzic\u00f3w z dyrekcj\u0105 - Szko\u0142a Podstawowa","robots":{"index":"index","follow":"follow","max-snippet":"max-snippet:-1","max-image-preview":"max-image-preview:large","max-video-preview":"max-video-preview:-1"},"canonical":"https:\/\/spolecznajedynka.pl\/sp\/poza-lekcjami\/spotkanie-rady-rodzicow-z-dyrekcja\/","og_locale":"pl_PL","og_type":"article","og_title":"Spotkanie Rady Rodzic\u00f3w z dyrekcj\u0105 - Szko\u0142a Podstawowa","og_description":"Organizacja kolejnego roku szkolnego, program nauczania i oferta zaj\u0119\u0107 dodatkowych oraz kwestie lokalowe by\u0142y przedmiotem rozm\u00f3w Rady Rodzic\u00f3w z dyrekcj\u0105...","og_url":"https:\/\/spolecznajedynka.pl\/sp\/poza-lekcjami\/spotkanie-rady-rodzicow-z-dyrekcja\/","og_site_name":"Szko\u0142a Podstawowa","article_publisher":"https:\/\/www.facebook.com\/spolecznajedynkapoznan\/","article_published_time":"2024-05-13T05:45:43+00:00","og_image":[{"url":"https:\/\/spolecznajedynka.pl\/sp\/wp-content\/uploads\/sites\/3\/2024\/05\/Zdjecie-WhatsApp-2024-05-07-o-17.06.20_6b650014-150x150.jpg","type":"","width":"","height":""}],"author":"Admin Top","twitter_card":"summary_large_image","twitter_misc":{"Napisane przez":"Admin Top","Szacowany czas czytania":"1 minuta"},"schema":{"@context":"https:\/\/schema.org","@graph":[{"@type":"Article","@id":"https:\/\/spolecznajedynka.pl\/sp\/poza-lekcjami\/spotkanie-rady-rodzicow-z-dyrekcja\/#article","isPartOf":{"@id":"https:\/\/spolecznajedynka.pl\/sp\/poza-lekcjami\/spotkanie-rady-rodzicow-z-dyrekcja\/"},"author":{"name":"Admin Top","@id":"https:\/\/spolecznajedynka.pl\/sp\/#\/schema\/person\/2516201558d359d325ddfae4255a4356"},"headline":"Spotkanie Rady Rodzic\u00f3w z dyrekcj\u0105","datePublished":"2024-05-13T05:45:43+00:00","mainEntityOfPage":{"@id":"https:\/\/spolecznajedynka.pl\/sp\/poza-lekcjami\/spotkanie-rady-rodzicow-z-dyrekcja\/"},"wordCount":40,"publisher":{"@id":"https:\/\/spolecznajedynka.pl\/sp\/#organization"},"articleSection":["Poza lekcjami"],"inLanguage":"pl-PL"},{"@type":"WebPage","@id":"https:\/\/spolecznajedynka.pl\/sp\/poza-lekcjami\/spotkanie-rady-rodzicow-z-dyrekcja\/","url":"https:\/\/spolecznajedynka.pl\/sp\/poza-lekcjami\/spotkanie-rady-rodzicow-z-dyrekcja\/","name":"Spotkanie Rady Rodzic\u00f3w z dyrekcj\u0105 - Szko\u0142a Podstawowa","isPartOf":{"@id":"https:\/\/spolecznajedynka.pl\/sp\/#website"},"datePublished":"2024-05-13T05:45:43+00:00","breadcrumb":{"@id":"https:\/\/spolecznajedynka.pl\/sp\/poza-lekcjami\/spotkanie-rady-rodzicow-z-dyrekcja\/#breadcrumb"},"inLanguage":"pl-PL","potentialAction":[{"@type":"ReadAction","target":["https:\/\/spolecznajedynka.pl\/sp\/poza-lekcjami\/spotkanie-rady-rodzicow-z-dyrekcja\/"]}]},{"@type":"BreadcrumbList","@id":"https:\/\/spolecznajedynka.pl\/sp\/poza-lekcjami\/spotkanie-rady-rodzicow-z-dyrekcja\/#breadcrumb","itemListElement":[{"@type":"ListItem","position":1,"name":"Strona g\u0142\u00f3wna","item":"https:\/\/spolecznajedynka.pl\/sp\/"},{"@type":"ListItem","position":2,"name":"Poza lekcjami","item":"https:\/\/spolecznajedynka.pl\/sp\/k\/poza-lekcjami\/"},{"@type":"ListItem","position":3,"name":"Spotkanie Rady Rodzic\u00f3w z dyrekcj\u0105"}]},{"@type":"WebSite","@id":"https:\/\/spolecznajedynka.pl\/sp\/#website","url":"https:\/\/spolecznajedynka.pl\/sp\/","name":"Szko\u0142a Podstawowa Spo\u0142eczna Jedynka Pozna\u0144","description":"","publisher":{"@id":"https:\/\/spolecznajedynka.pl\/sp\/#organization"},"potentialAction":[{"@type":"SearchAction","target":{"@type":"EntryPoint","urlTemplate":"https:\/\/spolecznajedynka.pl\/sp\/?s={search_term_string}"},"query-input":{"@type":"PropertyValueSpecification","valueRequired":true,"valueName":"search_term_string"}}],"inLanguage":"pl-PL"},{"@type":"Organization","@id":"https:\/\/spolecznajedynka.pl\/sp\/#organization","name":"Szko\u0142a Podstawowa Spo\u0142eczna Jedynka Pozna\u0144","url":"https:\/\/spolecznajedynka.pl\/sp\/","logo":{"@type":"ImageObject","inLanguage":"pl-PL","@id":"https:\/\/spolecznajedynka.pl\/sp\/#\/schema\/logo\/image\/","url":"https:\/\/spolecznajedynka.pl\/sp\/wp-content\/uploads\/sites\/3\/2023\/10\/logo.png","contentUrl":"https:\/\/spolecznajedynka.pl\/sp\/wp-content\/uploads\/sites\/3\/2023\/10\/logo.png","width":75,"height":124,"caption":"Szko\u0142a Podstawowa Spo\u0142eczna Jedynka Pozna\u0144"},"image":{"@id":"https:\/\/spolecznajedynka.pl\/sp\/#\/schema\/logo\/image\/"},"sameAs":["https:\/\/www.facebook.com\/spolecznajedynkapoznan\/","https:\/\/www.instagram.com\/spolecznajedynka\/"]},{"@type":"Person","@id":"https:\/\/spolecznajedynka.pl\/sp\/#\/schema\/person\/2516201558d359d325ddfae4255a4356","name":"Admin Top","image":{"@type":"ImageObject","inLanguage":"pl-PL","@id":"https:\/\/secure.gravatar.com\/avatar\/4faaedc4afabcd882aed6427c06dd9449a4ac635efb8f231a3e4f729e70f1cad?s=96&d=mm&r=g","url":"https:\/\/secure.gravatar.com\/avatar\/4faaedc4afabcd882aed6427c06dd9449a4ac635efb8f231a3e4f729e70f1cad?s=96&d=mm&r=g","contentUrl":"https:\/\/secure.gravatar.com\/avatar\/4faaedc4afabcd882aed6427c06dd9449a4ac635efb8f231a3e4f729e70f1cad?s=96&d=mm&r=g","caption":"Admin Top"}}]}},"_links":{"self":[{"href":"https:\/\/spolecznajedynka.pl\/sp\/wp-json\/wp\/v2\/posts\/2273","targetHints":{"allow":["GET"]}}],"collection":[{"href":"https:\/\/spolecznajedynka.pl\/sp\/wp-json\/wp\/v2\/posts"}],"about":[{"href":"https:\/\/spolecznajedynka.pl\/sp\/wp-json\/wp\/v2\/types\/post"}],"author":[{"embeddable":true,"href":"https:\/\/spolecznajedynka.pl\/sp\/wp-json\/wp\/v2\/users\/2"}],"replies":[{"embeddable":true,"href":"https:\/\/spolecznajedynka.pl\/sp\/wp-json\/wp\/v2\/comments?post=2273"}],"version-history":[{"count":1,"href":"https:\/\/spolecznajedynka.pl\/sp\/wp-json\/wp\/v2\/posts\/2273\/revisions"}],"predecessor-version":[{"id":2280,"href":"https:\/\/spolecznajedynka.pl\/sp\/wp-json\/wp\/v2\/posts\/2273\/revisions\/2280"}],"wp:attachment":[{"href":"https:\/\/spolecznajedynka.pl\/sp\/wp-json\/wp\/v2\/media?parent=2273"}],"wp:term":[{"taxonomy":"category","embeddable":true,"href":"https:\/\/spolecznajedynka.pl\/sp\/wp-json\/wp\/v2\/categories?post=2273"},{"taxonomy":"post_tag","embeddable":true,"href":"https:\/\/spolecznajedynka.pl\/sp\/wp-json\/wp\/v2\/tags?post=2273"}],"curies":[{"name":"wp","href":"https:\/\/api.w.org\/{rel}","templated":true}]}}