{"id":2233,"date":"2024-05-09T01:25:25","date_gmt":"2024-05-08T23:25:25","guid":{"rendered":"https:\/\/spolecznajedynka.pl\/sp\/?p=2233"},"modified":"2024-05-09T01:25:34","modified_gmt":"2024-05-08T23:25:34","slug":"xvii-festiwal-kolory-sceny","status":"publish","type":"post","link":"https:\/\/spolecznajedynka.pl\/sp\/osiagniecia\/xvii-festiwal-kolory-sceny\/","title":{"rendered":"XVII Festiwal Kolory Sceny"},"content":{"rendered":"<div class=\"\" data-block=\"true\" data-editor=\"1t8hu\" data-offset-key=\"bbl1b-0-0\">\n<div class=\"_1mf _1mj\" data-offset-key=\"bbl1b-0-0\"><strong>Zachwyt, aplauz i podziw dla dopracowanej w szczeg\u00f3\u0142ach choreografii.<\/strong><\/div>\n<\/div>\n<div class=\"\" data-block=\"true\" data-editor=\"1t8hu\" data-offset-key=\"a1c5g-0-0\">\n<div class=\"_1mf _1mj\" data-offset-key=\"a1c5g-0-0\"><strong>To reakcje na wyst\u0119p naszych uczni\u00f3w i uczennic w ramach XVII Festiwalu Kolory Sceny!\u00a0<\/strong><\/div>\n<\/div>\n<div class=\"\" data-block=\"true\" data-editor=\"1t8hu\" data-offset-key=\"f09uq-0-0\">\n<div class=\"_1mf _1mj\" data-offset-key=\"f09uq-0-0\"><span data-offset-key=\"f09uq-0-0\">\u00a0<\/span><\/div>\n<\/div>\n<div class=\"\" data-block=\"true\" data-editor=\"1t8hu\" data-offset-key=\"3dli-0-0\">\n<div class=\"_1mf _1mj\" data-offset-key=\"3dli-0-0\"><span data-offset-key=\"3dli-0-0\">W trakcie fina\u0142u wydarzenia organizowanego przez Spo\u0142eczn\u0105 Dw\u00f3jk\u0119 pi\u0105toklasi\u015bci z 5a i 5c zaprezentowali program pt. &#8222;Sztuka nas nie oszuka&#8221;. <\/span><\/div>\n<\/div>\n<div class=\"\" data-block=\"true\" data-editor=\"1t8hu\" data-offset-key=\"3e0e7-0-0\">\n<div class=\"_1mf _1mj\" data-offset-key=\"3e0e7-0-0\"><span data-offset-key=\"3e0e7-0-0\">Wyst\u0119p nawi\u0105zywa\u0142 do festiwalowego motywu przewodniego &#8211; animacji Disneya.\u00a0<\/span><\/div>\n<\/div>\n<div class=\"\" data-block=\"true\" data-editor=\"1t8hu\" data-offset-key=\"cbe45-0-0\">\n<div class=\"_1mf _1mj\" data-offset-key=\"cbe45-0-0\"><span data-offset-key=\"cbe45-0-0\">\u00a0<\/span><\/div>\n<\/div>\n<div class=\"\" data-block=\"true\" data-editor=\"1t8hu\" data-offset-key=\"6lvkj-0-0\">\n<div class=\"_1mf _1mj\" data-offset-key=\"6lvkj-0-0\"><span data-offset-key=\"6lvkj-0-0\">To, czego na scenie nie by\u0142o wida\u0107, to wiele dni przygotowa\u0144, godziny \u0107wicze\u0144 poprawnego angielskiego akcentu i litry potu wylane podczas pr\u00f3b tanecznych.\u00a0<\/span><\/div>\n<\/div>\n<div class=\"\" data-block=\"true\" data-editor=\"1t8hu\" data-offset-key=\"20rqb-0-0\">\n<div class=\"_1mf _1mj\" data-offset-key=\"20rqb-0-0\"><span data-offset-key=\"20rqb-0-0\">Wyst\u0119puj\u0105cych mo\u017cna by\u0142o przy\u0142apa\u0107 na intensywnych pr\u00f3bach w wielu miejscach w szkole &#8211; ale w ko\u0144cu, jak to m\u00f3wi\u0105 Anglicy &#8211; today&#8217;s tears water tomorrow&#8217;s gardens!\u00a0<\/span><\/div>\n<\/div>\n<div class=\"\" data-block=\"true\" data-editor=\"1t8hu\" data-offset-key=\"cd15d-0-0\">\n<div class=\"_1mf _1mj\" data-offset-key=\"cd15d-0-0\"><span data-offset-key=\"cd15d-0-0\">\u00a0<\/span><\/div>\n<\/div>\n<div class=\"\" data-block=\"true\" data-editor=\"1t8hu\" data-offset-key=\"df86a-0-0\">\n<div class=\"_1mf _1mj\" data-offset-key=\"df86a-0-0\"><span data-offset-key=\"df86a-0-0\">Nieocenionym, profesjonalnym wsparciem by\u0142y dla zespo\u0142u panie: Aleksandra Kaczmarek i Olena Viktorova!<\/span><\/div>\n<\/div>\n<div class=\"\" data-block=\"true\" data-editor=\"1t8hu\" data-offset-key=\"5t3oe-0-0\">\n<div data-offset-key=\"5t3oe-0-0\"><\/div>\n<div class=\"_1mf _1mj\" data-offset-key=\"5t3oe-0-0\">Na scenie wyst\u0105pili:<\/div>\n<\/div>\n<div class=\"\" data-block=\"true\" data-editor=\"1t8hu\" data-offset-key=\"5vl9j-0-0\">\n<div class=\"_1mf _1mj\" data-offset-key=\"5vl9j-0-0\"><span data-offset-key=\"5vl9j-0-0\">&#8211; Nina Smyczy\u0144ska (kl. 5a),<\/span><\/div>\n<\/div>\n<div class=\"\" data-block=\"true\" data-editor=\"1t8hu\" data-offset-key=\"5k7rn-0-0\">\n<div class=\"_1mf _1mj\" data-offset-key=\"5k7rn-0-0\"><span data-offset-key=\"5k7rn-0-0\">&#8211; Liwia Zaj\u0105czkowska (kl. 5a),<\/span><\/div>\n<\/div>\n<div class=\"\" data-block=\"true\" data-editor=\"1t8hu\" data-offset-key=\"8935f-0-0\">\n<div class=\"_1mf _1mj\" data-offset-key=\"8935f-0-0\"><span data-offset-key=\"8935f-0-0\">&#8211; Blanka Bekier (kl. 5a),<\/span><\/div>\n<\/div>\n<div class=\"\" data-block=\"true\" data-editor=\"1t8hu\" data-offset-key=\"aqtfo-0-0\">\n<div class=\"_1mf _1mj\" data-offset-key=\"aqtfo-0-0\"><span data-offset-key=\"aqtfo-0-0\">&#8211; Lilia Taborska (kl. 5a),<\/span><\/div>\n<\/div>\n<div class=\"\" data-block=\"true\" data-editor=\"1t8hu\" data-offset-key=\"qnqm-0-0\">\n<div class=\"_1mf _1mj\" data-offset-key=\"qnqm-0-0\"><span data-offset-key=\"qnqm-0-0\">&#8211; Zofia Pie\u0144kowska (kl. 5a),<\/span><\/div>\n<\/div>\n<div class=\"\" data-block=\"true\" data-editor=\"1t8hu\" data-offset-key=\"ag870-0-0\">\n<div class=\"_1mf _1mj\" data-offset-key=\"ag870-0-0\"><span data-offset-key=\"ag870-0-0\">&#8211; Feliks Giergasz (kl. 5a),<\/span><\/div>\n<\/div>\n<div class=\"\" data-block=\"true\" data-editor=\"1t8hu\" data-offset-key=\"bvg20-0-0\">\n<div class=\"_1mf _1mj\" data-offset-key=\"bvg20-0-0\"><span data-offset-key=\"bvg20-0-0\">&#8211; Hubert Czyrkowski (kl. 5c),<\/span><\/div>\n<\/div>\n<div class=\"\" data-block=\"true\" data-editor=\"1t8hu\" data-offset-key=\"9hct7-0-0\">\n<div class=\"_1mf _1mj\" data-offset-key=\"9hct7-0-0\"><span data-offset-key=\"9hct7-0-0\">&#8211; Julian Dobrzy\u0144ski (kl. 5c),<\/span><\/div>\n<\/div>\n<div class=\"\" data-block=\"true\" data-editor=\"1t8hu\" data-offset-key=\"7eq1m-0-0\">\n<div class=\"_1mf _1mj\" data-offset-key=\"7eq1m-0-0\"><span data-offset-key=\"7eq1m-0-0\">&#8211; Szymon Juskowiak (kl. 5c).<\/span><\/div>\n<\/div>\n<div class=\"\" data-block=\"true\" data-editor=\"1t8hu\" data-offset-key=\"9ipau-0-0\">\n<div class=\"_1mf _1mj\" data-offset-key=\"9ipau-0-0\"><span data-offset-key=\"9ipau-0-0\">\u00a0<\/span><\/div>\n<\/div>\n<div class=\"\" data-block=\"true\" data-editor=\"1t8hu\" data-offset-key=\"ffu3i-0-0\">\n<div class=\"_1mf _1mj\" data-offset-key=\"ffu3i-0-0\"><span data-offset-key=\"ffu3i-0-0\">Gratulujemy wspania\u0142ych efekt\u00f3w wytrwa\u0142ej pracy!\u00a0<\/span><\/div>\n<\/div>\n<div class=\"\" data-block=\"true\" data-editor=\"1t8hu\" data-offset-key=\"ej509-0-0\">\n<div class=\"_1mf _1mj\" data-offset-key=\"ej509-0-0\"><span data-offset-key=\"ej509-0-0\">\u00a0<\/span><\/div>\n<\/div>\n<div class=\"\" data-block=\"true\" data-editor=\"1t8hu\" data-offset-key=\"606m6-0-0\">\n<div class=\"_1mf _1mj\" data-offset-key=\"606m6-0-0\"><span data-offset-key=\"606m6-0-0\">To nie wszystko! Kolory Sceny mia\u0142y wi\u0119cej odcieni!\u00a0<\/span><\/div>\n<\/div>\n<div class=\"\" data-block=\"true\" data-editor=\"1t8hu\" data-offset-key=\"emhto-0-0\">\n<div class=\"_1mf _1mj\" data-offset-key=\"emhto-0-0\"><span data-offset-key=\"emhto-0-0\">Kolejnym by\u0142 konkurs plastyczny, w kt\u00f3rym sukcesy odnios\u0142y nasze uczennice: <\/span><\/div>\n<\/div>\n<div class=\"\" data-block=\"true\" data-editor=\"1t8hu\" data-offset-key=\"eai56-0-0\">\n<div class=\"_1mf _1mj\" data-offset-key=\"eai56-0-0\"><span data-offset-key=\"eai56-0-0\">&#8211; I miejsce &#8211; Agata \u0141acka oraz Iga Hernacka,<\/span><\/div>\n<\/div>\n<div class=\"\" data-block=\"true\" data-editor=\"1t8hu\" data-offset-key=\"506da-0-0\">\n<div class=\"_1mf _1mj\" data-offset-key=\"506da-0-0\"><span data-offset-key=\"506da-0-0\">&#8211; II miejsce &#8211; Kalina Leszczy\u0144ska,<\/span><\/div>\n<\/div>\n<div class=\"\" data-block=\"true\" data-editor=\"1t8hu\" data-offset-key=\"9113q-0-0\">\n<div class=\"_1mf _1mj\" data-offset-key=\"9113q-0-0\"><span data-offset-key=\"9113q-0-0\">&#8211;\u00a0 wyr\u00f3\u017cnienie &#8211; Liwia Zaj\u0105czkowska.<\/span><\/div>\n<\/div>\n<div class=\"\" data-block=\"true\" data-editor=\"1t8hu\" data-offset-key=\"6s07-0-0\">\n<div class=\"_1mf _1mj\" data-offset-key=\"6s07-0-0\"><span data-offset-key=\"6s07-0-0\">\u00a0<\/span><\/div>\n<\/div>\n<div class=\"\" data-block=\"true\" data-editor=\"1t8hu\" data-offset-key=\"e1pd2-0-0\">\n<div class=\"_1mf _1mj\" data-offset-key=\"e1pd2-0-0\"><span data-offset-key=\"e1pd2-0-0\">Gratulujemy nagrodzonym i dzi\u0119kujemy wszystkim, kt\u00f3rzy wzi\u0119li udzia\u0142 w konkursie.\u00a0<\/span><\/div>\n<\/div>\n<div class=\"\" data-block=\"true\" data-editor=\"1t8hu\" data-offset-key=\"85l5-0-0\">\n<div class=\"_1mf _1mj\" data-offset-key=\"85l5-0-0\"><span data-offset-key=\"85l5-0-0\">\u00a0<\/span><\/div>\n<\/div>\n<div class=\"\" data-block=\"true\" data-editor=\"1t8hu\" data-offset-key=\"ebiqi-0-0\">\n<div class=\"_1mf _1mj\" data-offset-key=\"ebiqi-0-0\"><span data-offset-key=\"ebiqi-0-0\">Festiwal Kolory Sceny odbywa si\u0119 w zaprzyja\u017anionej <\/span><span class=\"_247o\" spellcheck=\"false\" data-offset-key=\"ebiqi-1-0\"><span data-offset-key=\"ebiqi-1-0\">Spo\u0142eczna Dw\u00f3jka Pozna\u0144<\/span><\/span><span data-offset-key=\"ebiqi-2-0\"> od 2003 roku. Projekt propaguje aktywizuj\u0105ce metod pracy nad j\u0119zykiem i poznanie kultury kraj\u00f3w angloj\u0119zycznych. Kompasem dla wyst\u0119puj\u0105cych jest ka\u017cdego roku oryginalny motyw przewodni.<\/span><\/div>\n<\/div>\n<div class=\"\" data-block=\"true\" data-editor=\"1t8hu\" data-offset-key=\"1713t-0-0\">\n<div class=\"_1mf _1mj\" data-offset-key=\"1713t-0-0\"><span data-offset-key=\"1713t-0-0\">\u00a0<\/span><\/div>\n<\/div>\n<div class=\"\" data-block=\"true\" data-editor=\"1t8hu\" data-offset-key=\"2q5tn-0-0\">\n<div class=\"_1mf _1mj\" data-offset-key=\"2q5tn-0-0\">\n\n\t\t<style type=\"text\/css\">\n\t\t\t#gallery-1 {\n\t\t\t\tmargin: auto;\n\t\t\t}\n\t\t\t#gallery-1 .gallery-item {\n\t\t\t\tfloat: left;\n\t\t\t\tmargin-top: 10px;\n\t\t\t\ttext-align: center;\n\t\t\t\twidth: 33%;\n\t\t\t}\n\t\t\t#gallery-1 img {\n\t\t\t\tborder: 2px solid #cfcfcf;\n\t\t\t}\n\t\t\t#gallery-1 .gallery-caption {\n\t\t\t\tmargin-left: 0;\n\t\t\t}\n\t\t\t\/* see gallery_shortcode() in wp-includes\/media.php *\/\n\t\t<\/style>\n\t\t<div id='gallery-1' class='gallery galleryid-2233 gallery-columns-3 gallery-size-thumbnail'><dl class='gallery-item'>\n\t\t\t<dt class='gallery-icon landscape'>\n\t\t\t\t<a href='https:\/\/spolecznajedynka.pl\/sp\/osiagniecia\/xvii-festiwal-kolory-sceny\/attachment\/438165355_953842163413660_2211243907988996890_n\/'><img loading=\"lazy\" decoding=\"async\" width=\"150\" height=\"150\" src=\"https:\/\/spolecznajedynka.pl\/sp\/wp-content\/uploads\/sites\/3\/2024\/05\/438165355_953842163413660_2211243907988996890_n-150x150.jpg\" class=\"attachment-thumbnail size-thumbnail\" alt=\"\" srcset=\"https:\/\/spolecznajedynka.pl\/sp\/wp-content\/uploads\/sites\/3\/2024\/05\/438165355_953842163413660_2211243907988996890_n-150x150.jpg 150w, https:\/\/spolecznajedynka.pl\/sp\/wp-content\/uploads\/sites\/3\/2024\/05\/438165355_953842163413660_2211243907988996890_n-300x300.jpg 300w, https:\/\/spolecznajedynka.pl\/sp\/wp-content\/uploads\/sites\/3\/2024\/05\/438165355_953842163413660_2211243907988996890_n-768x768.jpg 768w, https:\/\/spolecznajedynka.pl\/sp\/wp-content\/uploads\/sites\/3\/2024\/05\/438165355_953842163413660_2211243907988996890_n.jpg 947w\" sizes=\"auto, (max-width: 150px) 100vw, 150px\" \/><\/a>\n\t\t\t<\/dt><\/dl><dl class='gallery-item'>\n\t\t\t<dt class='gallery-icon landscape'>\n\t\t\t\t<a href='https:\/\/spolecznajedynka.pl\/sp\/osiagniecia\/xvii-festiwal-kolory-sceny\/attachment\/438162113_953842180080325_7460021226483833411_n\/'><img loading=\"lazy\" decoding=\"async\" width=\"150\" height=\"150\" src=\"https:\/\/spolecznajedynka.pl\/sp\/wp-content\/uploads\/sites\/3\/2024\/05\/438162113_953842180080325_7460021226483833411_n-150x150.jpg\" class=\"attachment-thumbnail size-thumbnail\" alt=\"\" srcset=\"https:\/\/spolecznajedynka.pl\/sp\/wp-content\/uploads\/sites\/3\/2024\/05\/438162113_953842180080325_7460021226483833411_n-150x150.jpg 150w, https:\/\/spolecznajedynka.pl\/sp\/wp-content\/uploads\/sites\/3\/2024\/05\/438162113_953842180080325_7460021226483833411_n-300x300.jpg 300w, https:\/\/spolecznajedynka.pl\/sp\/wp-content\/uploads\/sites\/3\/2024\/05\/438162113_953842180080325_7460021226483833411_n-768x768.jpg 768w, https:\/\/spolecznajedynka.pl\/sp\/wp-content\/uploads\/sites\/3\/2024\/05\/438162113_953842180080325_7460021226483833411_n.jpg 787w\" sizes=\"auto, (max-width: 150px) 100vw, 150px\" \/><\/a>\n\t\t\t<\/dt><\/dl><dl class='gallery-item'>\n\t\t\t<dt class='gallery-icon landscape'>\n\t\t\t\t<a href='https:\/\/spolecznajedynka.pl\/sp\/osiagniecia\/xvii-festiwal-kolory-sceny\/attachment\/438165090_953842203413656_5352011263212158424_n\/'><img loading=\"lazy\" decoding=\"async\" width=\"150\" height=\"150\" src=\"https:\/\/spolecznajedynka.pl\/sp\/wp-content\/uploads\/sites\/3\/2024\/05\/438165090_953842203413656_5352011263212158424_n-150x150.jpg\" class=\"attachment-thumbnail size-thumbnail\" alt=\"\" srcset=\"https:\/\/spolecznajedynka.pl\/sp\/wp-content\/uploads\/sites\/3\/2024\/05\/438165090_953842203413656_5352011263212158424_n-150x150.jpg 150w, https:\/\/spolecznajedynka.pl\/sp\/wp-content\/uploads\/sites\/3\/2024\/05\/438165090_953842203413656_5352011263212158424_n-300x300.jpg 300w, https:\/\/spolecznajedynka.pl\/sp\/wp-content\/uploads\/sites\/3\/2024\/05\/438165090_953842203413656_5352011263212158424_n-768x768.jpg 768w, https:\/\/spolecznajedynka.pl\/sp\/wp-content\/uploads\/sites\/3\/2024\/05\/438165090_953842203413656_5352011263212158424_n.jpg 951w\" sizes=\"auto, (max-width: 150px) 100vw, 150px\" \/><\/a>\n\t\t\t<\/dt><\/dl><br style=\"clear: both\" \/><dl class='gallery-item'>\n\t\t\t<dt class='gallery-icon landscape'>\n\t\t\t\t<a href='https:\/\/spolecznajedynka.pl\/sp\/osiagniecia\/xvii-festiwal-kolory-sceny\/attachment\/441079129_953842183413658_9101935976540561672_n\/'><img loading=\"lazy\" decoding=\"async\" width=\"150\" height=\"150\" src=\"https:\/\/spolecznajedynka.pl\/sp\/wp-content\/uploads\/sites\/3\/2024\/05\/441079129_953842183413658_9101935976540561672_n-150x150.jpg\" class=\"attachment-thumbnail size-thumbnail\" alt=\"\" srcset=\"https:\/\/spolecznajedynka.pl\/sp\/wp-content\/uploads\/sites\/3\/2024\/05\/441079129_953842183413658_9101935976540561672_n-150x150.jpg 150w, https:\/\/spolecznajedynka.pl\/sp\/wp-content\/uploads\/sites\/3\/2024\/05\/441079129_953842183413658_9101935976540561672_n-300x300.jpg 300w, https:\/\/spolecznajedynka.pl\/sp\/wp-content\/uploads\/sites\/3\/2024\/05\/441079129_953842183413658_9101935976540561672_n-768x768.jpg 768w, https:\/\/spolecznajedynka.pl\/sp\/wp-content\/uploads\/sites\/3\/2024\/05\/441079129_953842183413658_9101935976540561672_n.jpg 882w\" sizes=\"auto, (max-width: 150px) 100vw, 150px\" \/><\/a>\n\t\t\t<\/dt><\/dl><dl class='gallery-item'>\n\t\t\t<dt class='gallery-icon landscape'>\n\t\t\t\t<a href='https:\/\/spolecznajedynka.pl\/sp\/osiagniecia\/xvii-festiwal-kolory-sceny\/attachment\/438162838_953788150085728_6433459747612491041_n\/'><img loading=\"lazy\" decoding=\"async\" width=\"150\" height=\"150\" src=\"https:\/\/spolecznajedynka.pl\/sp\/wp-content\/uploads\/sites\/3\/2024\/05\/438162838_953788150085728_6433459747612491041_n-150x150.jpg\" class=\"attachment-thumbnail size-thumbnail\" alt=\"\" srcset=\"https:\/\/spolecznajedynka.pl\/sp\/wp-content\/uploads\/sites\/3\/2024\/05\/438162838_953788150085728_6433459747612491041_n-150x150.jpg 150w, https:\/\/spolecznajedynka.pl\/sp\/wp-content\/uploads\/sites\/3\/2024\/05\/438162838_953788150085728_6433459747612491041_n-300x300.jpg 300w, https:\/\/spolecznajedynka.pl\/sp\/wp-content\/uploads\/sites\/3\/2024\/05\/438162838_953788150085728_6433459747612491041_n-1024x1024.jpg 1024w, https:\/\/spolecznajedynka.pl\/sp\/wp-content\/uploads\/sites\/3\/2024\/05\/438162838_953788150085728_6433459747612491041_n-768x768.jpg 768w, https:\/\/spolecznajedynka.pl\/sp\/wp-content\/uploads\/sites\/3\/2024\/05\/438162838_953788150085728_6433459747612491041_n.jpg 1200w\" sizes=\"auto, (max-width: 150px) 100vw, 150px\" \/><\/a>\n\t\t\t<\/dt><\/dl><dl class='gallery-item'>\n\t\t\t<dt class='gallery-icon landscape'>\n\t\t\t\t<a href='https:\/\/spolecznajedynka.pl\/sp\/osiagniecia\/xvii-festiwal-kolory-sceny\/attachment\/438099811_953788106752399_1410751109688810220_n\/'><img loading=\"lazy\" decoding=\"async\" width=\"150\" height=\"150\" src=\"https:\/\/spolecznajedynka.pl\/sp\/wp-content\/uploads\/sites\/3\/2024\/05\/438099811_953788106752399_1410751109688810220_n-150x150.jpg\" class=\"attachment-thumbnail size-thumbnail\" alt=\"\" srcset=\"https:\/\/spolecznajedynka.pl\/sp\/wp-content\/uploads\/sites\/3\/2024\/05\/438099811_953788106752399_1410751109688810220_n-150x150.jpg 150w, https:\/\/spolecznajedynka.pl\/sp\/wp-content\/uploads\/sites\/3\/2024\/05\/438099811_953788106752399_1410751109688810220_n-300x300.jpg 300w, https:\/\/spolecznajedynka.pl\/sp\/wp-content\/uploads\/sites\/3\/2024\/05\/438099811_953788106752399_1410751109688810220_n-1024x1024.jpg 1024w, https:\/\/spolecznajedynka.pl\/sp\/wp-content\/uploads\/sites\/3\/2024\/05\/438099811_953788106752399_1410751109688810220_n-768x768.jpg 768w, https:\/\/spolecznajedynka.pl\/sp\/wp-content\/uploads\/sites\/3\/2024\/05\/438099811_953788106752399_1410751109688810220_n.jpg 1200w\" sizes=\"auto, (max-width: 150px) 100vw, 150px\" \/><\/a>\n\t\t\t<\/dt><\/dl><br style=\"clear: both\" \/><dl class='gallery-item'>\n\t\t\t<dt class='gallery-icon landscape'>\n\t\t\t\t<a href='https:\/\/spolecznajedynka.pl\/sp\/osiagniecia\/xvii-festiwal-kolory-sceny\/attachment\/438127684_953788120085731_7136520403029569235_n\/'><img loading=\"lazy\" decoding=\"async\" width=\"150\" height=\"150\" src=\"https:\/\/spolecznajedynka.pl\/sp\/wp-content\/uploads\/sites\/3\/2024\/05\/438127684_953788120085731_7136520403029569235_n-150x150.jpg\" class=\"attachment-thumbnail size-thumbnail\" alt=\"\" srcset=\"https:\/\/spolecznajedynka.pl\/sp\/wp-content\/uploads\/sites\/3\/2024\/05\/438127684_953788120085731_7136520403029569235_n-150x150.jpg 150w, https:\/\/spolecznajedynka.pl\/sp\/wp-content\/uploads\/sites\/3\/2024\/05\/438127684_953788120085731_7136520403029569235_n-300x300.jpg 300w, https:\/\/spolecznajedynka.pl\/sp\/wp-content\/uploads\/sites\/3\/2024\/05\/438127684_953788120085731_7136520403029569235_n-1024x1024.jpg 1024w, https:\/\/spolecznajedynka.pl\/sp\/wp-content\/uploads\/sites\/3\/2024\/05\/438127684_953788120085731_7136520403029569235_n-768x768.jpg 768w, https:\/\/spolecznajedynka.pl\/sp\/wp-content\/uploads\/sites\/3\/2024\/05\/438127684_953788120085731_7136520403029569235_n.jpg 1200w\" sizes=\"auto, (max-width: 150px) 100vw, 150px\" \/><\/a>\n\t\t\t<\/dt><\/dl><dl class='gallery-item'>\n\t\t\t<dt class='gallery-icon landscape'>\n\t\t\t\t<a href='https:\/\/spolecznajedynka.pl\/sp\/osiagniecia\/xvii-festiwal-kolory-sceny\/attachment\/438060376_953787973419079_6212758730347967404_n\/'><img loading=\"lazy\" decoding=\"async\" width=\"150\" height=\"150\" src=\"https:\/\/spolecznajedynka.pl\/sp\/wp-content\/uploads\/sites\/3\/2024\/05\/438060376_953787973419079_6212758730347967404_n-150x150.jpg\" class=\"attachment-thumbnail size-thumbnail\" alt=\"\" srcset=\"https:\/\/spolecznajedynka.pl\/sp\/wp-content\/uploads\/sites\/3\/2024\/05\/438060376_953787973419079_6212758730347967404_n-150x150.jpg 150w, https:\/\/spolecznajedynka.pl\/sp\/wp-content\/uploads\/sites\/3\/2024\/05\/438060376_953787973419079_6212758730347967404_n-300x300.jpg 300w, https:\/\/spolecznajedynka.pl\/sp\/wp-content\/uploads\/sites\/3\/2024\/05\/438060376_953787973419079_6212758730347967404_n-1024x1024.jpg 1024w, https:\/\/spolecznajedynka.pl\/sp\/wp-content\/uploads\/sites\/3\/2024\/05\/438060376_953787973419079_6212758730347967404_n-768x768.jpg 768w, https:\/\/spolecznajedynka.pl\/sp\/wp-content\/uploads\/sites\/3\/2024\/05\/438060376_953787973419079_6212758730347967404_n.jpg 1200w\" sizes=\"auto, (max-width: 150px) 100vw, 150px\" \/><\/a>\n\t\t\t<\/dt><\/dl>\n\t\t\t<br style='clear: both' \/>\n\t\t<\/div>\n\n<\/div>\n<\/div>\n","protected":false},"excerpt":{"rendered":"<p>Zachwyt, aplauz i podziw dla dopracowanej w szczeg\u00f3\u0142ach choreografii. To reakcje na wyst\u0119p naszych uczni\u00f3w i uczennic w ramach XVII&#8230;<\/p>\n","protected":false},"author":2,"featured_media":2240,"comment_status":"closed","ping_status":"closed","sticky":false,"template":"","format":"standard","meta":{"_acf_changed":false,"footnotes":""},"categories":[11],"tags":[],"class_list":["post-2233","post","type-post","status-publish","format-standard","has-post-thumbnail","hentry","category-osiagniecia"],"acf":[],"yoast_head":"<!-- This site is optimized with the Yoast SEO plugin v27.4 - https:\/\/yoast.com\/product\/yoast-seo-wordpress\/ -->\n<title>XVII Festiwal Kolory Sceny - Szko\u0142a Podstawowa<\/title>\n<meta name=\"robots\" content=\"index, follow, max-snippet:-1, max-image-preview:large, max-video-preview:-1\" \/>\n<link rel=\"canonical\" href=\"https:\/\/spolecznajedynka.pl\/sp\/osiagniecia\/xvii-festiwal-kolory-sceny\/\" \/>\n<meta property=\"og:locale\" content=\"pl_PL\" \/>\n<meta property=\"og:type\" content=\"article\" \/>\n<meta property=\"og:title\" content=\"XVII Festiwal Kolory Sceny - Szko\u0142a Podstawowa\" \/>\n<meta property=\"og:description\" content=\"Zachwyt, aplauz i podziw dla dopracowanej w szczeg\u00f3\u0142ach choreografii. To reakcje na wyst\u0119p naszych uczni\u00f3w i uczennic w ramach XVII...\" \/>\n<meta property=\"og:url\" content=\"https:\/\/spolecznajedynka.pl\/sp\/osiagniecia\/xvii-festiwal-kolory-sceny\/\" \/>\n<meta property=\"og:site_name\" content=\"Szko\u0142a Podstawowa\" \/>\n<meta property=\"article:publisher\" content=\"https:\/\/www.facebook.com\/spolecznajedynkapoznan\/\" \/>\n<meta property=\"article:published_time\" content=\"2024-05-08T23:25:25+00:00\" \/>\n<meta property=\"article:modified_time\" content=\"2024-05-08T23:25:34+00:00\" \/>\n<meta property=\"og:image\" content=\"https:\/\/spolecznajedynka.pl\/sp\/wp-content\/uploads\/sites\/3\/2024\/05\/438162113_953842180080325_7460021226483833411_n.jpg\" \/>\n\t<meta property=\"og:image:width\" content=\"787\" \/>\n\t<meta property=\"og:image:height\" content=\"787\" \/>\n\t<meta property=\"og:image:type\" content=\"image\/jpeg\" \/>\n<meta name=\"author\" content=\"Admin Top\" \/>\n<meta name=\"twitter:card\" content=\"summary_large_image\" \/>\n<meta name=\"twitter:label1\" content=\"Napisane przez\" \/>\n\t<meta name=\"twitter:data1\" content=\"Admin Top\" \/>\n\t<meta name=\"twitter:label2\" content=\"Szacowany czas czytania\" \/>\n\t<meta name=\"twitter:data2\" content=\"2 minuty\" \/>\n<script type=\"application\/ld+json\" class=\"yoast-schema-graph\">{\"@context\":\"https:\\\/\\\/schema.org\",\"@graph\":[{\"@type\":\"Article\",\"@id\":\"https:\\\/\\\/spolecznajedynka.pl\\\/sp\\\/osiagniecia\\\/xvii-festiwal-kolory-sceny\\\/#article\",\"isPartOf\":{\"@id\":\"https:\\\/\\\/spolecznajedynka.pl\\\/sp\\\/osiagniecia\\\/xvii-festiwal-kolory-sceny\\\/\"},\"author\":{\"name\":\"Admin Top\",\"@id\":\"https:\\\/\\\/spolecznajedynka.pl\\\/sp\\\/#\\\/schema\\\/person\\\/2516201558d359d325ddfae4255a4356\"},\"headline\":\"XVII Festiwal Kolory Sceny\",\"datePublished\":\"2024-05-08T23:25:25+00:00\",\"dateModified\":\"2024-05-08T23:25:34+00:00\",\"mainEntityOfPage\":{\"@id\":\"https:\\\/\\\/spolecznajedynka.pl\\\/sp\\\/osiagniecia\\\/xvii-festiwal-kolory-sceny\\\/\"},\"wordCount\":305,\"publisher\":{\"@id\":\"https:\\\/\\\/spolecznajedynka.pl\\\/sp\\\/#organization\"},\"image\":{\"@id\":\"https:\\\/\\\/spolecznajedynka.pl\\\/sp\\\/osiagniecia\\\/xvii-festiwal-kolory-sceny\\\/#primaryimage\"},\"thumbnailUrl\":\"https:\\\/\\\/spolecznajedynka.pl\\\/sp\\\/wp-content\\\/uploads\\\/sites\\\/3\\\/2024\\\/05\\\/438162113_953842180080325_7460021226483833411_n.jpg\",\"articleSection\":[\"Osi\u0105gni\u0119cia\"],\"inLanguage\":\"pl-PL\"},{\"@type\":\"WebPage\",\"@id\":\"https:\\\/\\\/spolecznajedynka.pl\\\/sp\\\/osiagniecia\\\/xvii-festiwal-kolory-sceny\\\/\",\"url\":\"https:\\\/\\\/spolecznajedynka.pl\\\/sp\\\/osiagniecia\\\/xvii-festiwal-kolory-sceny\\\/\",\"name\":\"XVII Festiwal Kolory Sceny - Szko\u0142a Podstawowa\",\"isPartOf\":{\"@id\":\"https:\\\/\\\/spolecznajedynka.pl\\\/sp\\\/#website\"},\"primaryImageOfPage\":{\"@id\":\"https:\\\/\\\/spolecznajedynka.pl\\\/sp\\\/osiagniecia\\\/xvii-festiwal-kolory-sceny\\\/#primaryimage\"},\"image\":{\"@id\":\"https:\\\/\\\/spolecznajedynka.pl\\\/sp\\\/osiagniecia\\\/xvii-festiwal-kolory-sceny\\\/#primaryimage\"},\"thumbnailUrl\":\"https:\\\/\\\/spolecznajedynka.pl\\\/sp\\\/wp-content\\\/uploads\\\/sites\\\/3\\\/2024\\\/05\\\/438162113_953842180080325_7460021226483833411_n.jpg\",\"datePublished\":\"2024-05-08T23:25:25+00:00\",\"dateModified\":\"2024-05-08T23:25:34+00:00\",\"breadcrumb\":{\"@id\":\"https:\\\/\\\/spolecznajedynka.pl\\\/sp\\\/osiagniecia\\\/xvii-festiwal-kolory-sceny\\\/#breadcrumb\"},\"inLanguage\":\"pl-PL\",\"potentialAction\":[{\"@type\":\"ReadAction\",\"target\":[\"https:\\\/\\\/spolecznajedynka.pl\\\/sp\\\/osiagniecia\\\/xvii-festiwal-kolory-sceny\\\/\"]}]},{\"@type\":\"ImageObject\",\"inLanguage\":\"pl-PL\",\"@id\":\"https:\\\/\\\/spolecznajedynka.pl\\\/sp\\\/osiagniecia\\\/xvii-festiwal-kolory-sceny\\\/#primaryimage\",\"url\":\"https:\\\/\\\/spolecznajedynka.pl\\\/sp\\\/wp-content\\\/uploads\\\/sites\\\/3\\\/2024\\\/05\\\/438162113_953842180080325_7460021226483833411_n.jpg\",\"contentUrl\":\"https:\\\/\\\/spolecznajedynka.pl\\\/sp\\\/wp-content\\\/uploads\\\/sites\\\/3\\\/2024\\\/05\\\/438162113_953842180080325_7460021226483833411_n.jpg\",\"width\":787,\"height\":787},{\"@type\":\"BreadcrumbList\",\"@id\":\"https:\\\/\\\/spolecznajedynka.pl\\\/sp\\\/osiagniecia\\\/xvii-festiwal-kolory-sceny\\\/#breadcrumb\",\"itemListElement\":[{\"@type\":\"ListItem\",\"position\":1,\"name\":\"Strona g\u0142\u00f3wna\",\"item\":\"https:\\\/\\\/spolecznajedynka.pl\\\/sp\\\/\"},{\"@type\":\"ListItem\",\"position\":2,\"name\":\"Osi\u0105gni\u0119cia\",\"item\":\"https:\\\/\\\/spolecznajedynka.pl\\\/sp\\\/k\\\/osiagniecia\\\/\"},{\"@type\":\"ListItem\",\"position\":3,\"name\":\"XVII Festiwal Kolory Sceny\"}]},{\"@type\":\"WebSite\",\"@id\":\"https:\\\/\\\/spolecznajedynka.pl\\\/sp\\\/#website\",\"url\":\"https:\\\/\\\/spolecznajedynka.pl\\\/sp\\\/\",\"name\":\"Szko\u0142a Podstawowa Spo\u0142eczna Jedynka Pozna\u0144\",\"description\":\"\",\"publisher\":{\"@id\":\"https:\\\/\\\/spolecznajedynka.pl\\\/sp\\\/#organization\"},\"potentialAction\":[{\"@type\":\"SearchAction\",\"target\":{\"@type\":\"EntryPoint\",\"urlTemplate\":\"https:\\\/\\\/spolecznajedynka.pl\\\/sp\\\/?s={search_term_string}\"},\"query-input\":{\"@type\":\"PropertyValueSpecification\",\"valueRequired\":true,\"valueName\":\"search_term_string\"}}],\"inLanguage\":\"pl-PL\"},{\"@type\":\"Organization\",\"@id\":\"https:\\\/\\\/spolecznajedynka.pl\\\/sp\\\/#organization\",\"name\":\"Szko\u0142a Podstawowa Spo\u0142eczna Jedynka Pozna\u0144\",\"url\":\"https:\\\/\\\/spolecznajedynka.pl\\\/sp\\\/\",\"logo\":{\"@type\":\"ImageObject\",\"inLanguage\":\"pl-PL\",\"@id\":\"https:\\\/\\\/spolecznajedynka.pl\\\/sp\\\/#\\\/schema\\\/logo\\\/image\\\/\",\"url\":\"https:\\\/\\\/spolecznajedynka.pl\\\/sp\\\/wp-content\\\/uploads\\\/sites\\\/3\\\/2023\\\/10\\\/logo.png\",\"contentUrl\":\"https:\\\/\\\/spolecznajedynka.pl\\\/sp\\\/wp-content\\\/uploads\\\/sites\\\/3\\\/2023\\\/10\\\/logo.png\",\"width\":75,\"height\":124,\"caption\":\"Szko\u0142a Podstawowa Spo\u0142eczna Jedynka Pozna\u0144\"},\"image\":{\"@id\":\"https:\\\/\\\/spolecznajedynka.pl\\\/sp\\\/#\\\/schema\\\/logo\\\/image\\\/\"},\"sameAs\":[\"https:\\\/\\\/www.facebook.com\\\/spolecznajedynkapoznan\\\/\",\"https:\\\/\\\/www.instagram.com\\\/spolecznajedynka\\\/\"]},{\"@type\":\"Person\",\"@id\":\"https:\\\/\\\/spolecznajedynka.pl\\\/sp\\\/#\\\/schema\\\/person\\\/2516201558d359d325ddfae4255a4356\",\"name\":\"Admin Top\",\"image\":{\"@type\":\"ImageObject\",\"inLanguage\":\"pl-PL\",\"@id\":\"https:\\\/\\\/secure.gravatar.com\\\/avatar\\\/4faaedc4afabcd882aed6427c06dd9449a4ac635efb8f231a3e4f729e70f1cad?s=96&d=mm&r=g\",\"url\":\"https:\\\/\\\/secure.gravatar.com\\\/avatar\\\/4faaedc4afabcd882aed6427c06dd9449a4ac635efb8f231a3e4f729e70f1cad?s=96&d=mm&r=g\",\"contentUrl\":\"https:\\\/\\\/secure.gravatar.com\\\/avatar\\\/4faaedc4afabcd882aed6427c06dd9449a4ac635efb8f231a3e4f729e70f1cad?s=96&d=mm&r=g\",\"caption\":\"Admin Top\"}}]}<\/script>\n<!-- \/ Yoast SEO plugin. -->","yoast_head_json":{"title":"XVII Festiwal Kolory Sceny - Szko\u0142a Podstawowa","robots":{"index":"index","follow":"follow","max-snippet":"max-snippet:-1","max-image-preview":"max-image-preview:large","max-video-preview":"max-video-preview:-1"},"canonical":"https:\/\/spolecznajedynka.pl\/sp\/osiagniecia\/xvii-festiwal-kolory-sceny\/","og_locale":"pl_PL","og_type":"article","og_title":"XVII Festiwal Kolory Sceny - Szko\u0142a Podstawowa","og_description":"Zachwyt, aplauz i podziw dla dopracowanej w szczeg\u00f3\u0142ach choreografii. To reakcje na wyst\u0119p naszych uczni\u00f3w i uczennic w ramach XVII...","og_url":"https:\/\/spolecznajedynka.pl\/sp\/osiagniecia\/xvii-festiwal-kolory-sceny\/","og_site_name":"Szko\u0142a Podstawowa","article_publisher":"https:\/\/www.facebook.com\/spolecznajedynkapoznan\/","article_published_time":"2024-05-08T23:25:25+00:00","article_modified_time":"2024-05-08T23:25:34+00:00","og_image":[{"width":787,"height":787,"url":"https:\/\/spolecznajedynka.pl\/sp\/wp-content\/uploads\/sites\/3\/2024\/05\/438162113_953842180080325_7460021226483833411_n.jpg","type":"image\/jpeg"}],"author":"Admin Top","twitter_card":"summary_large_image","twitter_misc":{"Napisane przez":"Admin Top","Szacowany czas czytania":"2 minuty"},"schema":{"@context":"https:\/\/schema.org","@graph":[{"@type":"Article","@id":"https:\/\/spolecznajedynka.pl\/sp\/osiagniecia\/xvii-festiwal-kolory-sceny\/#article","isPartOf":{"@id":"https:\/\/spolecznajedynka.pl\/sp\/osiagniecia\/xvii-festiwal-kolory-sceny\/"},"author":{"name":"Admin Top","@id":"https:\/\/spolecznajedynka.pl\/sp\/#\/schema\/person\/2516201558d359d325ddfae4255a4356"},"headline":"XVII Festiwal Kolory Sceny","datePublished":"2024-05-08T23:25:25+00:00","dateModified":"2024-05-08T23:25:34+00:00","mainEntityOfPage":{"@id":"https:\/\/spolecznajedynka.pl\/sp\/osiagniecia\/xvii-festiwal-kolory-sceny\/"},"wordCount":305,"publisher":{"@id":"https:\/\/spolecznajedynka.pl\/sp\/#organization"},"image":{"@id":"https:\/\/spolecznajedynka.pl\/sp\/osiagniecia\/xvii-festiwal-kolory-sceny\/#primaryimage"},"thumbnailUrl":"https:\/\/spolecznajedynka.pl\/sp\/wp-content\/uploads\/sites\/3\/2024\/05\/438162113_953842180080325_7460021226483833411_n.jpg","articleSection":["Osi\u0105gni\u0119cia"],"inLanguage":"pl-PL"},{"@type":"WebPage","@id":"https:\/\/spolecznajedynka.pl\/sp\/osiagniecia\/xvii-festiwal-kolory-sceny\/","url":"https:\/\/spolecznajedynka.pl\/sp\/osiagniecia\/xvii-festiwal-kolory-sceny\/","name":"XVII Festiwal Kolory Sceny - Szko\u0142a Podstawowa","isPartOf":{"@id":"https:\/\/spolecznajedynka.pl\/sp\/#website"},"primaryImageOfPage":{"@id":"https:\/\/spolecznajedynka.pl\/sp\/osiagniecia\/xvii-festiwal-kolory-sceny\/#primaryimage"},"image":{"@id":"https:\/\/spolecznajedynka.pl\/sp\/osiagniecia\/xvii-festiwal-kolory-sceny\/#primaryimage"},"thumbnailUrl":"https:\/\/spolecznajedynka.pl\/sp\/wp-content\/uploads\/sites\/3\/2024\/05\/438162113_953842180080325_7460021226483833411_n.jpg","datePublished":"2024-05-08T23:25:25+00:00","dateModified":"2024-05-08T23:25:34+00:00","breadcrumb":{"@id":"https:\/\/spolecznajedynka.pl\/sp\/osiagniecia\/xvii-festiwal-kolory-sceny\/#breadcrumb"},"inLanguage":"pl-PL","potentialAction":[{"@type":"ReadAction","target":["https:\/\/spolecznajedynka.pl\/sp\/osiagniecia\/xvii-festiwal-kolory-sceny\/"]}]},{"@type":"ImageObject","inLanguage":"pl-PL","@id":"https:\/\/spolecznajedynka.pl\/sp\/osiagniecia\/xvii-festiwal-kolory-sceny\/#primaryimage","url":"https:\/\/spolecznajedynka.pl\/sp\/wp-content\/uploads\/sites\/3\/2024\/05\/438162113_953842180080325_7460021226483833411_n.jpg","contentUrl":"https:\/\/spolecznajedynka.pl\/sp\/wp-content\/uploads\/sites\/3\/2024\/05\/438162113_953842180080325_7460021226483833411_n.jpg","width":787,"height":787},{"@type":"BreadcrumbList","@id":"https:\/\/spolecznajedynka.pl\/sp\/osiagniecia\/xvii-festiwal-kolory-sceny\/#breadcrumb","itemListElement":[{"@type":"ListItem","position":1,"name":"Strona g\u0142\u00f3wna","item":"https:\/\/spolecznajedynka.pl\/sp\/"},{"@type":"ListItem","position":2,"name":"Osi\u0105gni\u0119cia","item":"https:\/\/spolecznajedynka.pl\/sp\/k\/osiagniecia\/"},{"@type":"ListItem","position":3,"name":"XVII Festiwal Kolory Sceny"}]},{"@type":"WebSite","@id":"https:\/\/spolecznajedynka.pl\/sp\/#website","url":"https:\/\/spolecznajedynka.pl\/sp\/","name":"Szko\u0142a Podstawowa Spo\u0142eczna Jedynka Pozna\u0144","description":"","publisher":{"@id":"https:\/\/spolecznajedynka.pl\/sp\/#organization"},"potentialAction":[{"@type":"SearchAction","target":{"@type":"EntryPoint","urlTemplate":"https:\/\/spolecznajedynka.pl\/sp\/?s={search_term_string}"},"query-input":{"@type":"PropertyValueSpecification","valueRequired":true,"valueName":"search_term_string"}}],"inLanguage":"pl-PL"},{"@type":"Organization","@id":"https:\/\/spolecznajedynka.pl\/sp\/#organization","name":"Szko\u0142a Podstawowa Spo\u0142eczna Jedynka Pozna\u0144","url":"https:\/\/spolecznajedynka.pl\/sp\/","logo":{"@type":"ImageObject","inLanguage":"pl-PL","@id":"https:\/\/spolecznajedynka.pl\/sp\/#\/schema\/logo\/image\/","url":"https:\/\/spolecznajedynka.pl\/sp\/wp-content\/uploads\/sites\/3\/2023\/10\/logo.png","contentUrl":"https:\/\/spolecznajedynka.pl\/sp\/wp-content\/uploads\/sites\/3\/2023\/10\/logo.png","width":75,"height":124,"caption":"Szko\u0142a Podstawowa Spo\u0142eczna Jedynka Pozna\u0144"},"image":{"@id":"https:\/\/spolecznajedynka.pl\/sp\/#\/schema\/logo\/image\/"},"sameAs":["https:\/\/www.facebook.com\/spolecznajedynkapoznan\/","https:\/\/www.instagram.com\/spolecznajedynka\/"]},{"@type":"Person","@id":"https:\/\/spolecznajedynka.pl\/sp\/#\/schema\/person\/2516201558d359d325ddfae4255a4356","name":"Admin Top","image":{"@type":"ImageObject","inLanguage":"pl-PL","@id":"https:\/\/secure.gravatar.com\/avatar\/4faaedc4afabcd882aed6427c06dd9449a4ac635efb8f231a3e4f729e70f1cad?s=96&d=mm&r=g","url":"https:\/\/secure.gravatar.com\/avatar\/4faaedc4afabcd882aed6427c06dd9449a4ac635efb8f231a3e4f729e70f1cad?s=96&d=mm&r=g","contentUrl":"https:\/\/secure.gravatar.com\/avatar\/4faaedc4afabcd882aed6427c06dd9449a4ac635efb8f231a3e4f729e70f1cad?s=96&d=mm&r=g","caption":"Admin Top"}}]}},"_links":{"self":[{"href":"https:\/\/spolecznajedynka.pl\/sp\/wp-json\/wp\/v2\/posts\/2233","targetHints":{"allow":["GET"]}}],"collection":[{"href":"https:\/\/spolecznajedynka.pl\/sp\/wp-json\/wp\/v2\/posts"}],"about":[{"href":"https:\/\/spolecznajedynka.pl\/sp\/wp-json\/wp\/v2\/types\/post"}],"author":[{"embeddable":true,"href":"https:\/\/spolecznajedynka.pl\/sp\/wp-json\/wp\/v2\/users\/2"}],"replies":[{"embeddable":true,"href":"https:\/\/spolecznajedynka.pl\/sp\/wp-json\/wp\/v2\/comments?post=2233"}],"version-history":[{"count":2,"href":"https:\/\/spolecznajedynka.pl\/sp\/wp-json\/wp\/v2\/posts\/2233\/revisions"}],"predecessor-version":[{"id":2243,"href":"https:\/\/spolecznajedynka.pl\/sp\/wp-json\/wp\/v2\/posts\/2233\/revisions\/2243"}],"wp:featuredmedia":[{"embeddable":true,"href":"https:\/\/spolecznajedynka.pl\/sp\/wp-json\/wp\/v2\/media\/2240"}],"wp:attachment":[{"href":"https:\/\/spolecznajedynka.pl\/sp\/wp-json\/wp\/v2\/media?parent=2233"}],"wp:term":[{"taxonomy":"category","embeddable":true,"href":"https:\/\/spolecznajedynka.pl\/sp\/wp-json\/wp\/v2\/categories?post=2233"},{"taxonomy":"post_tag","embeddable":true,"href":"https:\/\/spolecznajedynka.pl\/sp\/wp-json\/wp\/v2\/tags?post=2233"}],"curies":[{"name":"wp","href":"https:\/\/api.w.org\/{rel}","templated":true}]}}