{"id":1562,"date":"2023-12-20T22:02:11","date_gmt":"2023-12-20T21:02:11","guid":{"rendered":"https:\/\/spolecznajedynka.pl\/sp\/?p=1562"},"modified":"2023-12-20T22:02:11","modified_gmt":"2023-12-20T21:02:11","slug":"betlejemskie-swiatlo-pokoju","status":"publish","type":"post","link":"https:\/\/spolecznajedynka.pl\/sp\/poza-lekcjami\/betlejemskie-swiatlo-pokoju\/","title":{"rendered":"Betlejemskie \u015awiat\u0142o Pokoju"},"content":{"rendered":"<div class=\"\" data-block=\"true\" data-editor=\"fj59n\" data-offset-key=\"76b33-0-0\"><\/div>\n<div class=\"\" data-block=\"true\" data-editor=\"fj59n\" data-offset-key=\"ftvn8-0-0\">\n<div class=\"_1mf _1mj\" data-offset-key=\"ftvn8-0-0\"><strong>Tu\u017c przed najkr\u00f3tszym dniem w roku dotar\u0142 do nas by\u0107 mo\u017ce najpi\u0119kniejszy symbol nadchodz\u0105cego Bo\u017cego Narodzenia!\u00a0<\/strong><\/div>\n<\/div>\n<div class=\"\" data-block=\"true\" data-editor=\"fj59n\" data-offset-key=\"gqms-0-0\">\n<div class=\"_1mf _1mj\" data-offset-key=\"gqms-0-0\"><span data-offset-key=\"gqms-0-0\">\u00a0<\/span><\/div>\n<\/div>\n<div class=\"\" data-block=\"true\" data-editor=\"fj59n\" data-offset-key=\"a8sf6-0-0\">\n<div class=\"_1mf _1mj\" data-offset-key=\"a8sf6-0-0\"><span data-offset-key=\"a8sf6-0-0\">We wtorek, 19 grudnia, harcerka ZHP przynios\u0142a do naszej szko\u0142y Betlejemskie \u015awiat\u0142o Pokoju.\u00a0<\/span><\/div>\n<\/div>\n<div class=\"\" data-block=\"true\" data-editor=\"fj59n\" data-offset-key=\"1iv15-0-0\">\n<div class=\"_1mf _1mj\" data-offset-key=\"1iv15-0-0\"><span data-offset-key=\"1iv15-0-0\">W jego uroczystym przekazaniu uczestniczy\u0142y klasy 3b i 7b, pan wicedyrektor Krzysztof Kulikowski, pani Beata Rosi\u0144ska i ks. Jan Markowski, kt\u00f3ry by\u0142 inicjatorem ca\u0142ego wydarzenia.\u00a0<\/span><\/div>\n<\/div>\n<div class=\"\" data-block=\"true\" data-editor=\"fj59n\" data-offset-key=\"eq57a-0-0\">\n<div class=\"_1mf _1mj\" data-offset-key=\"eq57a-0-0\"><\/div>\n<\/div>\n<div class=\"\" data-block=\"true\" data-editor=\"fj59n\" data-offset-key=\"3n0rt-0-0\">\n<div class=\"_1mf _1mj\" data-offset-key=\"3n0rt-0-0\"><span data-offset-key=\"3n0rt-0-0\">Zapraszamy do przynoszenia w\u0142asnych lampion\u00f3w, cz\u0119stowania si\u0119 \u015bwiat\u0142em i zanoszenia do domu!\u00a0<\/span><\/div>\n<\/div>\n<div data-offset-key=\"3n0rt-0-0\"><\/div>\n<div data-offset-key=\"3n0rt-0-0\">\n\n\t\t<style type=\"text\/css\">\n\t\t\t#gallery-1 {\n\t\t\t\tmargin: auto;\n\t\t\t}\n\t\t\t#gallery-1 .gallery-item {\n\t\t\t\tfloat: left;\n\t\t\t\tmargin-top: 10px;\n\t\t\t\ttext-align: center;\n\t\t\t\twidth: 33%;\n\t\t\t}\n\t\t\t#gallery-1 img {\n\t\t\t\tborder: 2px solid #cfcfcf;\n\t\t\t}\n\t\t\t#gallery-1 .gallery-caption {\n\t\t\t\tmargin-left: 0;\n\t\t\t}\n\t\t\t\/* see gallery_shortcode() in wp-includes\/media.php *\/\n\t\t<\/style>\n\t\t<div id='gallery-1' class='gallery galleryid-1562 gallery-columns-3 gallery-size-thumbnail'><dl class='gallery-item'>\n\t\t\t<dt class='gallery-icon landscape'>\n\t\t\t\t<a href='https:\/\/spolecznajedynka.pl\/sp\/poza-lekcjami\/betlejemskie-swiatlo-pokoju\/attachment\/411058320_852457950218749_2135948358592930593_n\/'><img loading=\"lazy\" decoding=\"async\" width=\"150\" height=\"150\" src=\"https:\/\/spolecznajedynka.pl\/sp\/wp-content\/uploads\/sites\/3\/2023\/12\/411058320_852457950218749_2135948358592930593_n-150x150.jpg\" class=\"attachment-thumbnail size-thumbnail\" alt=\"\" \/><\/a>\n\t\t\t<\/dt><\/dl><dl class='gallery-item'>\n\t\t\t<dt class='gallery-icon landscape'>\n\t\t\t\t<a href='https:\/\/spolecznajedynka.pl\/sp\/poza-lekcjami\/betlejemskie-swiatlo-pokoju\/attachment\/410996647_852458423552035_1777305830961047554_n\/'><img loading=\"lazy\" decoding=\"async\" width=\"150\" height=\"150\" src=\"https:\/\/spolecznajedynka.pl\/sp\/wp-content\/uploads\/sites\/3\/2023\/12\/410996647_852458423552035_1777305830961047554_n-150x150.jpg\" class=\"attachment-thumbnail size-thumbnail\" alt=\"\" \/><\/a>\n\t\t\t<\/dt><\/dl><dl class='gallery-item'>\n\t\t\t<dt class='gallery-icon landscape'>\n\t\t\t\t<a href='https:\/\/spolecznajedynka.pl\/sp\/poza-lekcjami\/betlejemskie-swiatlo-pokoju\/attachment\/410981572_852458223552055_5041609617265151974_n\/'><img loading=\"lazy\" decoding=\"async\" width=\"150\" height=\"150\" src=\"https:\/\/spolecznajedynka.pl\/sp\/wp-content\/uploads\/sites\/3\/2023\/12\/410981572_852458223552055_5041609617265151974_n-150x150.jpg\" class=\"attachment-thumbnail size-thumbnail\" alt=\"\" \/><\/a>\n\t\t\t<\/dt><\/dl><br style=\"clear: both\" \/><dl class='gallery-item'>\n\t\t\t<dt class='gallery-icon landscape'>\n\t\t\t\t<a href='https:\/\/spolecznajedynka.pl\/sp\/poza-lekcjami\/betlejemskie-swiatlo-pokoju\/attachment\/410996668_852458253552052_2369861729229838984_n\/'><img loading=\"lazy\" decoding=\"async\" width=\"150\" height=\"150\" src=\"https:\/\/spolecznajedynka.pl\/sp\/wp-content\/uploads\/sites\/3\/2023\/12\/410996668_852458253552052_2369861729229838984_n-150x150.jpg\" class=\"attachment-thumbnail size-thumbnail\" alt=\"\" \/><\/a>\n\t\t\t<\/dt><\/dl><dl class='gallery-item'>\n\t\t\t<dt class='gallery-icon landscape'>\n\t\t\t\t<a href='https:\/\/spolecznajedynka.pl\/sp\/poza-lekcjami\/betlejemskie-swiatlo-pokoju\/attachment\/411055706_852457816885429_4741961076742030861_n\/'><img loading=\"lazy\" decoding=\"async\" width=\"150\" height=\"150\" src=\"https:\/\/spolecznajedynka.pl\/sp\/wp-content\/uploads\/sites\/3\/2023\/12\/411055706_852457816885429_4741961076742030861_n-150x150.jpg\" class=\"attachment-thumbnail size-thumbnail\" alt=\"\" \/><\/a>\n\t\t\t<\/dt><\/dl><dl class='gallery-item'>\n\t\t\t<dt class='gallery-icon landscape'>\n\t\t\t\t<a href='https:\/\/spolecznajedynka.pl\/sp\/poza-lekcjami\/betlejemskie-swiatlo-pokoju\/attachment\/410979560_852457443552133_2228124681616250487_n\/'><img loading=\"lazy\" decoding=\"async\" width=\"150\" height=\"150\" src=\"https:\/\/spolecznajedynka.pl\/sp\/wp-content\/uploads\/sites\/3\/2023\/12\/410979560_852457443552133_2228124681616250487_n-150x150.jpg\" class=\"attachment-thumbnail size-thumbnail\" alt=\"\" \/><\/a>\n\t\t\t<\/dt><\/dl><br style=\"clear: both\" \/><dl class='gallery-item'>\n\t\t\t<dt class='gallery-icon landscape'>\n\t\t\t\t<a href='https:\/\/spolecznajedynka.pl\/sp\/poza-lekcjami\/betlejemskie-swiatlo-pokoju\/attachment\/411055972_852457990218745_6915547864547118873_n\/'><img loading=\"lazy\" decoding=\"async\" width=\"150\" height=\"150\" src=\"https:\/\/spolecznajedynka.pl\/sp\/wp-content\/uploads\/sites\/3\/2023\/12\/411055972_852457990218745_6915547864547118873_n-150x150.jpg\" class=\"attachment-thumbnail size-thumbnail\" alt=\"\" \/><\/a>\n\t\t\t<\/dt><\/dl>\n\t\t\t<br style='clear: both' \/>\n\t\t<\/div>\n\n<\/div>\n","protected":false},"excerpt":{"rendered":"<p>Tu\u017c przed najkr\u00f3tszym dniem w roku dotar\u0142 do nas by\u0107 mo\u017ce najpi\u0119kniejszy symbol nadchodz\u0105cego Bo\u017cego Narodzenia!\u00a0 \u00a0 We wtorek, 19&#8230;<\/p>\n","protected":false},"author":2,"featured_media":0,"comment_status":"closed","ping_status":"closed","sticky":false,"template":"","format":"standard","meta":{"_acf_changed":false,"footnotes":""},"categories":[10],"tags":[],"class_list":["post-1562","post","type-post","status-publish","format-standard","hentry","category-poza-lekcjami"],"acf":[],"yoast_head":"<!-- This site is optimized with the Yoast SEO plugin v27.4 - https:\/\/yoast.com\/product\/yoast-seo-wordpress\/ -->\n<title>Betlejemskie \u015awiat\u0142o Pokoju - Szko\u0142a Podstawowa<\/title>\n<meta name=\"robots\" content=\"index, follow, max-snippet:-1, max-image-preview:large, max-video-preview:-1\" \/>\n<link rel=\"canonical\" href=\"https:\/\/spolecznajedynka.pl\/sp\/poza-lekcjami\/betlejemskie-swiatlo-pokoju\/\" \/>\n<meta property=\"og:locale\" content=\"pl_PL\" \/>\n<meta property=\"og:type\" content=\"article\" \/>\n<meta property=\"og:title\" content=\"Betlejemskie \u015awiat\u0142o Pokoju - Szko\u0142a Podstawowa\" \/>\n<meta property=\"og:description\" content=\"Tu\u017c przed najkr\u00f3tszym dniem w roku dotar\u0142 do nas by\u0107 mo\u017ce najpi\u0119kniejszy symbol nadchodz\u0105cego Bo\u017cego Narodzenia!\u00a0 \u00a0 We wtorek, 19...\" \/>\n<meta property=\"og:url\" content=\"https:\/\/spolecznajedynka.pl\/sp\/poza-lekcjami\/betlejemskie-swiatlo-pokoju\/\" \/>\n<meta property=\"og:site_name\" content=\"Szko\u0142a Podstawowa\" \/>\n<meta property=\"article:publisher\" content=\"https:\/\/www.facebook.com\/spolecznajedynkapoznan\/\" \/>\n<meta property=\"article:published_time\" content=\"2023-12-20T21:02:11+00:00\" \/>\n<meta property=\"og:image\" content=\"https:\/\/spolecznajedynka.pl\/sp\/wp-content\/uploads\/sites\/3\/2023\/12\/411058320_852457950218749_2135948358592930593_n-150x150.jpg\" \/>\n<meta name=\"author\" content=\"Admin Top\" \/>\n<meta name=\"twitter:card\" content=\"summary_large_image\" \/>\n<meta name=\"twitter:label1\" content=\"Napisane przez\" \/>\n\t<meta name=\"twitter:data1\" content=\"Admin Top\" \/>\n\t<meta name=\"twitter:label2\" content=\"Szacowany czas czytania\" \/>\n\t<meta name=\"twitter:data2\" content=\"1 minuta\" \/>\n<script type=\"application\/ld+json\" class=\"yoast-schema-graph\">{\"@context\":\"https:\\\/\\\/schema.org\",\"@graph\":[{\"@type\":\"Article\",\"@id\":\"https:\\\/\\\/spolecznajedynka.pl\\\/sp\\\/poza-lekcjami\\\/betlejemskie-swiatlo-pokoju\\\/#article\",\"isPartOf\":{\"@id\":\"https:\\\/\\\/spolecznajedynka.pl\\\/sp\\\/poza-lekcjami\\\/betlejemskie-swiatlo-pokoju\\\/\"},\"author\":{\"name\":\"Admin Top\",\"@id\":\"https:\\\/\\\/spolecznajedynka.pl\\\/sp\\\/#\\\/schema\\\/person\\\/2516201558d359d325ddfae4255a4356\"},\"headline\":\"Betlejemskie \u015awiat\u0142o Pokoju\",\"datePublished\":\"2023-12-20T21:02:11+00:00\",\"mainEntityOfPage\":{\"@id\":\"https:\\\/\\\/spolecznajedynka.pl\\\/sp\\\/poza-lekcjami\\\/betlejemskie-swiatlo-pokoju\\\/\"},\"wordCount\":87,\"publisher\":{\"@id\":\"https:\\\/\\\/spolecznajedynka.pl\\\/sp\\\/#organization\"},\"articleSection\":[\"Poza lekcjami\"],\"inLanguage\":\"pl-PL\"},{\"@type\":\"WebPage\",\"@id\":\"https:\\\/\\\/spolecznajedynka.pl\\\/sp\\\/poza-lekcjami\\\/betlejemskie-swiatlo-pokoju\\\/\",\"url\":\"https:\\\/\\\/spolecznajedynka.pl\\\/sp\\\/poza-lekcjami\\\/betlejemskie-swiatlo-pokoju\\\/\",\"name\":\"Betlejemskie \u015awiat\u0142o Pokoju - Szko\u0142a Podstawowa\",\"isPartOf\":{\"@id\":\"https:\\\/\\\/spolecznajedynka.pl\\\/sp\\\/#website\"},\"datePublished\":\"2023-12-20T21:02:11+00:00\",\"breadcrumb\":{\"@id\":\"https:\\\/\\\/spolecznajedynka.pl\\\/sp\\\/poza-lekcjami\\\/betlejemskie-swiatlo-pokoju\\\/#breadcrumb\"},\"inLanguage\":\"pl-PL\",\"potentialAction\":[{\"@type\":\"ReadAction\",\"target\":[\"https:\\\/\\\/spolecznajedynka.pl\\\/sp\\\/poza-lekcjami\\\/betlejemskie-swiatlo-pokoju\\\/\"]}]},{\"@type\":\"BreadcrumbList\",\"@id\":\"https:\\\/\\\/spolecznajedynka.pl\\\/sp\\\/poza-lekcjami\\\/betlejemskie-swiatlo-pokoju\\\/#breadcrumb\",\"itemListElement\":[{\"@type\":\"ListItem\",\"position\":1,\"name\":\"Strona g\u0142\u00f3wna\",\"item\":\"https:\\\/\\\/spolecznajedynka.pl\\\/sp\\\/\"},{\"@type\":\"ListItem\",\"position\":2,\"name\":\"Poza lekcjami\",\"item\":\"https:\\\/\\\/spolecznajedynka.pl\\\/sp\\\/k\\\/poza-lekcjami\\\/\"},{\"@type\":\"ListItem\",\"position\":3,\"name\":\"Betlejemskie \u015awiat\u0142o Pokoju\"}]},{\"@type\":\"WebSite\",\"@id\":\"https:\\\/\\\/spolecznajedynka.pl\\\/sp\\\/#website\",\"url\":\"https:\\\/\\\/spolecznajedynka.pl\\\/sp\\\/\",\"name\":\"Szko\u0142a Podstawowa Spo\u0142eczna Jedynka Pozna\u0144\",\"description\":\"\",\"publisher\":{\"@id\":\"https:\\\/\\\/spolecznajedynka.pl\\\/sp\\\/#organization\"},\"potentialAction\":[{\"@type\":\"SearchAction\",\"target\":{\"@type\":\"EntryPoint\",\"urlTemplate\":\"https:\\\/\\\/spolecznajedynka.pl\\\/sp\\\/?s={search_term_string}\"},\"query-input\":{\"@type\":\"PropertyValueSpecification\",\"valueRequired\":true,\"valueName\":\"search_term_string\"}}],\"inLanguage\":\"pl-PL\"},{\"@type\":\"Organization\",\"@id\":\"https:\\\/\\\/spolecznajedynka.pl\\\/sp\\\/#organization\",\"name\":\"Szko\u0142a Podstawowa Spo\u0142eczna Jedynka Pozna\u0144\",\"url\":\"https:\\\/\\\/spolecznajedynka.pl\\\/sp\\\/\",\"logo\":{\"@type\":\"ImageObject\",\"inLanguage\":\"pl-PL\",\"@id\":\"https:\\\/\\\/spolecznajedynka.pl\\\/sp\\\/#\\\/schema\\\/logo\\\/image\\\/\",\"url\":\"https:\\\/\\\/spolecznajedynka.pl\\\/sp\\\/wp-content\\\/uploads\\\/sites\\\/3\\\/2023\\\/10\\\/logo.png\",\"contentUrl\":\"https:\\\/\\\/spolecznajedynka.pl\\\/sp\\\/wp-content\\\/uploads\\\/sites\\\/3\\\/2023\\\/10\\\/logo.png\",\"width\":75,\"height\":124,\"caption\":\"Szko\u0142a Podstawowa Spo\u0142eczna Jedynka Pozna\u0144\"},\"image\":{\"@id\":\"https:\\\/\\\/spolecznajedynka.pl\\\/sp\\\/#\\\/schema\\\/logo\\\/image\\\/\"},\"sameAs\":[\"https:\\\/\\\/www.facebook.com\\\/spolecznajedynkapoznan\\\/\",\"https:\\\/\\\/www.instagram.com\\\/spolecznajedynka\\\/\"]},{\"@type\":\"Person\",\"@id\":\"https:\\\/\\\/spolecznajedynka.pl\\\/sp\\\/#\\\/schema\\\/person\\\/2516201558d359d325ddfae4255a4356\",\"name\":\"Admin Top\",\"image\":{\"@type\":\"ImageObject\",\"inLanguage\":\"pl-PL\",\"@id\":\"https:\\\/\\\/secure.gravatar.com\\\/avatar\\\/4faaedc4afabcd882aed6427c06dd9449a4ac635efb8f231a3e4f729e70f1cad?s=96&d=mm&r=g\",\"url\":\"https:\\\/\\\/secure.gravatar.com\\\/avatar\\\/4faaedc4afabcd882aed6427c06dd9449a4ac635efb8f231a3e4f729e70f1cad?s=96&d=mm&r=g\",\"contentUrl\":\"https:\\\/\\\/secure.gravatar.com\\\/avatar\\\/4faaedc4afabcd882aed6427c06dd9449a4ac635efb8f231a3e4f729e70f1cad?s=96&d=mm&r=g\",\"caption\":\"Admin Top\"}}]}<\/script>\n<!-- \/ Yoast SEO plugin. -->","yoast_head_json":{"title":"Betlejemskie \u015awiat\u0142o Pokoju - Szko\u0142a Podstawowa","robots":{"index":"index","follow":"follow","max-snippet":"max-snippet:-1","max-image-preview":"max-image-preview:large","max-video-preview":"max-video-preview:-1"},"canonical":"https:\/\/spolecznajedynka.pl\/sp\/poza-lekcjami\/betlejemskie-swiatlo-pokoju\/","og_locale":"pl_PL","og_type":"article","og_title":"Betlejemskie \u015awiat\u0142o Pokoju - Szko\u0142a Podstawowa","og_description":"Tu\u017c przed najkr\u00f3tszym dniem w roku dotar\u0142 do nas by\u0107 mo\u017ce najpi\u0119kniejszy symbol nadchodz\u0105cego Bo\u017cego Narodzenia!\u00a0 \u00a0 We wtorek, 19...","og_url":"https:\/\/spolecznajedynka.pl\/sp\/poza-lekcjami\/betlejemskie-swiatlo-pokoju\/","og_site_name":"Szko\u0142a Podstawowa","article_publisher":"https:\/\/www.facebook.com\/spolecznajedynkapoznan\/","article_published_time":"2023-12-20T21:02:11+00:00","og_image":[{"url":"https:\/\/spolecznajedynka.pl\/sp\/wp-content\/uploads\/sites\/3\/2023\/12\/411058320_852457950218749_2135948358592930593_n-150x150.jpg","type":"","width":"","height":""}],"author":"Admin Top","twitter_card":"summary_large_image","twitter_misc":{"Napisane przez":"Admin Top","Szacowany czas czytania":"1 minuta"},"schema":{"@context":"https:\/\/schema.org","@graph":[{"@type":"Article","@id":"https:\/\/spolecznajedynka.pl\/sp\/poza-lekcjami\/betlejemskie-swiatlo-pokoju\/#article","isPartOf":{"@id":"https:\/\/spolecznajedynka.pl\/sp\/poza-lekcjami\/betlejemskie-swiatlo-pokoju\/"},"author":{"name":"Admin Top","@id":"https:\/\/spolecznajedynka.pl\/sp\/#\/schema\/person\/2516201558d359d325ddfae4255a4356"},"headline":"Betlejemskie \u015awiat\u0142o Pokoju","datePublished":"2023-12-20T21:02:11+00:00","mainEntityOfPage":{"@id":"https:\/\/spolecznajedynka.pl\/sp\/poza-lekcjami\/betlejemskie-swiatlo-pokoju\/"},"wordCount":87,"publisher":{"@id":"https:\/\/spolecznajedynka.pl\/sp\/#organization"},"articleSection":["Poza lekcjami"],"inLanguage":"pl-PL"},{"@type":"WebPage","@id":"https:\/\/spolecznajedynka.pl\/sp\/poza-lekcjami\/betlejemskie-swiatlo-pokoju\/","url":"https:\/\/spolecznajedynka.pl\/sp\/poza-lekcjami\/betlejemskie-swiatlo-pokoju\/","name":"Betlejemskie \u015awiat\u0142o Pokoju - Szko\u0142a Podstawowa","isPartOf":{"@id":"https:\/\/spolecznajedynka.pl\/sp\/#website"},"datePublished":"2023-12-20T21:02:11+00:00","breadcrumb":{"@id":"https:\/\/spolecznajedynka.pl\/sp\/poza-lekcjami\/betlejemskie-swiatlo-pokoju\/#breadcrumb"},"inLanguage":"pl-PL","potentialAction":[{"@type":"ReadAction","target":["https:\/\/spolecznajedynka.pl\/sp\/poza-lekcjami\/betlejemskie-swiatlo-pokoju\/"]}]},{"@type":"BreadcrumbList","@id":"https:\/\/spolecznajedynka.pl\/sp\/poza-lekcjami\/betlejemskie-swiatlo-pokoju\/#breadcrumb","itemListElement":[{"@type":"ListItem","position":1,"name":"Strona g\u0142\u00f3wna","item":"https:\/\/spolecznajedynka.pl\/sp\/"},{"@type":"ListItem","position":2,"name":"Poza lekcjami","item":"https:\/\/spolecznajedynka.pl\/sp\/k\/poza-lekcjami\/"},{"@type":"ListItem","position":3,"name":"Betlejemskie \u015awiat\u0142o Pokoju"}]},{"@type":"WebSite","@id":"https:\/\/spolecznajedynka.pl\/sp\/#website","url":"https:\/\/spolecznajedynka.pl\/sp\/","name":"Szko\u0142a Podstawowa Spo\u0142eczna Jedynka Pozna\u0144","description":"","publisher":{"@id":"https:\/\/spolecznajedynka.pl\/sp\/#organization"},"potentialAction":[{"@type":"SearchAction","target":{"@type":"EntryPoint","urlTemplate":"https:\/\/spolecznajedynka.pl\/sp\/?s={search_term_string}"},"query-input":{"@type":"PropertyValueSpecification","valueRequired":true,"valueName":"search_term_string"}}],"inLanguage":"pl-PL"},{"@type":"Organization","@id":"https:\/\/spolecznajedynka.pl\/sp\/#organization","name":"Szko\u0142a Podstawowa Spo\u0142eczna Jedynka Pozna\u0144","url":"https:\/\/spolecznajedynka.pl\/sp\/","logo":{"@type":"ImageObject","inLanguage":"pl-PL","@id":"https:\/\/spolecznajedynka.pl\/sp\/#\/schema\/logo\/image\/","url":"https:\/\/spolecznajedynka.pl\/sp\/wp-content\/uploads\/sites\/3\/2023\/10\/logo.png","contentUrl":"https:\/\/spolecznajedynka.pl\/sp\/wp-content\/uploads\/sites\/3\/2023\/10\/logo.png","width":75,"height":124,"caption":"Szko\u0142a Podstawowa Spo\u0142eczna Jedynka Pozna\u0144"},"image":{"@id":"https:\/\/spolecznajedynka.pl\/sp\/#\/schema\/logo\/image\/"},"sameAs":["https:\/\/www.facebook.com\/spolecznajedynkapoznan\/","https:\/\/www.instagram.com\/spolecznajedynka\/"]},{"@type":"Person","@id":"https:\/\/spolecznajedynka.pl\/sp\/#\/schema\/person\/2516201558d359d325ddfae4255a4356","name":"Admin Top","image":{"@type":"ImageObject","inLanguage":"pl-PL","@id":"https:\/\/secure.gravatar.com\/avatar\/4faaedc4afabcd882aed6427c06dd9449a4ac635efb8f231a3e4f729e70f1cad?s=96&d=mm&r=g","url":"https:\/\/secure.gravatar.com\/avatar\/4faaedc4afabcd882aed6427c06dd9449a4ac635efb8f231a3e4f729e70f1cad?s=96&d=mm&r=g","contentUrl":"https:\/\/secure.gravatar.com\/avatar\/4faaedc4afabcd882aed6427c06dd9449a4ac635efb8f231a3e4f729e70f1cad?s=96&d=mm&r=g","caption":"Admin Top"}}]}},"_links":{"self":[{"href":"https:\/\/spolecznajedynka.pl\/sp\/wp-json\/wp\/v2\/posts\/1562","targetHints":{"allow":["GET"]}}],"collection":[{"href":"https:\/\/spolecznajedynka.pl\/sp\/wp-json\/wp\/v2\/posts"}],"about":[{"href":"https:\/\/spolecznajedynka.pl\/sp\/wp-json\/wp\/v2\/types\/post"}],"author":[{"embeddable":true,"href":"https:\/\/spolecznajedynka.pl\/sp\/wp-json\/wp\/v2\/users\/2"}],"replies":[{"embeddable":true,"href":"https:\/\/spolecznajedynka.pl\/sp\/wp-json\/wp\/v2\/comments?post=1562"}],"version-history":[{"count":1,"href":"https:\/\/spolecznajedynka.pl\/sp\/wp-json\/wp\/v2\/posts\/1562\/revisions"}],"predecessor-version":[{"id":1570,"href":"https:\/\/spolecznajedynka.pl\/sp\/wp-json\/wp\/v2\/posts\/1562\/revisions\/1570"}],"wp:attachment":[{"href":"https:\/\/spolecznajedynka.pl\/sp\/wp-json\/wp\/v2\/media?parent=1562"}],"wp:term":[{"taxonomy":"category","embeddable":true,"href":"https:\/\/spolecznajedynka.pl\/sp\/wp-json\/wp\/v2\/categories?post=1562"},{"taxonomy":"post_tag","embeddable":true,"href":"https:\/\/spolecznajedynka.pl\/sp\/wp-json\/wp\/v2\/tags?post=1562"}],"curies":[{"name":"wp","href":"https:\/\/api.w.org\/{rel}","templated":true}]}}