{"id":770,"date":"2023-12-31T08:27:47","date_gmt":"2023-12-31T07:27:47","guid":{"rendered":"https:\/\/spolecznajedynka.pl\/lo\/?p=770"},"modified":"2024-01-02T01:35:31","modified_gmt":"2024-01-02T00:35:31","slug":"projekty-miedzynarodowe","status":"publish","type":"post","link":"https:\/\/spolecznajedynka.pl\/lo\/blog\/projekty-miedzynarodowe\/","title":{"rendered":"Projekty mi\u0119dzynarodowe"},"content":{"rendered":"<p><b>Program Erasmus+<\/b><\/p>\n<p><span style=\"font-weight: 400;\">Erasmus+ jest programem Unii Europejskiej, kt\u00f3ry s\u0142u\u017cy podnoszeniu kompetencji uczni\u00f3w i nauczycieli w trakcie mi\u0119dzynarodowych projekt\u00f3w. W praktyce oznacza to szerokie mo\u017cliwo\u015bci kr\u00f3tko- i d\u0142ugoterminowych wyjazd\u00f3w zagranicznych w celu tworzenia nowych mo\u017cliwo\u015bci do\u015bwiadczenia edukacyjnego tak dla uczni\u00f3w, jak i nauczycieli.<\/span><\/p>\n<p><b>Kursy j\u0119zykowe i wymiany uczniowskie<\/b><\/p>\n<p><span style=\"font-weight: 400;\">Sercem programu Erasmus+ s\u0105 mo\u017cliwo\u015bci, kt\u00f3re stwarza dla uczni\u00f3w i uczennic z ca\u0142ej Europy: wymiany uczniowskie i kursy j\u0119zykowe.\u00a0<\/span><\/p>\n<p><span style=\"font-weight: 400;\">Wymiany uczniowskie polegaj\u0105 na . Daj\u0105 szans\u0119 trenowania j\u0119zyka obcego podczas codziennych konwersacji, wsp\u00f3lnych zaj\u0119\u0107 lekcyjnych w szkole goszcz\u0105cej oraz w trakcie poznawania kultury i historii innych europejskich kraj\u00f3w.\u00a0<\/span><\/p>\n<p><span style=\"font-weight: 400;\">Kursy j\u0119zykowe s\u0105 wyjazdami, kt\u00f3re koncentruj\u0105 si\u0119 na intensywnej nauce j\u0119zyka obcego. Nacisk zostaje po\u0142o\u017cony na praktyczn\u0105 nauk\u0119 j\u0119zyka w natywnym otoczeniu i poszerzenie dotychczasowej znajomo\u015bci j\u0119zyka o nowe konteksty.\u00a0<\/span><\/p>\n<p><span style=\"font-weight: 400;\">W ramach programu mo\u017cliwe s\u0105 r\u00f3wnie\u017c d\u0142u\u017csze indywidualne mobilno\u015bci uczniowskie &#8211; wyjazdy, podczas kt\u00f3rych poszczeg\u00f3lni uczniowie przez kilka tygodni mieszkaj\u0105 za granic\u0105 i uczestnicz\u0105 w zaj\u0119ciach w szkole goszcz\u0105cej.<\/span><\/p>\n<p><b>Kursy dla nauczycieli<\/b><\/p>\n<p><span style=\"font-weight: 400;\">Erasmus+ to r\u00f3wnie\u017c wielorakie mo\u017cliwo\u015bci dokszta\u0142cania kadry na najwy\u017cszym, europejskim poziomie. Kursy i szkolenia dla nauczycieli umo\u017cliwiaj\u0105 zdobywanie kolejnych umiej\u0119tno\u015bci j\u0119zykowych, a tak\u017ce poznawanie nowych metod dydaktycznych. Nasi nauczyciele do tej pory poznawali ju\u017c mi\u0119dzy innymi metody grywalizacji, wykorzystania przestrzeni miejskiej w dydaktyce i projektowania unikalnych do\u015bwiadcze\u0144 edukacyjnych w czasie lekcji.<\/span><\/p>\n<p><b>Akredytacja Erasmusa w Spo\u0142ecznym Liceum Og\u00f3lnokszta\u0142c\u0105cym<\/b><\/p>\n<p><span style=\"font-weight: 400;\">Akredytacja, kt\u00f3r\u0105 nasza szko\u0142a otrzyma\u0142a od programu Erasmus+ zapewnia szeroki dost\u0119p do mo\u017cliwo\u015bci zagranicznych kurs\u00f3w j\u0119zykowych dla uczni\u00f3w, wymian uczniowskich oraz szkole\u0144 dla nauczycieli finansowanych z bud\u017cetu Unii Europejskich. <\/span><\/p>\n<p><span style=\"font-weight: 400;\">Dzi\u0119ki uczestnictwu w programie nasi uczniowie maj\u0105 wyj\u0105tkow\u0105 okazj\u0119 do szlifowania umiej\u0119tno\u015bci j\u0119zykowych w sprzyjaj\u0105cym otoczeniu, do poznawania innych kultur oraz do nawi\u0105zywania mi\u0119dzynarodowych kontakt\u00f3w. <\/span><\/p>\n<p><span style=\"font-weight: 400;\">Akredytacja to tak\u017ce gwarancja nieustannego rozwoju naszej kadry, kt\u00f3ra ma dost\u0119p do najwy\u017cszej jako\u015bci kurs\u00f3w opartych o sprawdzon\u0105 metodologi\u0119, okazja do wprowadzania innowacji pedagogicznych oraz mo\u017cliwo\u015b\u0107 wymiany do\u015bwiadcze\u0144 z nauczycielami z ca\u0142ej Europy.\u00a0<\/span><\/p>\n<p><span style=\"font-weight: 400;\">Do tej pory nasi nauczyciele wielokrotnie uczestniczyli w kursach i szkoleniach m.in. w Irlandii, na Malcie i w Hiszpanii.\u00a0<\/span><\/p>\n<p><strong>Nasi uczniowie maj\u0105 za sob\u0105 wyjazd j\u0119zykowy na Malcie &#8211; a przed nimi kolejne wymiany i kursy!<\/strong><\/p>\n\n\t\t<style type=\"text\/css\">\n\t\t\t#gallery-1 {\n\t\t\t\tmargin: auto;\n\t\t\t}\n\t\t\t#gallery-1 .gallery-item {\n\t\t\t\tfloat: left;\n\t\t\t\tmargin-top: 10px;\n\t\t\t\ttext-align: center;\n\t\t\t\twidth: 33%;\n\t\t\t}\n\t\t\t#gallery-1 img {\n\t\t\t\tborder: 2px solid #cfcfcf;\n\t\t\t}\n\t\t\t#gallery-1 .gallery-caption {\n\t\t\t\tmargin-left: 0;\n\t\t\t}\n\t\t\t\/* see gallery_shortcode() in wp-includes\/media.php *\/\n\t\t<\/style>\n\t\t<div id='gallery-1' class='gallery galleryid-770 gallery-columns-3 gallery-size-thumbnail'><dl class='gallery-item'>\n\t\t\t<dt class='gallery-icon landscape'>\n\t\t\t\t<a href='https:\/\/spolecznajedynka.pl\/lo\/projekty-miedzynarodowe\/kurs-jezykowy-na-malcie\/attachment\/376883390_291193570320148_511714116137184696_n\/'><img loading=\"lazy\" decoding=\"async\" width=\"150\" height=\"150\" src=\"https:\/\/spolecznajedynka.pl\/lo\/wp-content\/uploads\/sites\/2\/2023\/11\/376883390_291193570320148_511714116137184696_n-150x150.jpg\" class=\"attachment-thumbnail size-thumbnail\" alt=\"\" srcset=\"https:\/\/spolecznajedynka.pl\/lo\/wp-content\/uploads\/sites\/2\/2023\/11\/376883390_291193570320148_511714116137184696_n-150x150.jpg 150w, https:\/\/spolecznajedynka.pl\/lo\/wp-content\/uploads\/sites\/2\/2023\/11\/376883390_291193570320148_511714116137184696_n-300x300.jpg 300w, https:\/\/spolecznajedynka.pl\/lo\/wp-content\/uploads\/sites\/2\/2023\/11\/376883390_291193570320148_511714116137184696_n.jpg 768w\" sizes=\"auto, (max-width: 150px) 100vw, 150px\" \/><\/a>\n\t\t\t<\/dt><\/dl><dl class='gallery-item'>\n\t\t\t<dt class='gallery-icon landscape'>\n\t\t\t\t<a href='https:\/\/spolecznajedynka.pl\/lo\/projekty-miedzynarodowe\/kurs-jezykowy-na-malcie\/attachment\/375837923_291193490320156_4477731044200380129_n\/'><img loading=\"lazy\" decoding=\"async\" width=\"150\" height=\"150\" src=\"https:\/\/spolecznajedynka.pl\/lo\/wp-content\/uploads\/sites\/2\/2023\/11\/375837923_291193490320156_4477731044200380129_n-150x150.jpg\" class=\"attachment-thumbnail size-thumbnail\" alt=\"\" srcset=\"https:\/\/spolecznajedynka.pl\/lo\/wp-content\/uploads\/sites\/2\/2023\/11\/375837923_291193490320156_4477731044200380129_n-150x150.jpg 150w, https:\/\/spolecznajedynka.pl\/lo\/wp-content\/uploads\/sites\/2\/2023\/11\/375837923_291193490320156_4477731044200380129_n-300x300.jpg 300w, https:\/\/spolecznajedynka.pl\/lo\/wp-content\/uploads\/sites\/2\/2023\/11\/375837923_291193490320156_4477731044200380129_n.jpg 768w\" sizes=\"auto, (max-width: 150px) 100vw, 150px\" \/><\/a>\n\t\t\t<\/dt><\/dl><dl class='gallery-item'>\n\t\t\t<dt class='gallery-icon landscape'>\n\t\t\t\t<a href='https:\/\/spolecznajedynka.pl\/lo\/projekty-miedzynarodowe\/kurs-jezykowy-na-malcie\/attachment\/376881636_291193416986830_3030151353937935018_n\/'><img loading=\"lazy\" decoding=\"async\" width=\"150\" height=\"150\" src=\"https:\/\/spolecznajedynka.pl\/lo\/wp-content\/uploads\/sites\/2\/2023\/11\/376881636_291193416986830_3030151353937935018_n-150x150.jpg\" class=\"attachment-thumbnail size-thumbnail\" alt=\"\" srcset=\"https:\/\/spolecznajedynka.pl\/lo\/wp-content\/uploads\/sites\/2\/2023\/11\/376881636_291193416986830_3030151353937935018_n-150x150.jpg 150w, https:\/\/spolecznajedynka.pl\/lo\/wp-content\/uploads\/sites\/2\/2023\/11\/376881636_291193416986830_3030151353937935018_n-300x300.jpg 300w, https:\/\/spolecznajedynka.pl\/lo\/wp-content\/uploads\/sites\/2\/2023\/11\/376881636_291193416986830_3030151353937935018_n.jpg 768w\" sizes=\"auto, (max-width: 150px) 100vw, 150px\" \/><\/a>\n\t\t\t<\/dt><\/dl><br style=\"clear: both\" \/>\n\t\t<\/div>\n\n","protected":false},"excerpt":{"rendered":"<p>Program Erasmus+ Erasmus+ jest programem Unii Europejskiej, kt\u00f3ry s\u0142u\u017cy podnoszeniu kompetencji uczni\u00f3w i nauczycieli w trakcie mi\u0119dzynarodowych projekt\u00f3w. W praktyce&#8230;<\/p>\n","protected":false},"author":2,"featured_media":549,"comment_status":"closed","ping_status":"closed","sticky":false,"template":"","format":"standard","meta":{"_acf_changed":false,"footnotes":""},"categories":[14],"tags":[],"class_list":["post-770","post","type-post","status-publish","format-standard","has-post-thumbnail","hentry","category-blog"],"acf":[],"yoast_head":"<!-- This site is optimized with the Yoast SEO plugin v27.5 - https:\/\/yoast.com\/product\/yoast-seo-wordpress\/ -->\n<title>Projekty mi\u0119dzynarodowe - Spo\u0142eczne Liceum Og\u00f3lnokszta\u0142c\u0105ce nr 1 w Poznaniu<\/title>\n<meta name=\"robots\" content=\"index, follow, max-snippet:-1, max-image-preview:large, max-video-preview:-1\" \/>\n<link rel=\"canonical\" href=\"https:\/\/spolecznajedynka.pl\/lo\/blog\/projekty-miedzynarodowe\/\" \/>\n<meta property=\"og:locale\" content=\"pl_PL\" \/>\n<meta property=\"og:type\" content=\"article\" \/>\n<meta property=\"og:title\" content=\"Projekty mi\u0119dzynarodowe - Spo\u0142eczne Liceum Og\u00f3lnokszta\u0142c\u0105ce nr 1 w Poznaniu\" \/>\n<meta property=\"og:description\" content=\"Program Erasmus+ Erasmus+ jest programem Unii Europejskiej, kt\u00f3ry s\u0142u\u017cy podnoszeniu kompetencji uczni\u00f3w i nauczycieli w trakcie mi\u0119dzynarodowych projekt\u00f3w. W praktyce...\" \/>\n<meta property=\"og:url\" content=\"https:\/\/spolecznajedynka.pl\/lo\/blog\/projekty-miedzynarodowe\/\" \/>\n<meta property=\"og:site_name\" content=\"Spo\u0142eczne Liceum Og\u00f3lnokszta\u0142c\u0105ce nr 1 w Poznaniu\" \/>\n<meta property=\"article:publisher\" content=\"https:\/\/www.facebook.com\/p\/Liceum-Spoeczna-Jedynka-Pozna-100082885224687\" \/>\n<meta property=\"article:published_time\" content=\"2023-12-31T07:27:47+00:00\" \/>\n<meta property=\"article:modified_time\" content=\"2024-01-02T00:35:31+00:00\" \/>\n<meta property=\"og:image\" content=\"https:\/\/spolecznajedynka.pl\/lo\/wp-content\/uploads\/sites\/2\/2023\/11\/376883390_291193570320148_511714116137184696_n.jpg\" \/>\n\t<meta property=\"og:image:width\" content=\"768\" \/>\n\t<meta property=\"og:image:height\" content=\"768\" \/>\n\t<meta property=\"og:image:type\" content=\"image\/jpeg\" \/>\n<meta name=\"author\" content=\"Admin Top\" \/>\n<meta name=\"twitter:card\" content=\"summary_large_image\" \/>\n<meta name=\"twitter:label1\" content=\"Napisane przez\" \/>\n\t<meta name=\"twitter:data1\" content=\"Admin Top\" \/>\n\t<meta name=\"twitter:label2\" content=\"Szacowany czas czytania\" \/>\n\t<meta name=\"twitter:data2\" content=\"3 minuty\" \/>\n<script type=\"application\/ld+json\" class=\"yoast-schema-graph\">{\"@context\":\"https:\\\/\\\/schema.org\",\"@graph\":[{\"@type\":\"Article\",\"@id\":\"https:\\\/\\\/spolecznajedynka.pl\\\/lo\\\/blog\\\/projekty-miedzynarodowe\\\/#article\",\"isPartOf\":{\"@id\":\"https:\\\/\\\/spolecznajedynka.pl\\\/lo\\\/blog\\\/projekty-miedzynarodowe\\\/\"},\"author\":{\"name\":\"Admin Top\",\"@id\":\"https:\\\/\\\/spolecznajedynka.pl\\\/lo\\\/#\\\/schema\\\/person\\\/2516201558d359d325ddfae4255a4356\"},\"headline\":\"Projekty mi\u0119dzynarodowe\",\"datePublished\":\"2023-12-31T07:27:47+00:00\",\"dateModified\":\"2024-01-02T00:35:31+00:00\",\"mainEntityOfPage\":{\"@id\":\"https:\\\/\\\/spolecznajedynka.pl\\\/lo\\\/blog\\\/projekty-miedzynarodowe\\\/\"},\"wordCount\":430,\"publisher\":{\"@id\":\"https:\\\/\\\/spolecznajedynka.pl\\\/lo\\\/#organization\"},\"image\":{\"@id\":\"https:\\\/\\\/spolecznajedynka.pl\\\/lo\\\/blog\\\/projekty-miedzynarodowe\\\/#primaryimage\"},\"thumbnailUrl\":\"https:\\\/\\\/spolecznajedynka.pl\\\/lo\\\/wp-content\\\/uploads\\\/sites\\\/2\\\/2023\\\/11\\\/376883390_291193570320148_511714116137184696_n.jpg\",\"articleSection\":[\"Blog\"],\"inLanguage\":\"pl-PL\"},{\"@type\":\"WebPage\",\"@id\":\"https:\\\/\\\/spolecznajedynka.pl\\\/lo\\\/blog\\\/projekty-miedzynarodowe\\\/\",\"url\":\"https:\\\/\\\/spolecznajedynka.pl\\\/lo\\\/blog\\\/projekty-miedzynarodowe\\\/\",\"name\":\"Projekty mi\u0119dzynarodowe - Spo\u0142eczne Liceum Og\u00f3lnokszta\u0142c\u0105ce nr 1 w Poznaniu\",\"isPartOf\":{\"@id\":\"https:\\\/\\\/spolecznajedynka.pl\\\/lo\\\/#website\"},\"primaryImageOfPage\":{\"@id\":\"https:\\\/\\\/spolecznajedynka.pl\\\/lo\\\/blog\\\/projekty-miedzynarodowe\\\/#primaryimage\"},\"image\":{\"@id\":\"https:\\\/\\\/spolecznajedynka.pl\\\/lo\\\/blog\\\/projekty-miedzynarodowe\\\/#primaryimage\"},\"thumbnailUrl\":\"https:\\\/\\\/spolecznajedynka.pl\\\/lo\\\/wp-content\\\/uploads\\\/sites\\\/2\\\/2023\\\/11\\\/376883390_291193570320148_511714116137184696_n.jpg\",\"datePublished\":\"2023-12-31T07:27:47+00:00\",\"dateModified\":\"2024-01-02T00:35:31+00:00\",\"breadcrumb\":{\"@id\":\"https:\\\/\\\/spolecznajedynka.pl\\\/lo\\\/blog\\\/projekty-miedzynarodowe\\\/#breadcrumb\"},\"inLanguage\":\"pl-PL\",\"potentialAction\":[{\"@type\":\"ReadAction\",\"target\":[\"https:\\\/\\\/spolecznajedynka.pl\\\/lo\\\/blog\\\/projekty-miedzynarodowe\\\/\"]}]},{\"@type\":\"ImageObject\",\"inLanguage\":\"pl-PL\",\"@id\":\"https:\\\/\\\/spolecznajedynka.pl\\\/lo\\\/blog\\\/projekty-miedzynarodowe\\\/#primaryimage\",\"url\":\"https:\\\/\\\/spolecznajedynka.pl\\\/lo\\\/wp-content\\\/uploads\\\/sites\\\/2\\\/2023\\\/11\\\/376883390_291193570320148_511714116137184696_n.jpg\",\"contentUrl\":\"https:\\\/\\\/spolecznajedynka.pl\\\/lo\\\/wp-content\\\/uploads\\\/sites\\\/2\\\/2023\\\/11\\\/376883390_291193570320148_511714116137184696_n.jpg\",\"width\":768,\"height\":768},{\"@type\":\"BreadcrumbList\",\"@id\":\"https:\\\/\\\/spolecznajedynka.pl\\\/lo\\\/blog\\\/projekty-miedzynarodowe\\\/#breadcrumb\",\"itemListElement\":[{\"@type\":\"ListItem\",\"position\":1,\"name\":\"Strona g\u0142\u00f3wna\",\"item\":\"https:\\\/\\\/spolecznajedynka.pl\\\/lo\\\/\"},{\"@type\":\"ListItem\",\"position\":2,\"name\":\"Blog\",\"item\":\"https:\\\/\\\/spolecznajedynka.pl\\\/lo\\\/k\\\/blog\\\/\"},{\"@type\":\"ListItem\",\"position\":3,\"name\":\"Projekty mi\u0119dzynarodowe\"}]},{\"@type\":\"WebSite\",\"@id\":\"https:\\\/\\\/spolecznajedynka.pl\\\/lo\\\/#website\",\"url\":\"https:\\\/\\\/spolecznajedynka.pl\\\/lo\\\/\",\"name\":\"Spo\u0142eczne Liceum Og\u00f3lnokszta\u0142c\u0105ce nr 1 w Poznaniu\",\"description\":\"\",\"publisher\":{\"@id\":\"https:\\\/\\\/spolecznajedynka.pl\\\/lo\\\/#organization\"},\"potentialAction\":[{\"@type\":\"SearchAction\",\"target\":{\"@type\":\"EntryPoint\",\"urlTemplate\":\"https:\\\/\\\/spolecznajedynka.pl\\\/lo\\\/?s={search_term_string}\"},\"query-input\":{\"@type\":\"PropertyValueSpecification\",\"valueRequired\":true,\"valueName\":\"search_term_string\"}}],\"inLanguage\":\"pl-PL\"},{\"@type\":\"Organization\",\"@id\":\"https:\\\/\\\/spolecznajedynka.pl\\\/lo\\\/#organization\",\"name\":\"Spo\u0142eczne Liceum Og\u00f3lnokszta\u0142c\u0105ce nr 1 w Poznaniu\",\"url\":\"https:\\\/\\\/spolecznajedynka.pl\\\/lo\\\/\",\"logo\":{\"@type\":\"ImageObject\",\"inLanguage\":\"pl-PL\",\"@id\":\"https:\\\/\\\/spolecznajedynka.pl\\\/lo\\\/#\\\/schema\\\/logo\\\/image\\\/\",\"url\":\"https:\\\/\\\/spolecznajedynka.pl\\\/lo\\\/wp-content\\\/uploads\\\/sites\\\/2\\\/2023\\\/08\\\/logo-lo.png\",\"contentUrl\":\"https:\\\/\\\/spolecznajedynka.pl\\\/lo\\\/wp-content\\\/uploads\\\/sites\\\/2\\\/2023\\\/08\\\/logo-lo.png\",\"width\":651,\"height\":355,\"caption\":\"Spo\u0142eczne Liceum Og\u00f3lnokszta\u0142c\u0105ce nr 1 w Poznaniu\"},\"image\":{\"@id\":\"https:\\\/\\\/spolecznajedynka.pl\\\/lo\\\/#\\\/schema\\\/logo\\\/image\\\/\"},\"sameAs\":[\"https:\\\/\\\/www.facebook.com\\\/p\\\/Liceum-Spoeczna-Jedynka-Pozna-100082885224687\",\"https:\\\/\\\/www.instagram.com\\\/spolecznajedynka\\\/\",\"https:\\\/\\\/www.tiktok.com\\\/@lospoleczna1\"]},{\"@type\":\"Person\",\"@id\":\"https:\\\/\\\/spolecznajedynka.pl\\\/lo\\\/#\\\/schema\\\/person\\\/2516201558d359d325ddfae4255a4356\",\"name\":\"Admin Top\",\"image\":{\"@type\":\"ImageObject\",\"inLanguage\":\"pl-PL\",\"@id\":\"https:\\\/\\\/secure.gravatar.com\\\/avatar\\\/4faaedc4afabcd882aed6427c06dd9449a4ac635efb8f231a3e4f729e70f1cad?s=96&d=mm&r=g\",\"url\":\"https:\\\/\\\/secure.gravatar.com\\\/avatar\\\/4faaedc4afabcd882aed6427c06dd9449a4ac635efb8f231a3e4f729e70f1cad?s=96&d=mm&r=g\",\"contentUrl\":\"https:\\\/\\\/secure.gravatar.com\\\/avatar\\\/4faaedc4afabcd882aed6427c06dd9449a4ac635efb8f231a3e4f729e70f1cad?s=96&d=mm&r=g\",\"caption\":\"Admin Top\"}}]}<\/script>\n<!-- \/ Yoast SEO plugin. -->","yoast_head_json":{"title":"Projekty mi\u0119dzynarodowe - Spo\u0142eczne Liceum Og\u00f3lnokszta\u0142c\u0105ce nr 1 w Poznaniu","robots":{"index":"index","follow":"follow","max-snippet":"max-snippet:-1","max-image-preview":"max-image-preview:large","max-video-preview":"max-video-preview:-1"},"canonical":"https:\/\/spolecznajedynka.pl\/lo\/blog\/projekty-miedzynarodowe\/","og_locale":"pl_PL","og_type":"article","og_title":"Projekty mi\u0119dzynarodowe - Spo\u0142eczne Liceum Og\u00f3lnokszta\u0142c\u0105ce nr 1 w Poznaniu","og_description":"Program Erasmus+ Erasmus+ jest programem Unii Europejskiej, kt\u00f3ry s\u0142u\u017cy podnoszeniu kompetencji uczni\u00f3w i nauczycieli w trakcie mi\u0119dzynarodowych projekt\u00f3w. W praktyce...","og_url":"https:\/\/spolecznajedynka.pl\/lo\/blog\/projekty-miedzynarodowe\/","og_site_name":"Spo\u0142eczne Liceum Og\u00f3lnokszta\u0142c\u0105ce nr 1 w Poznaniu","article_publisher":"https:\/\/www.facebook.com\/p\/Liceum-Spoeczna-Jedynka-Pozna-100082885224687","article_published_time":"2023-12-31T07:27:47+00:00","article_modified_time":"2024-01-02T00:35:31+00:00","og_image":[{"width":768,"height":768,"url":"https:\/\/spolecznajedynka.pl\/lo\/wp-content\/uploads\/sites\/2\/2023\/11\/376883390_291193570320148_511714116137184696_n.jpg","type":"image\/jpeg"}],"author":"Admin Top","twitter_card":"summary_large_image","twitter_misc":{"Napisane przez":"Admin Top","Szacowany czas czytania":"3 minuty"},"schema":{"@context":"https:\/\/schema.org","@graph":[{"@type":"Article","@id":"https:\/\/spolecznajedynka.pl\/lo\/blog\/projekty-miedzynarodowe\/#article","isPartOf":{"@id":"https:\/\/spolecznajedynka.pl\/lo\/blog\/projekty-miedzynarodowe\/"},"author":{"name":"Admin Top","@id":"https:\/\/spolecznajedynka.pl\/lo\/#\/schema\/person\/2516201558d359d325ddfae4255a4356"},"headline":"Projekty mi\u0119dzynarodowe","datePublished":"2023-12-31T07:27:47+00:00","dateModified":"2024-01-02T00:35:31+00:00","mainEntityOfPage":{"@id":"https:\/\/spolecznajedynka.pl\/lo\/blog\/projekty-miedzynarodowe\/"},"wordCount":430,"publisher":{"@id":"https:\/\/spolecznajedynka.pl\/lo\/#organization"},"image":{"@id":"https:\/\/spolecznajedynka.pl\/lo\/blog\/projekty-miedzynarodowe\/#primaryimage"},"thumbnailUrl":"https:\/\/spolecznajedynka.pl\/lo\/wp-content\/uploads\/sites\/2\/2023\/11\/376883390_291193570320148_511714116137184696_n.jpg","articleSection":["Blog"],"inLanguage":"pl-PL"},{"@type":"WebPage","@id":"https:\/\/spolecznajedynka.pl\/lo\/blog\/projekty-miedzynarodowe\/","url":"https:\/\/spolecznajedynka.pl\/lo\/blog\/projekty-miedzynarodowe\/","name":"Projekty mi\u0119dzynarodowe - Spo\u0142eczne Liceum Og\u00f3lnokszta\u0142c\u0105ce nr 1 w Poznaniu","isPartOf":{"@id":"https:\/\/spolecznajedynka.pl\/lo\/#website"},"primaryImageOfPage":{"@id":"https:\/\/spolecznajedynka.pl\/lo\/blog\/projekty-miedzynarodowe\/#primaryimage"},"image":{"@id":"https:\/\/spolecznajedynka.pl\/lo\/blog\/projekty-miedzynarodowe\/#primaryimage"},"thumbnailUrl":"https:\/\/spolecznajedynka.pl\/lo\/wp-content\/uploads\/sites\/2\/2023\/11\/376883390_291193570320148_511714116137184696_n.jpg","datePublished":"2023-12-31T07:27:47+00:00","dateModified":"2024-01-02T00:35:31+00:00","breadcrumb":{"@id":"https:\/\/spolecznajedynka.pl\/lo\/blog\/projekty-miedzynarodowe\/#breadcrumb"},"inLanguage":"pl-PL","potentialAction":[{"@type":"ReadAction","target":["https:\/\/spolecznajedynka.pl\/lo\/blog\/projekty-miedzynarodowe\/"]}]},{"@type":"ImageObject","inLanguage":"pl-PL","@id":"https:\/\/spolecznajedynka.pl\/lo\/blog\/projekty-miedzynarodowe\/#primaryimage","url":"https:\/\/spolecznajedynka.pl\/lo\/wp-content\/uploads\/sites\/2\/2023\/11\/376883390_291193570320148_511714116137184696_n.jpg","contentUrl":"https:\/\/spolecznajedynka.pl\/lo\/wp-content\/uploads\/sites\/2\/2023\/11\/376883390_291193570320148_511714116137184696_n.jpg","width":768,"height":768},{"@type":"BreadcrumbList","@id":"https:\/\/spolecznajedynka.pl\/lo\/blog\/projekty-miedzynarodowe\/#breadcrumb","itemListElement":[{"@type":"ListItem","position":1,"name":"Strona g\u0142\u00f3wna","item":"https:\/\/spolecznajedynka.pl\/lo\/"},{"@type":"ListItem","position":2,"name":"Blog","item":"https:\/\/spolecznajedynka.pl\/lo\/k\/blog\/"},{"@type":"ListItem","position":3,"name":"Projekty mi\u0119dzynarodowe"}]},{"@type":"WebSite","@id":"https:\/\/spolecznajedynka.pl\/lo\/#website","url":"https:\/\/spolecznajedynka.pl\/lo\/","name":"Spo\u0142eczne Liceum Og\u00f3lnokszta\u0142c\u0105ce nr 1 w Poznaniu","description":"","publisher":{"@id":"https:\/\/spolecznajedynka.pl\/lo\/#organization"},"potentialAction":[{"@type":"SearchAction","target":{"@type":"EntryPoint","urlTemplate":"https:\/\/spolecznajedynka.pl\/lo\/?s={search_term_string}"},"query-input":{"@type":"PropertyValueSpecification","valueRequired":true,"valueName":"search_term_string"}}],"inLanguage":"pl-PL"},{"@type":"Organization","@id":"https:\/\/spolecznajedynka.pl\/lo\/#organization","name":"Spo\u0142eczne Liceum Og\u00f3lnokszta\u0142c\u0105ce nr 1 w Poznaniu","url":"https:\/\/spolecznajedynka.pl\/lo\/","logo":{"@type":"ImageObject","inLanguage":"pl-PL","@id":"https:\/\/spolecznajedynka.pl\/lo\/#\/schema\/logo\/image\/","url":"https:\/\/spolecznajedynka.pl\/lo\/wp-content\/uploads\/sites\/2\/2023\/08\/logo-lo.png","contentUrl":"https:\/\/spolecznajedynka.pl\/lo\/wp-content\/uploads\/sites\/2\/2023\/08\/logo-lo.png","width":651,"height":355,"caption":"Spo\u0142eczne Liceum Og\u00f3lnokszta\u0142c\u0105ce nr 1 w Poznaniu"},"image":{"@id":"https:\/\/spolecznajedynka.pl\/lo\/#\/schema\/logo\/image\/"},"sameAs":["https:\/\/www.facebook.com\/p\/Liceum-Spoeczna-Jedynka-Pozna-100082885224687","https:\/\/www.instagram.com\/spolecznajedynka\/","https:\/\/www.tiktok.com\/@lospoleczna1"]},{"@type":"Person","@id":"https:\/\/spolecznajedynka.pl\/lo\/#\/schema\/person\/2516201558d359d325ddfae4255a4356","name":"Admin Top","image":{"@type":"ImageObject","inLanguage":"pl-PL","@id":"https:\/\/secure.gravatar.com\/avatar\/4faaedc4afabcd882aed6427c06dd9449a4ac635efb8f231a3e4f729e70f1cad?s=96&d=mm&r=g","url":"https:\/\/secure.gravatar.com\/avatar\/4faaedc4afabcd882aed6427c06dd9449a4ac635efb8f231a3e4f729e70f1cad?s=96&d=mm&r=g","contentUrl":"https:\/\/secure.gravatar.com\/avatar\/4faaedc4afabcd882aed6427c06dd9449a4ac635efb8f231a3e4f729e70f1cad?s=96&d=mm&r=g","caption":"Admin Top"}}]}},"_links":{"self":[{"href":"https:\/\/spolecznajedynka.pl\/lo\/wp-json\/wp\/v2\/posts\/770","targetHints":{"allow":["GET"]}}],"collection":[{"href":"https:\/\/spolecznajedynka.pl\/lo\/wp-json\/wp\/v2\/posts"}],"about":[{"href":"https:\/\/spolecznajedynka.pl\/lo\/wp-json\/wp\/v2\/types\/post"}],"author":[{"embeddable":true,"href":"https:\/\/spolecznajedynka.pl\/lo\/wp-json\/wp\/v2\/users\/2"}],"replies":[{"embeddable":true,"href":"https:\/\/spolecznajedynka.pl\/lo\/wp-json\/wp\/v2\/comments?post=770"}],"version-history":[{"count":1,"href":"https:\/\/spolecznajedynka.pl\/lo\/wp-json\/wp\/v2\/posts\/770\/revisions"}],"predecessor-version":[{"id":771,"href":"https:\/\/spolecznajedynka.pl\/lo\/wp-json\/wp\/v2\/posts\/770\/revisions\/771"}],"wp:featuredmedia":[{"embeddable":true,"href":"https:\/\/spolecznajedynka.pl\/lo\/wp-json\/wp\/v2\/media\/549"}],"wp:attachment":[{"href":"https:\/\/spolecznajedynka.pl\/lo\/wp-json\/wp\/v2\/media?parent=770"}],"wp:term":[{"taxonomy":"category","embeddable":true,"href":"https:\/\/spolecznajedynka.pl\/lo\/wp-json\/wp\/v2\/categories?post=770"},{"taxonomy":"post_tag","embeddable":true,"href":"https:\/\/spolecznajedynka.pl\/lo\/wp-json\/wp\/v2\/tags?post=770"}],"curies":[{"name":"wp","href":"https:\/\/api.w.org\/{rel}","templated":true}]}}