{"id":474,"date":"2023-10-14T21:27:53","date_gmt":"2023-10-14T19:27:53","guid":{"rendered":"https:\/\/zarzadzanie.smarthost.pl\/sp1\/lo\/?p=474"},"modified":"2023-11-08T21:30:11","modified_gmt":"2023-11-08T20:30:11","slug":"nauczyciele-nagrodzeni","status":"publish","type":"post","link":"https:\/\/spolecznajedynka.pl\/lo\/osiagniecia\/nauczyciele-nagrodzeni\/","title":{"rendered":"Nauczyciele nagrodzeni"},"content":{"rendered":"<div class=\"xdj266r x11i5rnm xat24cr x1mh8g0r x1vvkbs x126k92a\">\n<div dir=\"auto\"><strong>Niewiele jest dla nauczyciela nagr\u00f3d cenniejszych od uczniowskiej wdzi\u0119czno\u015bci!\u00a0<\/strong><\/div>\n<\/div>\n<div dir=\"auto\"><\/div>\n<p><!--more--><\/p>\n<div class=\"x11i5rnm xat24cr x1mh8g0r x1vvkbs xtlvy1s x126k92a\">\n<div dir=\"auto\">Takie w\u0142a\u015bnie by\u0142o pi\u0105tkowe przedpo\u0142udnie &#8211; pe\u0142ne zupe\u0142nie zas\u0142u\u017conych podzi\u0119kowa\u0144 i \u017cycze\u0144.<\/div>\n<\/div>\n<div class=\"x11i5rnm xat24cr x1mh8g0r x1vvkbs xtlvy1s x126k92a\">\n<div dir=\"auto\">(I mo\u017ce tego nie widzieli\u015bcie, ale w niejednym nauczycielskim oku zakr\u0119ci\u0142a si\u0119 \u0142ezka wzruszenia!)<\/div>\n<div dir=\"auto\"><\/div>\n<\/div>\n<div class=\"x11i5rnm xat24cr x1mh8g0r x1vvkbs xtlvy1s x126k92a\">\n<div dir=\"auto\">A jednak to bardzo, bardzo mi\u0142a okazja, kiedy podzi\u0119kowania i \u017cyczenia maj\u0105 te\u017c wymiar oficjalny &#8211; i taki by\u0142 dla nauczycieli pi\u0105tkowy wiecz\u00f3r.<\/div>\n<\/div>\n<div class=\"x11i5rnm xat24cr x1mh8g0r x1vvkbs xtlvy1s x126k92a\">\n<div dir=\"auto\">Podczas uroczystego spotkania nasze grono pedagogiczne odebra\u0142o \u017cyczenia od Zarz\u0105du Samodzielnego Ko\u0142a Terenowego nr 15 STO, naszego organu prowadz\u0105cego.<\/div>\n<\/div>\n<div class=\"x11i5rnm xat24cr x1mh8g0r x1vvkbs xtlvy1s x126k92a\">\n<div dir=\"auto\">Zosta\u0142y te\u017c przyznane nagrody oraz stopnie awansu zawodowego.<\/div>\n<div dir=\"auto\"><\/div>\n<\/div>\n<div class=\"x11i5rnm xat24cr x1mh8g0r x1vvkbs xtlvy1s x126k92a\">\n<div dir=\"auto\">Pogratulowali\u015bmy nauczycielom, kt\u00f3rzy zostali odznaczeni medalem Komisji Edukacji Narodowej:<\/div>\n<div dir=\"auto\">&#8211; pani Ma\u0142gorzata Brugier-Szyca,<\/div>\n<div dir=\"auto\">&#8211; pani Agata Doma\u0144ska,<\/div>\n<div dir=\"auto\">&#8211; pani Agata Gerard.<\/div>\n<div dir=\"auto\"><\/div>\n<\/div>\n<div class=\"x11i5rnm xat24cr x1mh8g0r x1vvkbs xtlvy1s x126k92a\">\n<div dir=\"auto\">Ponadto za\u015bwiadczenie o przyznanym stopniu nauczyciela mianowanego odebrali:<\/div>\n<div dir=\"auto\">&#8211; pan Mariusz Ka\u017amierczak,<\/div>\n<div dir=\"auto\">&#8211; pan Krzysztof Kulikowski,<\/div>\n<div dir=\"auto\">&#8211; pani Natalia Mroczek,<\/div>\n<div dir=\"auto\">&#8211; pani Marta Woli\u0144ska,<\/div>\n<div dir=\"auto\">&#8211; pan Mateusz Zaborek.<\/div>\n<\/div>\n<div class=\"x11i5rnm xat24cr x1mh8g0r x1vvkbs xtlvy1s x126k92a\">\n<div dir=\"auto\">To nie by\u0142 koniec wyr\u00f3\u017cnie\u0144!<\/div>\n<div dir=\"auto\"><\/div>\n<\/div>\n<div class=\"x11i5rnm xat24cr x1mh8g0r x1vvkbs xtlvy1s x126k92a\">\n<div dir=\"auto\">Pan Witos\u0142aw Awedyk, sekretarz Zarz\u0105du, odebra\u0142 tamtego wieczoru srebrn\u0105 odznak\u0119 Spo\u0142ecznego Towarzystwa O\u015bwiatowego.<\/div>\n<div dir=\"auto\"><\/div>\n<\/div>\n<div class=\"x11i5rnm xat24cr x1mh8g0r x1vvkbs xtlvy1s x126k92a\">\n<div dir=\"auto\">Gratulujemy!<\/div>\n<\/div>\n<div dir=\"auto\"><\/div>\n<div dir=\"auto\">\n\n\t\t<style type=\"text\/css\">\n\t\t\t#gallery-1 {\n\t\t\t\tmargin: auto;\n\t\t\t}\n\t\t\t#gallery-1 .gallery-item {\n\t\t\t\tfloat: left;\n\t\t\t\tmargin-top: 10px;\n\t\t\t\ttext-align: center;\n\t\t\t\twidth: 33%;\n\t\t\t}\n\t\t\t#gallery-1 img {\n\t\t\t\tborder: 2px solid #cfcfcf;\n\t\t\t}\n\t\t\t#gallery-1 .gallery-caption {\n\t\t\t\tmargin-left: 0;\n\t\t\t}\n\t\t\t\/* see gallery_shortcode() in wp-includes\/media.php *\/\n\t\t<\/style>\n\t\t<div id='gallery-1' class='gallery galleryid-474 gallery-columns-3 gallery-size-thumbnail'><dl class='gallery-item'>\n\t\t\t<dt class='gallery-icon landscape'>\n\t\t\t\t<a href='https:\/\/spolecznajedynka.pl\/lo\/osiagniecia\/nauczyciele-nagrodzeni\/attachment\/387871178_805638868233991_2855341960707002090_n\/'><img loading=\"lazy\" decoding=\"async\" width=\"150\" height=\"150\" src=\"https:\/\/spolecznajedynka.pl\/lo\/wp-content\/uploads\/sites\/2\/2023\/11\/387871178_805638868233991_2855341960707002090_n-150x150.jpg\" class=\"attachment-thumbnail size-thumbnail\" alt=\"\" srcset=\"https:\/\/spolecznajedynka.pl\/lo\/wp-content\/uploads\/sites\/2\/2023\/11\/387871178_805638868233991_2855341960707002090_n-150x150.jpg 150w, https:\/\/spolecznajedynka.pl\/lo\/wp-content\/uploads\/sites\/2\/2023\/11\/387871178_805638868233991_2855341960707002090_n-300x300.jpg 300w, https:\/\/spolecznajedynka.pl\/lo\/wp-content\/uploads\/sites\/2\/2023\/11\/387871178_805638868233991_2855341960707002090_n-1024x1024.jpg 1024w, https:\/\/spolecznajedynka.pl\/lo\/wp-content\/uploads\/sites\/2\/2023\/11\/387871178_805638868233991_2855341960707002090_n-768x768.jpg 768w, https:\/\/spolecznajedynka.pl\/lo\/wp-content\/uploads\/sites\/2\/2023\/11\/387871178_805638868233991_2855341960707002090_n.jpg 1536w\" sizes=\"auto, (max-width: 150px) 100vw, 150px\" \/><\/a>\n\t\t\t<\/dt><\/dl><dl class='gallery-item'>\n\t\t\t<dt class='gallery-icon landscape'>\n\t\t\t\t<a href='https:\/\/spolecznajedynka.pl\/lo\/osiagniecia\/nauczyciele-nagrodzeni\/attachment\/387872058_805639008233977_8259546391716447624_n\/'><img loading=\"lazy\" decoding=\"async\" width=\"150\" height=\"150\" src=\"https:\/\/spolecznajedynka.pl\/lo\/wp-content\/uploads\/sites\/2\/2023\/11\/387872058_805639008233977_8259546391716447624_n-150x150.jpg\" class=\"attachment-thumbnail size-thumbnail\" alt=\"\" srcset=\"https:\/\/spolecznajedynka.pl\/lo\/wp-content\/uploads\/sites\/2\/2023\/11\/387872058_805639008233977_8259546391716447624_n-150x150.jpg 150w, https:\/\/spolecznajedynka.pl\/lo\/wp-content\/uploads\/sites\/2\/2023\/11\/387872058_805639008233977_8259546391716447624_n-300x300.jpg 300w, https:\/\/spolecznajedynka.pl\/lo\/wp-content\/uploads\/sites\/2\/2023\/11\/387872058_805639008233977_8259546391716447624_n-1024x1024.jpg 1024w, https:\/\/spolecznajedynka.pl\/lo\/wp-content\/uploads\/sites\/2\/2023\/11\/387872058_805639008233977_8259546391716447624_n-768x768.jpg 768w, https:\/\/spolecznajedynka.pl\/lo\/wp-content\/uploads\/sites\/2\/2023\/11\/387872058_805639008233977_8259546391716447624_n.jpg 1536w\" sizes=\"auto, (max-width: 150px) 100vw, 150px\" \/><\/a>\n\t\t\t<\/dt><\/dl><dl class='gallery-item'>\n\t\t\t<dt class='gallery-icon landscape'>\n\t\t\t\t<a href='https:\/\/spolecznajedynka.pl\/lo\/osiagniecia\/nauczyciele-nagrodzeni\/attachment\/387870926_805639011567310_4109733933746490419_n\/'><img loading=\"lazy\" decoding=\"async\" width=\"150\" height=\"150\" src=\"https:\/\/spolecznajedynka.pl\/lo\/wp-content\/uploads\/sites\/2\/2023\/11\/387870926_805639011567310_4109733933746490419_n-150x150.jpg\" class=\"attachment-thumbnail size-thumbnail\" alt=\"\" srcset=\"https:\/\/spolecznajedynka.pl\/lo\/wp-content\/uploads\/sites\/2\/2023\/11\/387870926_805639011567310_4109733933746490419_n-150x150.jpg 150w, https:\/\/spolecznajedynka.pl\/lo\/wp-content\/uploads\/sites\/2\/2023\/11\/387870926_805639011567310_4109733933746490419_n-300x300.jpg 300w, https:\/\/spolecznajedynka.pl\/lo\/wp-content\/uploads\/sites\/2\/2023\/11\/387870926_805639011567310_4109733933746490419_n-1024x1024.jpg 1024w, https:\/\/spolecznajedynka.pl\/lo\/wp-content\/uploads\/sites\/2\/2023\/11\/387870926_805639011567310_4109733933746490419_n-768x768.jpg 768w, https:\/\/spolecznajedynka.pl\/lo\/wp-content\/uploads\/sites\/2\/2023\/11\/387870926_805639011567310_4109733933746490419_n.jpg 1536w\" sizes=\"auto, (max-width: 150px) 100vw, 150px\" \/><\/a>\n\t\t\t<\/dt><\/dl><br style=\"clear: both\" \/><dl class='gallery-item'>\n\t\t\t<dt class='gallery-icon landscape'>\n\t\t\t\t<a href='https:\/\/spolecznajedynka.pl\/lo\/osiagniecia\/nauczyciele-nagrodzeni\/attachment\/387869369_805638764900668_3777384148279236313_n\/'><img loading=\"lazy\" decoding=\"async\" width=\"150\" height=\"150\" src=\"https:\/\/spolecznajedynka.pl\/lo\/wp-content\/uploads\/sites\/2\/2023\/11\/387869369_805638764900668_3777384148279236313_n-150x150.jpg\" class=\"attachment-thumbnail size-thumbnail\" alt=\"\" srcset=\"https:\/\/spolecznajedynka.pl\/lo\/wp-content\/uploads\/sites\/2\/2023\/11\/387869369_805638764900668_3777384148279236313_n-150x150.jpg 150w, https:\/\/spolecznajedynka.pl\/lo\/wp-content\/uploads\/sites\/2\/2023\/11\/387869369_805638764900668_3777384148279236313_n-300x300.jpg 300w, https:\/\/spolecznajedynka.pl\/lo\/wp-content\/uploads\/sites\/2\/2023\/11\/387869369_805638764900668_3777384148279236313_n-1024x1024.jpg 1024w, https:\/\/spolecznajedynka.pl\/lo\/wp-content\/uploads\/sites\/2\/2023\/11\/387869369_805638764900668_3777384148279236313_n-768x768.jpg 768w, https:\/\/spolecznajedynka.pl\/lo\/wp-content\/uploads\/sites\/2\/2023\/11\/387869369_805638764900668_3777384148279236313_n.jpg 1536w\" sizes=\"auto, (max-width: 150px) 100vw, 150px\" \/><\/a>\n\t\t\t<\/dt><\/dl><dl class='gallery-item'>\n\t\t\t<dt class='gallery-icon landscape'>\n\t\t\t\t<a href='https:\/\/spolecznajedynka.pl\/lo\/osiagniecia\/nauczyciele-nagrodzeni\/attachment\/387868367_805639091567302_5088059632467657714_n\/'><img loading=\"lazy\" decoding=\"async\" width=\"150\" height=\"150\" src=\"https:\/\/spolecznajedynka.pl\/lo\/wp-content\/uploads\/sites\/2\/2023\/11\/387868367_805639091567302_5088059632467657714_n-150x150.jpg\" class=\"attachment-thumbnail size-thumbnail\" alt=\"\" srcset=\"https:\/\/spolecznajedynka.pl\/lo\/wp-content\/uploads\/sites\/2\/2023\/11\/387868367_805639091567302_5088059632467657714_n-150x150.jpg 150w, https:\/\/spolecznajedynka.pl\/lo\/wp-content\/uploads\/sites\/2\/2023\/11\/387868367_805639091567302_5088059632467657714_n-300x300.jpg 300w, https:\/\/spolecznajedynka.pl\/lo\/wp-content\/uploads\/sites\/2\/2023\/11\/387868367_805639091567302_5088059632467657714_n-1024x1024.jpg 1024w, https:\/\/spolecznajedynka.pl\/lo\/wp-content\/uploads\/sites\/2\/2023\/11\/387868367_805639091567302_5088059632467657714_n-768x768.jpg 768w, https:\/\/spolecznajedynka.pl\/lo\/wp-content\/uploads\/sites\/2\/2023\/11\/387868367_805639091567302_5088059632467657714_n.jpg 1536w\" sizes=\"auto, (max-width: 150px) 100vw, 150px\" \/><\/a>\n\t\t\t<\/dt><\/dl><dl class='gallery-item'>\n\t\t\t<dt class='gallery-icon landscape'>\n\t\t\t\t<a href='https:\/\/spolecznajedynka.pl\/lo\/osiagniecia\/nauczyciele-nagrodzeni\/attachment\/387864139_805639054900639_329165897481863598_n\/'><img loading=\"lazy\" decoding=\"async\" width=\"150\" height=\"150\" src=\"https:\/\/spolecznajedynka.pl\/lo\/wp-content\/uploads\/sites\/2\/2023\/11\/387864139_805639054900639_329165897481863598_n-150x150.jpg\" class=\"attachment-thumbnail size-thumbnail\" alt=\"\" srcset=\"https:\/\/spolecznajedynka.pl\/lo\/wp-content\/uploads\/sites\/2\/2023\/11\/387864139_805639054900639_329165897481863598_n-150x150.jpg 150w, https:\/\/spolecznajedynka.pl\/lo\/wp-content\/uploads\/sites\/2\/2023\/11\/387864139_805639054900639_329165897481863598_n-300x300.jpg 300w, https:\/\/spolecznajedynka.pl\/lo\/wp-content\/uploads\/sites\/2\/2023\/11\/387864139_805639054900639_329165897481863598_n-1024x1024.jpg 1024w, https:\/\/spolecznajedynka.pl\/lo\/wp-content\/uploads\/sites\/2\/2023\/11\/387864139_805639054900639_329165897481863598_n-768x768.jpg 768w, https:\/\/spolecznajedynka.pl\/lo\/wp-content\/uploads\/sites\/2\/2023\/11\/387864139_805639054900639_329165897481863598_n.jpg 1536w\" sizes=\"auto, (max-width: 150px) 100vw, 150px\" \/><\/a>\n\t\t\t<\/dt><\/dl><br style=\"clear: both\" \/>\n\t\t<\/div>\n\n<\/div>\n","protected":false},"excerpt":{"rendered":"<p>Niewiele jest dla nauczyciela nagr\u00f3d cenniejszych od uczniowskiej wdzi\u0119czno\u015bci!\u00a0<\/p>\n","protected":false},"author":2,"featured_media":479,"comment_status":"closed","ping_status":"closed","sticky":false,"template":"","format":"standard","meta":{"_acf_changed":false,"footnotes":""},"categories":[13],"tags":[],"class_list":["post-474","post","type-post","status-publish","format-standard","has-post-thumbnail","hentry","category-osiagniecia"],"acf":[],"yoast_head":"<!-- This site is optimized with the Yoast SEO plugin v27.5 - https:\/\/yoast.com\/product\/yoast-seo-wordpress\/ -->\n<title>Nauczyciele nagrodzeni - Spo\u0142eczne Liceum Og\u00f3lnokszta\u0142c\u0105ce nr 1 w Poznaniu<\/title>\n<meta name=\"robots\" content=\"index, follow, max-snippet:-1, max-image-preview:large, max-video-preview:-1\" \/>\n<link rel=\"canonical\" href=\"https:\/\/spolecznajedynka.pl\/lo\/osiagniecia\/nauczyciele-nagrodzeni\/\" \/>\n<meta property=\"og:locale\" content=\"pl_PL\" \/>\n<meta property=\"og:type\" content=\"article\" \/>\n<meta property=\"og:title\" content=\"Nauczyciele nagrodzeni - Spo\u0142eczne Liceum Og\u00f3lnokszta\u0142c\u0105ce nr 1 w Poznaniu\" \/>\n<meta property=\"og:description\" content=\"Niewiele jest dla nauczyciela nagr\u00f3d cenniejszych od uczniowskiej wdzi\u0119czno\u015bci!\u00a0\" \/>\n<meta property=\"og:url\" content=\"https:\/\/spolecznajedynka.pl\/lo\/osiagniecia\/nauczyciele-nagrodzeni\/\" \/>\n<meta property=\"og:site_name\" content=\"Spo\u0142eczne Liceum Og\u00f3lnokszta\u0142c\u0105ce nr 1 w Poznaniu\" \/>\n<meta property=\"article:publisher\" content=\"https:\/\/www.facebook.com\/p\/Liceum-Spoeczna-Jedynka-Pozna-100082885224687\" \/>\n<meta property=\"article:published_time\" content=\"2023-10-14T19:27:53+00:00\" \/>\n<meta property=\"article:modified_time\" content=\"2023-11-08T20:30:11+00:00\" \/>\n<meta property=\"og:image\" content=\"https:\/\/spolecznajedynka.pl\/lo\/wp-content\/uploads\/sites\/2\/2023\/11\/387871178_805638868233991_2855341960707002090_n.jpg\" \/>\n\t<meta property=\"og:image:width\" content=\"1536\" \/>\n\t<meta property=\"og:image:height\" content=\"1536\" \/>\n\t<meta property=\"og:image:type\" content=\"image\/jpeg\" \/>\n<meta name=\"author\" content=\"Admin Top\" \/>\n<meta name=\"twitter:card\" content=\"summary_large_image\" \/>\n<meta name=\"twitter:label1\" content=\"Napisane przez\" \/>\n\t<meta name=\"twitter:data1\" content=\"Admin Top\" \/>\n\t<meta name=\"twitter:label2\" content=\"Szacowany czas czytania\" \/>\n\t<meta name=\"twitter:data2\" content=\"1 minuta\" \/>\n<script type=\"application\/ld+json\" class=\"yoast-schema-graph\">{\"@context\":\"https:\\\/\\\/schema.org\",\"@graph\":[{\"@type\":\"Article\",\"@id\":\"https:\\\/\\\/spolecznajedynka.pl\\\/lo\\\/osiagniecia\\\/nauczyciele-nagrodzeni\\\/#article\",\"isPartOf\":{\"@id\":\"https:\\\/\\\/spolecznajedynka.pl\\\/lo\\\/osiagniecia\\\/nauczyciele-nagrodzeni\\\/\"},\"author\":{\"name\":\"Admin Top\",\"@id\":\"https:\\\/\\\/spolecznajedynka.pl\\\/lo\\\/#\\\/schema\\\/person\\\/2516201558d359d325ddfae4255a4356\"},\"headline\":\"Nauczyciele nagrodzeni\",\"datePublished\":\"2023-10-14T19:27:53+00:00\",\"dateModified\":\"2023-11-08T20:30:11+00:00\",\"mainEntityOfPage\":{\"@id\":\"https:\\\/\\\/spolecznajedynka.pl\\\/lo\\\/osiagniecia\\\/nauczyciele-nagrodzeni\\\/\"},\"wordCount\":194,\"publisher\":{\"@id\":\"https:\\\/\\\/spolecznajedynka.pl\\\/lo\\\/#organization\"},\"image\":{\"@id\":\"https:\\\/\\\/spolecznajedynka.pl\\\/lo\\\/osiagniecia\\\/nauczyciele-nagrodzeni\\\/#primaryimage\"},\"thumbnailUrl\":\"https:\\\/\\\/spolecznajedynka.pl\\\/lo\\\/wp-content\\\/uploads\\\/sites\\\/2\\\/2023\\\/11\\\/387871178_805638868233991_2855341960707002090_n.jpg\",\"articleSection\":[\"Osi\u0105gni\u0119cia\"],\"inLanguage\":\"pl-PL\"},{\"@type\":\"WebPage\",\"@id\":\"https:\\\/\\\/spolecznajedynka.pl\\\/lo\\\/osiagniecia\\\/nauczyciele-nagrodzeni\\\/\",\"url\":\"https:\\\/\\\/spolecznajedynka.pl\\\/lo\\\/osiagniecia\\\/nauczyciele-nagrodzeni\\\/\",\"name\":\"Nauczyciele nagrodzeni - Spo\u0142eczne Liceum Og\u00f3lnokszta\u0142c\u0105ce nr 1 w Poznaniu\",\"isPartOf\":{\"@id\":\"https:\\\/\\\/spolecznajedynka.pl\\\/lo\\\/#website\"},\"primaryImageOfPage\":{\"@id\":\"https:\\\/\\\/spolecznajedynka.pl\\\/lo\\\/osiagniecia\\\/nauczyciele-nagrodzeni\\\/#primaryimage\"},\"image\":{\"@id\":\"https:\\\/\\\/spolecznajedynka.pl\\\/lo\\\/osiagniecia\\\/nauczyciele-nagrodzeni\\\/#primaryimage\"},\"thumbnailUrl\":\"https:\\\/\\\/spolecznajedynka.pl\\\/lo\\\/wp-content\\\/uploads\\\/sites\\\/2\\\/2023\\\/11\\\/387871178_805638868233991_2855341960707002090_n.jpg\",\"datePublished\":\"2023-10-14T19:27:53+00:00\",\"dateModified\":\"2023-11-08T20:30:11+00:00\",\"breadcrumb\":{\"@id\":\"https:\\\/\\\/spolecznajedynka.pl\\\/lo\\\/osiagniecia\\\/nauczyciele-nagrodzeni\\\/#breadcrumb\"},\"inLanguage\":\"pl-PL\",\"potentialAction\":[{\"@type\":\"ReadAction\",\"target\":[\"https:\\\/\\\/spolecznajedynka.pl\\\/lo\\\/osiagniecia\\\/nauczyciele-nagrodzeni\\\/\"]}]},{\"@type\":\"ImageObject\",\"inLanguage\":\"pl-PL\",\"@id\":\"https:\\\/\\\/spolecznajedynka.pl\\\/lo\\\/osiagniecia\\\/nauczyciele-nagrodzeni\\\/#primaryimage\",\"url\":\"https:\\\/\\\/spolecznajedynka.pl\\\/lo\\\/wp-content\\\/uploads\\\/sites\\\/2\\\/2023\\\/11\\\/387871178_805638868233991_2855341960707002090_n.jpg\",\"contentUrl\":\"https:\\\/\\\/spolecznajedynka.pl\\\/lo\\\/wp-content\\\/uploads\\\/sites\\\/2\\\/2023\\\/11\\\/387871178_805638868233991_2855341960707002090_n.jpg\",\"width\":1536,\"height\":1536},{\"@type\":\"BreadcrumbList\",\"@id\":\"https:\\\/\\\/spolecznajedynka.pl\\\/lo\\\/osiagniecia\\\/nauczyciele-nagrodzeni\\\/#breadcrumb\",\"itemListElement\":[{\"@type\":\"ListItem\",\"position\":1,\"name\":\"Strona g\u0142\u00f3wna\",\"item\":\"https:\\\/\\\/spolecznajedynka.pl\\\/lo\\\/\"},{\"@type\":\"ListItem\",\"position\":2,\"name\":\"Osi\u0105gni\u0119cia\",\"item\":\"https:\\\/\\\/spolecznajedynka.pl\\\/lo\\\/k\\\/osiagniecia\\\/\"},{\"@type\":\"ListItem\",\"position\":3,\"name\":\"Nauczyciele nagrodzeni\"}]},{\"@type\":\"WebSite\",\"@id\":\"https:\\\/\\\/spolecznajedynka.pl\\\/lo\\\/#website\",\"url\":\"https:\\\/\\\/spolecznajedynka.pl\\\/lo\\\/\",\"name\":\"Spo\u0142eczne Liceum Og\u00f3lnokszta\u0142c\u0105ce nr 1 w Poznaniu\",\"description\":\"\",\"publisher\":{\"@id\":\"https:\\\/\\\/spolecznajedynka.pl\\\/lo\\\/#organization\"},\"potentialAction\":[{\"@type\":\"SearchAction\",\"target\":{\"@type\":\"EntryPoint\",\"urlTemplate\":\"https:\\\/\\\/spolecznajedynka.pl\\\/lo\\\/?s={search_term_string}\"},\"query-input\":{\"@type\":\"PropertyValueSpecification\",\"valueRequired\":true,\"valueName\":\"search_term_string\"}}],\"inLanguage\":\"pl-PL\"},{\"@type\":\"Organization\",\"@id\":\"https:\\\/\\\/spolecznajedynka.pl\\\/lo\\\/#organization\",\"name\":\"Spo\u0142eczne Liceum Og\u00f3lnokszta\u0142c\u0105ce nr 1 w Poznaniu\",\"url\":\"https:\\\/\\\/spolecznajedynka.pl\\\/lo\\\/\",\"logo\":{\"@type\":\"ImageObject\",\"inLanguage\":\"pl-PL\",\"@id\":\"https:\\\/\\\/spolecznajedynka.pl\\\/lo\\\/#\\\/schema\\\/logo\\\/image\\\/\",\"url\":\"https:\\\/\\\/spolecznajedynka.pl\\\/lo\\\/wp-content\\\/uploads\\\/sites\\\/2\\\/2023\\\/08\\\/logo-lo.png\",\"contentUrl\":\"https:\\\/\\\/spolecznajedynka.pl\\\/lo\\\/wp-content\\\/uploads\\\/sites\\\/2\\\/2023\\\/08\\\/logo-lo.png\",\"width\":651,\"height\":355,\"caption\":\"Spo\u0142eczne Liceum Og\u00f3lnokszta\u0142c\u0105ce nr 1 w Poznaniu\"},\"image\":{\"@id\":\"https:\\\/\\\/spolecznajedynka.pl\\\/lo\\\/#\\\/schema\\\/logo\\\/image\\\/\"},\"sameAs\":[\"https:\\\/\\\/www.facebook.com\\\/p\\\/Liceum-Spoeczna-Jedynka-Pozna-100082885224687\",\"https:\\\/\\\/www.instagram.com\\\/spolecznajedynka\\\/\",\"https:\\\/\\\/www.tiktok.com\\\/@lospoleczna1\"]},{\"@type\":\"Person\",\"@id\":\"https:\\\/\\\/spolecznajedynka.pl\\\/lo\\\/#\\\/schema\\\/person\\\/2516201558d359d325ddfae4255a4356\",\"name\":\"Admin Top\",\"image\":{\"@type\":\"ImageObject\",\"inLanguage\":\"pl-PL\",\"@id\":\"https:\\\/\\\/secure.gravatar.com\\\/avatar\\\/4faaedc4afabcd882aed6427c06dd9449a4ac635efb8f231a3e4f729e70f1cad?s=96&d=mm&r=g\",\"url\":\"https:\\\/\\\/secure.gravatar.com\\\/avatar\\\/4faaedc4afabcd882aed6427c06dd9449a4ac635efb8f231a3e4f729e70f1cad?s=96&d=mm&r=g\",\"contentUrl\":\"https:\\\/\\\/secure.gravatar.com\\\/avatar\\\/4faaedc4afabcd882aed6427c06dd9449a4ac635efb8f231a3e4f729e70f1cad?s=96&d=mm&r=g\",\"caption\":\"Admin Top\"}}]}<\/script>\n<!-- \/ Yoast SEO plugin. -->","yoast_head_json":{"title":"Nauczyciele nagrodzeni - Spo\u0142eczne Liceum Og\u00f3lnokszta\u0142c\u0105ce nr 1 w Poznaniu","robots":{"index":"index","follow":"follow","max-snippet":"max-snippet:-1","max-image-preview":"max-image-preview:large","max-video-preview":"max-video-preview:-1"},"canonical":"https:\/\/spolecznajedynka.pl\/lo\/osiagniecia\/nauczyciele-nagrodzeni\/","og_locale":"pl_PL","og_type":"article","og_title":"Nauczyciele nagrodzeni - Spo\u0142eczne Liceum Og\u00f3lnokszta\u0142c\u0105ce nr 1 w Poznaniu","og_description":"Niewiele jest dla nauczyciela nagr\u00f3d cenniejszych od uczniowskiej wdzi\u0119czno\u015bci!\u00a0","og_url":"https:\/\/spolecznajedynka.pl\/lo\/osiagniecia\/nauczyciele-nagrodzeni\/","og_site_name":"Spo\u0142eczne Liceum Og\u00f3lnokszta\u0142c\u0105ce nr 1 w Poznaniu","article_publisher":"https:\/\/www.facebook.com\/p\/Liceum-Spoeczna-Jedynka-Pozna-100082885224687","article_published_time":"2023-10-14T19:27:53+00:00","article_modified_time":"2023-11-08T20:30:11+00:00","og_image":[{"width":1536,"height":1536,"url":"https:\/\/spolecznajedynka.pl\/lo\/wp-content\/uploads\/sites\/2\/2023\/11\/387871178_805638868233991_2855341960707002090_n.jpg","type":"image\/jpeg"}],"author":"Admin Top","twitter_card":"summary_large_image","twitter_misc":{"Napisane przez":"Admin Top","Szacowany czas czytania":"1 minuta"},"schema":{"@context":"https:\/\/schema.org","@graph":[{"@type":"Article","@id":"https:\/\/spolecznajedynka.pl\/lo\/osiagniecia\/nauczyciele-nagrodzeni\/#article","isPartOf":{"@id":"https:\/\/spolecznajedynka.pl\/lo\/osiagniecia\/nauczyciele-nagrodzeni\/"},"author":{"name":"Admin Top","@id":"https:\/\/spolecznajedynka.pl\/lo\/#\/schema\/person\/2516201558d359d325ddfae4255a4356"},"headline":"Nauczyciele nagrodzeni","datePublished":"2023-10-14T19:27:53+00:00","dateModified":"2023-11-08T20:30:11+00:00","mainEntityOfPage":{"@id":"https:\/\/spolecznajedynka.pl\/lo\/osiagniecia\/nauczyciele-nagrodzeni\/"},"wordCount":194,"publisher":{"@id":"https:\/\/spolecznajedynka.pl\/lo\/#organization"},"image":{"@id":"https:\/\/spolecznajedynka.pl\/lo\/osiagniecia\/nauczyciele-nagrodzeni\/#primaryimage"},"thumbnailUrl":"https:\/\/spolecznajedynka.pl\/lo\/wp-content\/uploads\/sites\/2\/2023\/11\/387871178_805638868233991_2855341960707002090_n.jpg","articleSection":["Osi\u0105gni\u0119cia"],"inLanguage":"pl-PL"},{"@type":"WebPage","@id":"https:\/\/spolecznajedynka.pl\/lo\/osiagniecia\/nauczyciele-nagrodzeni\/","url":"https:\/\/spolecznajedynka.pl\/lo\/osiagniecia\/nauczyciele-nagrodzeni\/","name":"Nauczyciele nagrodzeni - Spo\u0142eczne Liceum Og\u00f3lnokszta\u0142c\u0105ce nr 1 w Poznaniu","isPartOf":{"@id":"https:\/\/spolecznajedynka.pl\/lo\/#website"},"primaryImageOfPage":{"@id":"https:\/\/spolecznajedynka.pl\/lo\/osiagniecia\/nauczyciele-nagrodzeni\/#primaryimage"},"image":{"@id":"https:\/\/spolecznajedynka.pl\/lo\/osiagniecia\/nauczyciele-nagrodzeni\/#primaryimage"},"thumbnailUrl":"https:\/\/spolecznajedynka.pl\/lo\/wp-content\/uploads\/sites\/2\/2023\/11\/387871178_805638868233991_2855341960707002090_n.jpg","datePublished":"2023-10-14T19:27:53+00:00","dateModified":"2023-11-08T20:30:11+00:00","breadcrumb":{"@id":"https:\/\/spolecznajedynka.pl\/lo\/osiagniecia\/nauczyciele-nagrodzeni\/#breadcrumb"},"inLanguage":"pl-PL","potentialAction":[{"@type":"ReadAction","target":["https:\/\/spolecznajedynka.pl\/lo\/osiagniecia\/nauczyciele-nagrodzeni\/"]}]},{"@type":"ImageObject","inLanguage":"pl-PL","@id":"https:\/\/spolecznajedynka.pl\/lo\/osiagniecia\/nauczyciele-nagrodzeni\/#primaryimage","url":"https:\/\/spolecznajedynka.pl\/lo\/wp-content\/uploads\/sites\/2\/2023\/11\/387871178_805638868233991_2855341960707002090_n.jpg","contentUrl":"https:\/\/spolecznajedynka.pl\/lo\/wp-content\/uploads\/sites\/2\/2023\/11\/387871178_805638868233991_2855341960707002090_n.jpg","width":1536,"height":1536},{"@type":"BreadcrumbList","@id":"https:\/\/spolecznajedynka.pl\/lo\/osiagniecia\/nauczyciele-nagrodzeni\/#breadcrumb","itemListElement":[{"@type":"ListItem","position":1,"name":"Strona g\u0142\u00f3wna","item":"https:\/\/spolecznajedynka.pl\/lo\/"},{"@type":"ListItem","position":2,"name":"Osi\u0105gni\u0119cia","item":"https:\/\/spolecznajedynka.pl\/lo\/k\/osiagniecia\/"},{"@type":"ListItem","position":3,"name":"Nauczyciele nagrodzeni"}]},{"@type":"WebSite","@id":"https:\/\/spolecznajedynka.pl\/lo\/#website","url":"https:\/\/spolecznajedynka.pl\/lo\/","name":"Spo\u0142eczne Liceum Og\u00f3lnokszta\u0142c\u0105ce nr 1 w Poznaniu","description":"","publisher":{"@id":"https:\/\/spolecznajedynka.pl\/lo\/#organization"},"potentialAction":[{"@type":"SearchAction","target":{"@type":"EntryPoint","urlTemplate":"https:\/\/spolecznajedynka.pl\/lo\/?s={search_term_string}"},"query-input":{"@type":"PropertyValueSpecification","valueRequired":true,"valueName":"search_term_string"}}],"inLanguage":"pl-PL"},{"@type":"Organization","@id":"https:\/\/spolecznajedynka.pl\/lo\/#organization","name":"Spo\u0142eczne Liceum Og\u00f3lnokszta\u0142c\u0105ce nr 1 w Poznaniu","url":"https:\/\/spolecznajedynka.pl\/lo\/","logo":{"@type":"ImageObject","inLanguage":"pl-PL","@id":"https:\/\/spolecznajedynka.pl\/lo\/#\/schema\/logo\/image\/","url":"https:\/\/spolecznajedynka.pl\/lo\/wp-content\/uploads\/sites\/2\/2023\/08\/logo-lo.png","contentUrl":"https:\/\/spolecznajedynka.pl\/lo\/wp-content\/uploads\/sites\/2\/2023\/08\/logo-lo.png","width":651,"height":355,"caption":"Spo\u0142eczne Liceum Og\u00f3lnokszta\u0142c\u0105ce nr 1 w Poznaniu"},"image":{"@id":"https:\/\/spolecznajedynka.pl\/lo\/#\/schema\/logo\/image\/"},"sameAs":["https:\/\/www.facebook.com\/p\/Liceum-Spoeczna-Jedynka-Pozna-100082885224687","https:\/\/www.instagram.com\/spolecznajedynka\/","https:\/\/www.tiktok.com\/@lospoleczna1"]},{"@type":"Person","@id":"https:\/\/spolecznajedynka.pl\/lo\/#\/schema\/person\/2516201558d359d325ddfae4255a4356","name":"Admin Top","image":{"@type":"ImageObject","inLanguage":"pl-PL","@id":"https:\/\/secure.gravatar.com\/avatar\/4faaedc4afabcd882aed6427c06dd9449a4ac635efb8f231a3e4f729e70f1cad?s=96&d=mm&r=g","url":"https:\/\/secure.gravatar.com\/avatar\/4faaedc4afabcd882aed6427c06dd9449a4ac635efb8f231a3e4f729e70f1cad?s=96&d=mm&r=g","contentUrl":"https:\/\/secure.gravatar.com\/avatar\/4faaedc4afabcd882aed6427c06dd9449a4ac635efb8f231a3e4f729e70f1cad?s=96&d=mm&r=g","caption":"Admin Top"}}]}},"_links":{"self":[{"href":"https:\/\/spolecznajedynka.pl\/lo\/wp-json\/wp\/v2\/posts\/474","targetHints":{"allow":["GET"]}}],"collection":[{"href":"https:\/\/spolecznajedynka.pl\/lo\/wp-json\/wp\/v2\/posts"}],"about":[{"href":"https:\/\/spolecznajedynka.pl\/lo\/wp-json\/wp\/v2\/types\/post"}],"author":[{"embeddable":true,"href":"https:\/\/spolecznajedynka.pl\/lo\/wp-json\/wp\/v2\/users\/2"}],"replies":[{"embeddable":true,"href":"https:\/\/spolecznajedynka.pl\/lo\/wp-json\/wp\/v2\/comments?post=474"}],"version-history":[{"count":1,"href":"https:\/\/spolecznajedynka.pl\/lo\/wp-json\/wp\/v2\/posts\/474\/revisions"}],"predecessor-version":[{"id":481,"href":"https:\/\/spolecznajedynka.pl\/lo\/wp-json\/wp\/v2\/posts\/474\/revisions\/481"}],"wp:featuredmedia":[{"embeddable":true,"href":"https:\/\/spolecznajedynka.pl\/lo\/wp-json\/wp\/v2\/media\/479"}],"wp:attachment":[{"href":"https:\/\/spolecznajedynka.pl\/lo\/wp-json\/wp\/v2\/media?parent=474"}],"wp:term":[{"taxonomy":"category","embeddable":true,"href":"https:\/\/spolecznajedynka.pl\/lo\/wp-json\/wp\/v2\/categories?post=474"},{"taxonomy":"post_tag","embeddable":true,"href":"https:\/\/spolecznajedynka.pl\/lo\/wp-json\/wp\/v2\/tags?post=474"}],"curies":[{"name":"wp","href":"https:\/\/api.w.org\/{rel}","templated":true}]}}