{"id":343,"date":"2022-10-13T01:19:12","date_gmt":"2022-10-12T23:19:12","guid":{"rendered":"https:\/\/zarzadzanie.smarthost.pl\/sp1\/lo\/?p=343"},"modified":"2023-11-08T22:16:50","modified_gmt":"2023-11-08T21:16:50","slug":"poznanski-budzet-obywatelski-2023-glosujemy","status":"publish","type":"post","link":"https:\/\/spolecznajedynka.pl\/lo\/w-dzialaniu\/poznanski-budzet-obywatelski-2023-glosujemy\/","title":{"rendered":"Pozna\u0144ski Bud\u017cet Obywatelski 2023 &#8211; g\u0142osujemy!"},"content":{"rendered":"<p><strong>Dzi\u0119ki funduszom z PBO zmienimy otoczenie naszego liceum w bezpieczne, funkcjonalne i pi\u0119kne miejsce rozwoju uczniowskich pasji!<\/strong><\/p>\n<p><!--more--><\/p>\n<p>Nasze wymarzone liceum?<br \/>\nTakie, do kt\u00f3rego chce si\u0119 przychodzi\u0107 i w kt\u00f3rym chce si\u0119 by\u0107 razem. Nawet po zako\u0144czeniu obowi\u0105zkowych zaj\u0119\u0107.<\/p>\n<p>Dobrze wiemy, \u017ce najwa\u017cniejsi w tym wszystkim s\u0105 ludzie. Jednocze\u015bnie nie bez znaczenia jest przestrze\u0144, w kt\u00f3rej wszyscy na co dzie\u0144 przebywamy&#8230;<br \/>\nDlatego tak zawzi\u0119cie walczymy o to, by ta przestrze\u0144 by\u0142a przyjazna, bezpieczna i ciekawa.<\/p>\n<p>Je\u015bli otrzymamy fundusze w ramach PBO2023:<br \/>\nwymienimy chodnik,<br \/>\nodnowimy teren zielony przed szko\u0142\u0105,<br \/>\nutworzymy stref\u0119 rowerowej ze stacj\u0105 naprawcz\u0105 i stojakami na rowery.<br \/>\nPonadto m\u0142odsi koledzy i kole\u017canki naszych licealist\u00f3w uciesz\u0105 si\u0119 nowym placem zabaw i pod\u0142o\u017cem z grami chodnikowymi!<\/p>\n<p>Jak g\u0142osowa\u0107?<\/p>\n<p>W tym roku nasz projekt to projekt rejonowy nr V.3 &#8211; &#8222;Rekreacyjny zak\u0105tek&#8221;.<br \/>\nG\u0142osowanie rozpocznie si\u0119 10 pa\u017adziernika i potrwa do 31 pa\u017adziernika do 12:00.<\/p>\n<p>Podczas g\u0142osowania oddajemy maksymalnie dwa g\u0142osy na projekty og\u00f3lnomiejskie (w tym jeden w ramach Zielonego Bud\u017cetu) oraz maksymalnie pi\u0119\u0107 g\u0142os\u00f3w na projekty rejonowe.<br \/>\nW tegorocznej edycji podczas g\u0142osowania nale\u017cy zweryfikowa\u0107 sw\u00f3j g\u0142os za pomoc\u0105 kodu SMS.<\/p>\n<p>WA\u017bNE! Szans\u0119 na spe\u0142nienie marze\u0144 mamy tylko wtedy, gdy spo\u015br\u00f3d projekt\u00f3w zg\u0142oszonych w naszym rejonie g\u0142osowa\u0107 b\u0119dziemy tylko na nasz.<\/p>\n<p>Natomiast nawi\u0105zali\u015bmy wsp\u00f3\u0142prac\u0119 z Fundacj\u0105 Stra\u017cacy Wielkopolska &#8211; g\u0142osujemy na jej projekty dotycz\u0105ce szkole\u0144 z pierwszej pomocy (III.3, VII.6, IX.3.) a Fundacja zach\u0119ca do g\u0142osowania na nasz &#8222;Rekreacyjny zak\u0105tek&#8221;.<br \/>\nW poprzednich latach pokazali\u015bmy w g\u0142osowaniach prawdziw\u0105 si\u0142\u0119 naszej spo\u0142eczno\u015bci.<\/p>\n<p>Niech tak b\u0119dzie i teraz!<\/p>\n<p>&nbsp;<\/p>\n<p><img loading=\"lazy\" decoding=\"async\" class=\"alignnone size-large wp-image-563\" src=\"https:\/\/spolecznajedynka.pl\/lo\/wp-content\/uploads\/sites\/2\/2022\/10\/310329275_140745322031641_2834807262136694695_n-1024x1024.jpg\" alt=\"\" width=\"1024\" height=\"1024\" srcset=\"https:\/\/spolecznajedynka.pl\/lo\/wp-content\/uploads\/sites\/2\/2022\/10\/310329275_140745322031641_2834807262136694695_n-1024x1024.jpg 1024w, https:\/\/spolecznajedynka.pl\/lo\/wp-content\/uploads\/sites\/2\/2022\/10\/310329275_140745322031641_2834807262136694695_n-300x300.jpg 300w, https:\/\/spolecznajedynka.pl\/lo\/wp-content\/uploads\/sites\/2\/2022\/10\/310329275_140745322031641_2834807262136694695_n-150x150.jpg 150w, https:\/\/spolecznajedynka.pl\/lo\/wp-content\/uploads\/sites\/2\/2022\/10\/310329275_140745322031641_2834807262136694695_n-768x768.jpg 768w, https:\/\/spolecznajedynka.pl\/lo\/wp-content\/uploads\/sites\/2\/2022\/10\/310329275_140745322031641_2834807262136694695_n.jpg 1080w\" sizes=\"auto, (max-width: 1024px) 100vw, 1024px\" \/><\/p>\n","protected":false},"excerpt":{"rendered":"<p>Dzi\u0119ki funduszom z PBO zmienimy otoczenie naszego liceum w bezpieczne, funkcjonalne i pi\u0119kne miejsce rozwoju uczniowskich pasji!<\/p>\n","protected":false},"author":2,"featured_media":563,"comment_status":"closed","ping_status":"closed","sticky":false,"template":"","format":"standard","meta":{"_acf_changed":false,"footnotes":""},"categories":[10],"tags":[],"class_list":["post-343","post","type-post","status-publish","format-standard","has-post-thumbnail","hentry","category-w-dzialaniu"],"acf":[],"yoast_head":"<!-- This site is optimized with the Yoast SEO plugin v27.5 - https:\/\/yoast.com\/product\/yoast-seo-wordpress\/ -->\n<title>Pozna\u0144ski Bud\u017cet Obywatelski 2023 - g\u0142osujemy! - Spo\u0142eczne Liceum Og\u00f3lnokszta\u0142c\u0105ce nr 1 w Poznaniu<\/title>\n<meta name=\"robots\" content=\"index, follow, max-snippet:-1, max-image-preview:large, max-video-preview:-1\" \/>\n<link rel=\"canonical\" href=\"https:\/\/spolecznajedynka.pl\/lo\/w-dzialaniu\/poznanski-budzet-obywatelski-2023-glosujemy\/\" \/>\n<meta property=\"og:locale\" content=\"pl_PL\" \/>\n<meta property=\"og:type\" content=\"article\" \/>\n<meta property=\"og:title\" content=\"Pozna\u0144ski Bud\u017cet Obywatelski 2023 - g\u0142osujemy! - Spo\u0142eczne Liceum Og\u00f3lnokszta\u0142c\u0105ce nr 1 w Poznaniu\" \/>\n<meta property=\"og:description\" content=\"Dzi\u0119ki funduszom z PBO zmienimy otoczenie naszego liceum w bezpieczne, funkcjonalne i pi\u0119kne miejsce rozwoju uczniowskich pasji!\" \/>\n<meta property=\"og:url\" content=\"https:\/\/spolecznajedynka.pl\/lo\/w-dzialaniu\/poznanski-budzet-obywatelski-2023-glosujemy\/\" \/>\n<meta property=\"og:site_name\" content=\"Spo\u0142eczne Liceum Og\u00f3lnokszta\u0142c\u0105ce nr 1 w Poznaniu\" \/>\n<meta property=\"article:publisher\" content=\"https:\/\/www.facebook.com\/p\/Liceum-Spoeczna-Jedynka-Pozna-100082885224687\" \/>\n<meta property=\"article:published_time\" content=\"2022-10-12T23:19:12+00:00\" \/>\n<meta property=\"article:modified_time\" content=\"2023-11-08T21:16:50+00:00\" \/>\n<meta property=\"og:image\" content=\"https:\/\/spolecznajedynka.pl\/lo\/wp-content\/uploads\/sites\/2\/2022\/10\/310329275_140745322031641_2834807262136694695_n.jpg\" \/>\n\t<meta property=\"og:image:width\" content=\"1080\" \/>\n\t<meta property=\"og:image:height\" content=\"1080\" \/>\n\t<meta property=\"og:image:type\" content=\"image\/jpeg\" \/>\n<meta name=\"author\" content=\"Admin Top\" \/>\n<meta name=\"twitter:card\" content=\"summary_large_image\" \/>\n<meta name=\"twitter:label1\" content=\"Napisane przez\" \/>\n\t<meta name=\"twitter:data1\" content=\"Admin Top\" \/>\n\t<meta name=\"twitter:label2\" content=\"Szacowany czas czytania\" \/>\n\t<meta name=\"twitter:data2\" content=\"2 minuty\" \/>\n<script type=\"application\/ld+json\" class=\"yoast-schema-graph\">{\"@context\":\"https:\\\/\\\/schema.org\",\"@graph\":[{\"@type\":\"Article\",\"@id\":\"https:\\\/\\\/spolecznajedynka.pl\\\/lo\\\/w-dzialaniu\\\/poznanski-budzet-obywatelski-2023-glosujemy\\\/#article\",\"isPartOf\":{\"@id\":\"https:\\\/\\\/spolecznajedynka.pl\\\/lo\\\/w-dzialaniu\\\/poznanski-budzet-obywatelski-2023-glosujemy\\\/\"},\"author\":{\"name\":\"Admin Top\",\"@id\":\"https:\\\/\\\/spolecznajedynka.pl\\\/lo\\\/#\\\/schema\\\/person\\\/2516201558d359d325ddfae4255a4356\"},\"headline\":\"Pozna\u0144ski Bud\u017cet Obywatelski 2023 &#8211; g\u0142osujemy!\",\"datePublished\":\"2022-10-12T23:19:12+00:00\",\"dateModified\":\"2023-11-08T21:16:50+00:00\",\"mainEntityOfPage\":{\"@id\":\"https:\\\/\\\/spolecznajedynka.pl\\\/lo\\\/w-dzialaniu\\\/poznanski-budzet-obywatelski-2023-glosujemy\\\/\"},\"wordCount\":301,\"publisher\":{\"@id\":\"https:\\\/\\\/spolecznajedynka.pl\\\/lo\\\/#organization\"},\"image\":{\"@id\":\"https:\\\/\\\/spolecznajedynka.pl\\\/lo\\\/w-dzialaniu\\\/poznanski-budzet-obywatelski-2023-glosujemy\\\/#primaryimage\"},\"thumbnailUrl\":\"https:\\\/\\\/spolecznajedynka.pl\\\/lo\\\/wp-content\\\/uploads\\\/sites\\\/2\\\/2022\\\/10\\\/310329275_140745322031641_2834807262136694695_n.jpg\",\"articleSection\":[\"W dzia\u0142aniu\"],\"inLanguage\":\"pl-PL\"},{\"@type\":\"WebPage\",\"@id\":\"https:\\\/\\\/spolecznajedynka.pl\\\/lo\\\/w-dzialaniu\\\/poznanski-budzet-obywatelski-2023-glosujemy\\\/\",\"url\":\"https:\\\/\\\/spolecznajedynka.pl\\\/lo\\\/w-dzialaniu\\\/poznanski-budzet-obywatelski-2023-glosujemy\\\/\",\"name\":\"Pozna\u0144ski Bud\u017cet Obywatelski 2023 - g\u0142osujemy! - Spo\u0142eczne Liceum Og\u00f3lnokszta\u0142c\u0105ce nr 1 w Poznaniu\",\"isPartOf\":{\"@id\":\"https:\\\/\\\/spolecznajedynka.pl\\\/lo\\\/#website\"},\"primaryImageOfPage\":{\"@id\":\"https:\\\/\\\/spolecznajedynka.pl\\\/lo\\\/w-dzialaniu\\\/poznanski-budzet-obywatelski-2023-glosujemy\\\/#primaryimage\"},\"image\":{\"@id\":\"https:\\\/\\\/spolecznajedynka.pl\\\/lo\\\/w-dzialaniu\\\/poznanski-budzet-obywatelski-2023-glosujemy\\\/#primaryimage\"},\"thumbnailUrl\":\"https:\\\/\\\/spolecznajedynka.pl\\\/lo\\\/wp-content\\\/uploads\\\/sites\\\/2\\\/2022\\\/10\\\/310329275_140745322031641_2834807262136694695_n.jpg\",\"datePublished\":\"2022-10-12T23:19:12+00:00\",\"dateModified\":\"2023-11-08T21:16:50+00:00\",\"breadcrumb\":{\"@id\":\"https:\\\/\\\/spolecznajedynka.pl\\\/lo\\\/w-dzialaniu\\\/poznanski-budzet-obywatelski-2023-glosujemy\\\/#breadcrumb\"},\"inLanguage\":\"pl-PL\",\"potentialAction\":[{\"@type\":\"ReadAction\",\"target\":[\"https:\\\/\\\/spolecznajedynka.pl\\\/lo\\\/w-dzialaniu\\\/poznanski-budzet-obywatelski-2023-glosujemy\\\/\"]}]},{\"@type\":\"ImageObject\",\"inLanguage\":\"pl-PL\",\"@id\":\"https:\\\/\\\/spolecznajedynka.pl\\\/lo\\\/w-dzialaniu\\\/poznanski-budzet-obywatelski-2023-glosujemy\\\/#primaryimage\",\"url\":\"https:\\\/\\\/spolecznajedynka.pl\\\/lo\\\/wp-content\\\/uploads\\\/sites\\\/2\\\/2022\\\/10\\\/310329275_140745322031641_2834807262136694695_n.jpg\",\"contentUrl\":\"https:\\\/\\\/spolecznajedynka.pl\\\/lo\\\/wp-content\\\/uploads\\\/sites\\\/2\\\/2022\\\/10\\\/310329275_140745322031641_2834807262136694695_n.jpg\",\"width\":1080,\"height\":1080},{\"@type\":\"BreadcrumbList\",\"@id\":\"https:\\\/\\\/spolecznajedynka.pl\\\/lo\\\/w-dzialaniu\\\/poznanski-budzet-obywatelski-2023-glosujemy\\\/#breadcrumb\",\"itemListElement\":[{\"@type\":\"ListItem\",\"position\":1,\"name\":\"Strona g\u0142\u00f3wna\",\"item\":\"https:\\\/\\\/spolecznajedynka.pl\\\/lo\\\/\"},{\"@type\":\"ListItem\",\"position\":2,\"name\":\"W dzia\u0142aniu\",\"item\":\"https:\\\/\\\/spolecznajedynka.pl\\\/lo\\\/k\\\/w-dzialaniu\\\/\"},{\"@type\":\"ListItem\",\"position\":3,\"name\":\"Pozna\u0144ski Bud\u017cet Obywatelski 2023 &#8211; g\u0142osujemy!\"}]},{\"@type\":\"WebSite\",\"@id\":\"https:\\\/\\\/spolecznajedynka.pl\\\/lo\\\/#website\",\"url\":\"https:\\\/\\\/spolecznajedynka.pl\\\/lo\\\/\",\"name\":\"Spo\u0142eczne Liceum Og\u00f3lnokszta\u0142c\u0105ce nr 1 w Poznaniu\",\"description\":\"\",\"publisher\":{\"@id\":\"https:\\\/\\\/spolecznajedynka.pl\\\/lo\\\/#organization\"},\"potentialAction\":[{\"@type\":\"SearchAction\",\"target\":{\"@type\":\"EntryPoint\",\"urlTemplate\":\"https:\\\/\\\/spolecznajedynka.pl\\\/lo\\\/?s={search_term_string}\"},\"query-input\":{\"@type\":\"PropertyValueSpecification\",\"valueRequired\":true,\"valueName\":\"search_term_string\"}}],\"inLanguage\":\"pl-PL\"},{\"@type\":\"Organization\",\"@id\":\"https:\\\/\\\/spolecznajedynka.pl\\\/lo\\\/#organization\",\"name\":\"Spo\u0142eczne Liceum Og\u00f3lnokszta\u0142c\u0105ce nr 1 w Poznaniu\",\"url\":\"https:\\\/\\\/spolecznajedynka.pl\\\/lo\\\/\",\"logo\":{\"@type\":\"ImageObject\",\"inLanguage\":\"pl-PL\",\"@id\":\"https:\\\/\\\/spolecznajedynka.pl\\\/lo\\\/#\\\/schema\\\/logo\\\/image\\\/\",\"url\":\"https:\\\/\\\/spolecznajedynka.pl\\\/lo\\\/wp-content\\\/uploads\\\/sites\\\/2\\\/2023\\\/08\\\/logo-lo.png\",\"contentUrl\":\"https:\\\/\\\/spolecznajedynka.pl\\\/lo\\\/wp-content\\\/uploads\\\/sites\\\/2\\\/2023\\\/08\\\/logo-lo.png\",\"width\":651,\"height\":355,\"caption\":\"Spo\u0142eczne Liceum Og\u00f3lnokszta\u0142c\u0105ce nr 1 w Poznaniu\"},\"image\":{\"@id\":\"https:\\\/\\\/spolecznajedynka.pl\\\/lo\\\/#\\\/schema\\\/logo\\\/image\\\/\"},\"sameAs\":[\"https:\\\/\\\/www.facebook.com\\\/p\\\/Liceum-Spoeczna-Jedynka-Pozna-100082885224687\",\"https:\\\/\\\/www.instagram.com\\\/spolecznajedynka\\\/\",\"https:\\\/\\\/www.tiktok.com\\\/@lospoleczna1\"]},{\"@type\":\"Person\",\"@id\":\"https:\\\/\\\/spolecznajedynka.pl\\\/lo\\\/#\\\/schema\\\/person\\\/2516201558d359d325ddfae4255a4356\",\"name\":\"Admin Top\",\"image\":{\"@type\":\"ImageObject\",\"inLanguage\":\"pl-PL\",\"@id\":\"https:\\\/\\\/secure.gravatar.com\\\/avatar\\\/4faaedc4afabcd882aed6427c06dd9449a4ac635efb8f231a3e4f729e70f1cad?s=96&d=mm&r=g\",\"url\":\"https:\\\/\\\/secure.gravatar.com\\\/avatar\\\/4faaedc4afabcd882aed6427c06dd9449a4ac635efb8f231a3e4f729e70f1cad?s=96&d=mm&r=g\",\"contentUrl\":\"https:\\\/\\\/secure.gravatar.com\\\/avatar\\\/4faaedc4afabcd882aed6427c06dd9449a4ac635efb8f231a3e4f729e70f1cad?s=96&d=mm&r=g\",\"caption\":\"Admin Top\"}}]}<\/script>\n<!-- \/ Yoast SEO plugin. -->","yoast_head_json":{"title":"Pozna\u0144ski Bud\u017cet Obywatelski 2023 - g\u0142osujemy! - Spo\u0142eczne Liceum Og\u00f3lnokszta\u0142c\u0105ce nr 1 w Poznaniu","robots":{"index":"index","follow":"follow","max-snippet":"max-snippet:-1","max-image-preview":"max-image-preview:large","max-video-preview":"max-video-preview:-1"},"canonical":"https:\/\/spolecznajedynka.pl\/lo\/w-dzialaniu\/poznanski-budzet-obywatelski-2023-glosujemy\/","og_locale":"pl_PL","og_type":"article","og_title":"Pozna\u0144ski Bud\u017cet Obywatelski 2023 - g\u0142osujemy! - Spo\u0142eczne Liceum Og\u00f3lnokszta\u0142c\u0105ce nr 1 w Poznaniu","og_description":"Dzi\u0119ki funduszom z PBO zmienimy otoczenie naszego liceum w bezpieczne, funkcjonalne i pi\u0119kne miejsce rozwoju uczniowskich pasji!","og_url":"https:\/\/spolecznajedynka.pl\/lo\/w-dzialaniu\/poznanski-budzet-obywatelski-2023-glosujemy\/","og_site_name":"Spo\u0142eczne Liceum Og\u00f3lnokszta\u0142c\u0105ce nr 1 w Poznaniu","article_publisher":"https:\/\/www.facebook.com\/p\/Liceum-Spoeczna-Jedynka-Pozna-100082885224687","article_published_time":"2022-10-12T23:19:12+00:00","article_modified_time":"2023-11-08T21:16:50+00:00","og_image":[{"width":1080,"height":1080,"url":"https:\/\/spolecznajedynka.pl\/lo\/wp-content\/uploads\/sites\/2\/2022\/10\/310329275_140745322031641_2834807262136694695_n.jpg","type":"image\/jpeg"}],"author":"Admin Top","twitter_card":"summary_large_image","twitter_misc":{"Napisane przez":"Admin Top","Szacowany czas czytania":"2 minuty"},"schema":{"@context":"https:\/\/schema.org","@graph":[{"@type":"Article","@id":"https:\/\/spolecznajedynka.pl\/lo\/w-dzialaniu\/poznanski-budzet-obywatelski-2023-glosujemy\/#article","isPartOf":{"@id":"https:\/\/spolecznajedynka.pl\/lo\/w-dzialaniu\/poznanski-budzet-obywatelski-2023-glosujemy\/"},"author":{"name":"Admin Top","@id":"https:\/\/spolecznajedynka.pl\/lo\/#\/schema\/person\/2516201558d359d325ddfae4255a4356"},"headline":"Pozna\u0144ski Bud\u017cet Obywatelski 2023 &#8211; g\u0142osujemy!","datePublished":"2022-10-12T23:19:12+00:00","dateModified":"2023-11-08T21:16:50+00:00","mainEntityOfPage":{"@id":"https:\/\/spolecznajedynka.pl\/lo\/w-dzialaniu\/poznanski-budzet-obywatelski-2023-glosujemy\/"},"wordCount":301,"publisher":{"@id":"https:\/\/spolecznajedynka.pl\/lo\/#organization"},"image":{"@id":"https:\/\/spolecznajedynka.pl\/lo\/w-dzialaniu\/poznanski-budzet-obywatelski-2023-glosujemy\/#primaryimage"},"thumbnailUrl":"https:\/\/spolecznajedynka.pl\/lo\/wp-content\/uploads\/sites\/2\/2022\/10\/310329275_140745322031641_2834807262136694695_n.jpg","articleSection":["W dzia\u0142aniu"],"inLanguage":"pl-PL"},{"@type":"WebPage","@id":"https:\/\/spolecznajedynka.pl\/lo\/w-dzialaniu\/poznanski-budzet-obywatelski-2023-glosujemy\/","url":"https:\/\/spolecznajedynka.pl\/lo\/w-dzialaniu\/poznanski-budzet-obywatelski-2023-glosujemy\/","name":"Pozna\u0144ski Bud\u017cet Obywatelski 2023 - g\u0142osujemy! - Spo\u0142eczne Liceum Og\u00f3lnokszta\u0142c\u0105ce nr 1 w Poznaniu","isPartOf":{"@id":"https:\/\/spolecznajedynka.pl\/lo\/#website"},"primaryImageOfPage":{"@id":"https:\/\/spolecznajedynka.pl\/lo\/w-dzialaniu\/poznanski-budzet-obywatelski-2023-glosujemy\/#primaryimage"},"image":{"@id":"https:\/\/spolecznajedynka.pl\/lo\/w-dzialaniu\/poznanski-budzet-obywatelski-2023-glosujemy\/#primaryimage"},"thumbnailUrl":"https:\/\/spolecznajedynka.pl\/lo\/wp-content\/uploads\/sites\/2\/2022\/10\/310329275_140745322031641_2834807262136694695_n.jpg","datePublished":"2022-10-12T23:19:12+00:00","dateModified":"2023-11-08T21:16:50+00:00","breadcrumb":{"@id":"https:\/\/spolecznajedynka.pl\/lo\/w-dzialaniu\/poznanski-budzet-obywatelski-2023-glosujemy\/#breadcrumb"},"inLanguage":"pl-PL","potentialAction":[{"@type":"ReadAction","target":["https:\/\/spolecznajedynka.pl\/lo\/w-dzialaniu\/poznanski-budzet-obywatelski-2023-glosujemy\/"]}]},{"@type":"ImageObject","inLanguage":"pl-PL","@id":"https:\/\/spolecznajedynka.pl\/lo\/w-dzialaniu\/poznanski-budzet-obywatelski-2023-glosujemy\/#primaryimage","url":"https:\/\/spolecznajedynka.pl\/lo\/wp-content\/uploads\/sites\/2\/2022\/10\/310329275_140745322031641_2834807262136694695_n.jpg","contentUrl":"https:\/\/spolecznajedynka.pl\/lo\/wp-content\/uploads\/sites\/2\/2022\/10\/310329275_140745322031641_2834807262136694695_n.jpg","width":1080,"height":1080},{"@type":"BreadcrumbList","@id":"https:\/\/spolecznajedynka.pl\/lo\/w-dzialaniu\/poznanski-budzet-obywatelski-2023-glosujemy\/#breadcrumb","itemListElement":[{"@type":"ListItem","position":1,"name":"Strona g\u0142\u00f3wna","item":"https:\/\/spolecznajedynka.pl\/lo\/"},{"@type":"ListItem","position":2,"name":"W dzia\u0142aniu","item":"https:\/\/spolecznajedynka.pl\/lo\/k\/w-dzialaniu\/"},{"@type":"ListItem","position":3,"name":"Pozna\u0144ski Bud\u017cet Obywatelski 2023 &#8211; g\u0142osujemy!"}]},{"@type":"WebSite","@id":"https:\/\/spolecznajedynka.pl\/lo\/#website","url":"https:\/\/spolecznajedynka.pl\/lo\/","name":"Spo\u0142eczne Liceum Og\u00f3lnokszta\u0142c\u0105ce nr 1 w Poznaniu","description":"","publisher":{"@id":"https:\/\/spolecznajedynka.pl\/lo\/#organization"},"potentialAction":[{"@type":"SearchAction","target":{"@type":"EntryPoint","urlTemplate":"https:\/\/spolecznajedynka.pl\/lo\/?s={search_term_string}"},"query-input":{"@type":"PropertyValueSpecification","valueRequired":true,"valueName":"search_term_string"}}],"inLanguage":"pl-PL"},{"@type":"Organization","@id":"https:\/\/spolecznajedynka.pl\/lo\/#organization","name":"Spo\u0142eczne Liceum Og\u00f3lnokszta\u0142c\u0105ce nr 1 w Poznaniu","url":"https:\/\/spolecznajedynka.pl\/lo\/","logo":{"@type":"ImageObject","inLanguage":"pl-PL","@id":"https:\/\/spolecznajedynka.pl\/lo\/#\/schema\/logo\/image\/","url":"https:\/\/spolecznajedynka.pl\/lo\/wp-content\/uploads\/sites\/2\/2023\/08\/logo-lo.png","contentUrl":"https:\/\/spolecznajedynka.pl\/lo\/wp-content\/uploads\/sites\/2\/2023\/08\/logo-lo.png","width":651,"height":355,"caption":"Spo\u0142eczne Liceum Og\u00f3lnokszta\u0142c\u0105ce nr 1 w Poznaniu"},"image":{"@id":"https:\/\/spolecznajedynka.pl\/lo\/#\/schema\/logo\/image\/"},"sameAs":["https:\/\/www.facebook.com\/p\/Liceum-Spoeczna-Jedynka-Pozna-100082885224687","https:\/\/www.instagram.com\/spolecznajedynka\/","https:\/\/www.tiktok.com\/@lospoleczna1"]},{"@type":"Person","@id":"https:\/\/spolecznajedynka.pl\/lo\/#\/schema\/person\/2516201558d359d325ddfae4255a4356","name":"Admin Top","image":{"@type":"ImageObject","inLanguage":"pl-PL","@id":"https:\/\/secure.gravatar.com\/avatar\/4faaedc4afabcd882aed6427c06dd9449a4ac635efb8f231a3e4f729e70f1cad?s=96&d=mm&r=g","url":"https:\/\/secure.gravatar.com\/avatar\/4faaedc4afabcd882aed6427c06dd9449a4ac635efb8f231a3e4f729e70f1cad?s=96&d=mm&r=g","contentUrl":"https:\/\/secure.gravatar.com\/avatar\/4faaedc4afabcd882aed6427c06dd9449a4ac635efb8f231a3e4f729e70f1cad?s=96&d=mm&r=g","caption":"Admin Top"}}]}},"_links":{"self":[{"href":"https:\/\/spolecznajedynka.pl\/lo\/wp-json\/wp\/v2\/posts\/343","targetHints":{"allow":["GET"]}}],"collection":[{"href":"https:\/\/spolecznajedynka.pl\/lo\/wp-json\/wp\/v2\/posts"}],"about":[{"href":"https:\/\/spolecznajedynka.pl\/lo\/wp-json\/wp\/v2\/types\/post"}],"author":[{"embeddable":true,"href":"https:\/\/spolecznajedynka.pl\/lo\/wp-json\/wp\/v2\/users\/2"}],"replies":[{"embeddable":true,"href":"https:\/\/spolecznajedynka.pl\/lo\/wp-json\/wp\/v2\/comments?post=343"}],"version-history":[{"count":2,"href":"https:\/\/spolecznajedynka.pl\/lo\/wp-json\/wp\/v2\/posts\/343\/revisions"}],"predecessor-version":[{"id":564,"href":"https:\/\/spolecznajedynka.pl\/lo\/wp-json\/wp\/v2\/posts\/343\/revisions\/564"}],"wp:featuredmedia":[{"embeddable":true,"href":"https:\/\/spolecznajedynka.pl\/lo\/wp-json\/wp\/v2\/media\/563"}],"wp:attachment":[{"href":"https:\/\/spolecznajedynka.pl\/lo\/wp-json\/wp\/v2\/media?parent=343"}],"wp:term":[{"taxonomy":"category","embeddable":true,"href":"https:\/\/spolecznajedynka.pl\/lo\/wp-json\/wp\/v2\/categories?post=343"},{"taxonomy":"post_tag","embeddable":true,"href":"https:\/\/spolecznajedynka.pl\/lo\/wp-json\/wp\/v2\/tags?post=343"}],"curies":[{"name":"wp","href":"https:\/\/api.w.org\/{rel}","templated":true}]}}