{"id":337,"date":"2022-10-25T01:16:27","date_gmt":"2022-10-24T23:16:27","guid":{"rendered":"https:\/\/zarzadzanie.smarthost.pl\/sp1\/lo\/?p=337"},"modified":"2023-11-08T22:18:24","modified_gmt":"2023-11-08T21:18:24","slug":"sto-gotowe-na-jutro","status":"publish","type":"post","link":"https:\/\/spolecznajedynka.pl\/lo\/w-dzialaniu\/sto-gotowe-na-jutro\/","title":{"rendered":"STO gotowe na jutro"},"content":{"rendered":"<div><strong>W miniony weekend odbywa\u0142a si\u0119 XXVII\u00a0Konferencja Programowa STO\u00a0<i>Przysz\u0142o\u015b\u0107 zaczyna si\u0119 dzi\u015b. STO gotowe na jutro.<\/i><\/strong><\/div>\n<div><\/div>\n<p><!--more--><\/p>\n<div>Wielk\u0105 warto\u015bci\u0105 dodan\u0105 szk\u00f3\u0142\u00a0<a href=\"http:\/\/sto.org.pl\/\" target=\"_blank\" rel=\"noopener\" data-saferedirecturl=\"https:\/\/www.google.com\/url?q=http:\/\/sto.org.pl&amp;source=gmail&amp;ust=1666764978323000&amp;usg=AOvVaw0_q-oi60OCSVSMNZuZPftr\">Spo\u0142ecznego Towarzystwa O\u015bwiatowego<\/a>\u00a0jest mo\u017cliwo\u015b\u0107 wsp\u00f3\u0142pracy i\u00a0wymiany do\u015bwiadcze\u0144. Wyj\u0105tkow\u0105 okazj\u0105 do wzajemnej inspiracji jest coroczna Konferencja Programowa.<\/div>\n<div><\/div>\n<div>W pa\u017adziernikowej konferencji wzi\u0119li udzia\u0142:<\/div>\n<div>&#8211; koordynatorzy pani Agata Gerard, pani Ma\u0142gorzata Brugier-Szyca oraz pani Jolanta Syroczy\u0144ska-Thiel,<\/div>\n<div>&#8211; pani wicedyrektor Ma\u0142gorzata Andrzejewska,<\/div>\n<div>&#8211; pan dyrektor Tomasz Karolak, cz\u0142onek Zarz\u0105du G\u0142\u00f3wnego STO.<\/div>\n<p>Co roku, podczas konferencji STO, przyznawane s\u0105 odznaczenia pa\u0144stwowe. Z\u00a0dum\u0105 zawiadamiamy, \u017ce podczas XXVII Konferencji Programowej:<\/p>\n<p><strong>Medalem KEN<\/strong>\u00a0&#8211; nadawanym przez Ministra Edukacji Narodowej za szczeg\u00f3lne zas\u0142ugi dla o\u015bwiaty i\u00a0wychowania &#8211; zosta\u0142y odznaczone: pani Joanna Artiemjew oraz pani dyrektor Ma\u0142gorzata Andrzejewska.<\/p>\n<p><strong>Z\u0142oty Medal za D\u0142ugoletni\u0105 S\u0142u\u017cb\u0119<\/strong>\u00a0&#8211; nadawany za wzorowe, wykonywanie obowi\u0105zk\u00f3w wynikaj\u0105cych z\u00a0pracy zawodowej w\u00a0s\u0142u\u017cbie Pa\u0144stwa &#8211; otrzyma\u0142a pani Katarzyna Geisler oraz pani Ewa Horla.<\/p>\n<p>Gratulujemy wszystkim odznaczonym!<\/p>\n<p>&nbsp;<\/p>\n<p><img loading=\"lazy\" decoding=\"async\" class=\"alignnone size-large wp-image-565\" src=\"https:\/\/spolecznajedynka.pl\/lo\/wp-content\/uploads\/sites\/2\/2022\/10\/310024903_143988845040622_75129678904168411_n-1024x768.jpg\" alt=\"\" width=\"1024\" height=\"768\" srcset=\"https:\/\/spolecznajedynka.pl\/lo\/wp-content\/uploads\/sites\/2\/2022\/10\/310024903_143988845040622_75129678904168411_n-1024x768.jpg 1024w, https:\/\/spolecznajedynka.pl\/lo\/wp-content\/uploads\/sites\/2\/2022\/10\/310024903_143988845040622_75129678904168411_n-300x225.jpg 300w, https:\/\/spolecznajedynka.pl\/lo\/wp-content\/uploads\/sites\/2\/2022\/10\/310024903_143988845040622_75129678904168411_n-768x576.jpg 768w, https:\/\/spolecznajedynka.pl\/lo\/wp-content\/uploads\/sites\/2\/2022\/10\/310024903_143988845040622_75129678904168411_n.jpg 1200w\" sizes=\"auto, (max-width: 1024px) 100vw, 1024px\" \/> <img loading=\"lazy\" decoding=\"async\" class=\"alignnone size-large wp-image-566\" src=\"https:\/\/spolecznajedynka.pl\/lo\/wp-content\/uploads\/sites\/2\/2022\/10\/311351094_143988841707289_8094636596217405038_n-1024x768.jpg\" alt=\"\" width=\"1024\" height=\"768\" srcset=\"https:\/\/spolecznajedynka.pl\/lo\/wp-content\/uploads\/sites\/2\/2022\/10\/311351094_143988841707289_8094636596217405038_n-1024x768.jpg 1024w, https:\/\/spolecznajedynka.pl\/lo\/wp-content\/uploads\/sites\/2\/2022\/10\/311351094_143988841707289_8094636596217405038_n-300x225.jpg 300w, https:\/\/spolecznajedynka.pl\/lo\/wp-content\/uploads\/sites\/2\/2022\/10\/311351094_143988841707289_8094636596217405038_n-768x576.jpg 768w, https:\/\/spolecznajedynka.pl\/lo\/wp-content\/uploads\/sites\/2\/2022\/10\/311351094_143988841707289_8094636596217405038_n.jpg 1200w\" sizes=\"auto, (max-width: 1024px) 100vw, 1024px\" \/><\/p>\n","protected":false},"excerpt":{"rendered":"<p>W miniony weekend odbywa\u0142a si\u0119 XXVII\u00a0Konferencja Programowa STO\u00a0Przysz\u0142o\u015b\u0107 zaczyna si\u0119 dzi\u015b. STO gotowe na jutro.<\/p>\n","protected":false},"author":2,"featured_media":566,"comment_status":"closed","ping_status":"closed","sticky":false,"template":"","format":"standard","meta":{"_acf_changed":false,"footnotes":""},"categories":[10],"tags":[],"class_list":["post-337","post","type-post","status-publish","format-standard","has-post-thumbnail","hentry","category-w-dzialaniu"],"acf":[],"yoast_head":"<!-- This site is optimized with the Yoast SEO plugin v27.4 - https:\/\/yoast.com\/product\/yoast-seo-wordpress\/ -->\n<title>STO gotowe na jutro - Spo\u0142eczne Liceum Og\u00f3lnokszta\u0142c\u0105ce nr 1 w Poznaniu<\/title>\n<meta name=\"robots\" content=\"index, follow, max-snippet:-1, max-image-preview:large, max-video-preview:-1\" \/>\n<link rel=\"canonical\" href=\"https:\/\/spolecznajedynka.pl\/lo\/w-dzialaniu\/sto-gotowe-na-jutro\/\" \/>\n<meta property=\"og:locale\" content=\"pl_PL\" \/>\n<meta property=\"og:type\" content=\"article\" \/>\n<meta property=\"og:title\" content=\"STO gotowe na jutro - Spo\u0142eczne Liceum Og\u00f3lnokszta\u0142c\u0105ce nr 1 w Poznaniu\" \/>\n<meta property=\"og:description\" content=\"W miniony weekend odbywa\u0142a si\u0119 XXVII\u00a0Konferencja Programowa STO\u00a0Przysz\u0142o\u015b\u0107 zaczyna si\u0119 dzi\u015b. STO gotowe na jutro.\" \/>\n<meta property=\"og:url\" content=\"https:\/\/spolecznajedynka.pl\/lo\/w-dzialaniu\/sto-gotowe-na-jutro\/\" \/>\n<meta property=\"og:site_name\" content=\"Spo\u0142eczne Liceum Og\u00f3lnokszta\u0142c\u0105ce nr 1 w Poznaniu\" \/>\n<meta property=\"article:publisher\" content=\"https:\/\/www.facebook.com\/p\/Liceum-Spoeczna-Jedynka-Pozna-100082885224687\" \/>\n<meta property=\"article:published_time\" content=\"2022-10-24T23:16:27+00:00\" \/>\n<meta property=\"article:modified_time\" content=\"2023-11-08T21:18:24+00:00\" \/>\n<meta property=\"og:image\" content=\"https:\/\/spolecznajedynka.pl\/lo\/wp-content\/uploads\/sites\/2\/2022\/10\/311351094_143988841707289_8094636596217405038_n.jpg\" \/>\n\t<meta property=\"og:image:width\" content=\"1200\" \/>\n\t<meta property=\"og:image:height\" content=\"900\" \/>\n\t<meta property=\"og:image:type\" content=\"image\/jpeg\" \/>\n<meta name=\"author\" content=\"Admin Top\" \/>\n<meta name=\"twitter:card\" content=\"summary_large_image\" \/>\n<meta name=\"twitter:label1\" content=\"Napisane przez\" \/>\n\t<meta name=\"twitter:data1\" content=\"Admin Top\" \/>\n\t<meta name=\"twitter:label2\" content=\"Szacowany czas czytania\" \/>\n\t<meta name=\"twitter:data2\" content=\"2 minuty\" \/>\n<script type=\"application\/ld+json\" class=\"yoast-schema-graph\">{\"@context\":\"https:\\\/\\\/schema.org\",\"@graph\":[{\"@type\":\"Article\",\"@id\":\"https:\\\/\\\/spolecznajedynka.pl\\\/lo\\\/w-dzialaniu\\\/sto-gotowe-na-jutro\\\/#article\",\"isPartOf\":{\"@id\":\"https:\\\/\\\/spolecznajedynka.pl\\\/lo\\\/w-dzialaniu\\\/sto-gotowe-na-jutro\\\/\"},\"author\":{\"name\":\"Admin Top\",\"@id\":\"https:\\\/\\\/spolecznajedynka.pl\\\/lo\\\/#\\\/schema\\\/person\\\/2516201558d359d325ddfae4255a4356\"},\"headline\":\"STO gotowe na jutro\",\"datePublished\":\"2022-10-24T23:16:27+00:00\",\"dateModified\":\"2023-11-08T21:18:24+00:00\",\"mainEntityOfPage\":{\"@id\":\"https:\\\/\\\/spolecznajedynka.pl\\\/lo\\\/w-dzialaniu\\\/sto-gotowe-na-jutro\\\/\"},\"wordCount\":182,\"publisher\":{\"@id\":\"https:\\\/\\\/spolecznajedynka.pl\\\/lo\\\/#organization\"},\"image\":{\"@id\":\"https:\\\/\\\/spolecznajedynka.pl\\\/lo\\\/w-dzialaniu\\\/sto-gotowe-na-jutro\\\/#primaryimage\"},\"thumbnailUrl\":\"https:\\\/\\\/spolecznajedynka.pl\\\/lo\\\/wp-content\\\/uploads\\\/sites\\\/2\\\/2022\\\/10\\\/311351094_143988841707289_8094636596217405038_n.jpg\",\"articleSection\":[\"W dzia\u0142aniu\"],\"inLanguage\":\"pl-PL\"},{\"@type\":\"WebPage\",\"@id\":\"https:\\\/\\\/spolecznajedynka.pl\\\/lo\\\/w-dzialaniu\\\/sto-gotowe-na-jutro\\\/\",\"url\":\"https:\\\/\\\/spolecznajedynka.pl\\\/lo\\\/w-dzialaniu\\\/sto-gotowe-na-jutro\\\/\",\"name\":\"STO gotowe na jutro - Spo\u0142eczne Liceum Og\u00f3lnokszta\u0142c\u0105ce nr 1 w Poznaniu\",\"isPartOf\":{\"@id\":\"https:\\\/\\\/spolecznajedynka.pl\\\/lo\\\/#website\"},\"primaryImageOfPage\":{\"@id\":\"https:\\\/\\\/spolecznajedynka.pl\\\/lo\\\/w-dzialaniu\\\/sto-gotowe-na-jutro\\\/#primaryimage\"},\"image\":{\"@id\":\"https:\\\/\\\/spolecznajedynka.pl\\\/lo\\\/w-dzialaniu\\\/sto-gotowe-na-jutro\\\/#primaryimage\"},\"thumbnailUrl\":\"https:\\\/\\\/spolecznajedynka.pl\\\/lo\\\/wp-content\\\/uploads\\\/sites\\\/2\\\/2022\\\/10\\\/311351094_143988841707289_8094636596217405038_n.jpg\",\"datePublished\":\"2022-10-24T23:16:27+00:00\",\"dateModified\":\"2023-11-08T21:18:24+00:00\",\"breadcrumb\":{\"@id\":\"https:\\\/\\\/spolecznajedynka.pl\\\/lo\\\/w-dzialaniu\\\/sto-gotowe-na-jutro\\\/#breadcrumb\"},\"inLanguage\":\"pl-PL\",\"potentialAction\":[{\"@type\":\"ReadAction\",\"target\":[\"https:\\\/\\\/spolecznajedynka.pl\\\/lo\\\/w-dzialaniu\\\/sto-gotowe-na-jutro\\\/\"]}]},{\"@type\":\"ImageObject\",\"inLanguage\":\"pl-PL\",\"@id\":\"https:\\\/\\\/spolecznajedynka.pl\\\/lo\\\/w-dzialaniu\\\/sto-gotowe-na-jutro\\\/#primaryimage\",\"url\":\"https:\\\/\\\/spolecznajedynka.pl\\\/lo\\\/wp-content\\\/uploads\\\/sites\\\/2\\\/2022\\\/10\\\/311351094_143988841707289_8094636596217405038_n.jpg\",\"contentUrl\":\"https:\\\/\\\/spolecznajedynka.pl\\\/lo\\\/wp-content\\\/uploads\\\/sites\\\/2\\\/2022\\\/10\\\/311351094_143988841707289_8094636596217405038_n.jpg\",\"width\":1200,\"height\":900},{\"@type\":\"BreadcrumbList\",\"@id\":\"https:\\\/\\\/spolecznajedynka.pl\\\/lo\\\/w-dzialaniu\\\/sto-gotowe-na-jutro\\\/#breadcrumb\",\"itemListElement\":[{\"@type\":\"ListItem\",\"position\":1,\"name\":\"Strona g\u0142\u00f3wna\",\"item\":\"https:\\\/\\\/spolecznajedynka.pl\\\/lo\\\/\"},{\"@type\":\"ListItem\",\"position\":2,\"name\":\"W dzia\u0142aniu\",\"item\":\"https:\\\/\\\/spolecznajedynka.pl\\\/lo\\\/k\\\/w-dzialaniu\\\/\"},{\"@type\":\"ListItem\",\"position\":3,\"name\":\"STO gotowe na jutro\"}]},{\"@type\":\"WebSite\",\"@id\":\"https:\\\/\\\/spolecznajedynka.pl\\\/lo\\\/#website\",\"url\":\"https:\\\/\\\/spolecznajedynka.pl\\\/lo\\\/\",\"name\":\"Spo\u0142eczne Liceum Og\u00f3lnokszta\u0142c\u0105ce nr 1 w Poznaniu\",\"description\":\"\",\"publisher\":{\"@id\":\"https:\\\/\\\/spolecznajedynka.pl\\\/lo\\\/#organization\"},\"potentialAction\":[{\"@type\":\"SearchAction\",\"target\":{\"@type\":\"EntryPoint\",\"urlTemplate\":\"https:\\\/\\\/spolecznajedynka.pl\\\/lo\\\/?s={search_term_string}\"},\"query-input\":{\"@type\":\"PropertyValueSpecification\",\"valueRequired\":true,\"valueName\":\"search_term_string\"}}],\"inLanguage\":\"pl-PL\"},{\"@type\":\"Organization\",\"@id\":\"https:\\\/\\\/spolecznajedynka.pl\\\/lo\\\/#organization\",\"name\":\"Spo\u0142eczne Liceum Og\u00f3lnokszta\u0142c\u0105ce nr 1 w Poznaniu\",\"url\":\"https:\\\/\\\/spolecznajedynka.pl\\\/lo\\\/\",\"logo\":{\"@type\":\"ImageObject\",\"inLanguage\":\"pl-PL\",\"@id\":\"https:\\\/\\\/spolecznajedynka.pl\\\/lo\\\/#\\\/schema\\\/logo\\\/image\\\/\",\"url\":\"https:\\\/\\\/spolecznajedynka.pl\\\/lo\\\/wp-content\\\/uploads\\\/sites\\\/2\\\/2023\\\/08\\\/logo-lo.png\",\"contentUrl\":\"https:\\\/\\\/spolecznajedynka.pl\\\/lo\\\/wp-content\\\/uploads\\\/sites\\\/2\\\/2023\\\/08\\\/logo-lo.png\",\"width\":651,\"height\":355,\"caption\":\"Spo\u0142eczne Liceum Og\u00f3lnokszta\u0142c\u0105ce nr 1 w Poznaniu\"},\"image\":{\"@id\":\"https:\\\/\\\/spolecznajedynka.pl\\\/lo\\\/#\\\/schema\\\/logo\\\/image\\\/\"},\"sameAs\":[\"https:\\\/\\\/www.facebook.com\\\/p\\\/Liceum-Spoeczna-Jedynka-Pozna-100082885224687\",\"https:\\\/\\\/www.instagram.com\\\/spolecznajedynka\\\/\",\"https:\\\/\\\/www.tiktok.com\\\/@lospoleczna1\"]},{\"@type\":\"Person\",\"@id\":\"https:\\\/\\\/spolecznajedynka.pl\\\/lo\\\/#\\\/schema\\\/person\\\/2516201558d359d325ddfae4255a4356\",\"name\":\"Admin Top\",\"image\":{\"@type\":\"ImageObject\",\"inLanguage\":\"pl-PL\",\"@id\":\"https:\\\/\\\/secure.gravatar.com\\\/avatar\\\/4faaedc4afabcd882aed6427c06dd9449a4ac635efb8f231a3e4f729e70f1cad?s=96&d=mm&r=g\",\"url\":\"https:\\\/\\\/secure.gravatar.com\\\/avatar\\\/4faaedc4afabcd882aed6427c06dd9449a4ac635efb8f231a3e4f729e70f1cad?s=96&d=mm&r=g\",\"contentUrl\":\"https:\\\/\\\/secure.gravatar.com\\\/avatar\\\/4faaedc4afabcd882aed6427c06dd9449a4ac635efb8f231a3e4f729e70f1cad?s=96&d=mm&r=g\",\"caption\":\"Admin Top\"}}]}<\/script>\n<!-- \/ Yoast SEO plugin. -->","yoast_head_json":{"title":"STO gotowe na jutro - Spo\u0142eczne Liceum Og\u00f3lnokszta\u0142c\u0105ce nr 1 w Poznaniu","robots":{"index":"index","follow":"follow","max-snippet":"max-snippet:-1","max-image-preview":"max-image-preview:large","max-video-preview":"max-video-preview:-1"},"canonical":"https:\/\/spolecznajedynka.pl\/lo\/w-dzialaniu\/sto-gotowe-na-jutro\/","og_locale":"pl_PL","og_type":"article","og_title":"STO gotowe na jutro - Spo\u0142eczne Liceum Og\u00f3lnokszta\u0142c\u0105ce nr 1 w Poznaniu","og_description":"W miniony weekend odbywa\u0142a si\u0119 XXVII\u00a0Konferencja Programowa STO\u00a0Przysz\u0142o\u015b\u0107 zaczyna si\u0119 dzi\u015b. STO gotowe na jutro.","og_url":"https:\/\/spolecznajedynka.pl\/lo\/w-dzialaniu\/sto-gotowe-na-jutro\/","og_site_name":"Spo\u0142eczne Liceum Og\u00f3lnokszta\u0142c\u0105ce nr 1 w Poznaniu","article_publisher":"https:\/\/www.facebook.com\/p\/Liceum-Spoeczna-Jedynka-Pozna-100082885224687","article_published_time":"2022-10-24T23:16:27+00:00","article_modified_time":"2023-11-08T21:18:24+00:00","og_image":[{"width":1200,"height":900,"url":"https:\/\/spolecznajedynka.pl\/lo\/wp-content\/uploads\/sites\/2\/2022\/10\/311351094_143988841707289_8094636596217405038_n.jpg","type":"image\/jpeg"}],"author":"Admin Top","twitter_card":"summary_large_image","twitter_misc":{"Napisane przez":"Admin Top","Szacowany czas czytania":"2 minuty"},"schema":{"@context":"https:\/\/schema.org","@graph":[{"@type":"Article","@id":"https:\/\/spolecznajedynka.pl\/lo\/w-dzialaniu\/sto-gotowe-na-jutro\/#article","isPartOf":{"@id":"https:\/\/spolecznajedynka.pl\/lo\/w-dzialaniu\/sto-gotowe-na-jutro\/"},"author":{"name":"Admin Top","@id":"https:\/\/spolecznajedynka.pl\/lo\/#\/schema\/person\/2516201558d359d325ddfae4255a4356"},"headline":"STO gotowe na jutro","datePublished":"2022-10-24T23:16:27+00:00","dateModified":"2023-11-08T21:18:24+00:00","mainEntityOfPage":{"@id":"https:\/\/spolecznajedynka.pl\/lo\/w-dzialaniu\/sto-gotowe-na-jutro\/"},"wordCount":182,"publisher":{"@id":"https:\/\/spolecznajedynka.pl\/lo\/#organization"},"image":{"@id":"https:\/\/spolecznajedynka.pl\/lo\/w-dzialaniu\/sto-gotowe-na-jutro\/#primaryimage"},"thumbnailUrl":"https:\/\/spolecznajedynka.pl\/lo\/wp-content\/uploads\/sites\/2\/2022\/10\/311351094_143988841707289_8094636596217405038_n.jpg","articleSection":["W dzia\u0142aniu"],"inLanguage":"pl-PL"},{"@type":"WebPage","@id":"https:\/\/spolecznajedynka.pl\/lo\/w-dzialaniu\/sto-gotowe-na-jutro\/","url":"https:\/\/spolecznajedynka.pl\/lo\/w-dzialaniu\/sto-gotowe-na-jutro\/","name":"STO gotowe na jutro - Spo\u0142eczne Liceum Og\u00f3lnokszta\u0142c\u0105ce nr 1 w Poznaniu","isPartOf":{"@id":"https:\/\/spolecznajedynka.pl\/lo\/#website"},"primaryImageOfPage":{"@id":"https:\/\/spolecznajedynka.pl\/lo\/w-dzialaniu\/sto-gotowe-na-jutro\/#primaryimage"},"image":{"@id":"https:\/\/spolecznajedynka.pl\/lo\/w-dzialaniu\/sto-gotowe-na-jutro\/#primaryimage"},"thumbnailUrl":"https:\/\/spolecznajedynka.pl\/lo\/wp-content\/uploads\/sites\/2\/2022\/10\/311351094_143988841707289_8094636596217405038_n.jpg","datePublished":"2022-10-24T23:16:27+00:00","dateModified":"2023-11-08T21:18:24+00:00","breadcrumb":{"@id":"https:\/\/spolecznajedynka.pl\/lo\/w-dzialaniu\/sto-gotowe-na-jutro\/#breadcrumb"},"inLanguage":"pl-PL","potentialAction":[{"@type":"ReadAction","target":["https:\/\/spolecznajedynka.pl\/lo\/w-dzialaniu\/sto-gotowe-na-jutro\/"]}]},{"@type":"ImageObject","inLanguage":"pl-PL","@id":"https:\/\/spolecznajedynka.pl\/lo\/w-dzialaniu\/sto-gotowe-na-jutro\/#primaryimage","url":"https:\/\/spolecznajedynka.pl\/lo\/wp-content\/uploads\/sites\/2\/2022\/10\/311351094_143988841707289_8094636596217405038_n.jpg","contentUrl":"https:\/\/spolecznajedynka.pl\/lo\/wp-content\/uploads\/sites\/2\/2022\/10\/311351094_143988841707289_8094636596217405038_n.jpg","width":1200,"height":900},{"@type":"BreadcrumbList","@id":"https:\/\/spolecznajedynka.pl\/lo\/w-dzialaniu\/sto-gotowe-na-jutro\/#breadcrumb","itemListElement":[{"@type":"ListItem","position":1,"name":"Strona g\u0142\u00f3wna","item":"https:\/\/spolecznajedynka.pl\/lo\/"},{"@type":"ListItem","position":2,"name":"W dzia\u0142aniu","item":"https:\/\/spolecznajedynka.pl\/lo\/k\/w-dzialaniu\/"},{"@type":"ListItem","position":3,"name":"STO gotowe na jutro"}]},{"@type":"WebSite","@id":"https:\/\/spolecznajedynka.pl\/lo\/#website","url":"https:\/\/spolecznajedynka.pl\/lo\/","name":"Spo\u0142eczne Liceum Og\u00f3lnokszta\u0142c\u0105ce nr 1 w Poznaniu","description":"","publisher":{"@id":"https:\/\/spolecznajedynka.pl\/lo\/#organization"},"potentialAction":[{"@type":"SearchAction","target":{"@type":"EntryPoint","urlTemplate":"https:\/\/spolecznajedynka.pl\/lo\/?s={search_term_string}"},"query-input":{"@type":"PropertyValueSpecification","valueRequired":true,"valueName":"search_term_string"}}],"inLanguage":"pl-PL"},{"@type":"Organization","@id":"https:\/\/spolecznajedynka.pl\/lo\/#organization","name":"Spo\u0142eczne Liceum Og\u00f3lnokszta\u0142c\u0105ce nr 1 w Poznaniu","url":"https:\/\/spolecznajedynka.pl\/lo\/","logo":{"@type":"ImageObject","inLanguage":"pl-PL","@id":"https:\/\/spolecznajedynka.pl\/lo\/#\/schema\/logo\/image\/","url":"https:\/\/spolecznajedynka.pl\/lo\/wp-content\/uploads\/sites\/2\/2023\/08\/logo-lo.png","contentUrl":"https:\/\/spolecznajedynka.pl\/lo\/wp-content\/uploads\/sites\/2\/2023\/08\/logo-lo.png","width":651,"height":355,"caption":"Spo\u0142eczne Liceum Og\u00f3lnokszta\u0142c\u0105ce nr 1 w Poznaniu"},"image":{"@id":"https:\/\/spolecznajedynka.pl\/lo\/#\/schema\/logo\/image\/"},"sameAs":["https:\/\/www.facebook.com\/p\/Liceum-Spoeczna-Jedynka-Pozna-100082885224687","https:\/\/www.instagram.com\/spolecznajedynka\/","https:\/\/www.tiktok.com\/@lospoleczna1"]},{"@type":"Person","@id":"https:\/\/spolecznajedynka.pl\/lo\/#\/schema\/person\/2516201558d359d325ddfae4255a4356","name":"Admin Top","image":{"@type":"ImageObject","inLanguage":"pl-PL","@id":"https:\/\/secure.gravatar.com\/avatar\/4faaedc4afabcd882aed6427c06dd9449a4ac635efb8f231a3e4f729e70f1cad?s=96&d=mm&r=g","url":"https:\/\/secure.gravatar.com\/avatar\/4faaedc4afabcd882aed6427c06dd9449a4ac635efb8f231a3e4f729e70f1cad?s=96&d=mm&r=g","contentUrl":"https:\/\/secure.gravatar.com\/avatar\/4faaedc4afabcd882aed6427c06dd9449a4ac635efb8f231a3e4f729e70f1cad?s=96&d=mm&r=g","caption":"Admin Top"}}]}},"_links":{"self":[{"href":"https:\/\/spolecznajedynka.pl\/lo\/wp-json\/wp\/v2\/posts\/337","targetHints":{"allow":["GET"]}}],"collection":[{"href":"https:\/\/spolecznajedynka.pl\/lo\/wp-json\/wp\/v2\/posts"}],"about":[{"href":"https:\/\/spolecznajedynka.pl\/lo\/wp-json\/wp\/v2\/types\/post"}],"author":[{"embeddable":true,"href":"https:\/\/spolecznajedynka.pl\/lo\/wp-json\/wp\/v2\/users\/2"}],"replies":[{"embeddable":true,"href":"https:\/\/spolecznajedynka.pl\/lo\/wp-json\/wp\/v2\/comments?post=337"}],"version-history":[{"count":2,"href":"https:\/\/spolecznajedynka.pl\/lo\/wp-json\/wp\/v2\/posts\/337\/revisions"}],"predecessor-version":[{"id":567,"href":"https:\/\/spolecznajedynka.pl\/lo\/wp-json\/wp\/v2\/posts\/337\/revisions\/567"}],"wp:featuredmedia":[{"embeddable":true,"href":"https:\/\/spolecznajedynka.pl\/lo\/wp-json\/wp\/v2\/media\/566"}],"wp:attachment":[{"href":"https:\/\/spolecznajedynka.pl\/lo\/wp-json\/wp\/v2\/media?parent=337"}],"wp:term":[{"taxonomy":"category","embeddable":true,"href":"https:\/\/spolecznajedynka.pl\/lo\/wp-json\/wp\/v2\/categories?post=337"},{"taxonomy":"post_tag","embeddable":true,"href":"https:\/\/spolecznajedynka.pl\/lo\/wp-json\/wp\/v2\/tags?post=337"}],"curies":[{"name":"wp","href":"https:\/\/api.w.org\/{rel}","templated":true}]}}