{"id":2469,"date":"2026-04-24T13:47:00","date_gmt":"2026-04-24T11:47:00","guid":{"rendered":"https:\/\/spolecznajedynka.pl\/lo\/?p=2469"},"modified":"2026-04-26T21:51:51","modified_gmt":"2026-04-26T19:51:51","slug":"wymiana-uczniowska-w-barcelonie","status":"publish","type":"post","link":"https:\/\/spolecznajedynka.pl\/lo\/projekty-miedzynarodowe\/wymiana-uczniowska-w-barcelonie\/","title":{"rendered":"Wymiana uczniowska w Barcelonie"},"content":{"rendered":"<div class=\"xdj266r x14z9mp xat24cr x1lziwak x1vvkbs x126k92a\">\n<div dir=\"auto\"><strong>W ubieg\u0142ym roku szkolnym Baeza, w tym &#8211; Barcelona.\u00a0<\/strong><\/div>\n<\/div>\n<div class=\"x14z9mp xat24cr x1lziwak x1vvkbs xtlvy1s x126k92a\">\n<div dir=\"auto\"><strong>W niedziel\u0119 19 kwietnia rozpocz\u0119li\u015bmy kolejn\u0105 wymian\u0119 uczniowsk\u0105!\u00a0<\/strong><\/div>\n<div dir=\"auto\">\n<hr \/>\n<div dir=\"auto\"><strong>Dzie\u0144 1.\u00a0<\/strong><\/div>\n<div dir=\"auto\"><\/div>\n<div class=\"x14z9mp xat24cr x1lziwak x1vvkbs xtlvy1s x126k92a\">\n<div dir=\"auto\">Poniedzia\u0142ek w Institut Sabadell by\u0142 czasem poznawania szko\u0142y i radosnej integracji.<\/div>\n<\/div>\n<div class=\"x14z9mp xat24cr x1lziwak x1vvkbs xtlvy1s x126k92a\">\n<div dir=\"auto\">Uczestnicy wymiany razem z hiszpa\u0144skimi r\u00f3wie\u015bnikami nagrywali filmy o miejscowym liceum \u00a0&#8211; dzi\u0119ki temu dok\u0142adnie poznali miejsce, w kt\u00f3rym przez kolejne dni b\u0119d\u0105 realizowa\u0107 projekty i \u0107wiczy\u0107 konwersacje w j\u0119zyku hiszpa\u0144skim.<\/div>\n<\/div>\n<div class=\"x14z9mp xat24cr x1lziwak x1vvkbs xtlvy1s x126k92a\">\n<div dir=\"auto\">Pocz\u0105tek pobytu w Katalonii pomie\u015bci\u0142 te\u017c quiz wiedzy o Polsce, zwiedzanie miasta z przewodnikiem \u00a0i du\u017co czasu sp\u0119dzonego z rodzinami goszcz\u0105cymi.<\/div>\n<\/div>\n<\/div>\n<\/div>\n<div dir=\"auto\"><\/div>\n<div dir=\"auto\"><strong>Dzie\u0144 2.<\/strong><\/div>\n<div dir=\"auto\"><\/div>\n<div dir=\"auto\">\n<div class=\"x14z9mp xat24cr x1lziwak x1vvkbs xtlvy1s x126k92a\">\n<div dir=\"auto\">Ta wymiana nie mog\u0142aby si\u0119 oby\u0107 bez spaceru \u015bladami Antonio Gaudiego!<\/div>\n<\/div>\n<div class=\"x14z9mp xat24cr x1lziwak x1vvkbs xtlvy1s x126k92a\">\n<div dir=\"auto\">Uczestnicy wymiany najpierw odwiedzili pe\u0142en zieleni Park G\u00fcell, p\u00f3\u017aniej dziwili si\u0119 fantazyjnej fasadzie Casa Batll\u00f3\u00a0&#8211; po to, \u017ceby na ko\u0144cu zadrze\u0107 wysoko g\u0142owy w monumentalnej Sagrada Fam\u00edlia.<\/div>\n<\/div>\n<div class=\"x14z9mp xat24cr x1lziwak x1vvkbs xtlvy1s x126k92a\">\n<div dir=\"auto\">Ale nawet zachwyt nad wizjonersk\u0105 architektur\u0105 Gaudiego nie m\u00f3g\u0142 si\u0119 r\u00f3wna\u0107 rado\u015bci ze spotkania po latach!<\/div>\n<div dir=\"auto\">W Barcelonie nasi uczniowie i uczennice spotkali si\u0119 z absolwentk\u0105 Spo\u0142ecznej Jedynki, Zofi\u0105 \u015apiewakowsk\u0105, kt\u00f3ra ju\u017c od\u00a0 9 lat mieszka w stolicy Katalonii.<\/div>\n<\/div>\n<\/div>\n<div dir=\"auto\"><\/div>\n<div dir=\"auto\"><strong>Dzie\u0144 3.<\/strong><\/div>\n<div dir=\"auto\"><\/div>\n<div dir=\"auto\">\n<div class=\"x14z9mp xat24cr x1lziwak x1vvkbs xtlvy1s x126k92a\">\n<div dir=\"auto\">Tym razem to m\u0142odzi Hiszpanie i Hiszpanki mogli bli\u017cej pozna\u0107 Liceum Spo\u0142ecznej Jedynki.<\/div>\n<\/div>\n<div class=\"x14z9mp xat24cr x1lziwak x1vvkbs xtlvy1s x126k92a\">\n<div dir=\"auto\">Trzeciego dnia wymiany nasi uczniowie i uczennice zaprezentowali hiszpa\u0144skim r\u00f3wie\u015bnikom film przedstawiaj\u0105cy nasz\u0105 szko\u0142\u0119.<\/div>\n<\/div>\n<div class=\"x14z9mp xat24cr x1lziwak x1vvkbs xtlvy1s x126k92a\">\n<div dir=\"auto\">\u015aroda sprzyja\u0142a tak\u017ce spacerom, a spacery sprzyja\u0142y degustacji tradycyjnej katalo\u0144skiej kuchni.<\/div>\n<\/div>\n<div class=\"x14z9mp xat24cr x1lziwak x1vvkbs xtlvy1s x126k92a\">\n<div dir=\"auto\">Dzie\u0144 zwie\u0144czy\u0142 wsp\u00f3lny piknik.<\/div>\n<\/div>\n<\/div>\n<div dir=\"auto\"><\/div>\n<div dir=\"auto\"><strong>Dzie\u0144 4.<\/strong><\/div>\n<div dir=\"auto\"><\/div>\n<div dir=\"auto\">\n<div class=\"x14z9mp xat24cr x1lziwak x1vvkbs xtlvy1s x126k92a\">\n<div dir=\"auto\">Czasami wymiana uczniowska staje si\u0119 okazj\u0105, aby do\u015bwiadczy\u0107 prawdziwej hiszpa\u0144skiej fiesty!<\/div>\n<\/div>\n<div class=\"x14z9mp xat24cr x1lziwak x1vvkbs xtlvy1s x126k92a\">\n<div dir=\"auto\">Dzie\u0144 \u015awi\u0119tego Jerzego &#8211; Diada de Sant Jordi &#8211; uczestnicy wymiany sp\u0119dzili przygl\u0105daj\u0105c si\u0119 tradycyjnym barcelo\u0144skim obchodom &#8211; w tym pi\u0119knym r\u00f3\u017canym dekoracjom, kt\u00f3re ozdobi\u0142y miasto.<\/div>\n<\/div>\n<div class=\"x14z9mp xat24cr x1lziwak x1vvkbs xtlvy1s x126k92a\">\n<div dir=\"auto\">Ten dzie\u0144 znany jest r\u00f3wnie\u017c jako &#8222;Dzie\u0144 R\u00f3\u017c i Ksi\u0105\u017cek&#8221; <span class=\"html-span xexx8yu xyri2b x18d9i69 x1c1uobl x1hl2dhg x16tdsg8 x1vvkbs x3nfvp2 x1j61x8r x1fcty0u xdj266r xat24cr xm2jcoa x1mpyi22 xxymvpz xlup9mm x1kky2od\"><img loading=\"lazy\" decoding=\"async\" class=\"xz74otr x15mokao x1ga7v0g x16uus16 xbiv7yw\" src=\"https:\/\/static.xx.fbcdn.net\/images\/emoji.php\/v9\/t3d\/2\/16\/1f4d6.png\" alt=\"\ud83d\udcd6\" width=\"16\" height=\"16\" \/><\/span>&#8211; nie bez powodu!<\/div>\n<div dir=\"auto\">Wype\u0142nione straganami z literatur\u0105 i r\u00f3\u017cami ulice to nawi\u0105zanie do tradycji wymiany upomink\u00f3w mi\u0119dzy bliskimi osobami.<\/div>\n<\/div>\n<div class=\"x14z9mp xat24cr x1lziwak x1vvkbs xtlvy1s x126k92a\">\n<div dir=\"auto\">Dzie\u0144 \u015bwi\u0119tego Jerzego to tak\u017ce \u015bwi\u0119to kultury!<\/div>\n<div dir=\"auto\">Udzia\u0142 w Impro Show i odwiedziny w Palau de la Generalitat &#8211; siedzibie rz\u0105du Katalo\u0144skiego &#8211; by\u0142y dla naszych uczni\u00f3w i uczennic integraln\u0105 cz\u0119\u015bci\u0105 obchod\u00f3w Diada de Sant Jordi.<\/div>\n<\/div>\n<div class=\"x14z9mp xat24cr x1lziwak x1vvkbs xtlvy1s x126k92a\">\n<div dir=\"auto\">Dope\u0142nieniem ca\u0142odziennego zwiedzania sta\u0142o si\u0119 odwiedzenie dzielnicy gotyckiej i miejscowego portu.<\/div>\n<\/div>\n<div class=\"x14z9mp xat24cr x1lziwak x1vvkbs xtlvy1s x126k92a\">\n<div dir=\"auto\">Zachwyt nad klimatem hiszpa\u0144skiego \u015bwi\u0119towania zostanie w naszych uczniach i uczennicach na d\u0142ugo.<\/div>\n<\/div>\n<\/div>\n<div dir=\"auto\"><\/div>\n<div dir=\"auto\"><strong>Dzie\u0144 5.<\/strong><\/div>\n<div dir=\"auto\"><\/div>\n<div dir=\"auto\">\n<div class=\"x14z9mp xat24cr x1lziwak x1vvkbs xtlvy1s x126k92a\">\n<div dir=\"auto\">Ostatni dzie\u0144 wymiany pozwoli\u0142 naszym uczniom i uczennicom na dok\u0142adne poznanie hiszpa\u0144skiego szkolnictwa wy\u017cszego.<\/div>\n<\/div>\n<div class=\"x14z9mp xat24cr x1lziwak x1vvkbs xtlvy1s x126k92a\">\n<div dir=\"auto\">Pobyt na Universitat Aut\u00f2noma de Barcelona zacz\u0105\u0142 si\u0119 od zwiedzania&#8230; ale wcale si\u0119 na nim nie sko\u0144czy\u0142!<\/div>\n<div dir=\"auto\">Po zapoznaniu si\u0119 z przestrzeni\u0105 kampusu, uczestnicy wymiany zostali zaproszeni do przeprowadzenia wywiad\u00f3w ze studentami.<\/div>\n<\/div>\n<div class=\"x14z9mp xat24cr x1lziwak x1vvkbs xtlvy1s x126k92a\">\n<div dir=\"auto\">Nasi uczniowie i uczennice pytali o:<\/div>\n<div dir=\"auto\">&#8211; wybrane kierunki studi\u00f3w,<\/div>\n<div dir=\"auto\">&#8211; zadowolenie z nauki na uniwersytecie,<\/div>\n<div dir=\"auto\">&#8211; rady dla przysz\u0142ych student\u00f3w.<\/div>\n<\/div>\n<div class=\"x14z9mp xat24cr x1lziwak x1vvkbs xtlvy1s x126k92a\">\n<div dir=\"auto\">Wywiady by\u0142y szans\u0105 na unikalny wgl\u0105d w studenckie \u017cycie&#8230; i sprawdzenie swoich umiej\u0119tno\u015bci komunikacyjnych.<\/div>\n<\/div>\n<div class=\"x14z9mp xat24cr x1lziwak x1vvkbs xtlvy1s x126k92a\"><\/div>\n<\/div>\n<div dir=\"auto\"><\/div>\n<div dir=\"auto\"><\/div>\n<div dir=\"auto\"><\/div>\n<div class=\"x14z9mp xat24cr x1lziwak x1vvkbs xtlvy1s x126k92a\">\n<div dir=\"auto\">\n\n\t\t<style type=\"text\/css\">\n\t\t\t#gallery-1 {\n\t\t\t\tmargin: auto;\n\t\t\t}\n\t\t\t#gallery-1 .gallery-item {\n\t\t\t\tfloat: left;\n\t\t\t\tmargin-top: 10px;\n\t\t\t\ttext-align: center;\n\t\t\t\twidth: 33%;\n\t\t\t}\n\t\t\t#gallery-1 img {\n\t\t\t\tborder: 2px solid #cfcfcf;\n\t\t\t}\n\t\t\t#gallery-1 .gallery-caption {\n\t\t\t\tmargin-left: 0;\n\t\t\t}\n\t\t\t\/* see gallery_shortcode() in wp-includes\/media.php *\/\n\t\t<\/style>\n\t\t<div id='gallery-1' class='gallery galleryid-2469 gallery-columns-3 gallery-size-thumbnail'><dl class='gallery-item'>\n\t\t\t<dt class='gallery-icon landscape'>\n\t\t\t\t<a href='https:\/\/spolecznajedynka.pl\/lo\/projekty-miedzynarodowe\/wymiana-uczniowska-w-barcelonie\/attachment\/whatsapp-image-2026-04-18-at-05-16-17\/'><img loading=\"lazy\" decoding=\"async\" width=\"150\" height=\"150\" src=\"https:\/\/spolecznajedynka.pl\/lo\/wp-content\/uploads\/sites\/2\/2026\/04\/WhatsApp-Image-2026-04-18-at-05.16.17-150x150.jpeg\" class=\"attachment-thumbnail size-thumbnail\" alt=\"\" \/><\/a>\n\t\t\t<\/dt><\/dl><dl class='gallery-item'>\n\t\t\t<dt class='gallery-icon portrait'>\n\t\t\t\t<a href='https:\/\/spolecznajedynka.pl\/lo\/projekty-miedzynarodowe\/wymiana-uczniowska-w-barcelonie\/attachment\/90cc8cc6-1259-4581-91ab-b5dc932cd2ce\/'><img loading=\"lazy\" decoding=\"async\" width=\"150\" height=\"150\" src=\"https:\/\/spolecznajedynka.pl\/lo\/wp-content\/uploads\/sites\/2\/2026\/04\/90cc8cc6-1259-4581-91ab-b5dc932cd2ce-150x150.jpg\" class=\"attachment-thumbnail size-thumbnail\" alt=\"\" \/><\/a>\n\t\t\t<\/dt><\/dl><dl class='gallery-item'>\n\t\t\t<dt class='gallery-icon portrait'>\n\t\t\t\t<a href='https:\/\/spolecznajedynka.pl\/lo\/projekty-miedzynarodowe\/wymiana-uczniowska-w-barcelonie\/attachment\/0c34b7ae-abda-42ec-b033-fcba79e26489\/'><img loading=\"lazy\" decoding=\"async\" width=\"150\" height=\"150\" src=\"https:\/\/spolecznajedynka.pl\/lo\/wp-content\/uploads\/sites\/2\/2026\/04\/0c34b7ae-abda-42ec-b033-fcba79e26489-150x150.jpg\" class=\"attachment-thumbnail size-thumbnail\" alt=\"\" \/><\/a>\n\t\t\t<\/dt><\/dl><br style=\"clear: both\" \/><dl class='gallery-item'>\n\t\t\t<dt class='gallery-icon portrait'>\n\t\t\t\t<a href='https:\/\/spolecznajedynka.pl\/lo\/projekty-miedzynarodowe\/wymiana-uczniowska-w-barcelonie\/attachment\/acd4e58a-cdeb-4a4a-aa45-1f7934eb2884\/'><img loading=\"lazy\" decoding=\"async\" width=\"150\" height=\"150\" src=\"https:\/\/spolecznajedynka.pl\/lo\/wp-content\/uploads\/sites\/2\/2026\/04\/acd4e58a-cdeb-4a4a-aa45-1f7934eb2884-150x150.jpg\" class=\"attachment-thumbnail size-thumbnail\" alt=\"\" \/><\/a>\n\t\t\t<\/dt><\/dl><dl class='gallery-item'>\n\t\t\t<dt class='gallery-icon portrait'>\n\t\t\t\t<a href='https:\/\/spolecznajedynka.pl\/lo\/projekty-miedzynarodowe\/wymiana-uczniowska-w-barcelonie\/attachment\/1d416d98-84ab-4d0c-b50b-7ac78d6a959d\/'><img loading=\"lazy\" decoding=\"async\" width=\"150\" height=\"150\" src=\"https:\/\/spolecznajedynka.pl\/lo\/wp-content\/uploads\/sites\/2\/2026\/04\/1d416d98-84ab-4d0c-b50b-7ac78d6a959d-150x150.jpg\" class=\"attachment-thumbnail size-thumbnail\" alt=\"\" \/><\/a>\n\t\t\t<\/dt><\/dl><dl class='gallery-item'>\n\t\t\t<dt class='gallery-icon portrait'>\n\t\t\t\t<a href='https:\/\/spolecznajedynka.pl\/lo\/projekty-miedzynarodowe\/wymiana-uczniowska-w-barcelonie\/attachment\/08b888d2-3684-485e-98c5-6e17191e911b\/'><img loading=\"lazy\" decoding=\"async\" width=\"150\" height=\"150\" src=\"https:\/\/spolecznajedynka.pl\/lo\/wp-content\/uploads\/sites\/2\/2026\/04\/08b888d2-3684-485e-98c5-6e17191e911b-150x150.jpg\" class=\"attachment-thumbnail size-thumbnail\" alt=\"\" \/><\/a>\n\t\t\t<\/dt><\/dl><br style=\"clear: both\" \/><dl class='gallery-item'>\n\t\t\t<dt class='gallery-icon landscape'>\n\t\t\t\t<a href='https:\/\/spolecznajedynka.pl\/lo\/projekty-miedzynarodowe\/wymiana-uczniowska-w-barcelonie\/attachment\/52915613-38ad-44cd-a86c-689d4146442d\/'><img loading=\"lazy\" decoding=\"async\" width=\"150\" height=\"150\" src=\"https:\/\/spolecznajedynka.pl\/lo\/wp-content\/uploads\/sites\/2\/2026\/04\/52915613-38ad-44cd-a86c-689d4146442d-150x150.jpg\" class=\"attachment-thumbnail size-thumbnail\" alt=\"\" \/><\/a>\n\t\t\t<\/dt><\/dl><dl class='gallery-item'>\n\t\t\t<dt class='gallery-icon landscape'>\n\t\t\t\t<a href='https:\/\/spolecznajedynka.pl\/lo\/projekty-miedzynarodowe\/wymiana-uczniowska-w-barcelonie\/attachment\/9589e8e0-3699-47fd-b286-31335634f20a\/'><img loading=\"lazy\" decoding=\"async\" width=\"150\" height=\"150\" src=\"https:\/\/spolecznajedynka.pl\/lo\/wp-content\/uploads\/sites\/2\/2026\/04\/9589e8e0-3699-47fd-b286-31335634f20a-150x150.jpg\" class=\"attachment-thumbnail size-thumbnail\" alt=\"\" \/><\/a>\n\t\t\t<\/dt><\/dl><dl class='gallery-item'>\n\t\t\t<dt class='gallery-icon portrait'>\n\t\t\t\t<a href='https:\/\/spolecznajedynka.pl\/lo\/projekty-miedzynarodowe\/wymiana-uczniowska-w-barcelonie\/attachment\/4e960f80-5d60-49ac-90b5-8a02e0c147bd\/'><img loading=\"lazy\" decoding=\"async\" width=\"150\" height=\"150\" src=\"https:\/\/spolecznajedynka.pl\/lo\/wp-content\/uploads\/sites\/2\/2026\/04\/4e960f80-5d60-49ac-90b5-8a02e0c147bd-150x150.jpg\" class=\"attachment-thumbnail size-thumbnail\" alt=\"\" \/><\/a>\n\t\t\t<\/dt><\/dl><br style=\"clear: both\" \/><dl class='gallery-item'>\n\t\t\t<dt class='gallery-icon landscape'>\n\t\t\t\t<a href='https:\/\/spolecznajedynka.pl\/lo\/projekty-miedzynarodowe\/wymiana-uczniowska-w-barcelonie\/attachment\/eff405e7-c76c-458e-b5d0-940a44a4be2e\/'><img loading=\"lazy\" decoding=\"async\" width=\"150\" height=\"150\" src=\"https:\/\/spolecznajedynka.pl\/lo\/wp-content\/uploads\/sites\/2\/2026\/04\/eff405e7-c76c-458e-b5d0-940a44a4be2e-150x150.jpg\" class=\"attachment-thumbnail size-thumbnail\" alt=\"\" \/><\/a>\n\t\t\t<\/dt><\/dl><dl class='gallery-item'>\n\t\t\t<dt class='gallery-icon landscape'>\n\t\t\t\t<a href='https:\/\/spolecznajedynka.pl\/lo\/projekty-miedzynarodowe\/wymiana-uczniowska-w-barcelonie\/attachment\/b6ee5d4d-b91a-4ce3-94b5-531ec5615482\/'><img loading=\"lazy\" decoding=\"async\" width=\"150\" height=\"150\" src=\"https:\/\/spolecznajedynka.pl\/lo\/wp-content\/uploads\/sites\/2\/2026\/04\/b6ee5d4d-b91a-4ce3-94b5-531ec5615482-150x150.jpg\" class=\"attachment-thumbnail size-thumbnail\" alt=\"\" \/><\/a>\n\t\t\t<\/dt><\/dl><dl class='gallery-item'>\n\t\t\t<dt class='gallery-icon landscape'>\n\t\t\t\t<a href='https:\/\/spolecznajedynka.pl\/lo\/projekty-miedzynarodowe\/wymiana-uczniowska-w-barcelonie\/attachment\/d434e1f8-640a-4fef-bbc9-445f0c20990c\/'><img loading=\"lazy\" decoding=\"async\" width=\"150\" height=\"150\" src=\"https:\/\/spolecznajedynka.pl\/lo\/wp-content\/uploads\/sites\/2\/2026\/04\/d434e1f8-640a-4fef-bbc9-445f0c20990c-150x150.jpg\" class=\"attachment-thumbnail size-thumbnail\" alt=\"\" \/><\/a>\n\t\t\t<\/dt><\/dl><br style=\"clear: both\" \/><dl class='gallery-item'>\n\t\t\t<dt class='gallery-icon landscape'>\n\t\t\t\t<a href='https:\/\/spolecznajedynka.pl\/lo\/projekty-miedzynarodowe\/wymiana-uczniowska-w-barcelonie\/attachment\/93e12ccb-bda0-47c9-90a9-df7492cb241b\/'><img loading=\"lazy\" decoding=\"async\" width=\"150\" height=\"150\" src=\"https:\/\/spolecznajedynka.pl\/lo\/wp-content\/uploads\/sites\/2\/2026\/04\/93e12ccb-bda0-47c9-90a9-df7492cb241b-150x150.jpg\" class=\"attachment-thumbnail size-thumbnail\" alt=\"\" \/><\/a>\n\t\t\t<\/dt><\/dl><dl class='gallery-item'>\n\t\t\t<dt class='gallery-icon landscape'>\n\t\t\t\t<a href='https:\/\/spolecznajedynka.pl\/lo\/projekty-miedzynarodowe\/wymiana-uczniowska-w-barcelonie\/attachment\/d02e956d-0379-4139-a734-467bbdc8f21e\/'><img loading=\"lazy\" decoding=\"async\" width=\"150\" height=\"150\" src=\"https:\/\/spolecznajedynka.pl\/lo\/wp-content\/uploads\/sites\/2\/2026\/04\/d02e956d-0379-4139-a734-467bbdc8f21e-150x150.jpg\" class=\"attachment-thumbnail size-thumbnail\" alt=\"\" \/><\/a>\n\t\t\t<\/dt><\/dl><dl class='gallery-item'>\n\t\t\t<dt class='gallery-icon landscape'>\n\t\t\t\t<a href='https:\/\/spolecznajedynka.pl\/lo\/projekty-miedzynarodowe\/wymiana-uczniowska-w-barcelonie\/attachment\/93091532-db84-4267-bb8f-a2fc1b6d9007\/'><img loading=\"lazy\" decoding=\"async\" width=\"150\" height=\"150\" src=\"https:\/\/spolecznajedynka.pl\/lo\/wp-content\/uploads\/sites\/2\/2026\/04\/93091532-db84-4267-bb8f-a2fc1b6d9007-150x150.jpg\" class=\"attachment-thumbnail size-thumbnail\" alt=\"\" \/><\/a>\n\t\t\t<\/dt><\/dl><br style=\"clear: both\" \/><dl class='gallery-item'>\n\t\t\t<dt class='gallery-icon landscape'>\n\t\t\t\t<a href='https:\/\/spolecznajedynka.pl\/lo\/projekty-miedzynarodowe\/wymiana-uczniowska-w-barcelonie\/attachment\/78ac9d0f-3d2c-485b-b72f-fe1718dd9807\/'><img loading=\"lazy\" decoding=\"async\" width=\"150\" height=\"150\" src=\"https:\/\/spolecznajedynka.pl\/lo\/wp-content\/uploads\/sites\/2\/2026\/04\/78ac9d0f-3d2c-485b-b72f-fe1718dd9807-150x150.jpg\" class=\"attachment-thumbnail size-thumbnail\" alt=\"\" \/><\/a>\n\t\t\t<\/dt><\/dl><dl class='gallery-item'>\n\t\t\t<dt class='gallery-icon landscape'>\n\t\t\t\t<a href='https:\/\/spolecznajedynka.pl\/lo\/projekty-miedzynarodowe\/wymiana-uczniowska-w-barcelonie\/attachment\/7b50ef10-4387-4d37-aeed-66cbd8abc806\/'><img loading=\"lazy\" decoding=\"async\" width=\"150\" height=\"150\" src=\"https:\/\/spolecznajedynka.pl\/lo\/wp-content\/uploads\/sites\/2\/2026\/04\/7b50ef10-4387-4d37-aeed-66cbd8abc806-150x150.jpg\" class=\"attachment-thumbnail size-thumbnail\" alt=\"\" \/><\/a>\n\t\t\t<\/dt><\/dl><dl class='gallery-item'>\n\t\t\t<dt class='gallery-icon portrait'>\n\t\t\t\t<a href='https:\/\/spolecznajedynka.pl\/lo\/projekty-miedzynarodowe\/wymiana-uczniowska-w-barcelonie\/attachment\/d34467a6-baf7-451b-916e-0290fa1b1b1a\/'><img loading=\"lazy\" decoding=\"async\" width=\"150\" height=\"150\" src=\"https:\/\/spolecznajedynka.pl\/lo\/wp-content\/uploads\/sites\/2\/2026\/04\/d34467a6-baf7-451b-916e-0290fa1b1b1a-150x150.jpg\" class=\"attachment-thumbnail size-thumbnail\" alt=\"\" \/><\/a>\n\t\t\t<\/dt><\/dl><br style=\"clear: both\" \/><dl class='gallery-item'>\n\t\t\t<dt class='gallery-icon portrait'>\n\t\t\t\t<a href='https:\/\/spolecznajedynka.pl\/lo\/projekty-miedzynarodowe\/wymiana-uczniowska-w-barcelonie\/attachment\/3831aee4-23fb-4671-bddb-3733c20c7898\/'><img loading=\"lazy\" decoding=\"async\" width=\"150\" height=\"150\" src=\"https:\/\/spolecznajedynka.pl\/lo\/wp-content\/uploads\/sites\/2\/2026\/04\/3831aee4-23fb-4671-bddb-3733c20c7898-150x150.jpg\" class=\"attachment-thumbnail size-thumbnail\" alt=\"\" \/><\/a>\n\t\t\t<\/dt><\/dl><dl class='gallery-item'>\n\t\t\t<dt class='gallery-icon portrait'>\n\t\t\t\t<a href='https:\/\/spolecznajedynka.pl\/lo\/projekty-miedzynarodowe\/wymiana-uczniowska-w-barcelonie\/attachment\/7ec20b68-4506-42cb-bc74-233dc366cfbc\/'><img loading=\"lazy\" decoding=\"async\" width=\"150\" height=\"150\" src=\"https:\/\/spolecznajedynka.pl\/lo\/wp-content\/uploads\/sites\/2\/2026\/04\/7ec20b68-4506-42cb-bc74-233dc366cfbc-150x150.jpg\" class=\"attachment-thumbnail size-thumbnail\" alt=\"\" \/><\/a>\n\t\t\t<\/dt><\/dl><dl class='gallery-item'>\n\t\t\t<dt class='gallery-icon landscape'>\n\t\t\t\t<a href='https:\/\/spolecznajedynka.pl\/lo\/projekty-miedzynarodowe\/wymiana-uczniowska-w-barcelonie\/attachment\/f59bb25a-0e11-42fa-972c-1e0741ea98f7\/'><img loading=\"lazy\" decoding=\"async\" width=\"150\" height=\"150\" src=\"https:\/\/spolecznajedynka.pl\/lo\/wp-content\/uploads\/sites\/2\/2026\/04\/f59bb25a-0e11-42fa-972c-1e0741ea98f7-150x150.jpg\" class=\"attachment-thumbnail size-thumbnail\" alt=\"\" \/><\/a>\n\t\t\t<\/dt><\/dl><br style=\"clear: both\" \/><dl class='gallery-item'>\n\t\t\t<dt class='gallery-icon portrait'>\n\t\t\t\t<a href='https:\/\/spolecznajedynka.pl\/lo\/projekty-miedzynarodowe\/wymiana-uczniowska-w-barcelonie\/attachment\/e9131325-73ea-4433-85f8-79a4110ef968\/'><img loading=\"lazy\" decoding=\"async\" width=\"150\" height=\"150\" src=\"https:\/\/spolecznajedynka.pl\/lo\/wp-content\/uploads\/sites\/2\/2026\/04\/e9131325-73ea-4433-85f8-79a4110ef968-150x150.jpg\" class=\"attachment-thumbnail size-thumbnail\" alt=\"\" \/><\/a>\n\t\t\t<\/dt><\/dl><dl class='gallery-item'>\n\t\t\t<dt class='gallery-icon portrait'>\n\t\t\t\t<a href='https:\/\/spolecznajedynka.pl\/lo\/projekty-miedzynarodowe\/wymiana-uczniowska-w-barcelonie\/attachment\/ae772236-2418-467c-b0ad-a1d192990c30\/'><img loading=\"lazy\" decoding=\"async\" width=\"150\" height=\"150\" src=\"https:\/\/spolecznajedynka.pl\/lo\/wp-content\/uploads\/sites\/2\/2026\/04\/ae772236-2418-467c-b0ad-a1d192990c30-150x150.jpg\" class=\"attachment-thumbnail size-thumbnail\" alt=\"\" \/><\/a>\n\t\t\t<\/dt><\/dl><dl class='gallery-item'>\n\t\t\t<dt class='gallery-icon portrait'>\n\t\t\t\t<a href='https:\/\/spolecznajedynka.pl\/lo\/projekty-miedzynarodowe\/wymiana-uczniowska-w-barcelonie\/attachment\/65eba083-6c9a-4e82-ab91-efa19591a3b1\/'><img loading=\"lazy\" decoding=\"async\" width=\"150\" height=\"150\" src=\"https:\/\/spolecznajedynka.pl\/lo\/wp-content\/uploads\/sites\/2\/2026\/04\/65eba083-6c9a-4e82-ab91-efa19591a3b1-150x150.jpg\" class=\"attachment-thumbnail size-thumbnail\" alt=\"\" \/><\/a>\n\t\t\t<\/dt><\/dl><br style=\"clear: both\" \/><dl class='gallery-item'>\n\t\t\t<dt class='gallery-icon portrait'>\n\t\t\t\t<a href='https:\/\/spolecznajedynka.pl\/lo\/projekty-miedzynarodowe\/wymiana-uczniowska-w-barcelonie\/attachment\/a516bbb2-6125-4a07-b705-9f80c5a576a4\/'><img loading=\"lazy\" decoding=\"async\" width=\"150\" height=\"150\" src=\"https:\/\/spolecznajedynka.pl\/lo\/wp-content\/uploads\/sites\/2\/2026\/04\/a516bbb2-6125-4a07-b705-9f80c5a576a4-150x150.jpg\" class=\"attachment-thumbnail size-thumbnail\" alt=\"\" \/><\/a>\n\t\t\t<\/dt><\/dl><dl class='gallery-item'>\n\t\t\t<dt class='gallery-icon portrait'>\n\t\t\t\t<a href='https:\/\/spolecznajedynka.pl\/lo\/projekty-miedzynarodowe\/wymiana-uczniowska-w-barcelonie\/attachment\/54f90d1e-18b0-4b2a-966e-4ead9776c0fc\/'><img loading=\"lazy\" decoding=\"async\" width=\"150\" height=\"150\" src=\"https:\/\/spolecznajedynka.pl\/lo\/wp-content\/uploads\/sites\/2\/2026\/04\/54f90d1e-18b0-4b2a-966e-4ead9776c0fc-150x150.jpg\" class=\"attachment-thumbnail size-thumbnail\" alt=\"\" \/><\/a>\n\t\t\t<\/dt><\/dl><dl class='gallery-item'>\n\t\t\t<dt class='gallery-icon portrait'>\n\t\t\t\t<a href='https:\/\/spolecznajedynka.pl\/lo\/projekty-miedzynarodowe\/wymiana-uczniowska-w-barcelonie\/attachment\/d143a676-78ba-45d2-8f6e-503baa75e2e2\/'><img loading=\"lazy\" decoding=\"async\" width=\"150\" height=\"150\" src=\"https:\/\/spolecznajedynka.pl\/lo\/wp-content\/uploads\/sites\/2\/2026\/04\/d143a676-78ba-45d2-8f6e-503baa75e2e2-150x150.jpg\" class=\"attachment-thumbnail size-thumbnail\" alt=\"\" \/><\/a>\n\t\t\t<\/dt><\/dl><br style=\"clear: both\" \/><dl class='gallery-item'>\n\t\t\t<dt class='gallery-icon portrait'>\n\t\t\t\t<a href='https:\/\/spolecznajedynka.pl\/lo\/projekty-miedzynarodowe\/wymiana-uczniowska-w-barcelonie\/attachment\/2f6de0f9-9559-49fc-a009-2c7b20a0db58\/'><img loading=\"lazy\" decoding=\"async\" width=\"150\" height=\"150\" src=\"https:\/\/spolecznajedynka.pl\/lo\/wp-content\/uploads\/sites\/2\/2026\/04\/2f6de0f9-9559-49fc-a009-2c7b20a0db58-150x150.jpg\" class=\"attachment-thumbnail size-thumbnail\" alt=\"\" \/><\/a>\n\t\t\t<\/dt><\/dl><dl class='gallery-item'>\n\t\t\t<dt class='gallery-icon portrait'>\n\t\t\t\t<a href='https:\/\/spolecznajedynka.pl\/lo\/projekty-miedzynarodowe\/wymiana-uczniowska-w-barcelonie\/attachment\/3214b661-8c15-451c-accf-6cbe6662157e\/'><img loading=\"lazy\" decoding=\"async\" width=\"150\" height=\"150\" src=\"https:\/\/spolecznajedynka.pl\/lo\/wp-content\/uploads\/sites\/2\/2026\/04\/3214b661-8c15-451c-accf-6cbe6662157e-150x150.jpg\" class=\"attachment-thumbnail size-thumbnail\" alt=\"\" \/><\/a>\n\t\t\t<\/dt><\/dl><dl class='gallery-item'>\n\t\t\t<dt class='gallery-icon portrait'>\n\t\t\t\t<a href='https:\/\/spolecznajedynka.pl\/lo\/projekty-miedzynarodowe\/wymiana-uczniowska-w-barcelonie\/attachment\/742d5d27-2059-482f-8601-3335c4934cc2\/'><img loading=\"lazy\" decoding=\"async\" width=\"150\" height=\"150\" src=\"https:\/\/spolecznajedynka.pl\/lo\/wp-content\/uploads\/sites\/2\/2026\/04\/742d5d27-2059-482f-8601-3335c4934cc2-150x150.jpg\" class=\"attachment-thumbnail size-thumbnail\" alt=\"\" \/><\/a>\n\t\t\t<\/dt><\/dl><br style=\"clear: both\" \/><dl class='gallery-item'>\n\t\t\t<dt class='gallery-icon landscape'>\n\t\t\t\t<a href='https:\/\/spolecznajedynka.pl\/lo\/projekty-miedzynarodowe\/wymiana-uczniowska-w-barcelonie\/attachment\/2e95656d-3311-4017-8fbb-1a6f97148174\/'><img loading=\"lazy\" decoding=\"async\" width=\"150\" height=\"150\" src=\"https:\/\/spolecznajedynka.pl\/lo\/wp-content\/uploads\/sites\/2\/2026\/04\/2e95656d-3311-4017-8fbb-1a6f97148174-150x150.jpg\" class=\"attachment-thumbnail size-thumbnail\" alt=\"\" \/><\/a>\n\t\t\t<\/dt><\/dl><dl class='gallery-item'>\n\t\t\t<dt class='gallery-icon portrait'>\n\t\t\t\t<a href='https:\/\/spolecznajedynka.pl\/lo\/projekty-miedzynarodowe\/wymiana-uczniowska-w-barcelonie\/attachment\/89c393ea-e8cd-495f-8545-9177775ead85\/'><img loading=\"lazy\" decoding=\"async\" width=\"150\" height=\"150\" src=\"https:\/\/spolecznajedynka.pl\/lo\/wp-content\/uploads\/sites\/2\/2026\/04\/89c393ea-e8cd-495f-8545-9177775ead85-150x150.jpg\" class=\"attachment-thumbnail size-thumbnail\" alt=\"\" \/><\/a>\n\t\t\t<\/dt><\/dl><dl class='gallery-item'>\n\t\t\t<dt class='gallery-icon portrait'>\n\t\t\t\t<a href='https:\/\/spolecznajedynka.pl\/lo\/projekty-miedzynarodowe\/wymiana-uczniowska-w-barcelonie\/attachment\/862fd68a-4ccb-4a32-aabe-1c052a0f74e9\/'><img loading=\"lazy\" decoding=\"async\" width=\"150\" height=\"150\" src=\"https:\/\/spolecznajedynka.pl\/lo\/wp-content\/uploads\/sites\/2\/2026\/04\/862fd68a-4ccb-4a32-aabe-1c052a0f74e9-150x150.jpg\" class=\"attachment-thumbnail size-thumbnail\" alt=\"\" \/><\/a>\n\t\t\t<\/dt><\/dl><br style=\"clear: both\" \/><dl class='gallery-item'>\n\t\t\t<dt class='gallery-icon portrait'>\n\t\t\t\t<a href='https:\/\/spolecznajedynka.pl\/lo\/projekty-miedzynarodowe\/wymiana-uczniowska-w-barcelonie\/attachment\/239b20b3-e3bf-4229-b3e9-90ed702012db\/'><img loading=\"lazy\" decoding=\"async\" width=\"150\" height=\"150\" src=\"https:\/\/spolecznajedynka.pl\/lo\/wp-content\/uploads\/sites\/2\/2026\/04\/239b20b3-e3bf-4229-b3e9-90ed702012db-150x150.jpg\" class=\"attachment-thumbnail size-thumbnail\" alt=\"\" \/><\/a>\n\t\t\t<\/dt><\/dl><dl class='gallery-item'>\n\t\t\t<dt class='gallery-icon landscape'>\n\t\t\t\t<a href='https:\/\/spolecznajedynka.pl\/lo\/projekty-miedzynarodowe\/wymiana-uczniowska-w-barcelonie\/attachment\/1204f130-fda4-4646-b8f7-4a631c22db04\/'><img loading=\"lazy\" decoding=\"async\" width=\"150\" height=\"150\" src=\"https:\/\/spolecznajedynka.pl\/lo\/wp-content\/uploads\/sites\/2\/2026\/04\/1204f130-fda4-4646-b8f7-4a631c22db04-150x150.jpg\" class=\"attachment-thumbnail size-thumbnail\" alt=\"\" \/><\/a>\n\t\t\t<\/dt><\/dl><dl class='gallery-item'>\n\t\t\t<dt class='gallery-icon portrait'>\n\t\t\t\t<a href='https:\/\/spolecznajedynka.pl\/lo\/projekty-miedzynarodowe\/wymiana-uczniowska-w-barcelonie\/attachment\/b030f1a4-7de4-4817-998d-08bc29df9cc7\/'><img loading=\"lazy\" decoding=\"async\" width=\"150\" height=\"150\" src=\"https:\/\/spolecznajedynka.pl\/lo\/wp-content\/uploads\/sites\/2\/2026\/04\/b030f1a4-7de4-4817-998d-08bc29df9cc7-150x150.jpg\" class=\"attachment-thumbnail size-thumbnail\" alt=\"\" \/><\/a>\n\t\t\t<\/dt><\/dl><br style=\"clear: both\" \/><dl class='gallery-item'>\n\t\t\t<dt class='gallery-icon portrait'>\n\t\t\t\t<a href='https:\/\/spolecznajedynka.pl\/lo\/projekty-miedzynarodowe\/wymiana-uczniowska-w-barcelonie\/attachment\/3d00c56a-637c-4392-b985-ead62fb4143f\/'><img loading=\"lazy\" decoding=\"async\" width=\"150\" height=\"150\" src=\"https:\/\/spolecznajedynka.pl\/lo\/wp-content\/uploads\/sites\/2\/2026\/04\/3d00c56a-637c-4392-b985-ead62fb4143f-150x150.jpg\" class=\"attachment-thumbnail size-thumbnail\" alt=\"\" \/><\/a>\n\t\t\t<\/dt><\/dl><dl class='gallery-item'>\n\t\t\t<dt class='gallery-icon landscape'>\n\t\t\t\t<a href='https:\/\/spolecznajedynka.pl\/lo\/projekty-miedzynarodowe\/wymiana-uczniowska-w-barcelonie\/attachment\/d26dfcd9-f09e-4687-9b1e-a9daabefe0e4\/'><img loading=\"lazy\" decoding=\"async\" width=\"150\" height=\"150\" src=\"https:\/\/spolecznajedynka.pl\/lo\/wp-content\/uploads\/sites\/2\/2026\/04\/d26dfcd9-f09e-4687-9b1e-a9daabefe0e4-150x150.jpg\" class=\"attachment-thumbnail size-thumbnail\" alt=\"\" \/><\/a>\n\t\t\t<\/dt><\/dl><dl class='gallery-item'>\n\t\t\t<dt class='gallery-icon portrait'>\n\t\t\t\t<a href='https:\/\/spolecznajedynka.pl\/lo\/projekty-miedzynarodowe\/wymiana-uczniowska-w-barcelonie\/attachment\/239914f5-4c83-4db1-a73b-cf630d3f0452\/'><img loading=\"lazy\" decoding=\"async\" width=\"150\" height=\"150\" src=\"https:\/\/spolecznajedynka.pl\/lo\/wp-content\/uploads\/sites\/2\/2026\/04\/239914f5-4c83-4db1-a73b-cf630d3f0452-150x150.jpg\" class=\"attachment-thumbnail size-thumbnail\" alt=\"\" \/><\/a>\n\t\t\t<\/dt><\/dl><br style=\"clear: both\" \/><dl class='gallery-item'>\n\t\t\t<dt class='gallery-icon portrait'>\n\t\t\t\t<a href='https:\/\/spolecznajedynka.pl\/lo\/projekty-miedzynarodowe\/wymiana-uczniowska-w-barcelonie\/attachment\/68f776b6-c38e-4b21-977e-3a50dd6076e2\/'><img loading=\"lazy\" decoding=\"async\" width=\"150\" height=\"150\" src=\"https:\/\/spolecznajedynka.pl\/lo\/wp-content\/uploads\/sites\/2\/2026\/04\/68f776b6-c38e-4b21-977e-3a50dd6076e2-150x150.jpg\" class=\"attachment-thumbnail size-thumbnail\" alt=\"\" \/><\/a>\n\t\t\t<\/dt><\/dl><dl class='gallery-item'>\n\t\t\t<dt class='gallery-icon landscape'>\n\t\t\t\t<a href='https:\/\/spolecznajedynka.pl\/lo\/projekty-miedzynarodowe\/wymiana-uczniowska-w-barcelonie\/attachment\/678303498_966490619457103_4225042411622845960_n\/'><img loading=\"lazy\" decoding=\"async\" width=\"150\" height=\"150\" src=\"https:\/\/spolecznajedynka.pl\/lo\/wp-content\/uploads\/sites\/2\/2026\/04\/678303498_966490619457103_4225042411622845960_n-150x150.jpg\" class=\"attachment-thumbnail size-thumbnail\" alt=\"\" srcset=\"https:\/\/spolecznajedynka.pl\/lo\/wp-content\/uploads\/sites\/2\/2026\/04\/678303498_966490619457103_4225042411622845960_n-150x150.jpg 150w, https:\/\/spolecznajedynka.pl\/lo\/wp-content\/uploads\/sites\/2\/2026\/04\/678303498_966490619457103_4225042411622845960_n-300x300.jpg 300w, https:\/\/spolecznajedynka.pl\/lo\/wp-content\/uploads\/sites\/2\/2026\/04\/678303498_966490619457103_4225042411622845960_n-1024x1024.jpg 1024w, https:\/\/spolecznajedynka.pl\/lo\/wp-content\/uploads\/sites\/2\/2026\/04\/678303498_966490619457103_4225042411622845960_n-768x768.jpg 768w, https:\/\/spolecznajedynka.pl\/lo\/wp-content\/uploads\/sites\/2\/2026\/04\/678303498_966490619457103_4225042411622845960_n.jpg 1462w\" sizes=\"auto, (max-width: 150px) 100vw, 150px\" \/><\/a>\n\t\t\t<\/dt><\/dl><dl class='gallery-item'>\n\t\t\t<dt class='gallery-icon landscape'>\n\t\t\t\t<a href='https:\/\/spolecznajedynka.pl\/lo\/projekty-miedzynarodowe\/wymiana-uczniowska-w-barcelonie\/attachment\/678354402_967702969335868_8043841407923330337_n\/'><img loading=\"lazy\" decoding=\"async\" width=\"150\" height=\"150\" src=\"https:\/\/spolecznajedynka.pl\/lo\/wp-content\/uploads\/sites\/2\/2026\/04\/678354402_967702969335868_8043841407923330337_n-150x150.jpg\" class=\"attachment-thumbnail size-thumbnail\" alt=\"\" srcset=\"https:\/\/spolecznajedynka.pl\/lo\/wp-content\/uploads\/sites\/2\/2026\/04\/678354402_967702969335868_8043841407923330337_n-150x150.jpg 150w, https:\/\/spolecznajedynka.pl\/lo\/wp-content\/uploads\/sites\/2\/2026\/04\/678354402_967702969335868_8043841407923330337_n-300x300.jpg 300w, https:\/\/spolecznajedynka.pl\/lo\/wp-content\/uploads\/sites\/2\/2026\/04\/678354402_967702969335868_8043841407923330337_n-1024x1024.jpg 1024w, https:\/\/spolecznajedynka.pl\/lo\/wp-content\/uploads\/sites\/2\/2026\/04\/678354402_967702969335868_8043841407923330337_n-768x768.jpg 768w, https:\/\/spolecznajedynka.pl\/lo\/wp-content\/uploads\/sites\/2\/2026\/04\/678354402_967702969335868_8043841407923330337_n.jpg 1536w\" sizes=\"auto, (max-width: 150px) 100vw, 150px\" \/><\/a>\n\t\t\t<\/dt><\/dl><br style=\"clear: both\" \/><dl class='gallery-item'>\n\t\t\t<dt class='gallery-icon landscape'>\n\t\t\t\t<a href='https:\/\/spolecznajedynka.pl\/lo\/projekty-miedzynarodowe\/wymiana-uczniowska-w-barcelonie\/attachment\/678582123_967703519335813_2891483581847496784_n\/'><img loading=\"lazy\" decoding=\"async\" width=\"150\" height=\"150\" src=\"https:\/\/spolecznajedynka.pl\/lo\/wp-content\/uploads\/sites\/2\/2026\/04\/678582123_967703519335813_2891483581847496784_n-150x150.jpg\" class=\"attachment-thumbnail size-thumbnail\" alt=\"\" srcset=\"https:\/\/spolecznajedynka.pl\/lo\/wp-content\/uploads\/sites\/2\/2026\/04\/678582123_967703519335813_2891483581847496784_n-150x150.jpg 150w, https:\/\/spolecznajedynka.pl\/lo\/wp-content\/uploads\/sites\/2\/2026\/04\/678582123_967703519335813_2891483581847496784_n-300x300.jpg 300w, https:\/\/spolecznajedynka.pl\/lo\/wp-content\/uploads\/sites\/2\/2026\/04\/678582123_967703519335813_2891483581847496784_n-1024x1024.jpg 1024w, https:\/\/spolecznajedynka.pl\/lo\/wp-content\/uploads\/sites\/2\/2026\/04\/678582123_967703519335813_2891483581847496784_n-768x767.jpg 768w, https:\/\/spolecznajedynka.pl\/lo\/wp-content\/uploads\/sites\/2\/2026\/04\/678582123_967703519335813_2891483581847496784_n.jpg 1446w\" sizes=\"auto, (max-width: 150px) 100vw, 150px\" \/><\/a>\n\t\t\t<\/dt><\/dl><dl class='gallery-item'>\n\t\t\t<dt class='gallery-icon landscape'>\n\t\t\t\t<a href='https:\/\/spolecznajedynka.pl\/lo\/projekty-miedzynarodowe\/wymiana-uczniowska-w-barcelonie\/attachment\/679003446_967703259335839_9136144670314431215_n\/'><img loading=\"lazy\" decoding=\"async\" width=\"150\" height=\"150\" src=\"https:\/\/spolecznajedynka.pl\/lo\/wp-content\/uploads\/sites\/2\/2026\/04\/679003446_967703259335839_9136144670314431215_n-150x150.jpg\" class=\"attachment-thumbnail size-thumbnail\" alt=\"\" srcset=\"https:\/\/spolecznajedynka.pl\/lo\/wp-content\/uploads\/sites\/2\/2026\/04\/679003446_967703259335839_9136144670314431215_n-150x150.jpg 150w, https:\/\/spolecznajedynka.pl\/lo\/wp-content\/uploads\/sites\/2\/2026\/04\/679003446_967703259335839_9136144670314431215_n-300x300.jpg 300w, https:\/\/spolecznajedynka.pl\/lo\/wp-content\/uploads\/sites\/2\/2026\/04\/679003446_967703259335839_9136144670314431215_n-1024x1024.jpg 1024w, https:\/\/spolecznajedynka.pl\/lo\/wp-content\/uploads\/sites\/2\/2026\/04\/679003446_967703259335839_9136144670314431215_n-768x768.jpg 768w, https:\/\/spolecznajedynka.pl\/lo\/wp-content\/uploads\/sites\/2\/2026\/04\/679003446_967703259335839_9136144670314431215_n.jpg 1536w\" sizes=\"auto, (max-width: 150px) 100vw, 150px\" \/><\/a>\n\t\t\t<\/dt><\/dl><dl class='gallery-item'>\n\t\t\t<dt class='gallery-icon landscape'>\n\t\t\t\t<a href='https:\/\/spolecznajedynka.pl\/lo\/projekty-miedzynarodowe\/wymiana-uczniowska-w-barcelonie\/attachment\/679024879_967702522669246_8996949203243230173_n\/'><img loading=\"lazy\" decoding=\"async\" width=\"150\" height=\"150\" src=\"https:\/\/spolecznajedynka.pl\/lo\/wp-content\/uploads\/sites\/2\/2026\/04\/679024879_967702522669246_8996949203243230173_n-150x150.jpg\" class=\"attachment-thumbnail size-thumbnail\" alt=\"\" srcset=\"https:\/\/spolecznajedynka.pl\/lo\/wp-content\/uploads\/sites\/2\/2026\/04\/679024879_967702522669246_8996949203243230173_n-150x150.jpg 150w, https:\/\/spolecznajedynka.pl\/lo\/wp-content\/uploads\/sites\/2\/2026\/04\/679024879_967702522669246_8996949203243230173_n-300x300.jpg 300w, https:\/\/spolecznajedynka.pl\/lo\/wp-content\/uploads\/sites\/2\/2026\/04\/679024879_967702522669246_8996949203243230173_n-1024x1024.jpg 1024w, https:\/\/spolecznajedynka.pl\/lo\/wp-content\/uploads\/sites\/2\/2026\/04\/679024879_967702522669246_8996949203243230173_n-768x768.jpg 768w, https:\/\/spolecznajedynka.pl\/lo\/wp-content\/uploads\/sites\/2\/2026\/04\/679024879_967702522669246_8996949203243230173_n.jpg 1536w\" sizes=\"auto, (max-width: 150px) 100vw, 150px\" \/><\/a>\n\t\t\t<\/dt><\/dl><br style=\"clear: both\" \/><dl class='gallery-item'>\n\t\t\t<dt class='gallery-icon landscape'>\n\t\t\t\t<a href='https:\/\/spolecznajedynka.pl\/lo\/projekty-miedzynarodowe\/wymiana-uczniowska-w-barcelonie\/attachment\/679567579_967701022669396_5186304009169811704_n\/'><img loading=\"lazy\" decoding=\"async\" width=\"150\" height=\"150\" src=\"https:\/\/spolecznajedynka.pl\/lo\/wp-content\/uploads\/sites\/2\/2026\/04\/679567579_967701022669396_5186304009169811704_n-150x150.jpg\" class=\"attachment-thumbnail size-thumbnail\" alt=\"\" srcset=\"https:\/\/spolecznajedynka.pl\/lo\/wp-content\/uploads\/sites\/2\/2026\/04\/679567579_967701022669396_5186304009169811704_n-150x150.jpg 150w, https:\/\/spolecznajedynka.pl\/lo\/wp-content\/uploads\/sites\/2\/2026\/04\/679567579_967701022669396_5186304009169811704_n-300x300.jpg 300w, https:\/\/spolecznajedynka.pl\/lo\/wp-content\/uploads\/sites\/2\/2026\/04\/679567579_967701022669396_5186304009169811704_n-1024x1024.jpg 1024w, https:\/\/spolecznajedynka.pl\/lo\/wp-content\/uploads\/sites\/2\/2026\/04\/679567579_967701022669396_5186304009169811704_n-768x768.jpg 768w, https:\/\/spolecznajedynka.pl\/lo\/wp-content\/uploads\/sites\/2\/2026\/04\/679567579_967701022669396_5186304009169811704_n.jpg 1536w\" sizes=\"auto, (max-width: 150px) 100vw, 150px\" \/><\/a>\n\t\t\t<\/dt><\/dl><dl class='gallery-item'>\n\t\t\t<dt class='gallery-icon landscape'>\n\t\t\t\t<a href='https:\/\/spolecznajedynka.pl\/lo\/projekty-miedzynarodowe\/wymiana-uczniowska-w-barcelonie\/attachment\/679918257_967703049335860_2605503584598109372_n\/'><img loading=\"lazy\" decoding=\"async\" width=\"150\" height=\"150\" src=\"https:\/\/spolecznajedynka.pl\/lo\/wp-content\/uploads\/sites\/2\/2026\/04\/679918257_967703049335860_2605503584598109372_n-150x150.jpg\" class=\"attachment-thumbnail size-thumbnail\" alt=\"\" srcset=\"https:\/\/spolecznajedynka.pl\/lo\/wp-content\/uploads\/sites\/2\/2026\/04\/679918257_967703049335860_2605503584598109372_n-150x150.jpg 150w, https:\/\/spolecznajedynka.pl\/lo\/wp-content\/uploads\/sites\/2\/2026\/04\/679918257_967703049335860_2605503584598109372_n-300x300.jpg 300w, https:\/\/spolecznajedynka.pl\/lo\/wp-content\/uploads\/sites\/2\/2026\/04\/679918257_967703049335860_2605503584598109372_n-1024x1024.jpg 1024w, https:\/\/spolecznajedynka.pl\/lo\/wp-content\/uploads\/sites\/2\/2026\/04\/679918257_967703049335860_2605503584598109372_n-768x768.jpg 768w, https:\/\/spolecznajedynka.pl\/lo\/wp-content\/uploads\/sites\/2\/2026\/04\/679918257_967703049335860_2605503584598109372_n.jpg 1536w\" sizes=\"auto, (max-width: 150px) 100vw, 150px\" \/><\/a>\n\t\t\t<\/dt><\/dl><dl class='gallery-item'>\n\t\t\t<dt class='gallery-icon landscape'>\n\t\t\t\t<a href='https:\/\/spolecznajedynka.pl\/lo\/projekty-miedzynarodowe\/wymiana-uczniowska-w-barcelonie\/attachment\/680124919_967702626002569_5611515486465675046_n\/'><img loading=\"lazy\" decoding=\"async\" width=\"150\" height=\"150\" src=\"https:\/\/spolecznajedynka.pl\/lo\/wp-content\/uploads\/sites\/2\/2026\/04\/680124919_967702626002569_5611515486465675046_n-150x150.jpg\" class=\"attachment-thumbnail size-thumbnail\" alt=\"\" srcset=\"https:\/\/spolecznajedynka.pl\/lo\/wp-content\/uploads\/sites\/2\/2026\/04\/680124919_967702626002569_5611515486465675046_n-150x150.jpg 150w, https:\/\/spolecznajedynka.pl\/lo\/wp-content\/uploads\/sites\/2\/2026\/04\/680124919_967702626002569_5611515486465675046_n-300x300.jpg 300w, https:\/\/spolecznajedynka.pl\/lo\/wp-content\/uploads\/sites\/2\/2026\/04\/680124919_967702626002569_5611515486465675046_n-1024x1024.jpg 1024w, https:\/\/spolecznajedynka.pl\/lo\/wp-content\/uploads\/sites\/2\/2026\/04\/680124919_967702626002569_5611515486465675046_n-768x768.jpg 768w, https:\/\/spolecznajedynka.pl\/lo\/wp-content\/uploads\/sites\/2\/2026\/04\/680124919_967702626002569_5611515486465675046_n.jpg 1536w\" sizes=\"auto, (max-width: 150px) 100vw, 150px\" \/><\/a>\n\t\t\t<\/dt><\/dl><br style=\"clear: both\" \/><dl class='gallery-item'>\n\t\t\t<dt class='gallery-icon landscape'>\n\t\t\t\t<a href='https:\/\/spolecznajedynka.pl\/lo\/projekty-miedzynarodowe\/wymiana-uczniowska-w-barcelonie\/attachment\/680150595_967702732669225_5163878286080518359_n\/'><img loading=\"lazy\" decoding=\"async\" width=\"150\" height=\"150\" src=\"https:\/\/spolecznajedynka.pl\/lo\/wp-content\/uploads\/sites\/2\/2026\/04\/680150595_967702732669225_5163878286080518359_n-150x150.jpg\" class=\"attachment-thumbnail size-thumbnail\" alt=\"\" srcset=\"https:\/\/spolecznajedynka.pl\/lo\/wp-content\/uploads\/sites\/2\/2026\/04\/680150595_967702732669225_5163878286080518359_n-150x150.jpg 150w, https:\/\/spolecznajedynka.pl\/lo\/wp-content\/uploads\/sites\/2\/2026\/04\/680150595_967702732669225_5163878286080518359_n-300x300.jpg 300w, https:\/\/spolecznajedynka.pl\/lo\/wp-content\/uploads\/sites\/2\/2026\/04\/680150595_967702732669225_5163878286080518359_n-1024x1024.jpg 1024w, https:\/\/spolecznajedynka.pl\/lo\/wp-content\/uploads\/sites\/2\/2026\/04\/680150595_967702732669225_5163878286080518359_n-768x768.jpg 768w, https:\/\/spolecznajedynka.pl\/lo\/wp-content\/uploads\/sites\/2\/2026\/04\/680150595_967702732669225_5163878286080518359_n.jpg 1536w\" sizes=\"auto, (max-width: 150px) 100vw, 150px\" \/><\/a>\n\t\t\t<\/dt><\/dl>\n\t\t\t<br style='clear: both' \/>\n\t\t<\/div>\n\n<\/div>\n<\/div>\n","protected":false},"excerpt":{"rendered":"<p>W ubieg\u0142ym roku szkolnym Baeza, w tym &#8211; Barcelona.\u00a0 W niedziel\u0119 19 kwietnia rozpocz\u0119li\u015bmy kolejn\u0105 wymian\u0119 uczniowsk\u0105!\u00a0 Dzie\u0144 1.\u00a0 Poniedzia\u0142ek&#8230;<\/p>\n","protected":false},"author":2,"featured_media":0,"comment_status":"closed","ping_status":"closed","sticky":false,"template":"","format":"standard","meta":{"_acf_changed":false,"footnotes":""},"categories":[6],"tags":[],"class_list":["post-2469","post","type-post","status-publish","format-standard","hentry","category-projekty-miedzynarodowe"],"acf":[],"yoast_head":"<!-- This site is optimized with the Yoast SEO plugin v27.4 - https:\/\/yoast.com\/product\/yoast-seo-wordpress\/ -->\n<title>Wymiana uczniowska w Barcelonie - Spo\u0142eczne Liceum Og\u00f3lnokszta\u0142c\u0105ce nr 1 w Poznaniu<\/title>\n<meta name=\"robots\" content=\"index, follow, max-snippet:-1, max-image-preview:large, max-video-preview:-1\" \/>\n<link rel=\"canonical\" href=\"https:\/\/spolecznajedynka.pl\/lo\/projekty-miedzynarodowe\/wymiana-uczniowska-w-barcelonie\/\" \/>\n<meta property=\"og:locale\" content=\"pl_PL\" \/>\n<meta property=\"og:type\" content=\"article\" \/>\n<meta property=\"og:title\" content=\"Wymiana uczniowska w Barcelonie - Spo\u0142eczne Liceum Og\u00f3lnokszta\u0142c\u0105ce nr 1 w Poznaniu\" \/>\n<meta property=\"og:description\" content=\"W ubieg\u0142ym roku szkolnym Baeza, w tym &#8211; Barcelona.\u00a0 W niedziel\u0119 19 kwietnia rozpocz\u0119li\u015bmy kolejn\u0105 wymian\u0119 uczniowsk\u0105!\u00a0 Dzie\u0144 1.\u00a0 Poniedzia\u0142ek...\" \/>\n<meta property=\"og:url\" content=\"https:\/\/spolecznajedynka.pl\/lo\/projekty-miedzynarodowe\/wymiana-uczniowska-w-barcelonie\/\" \/>\n<meta property=\"og:site_name\" content=\"Spo\u0142eczne Liceum Og\u00f3lnokszta\u0142c\u0105ce nr 1 w Poznaniu\" \/>\n<meta property=\"article:publisher\" content=\"https:\/\/www.facebook.com\/p\/Liceum-Spoeczna-Jedynka-Pozna-100082885224687\" \/>\n<meta property=\"article:published_time\" content=\"2026-04-24T11:47:00+00:00\" \/>\n<meta property=\"article:modified_time\" content=\"2026-04-26T19:51:51+00:00\" \/>\n<meta property=\"og:image\" content=\"https:\/\/spolecznajedynka.pl\/lo\/wp-content\/uploads\/sites\/2\/2026\/04\/WhatsApp-Image-2026-04-18-at-05.16.17-150x150.jpeg\" \/>\n<meta name=\"author\" content=\"Admin Top\" \/>\n<meta name=\"twitter:card\" content=\"summary_large_image\" \/>\n<meta name=\"twitter:label1\" content=\"Napisane przez\" \/>\n\t<meta name=\"twitter:data1\" content=\"Admin Top\" \/>\n\t<meta name=\"twitter:label2\" content=\"Szacowany czas czytania\" \/>\n\t<meta name=\"twitter:data2\" content=\"3 minuty\" \/>\n<script type=\"application\/ld+json\" class=\"yoast-schema-graph\">{\"@context\":\"https:\\\/\\\/schema.org\",\"@graph\":[{\"@type\":\"Article\",\"@id\":\"https:\\\/\\\/spolecznajedynka.pl\\\/lo\\\/projekty-miedzynarodowe\\\/wymiana-uczniowska-w-barcelonie\\\/#article\",\"isPartOf\":{\"@id\":\"https:\\\/\\\/spolecznajedynka.pl\\\/lo\\\/projekty-miedzynarodowe\\\/wymiana-uczniowska-w-barcelonie\\\/\"},\"author\":{\"name\":\"Admin Top\",\"@id\":\"https:\\\/\\\/spolecznajedynka.pl\\\/lo\\\/#\\\/schema\\\/person\\\/2516201558d359d325ddfae4255a4356\"},\"headline\":\"Wymiana uczniowska w Barcelonie\",\"datePublished\":\"2026-04-24T11:47:00+00:00\",\"dateModified\":\"2026-04-26T19:51:51+00:00\",\"mainEntityOfPage\":{\"@id\":\"https:\\\/\\\/spolecznajedynka.pl\\\/lo\\\/projekty-miedzynarodowe\\\/wymiana-uczniowska-w-barcelonie\\\/\"},\"wordCount\":507,\"publisher\":{\"@id\":\"https:\\\/\\\/spolecznajedynka.pl\\\/lo\\\/#organization\"},\"image\":{\"@id\":\"https:\\\/\\\/spolecznajedynka.pl\\\/lo\\\/projekty-miedzynarodowe\\\/wymiana-uczniowska-w-barcelonie\\\/#primaryimage\"},\"thumbnailUrl\":\"https:\\\/\\\/static.xx.fbcdn.net\\\/images\\\/emoji.php\\\/v9\\\/t3d\\\/2\\\/16\\\/1f4d6.png\",\"articleSection\":[\"Projekty mi\u0119dzynarodowe\"],\"inLanguage\":\"pl-PL\"},{\"@type\":\"WebPage\",\"@id\":\"https:\\\/\\\/spolecznajedynka.pl\\\/lo\\\/projekty-miedzynarodowe\\\/wymiana-uczniowska-w-barcelonie\\\/\",\"url\":\"https:\\\/\\\/spolecznajedynka.pl\\\/lo\\\/projekty-miedzynarodowe\\\/wymiana-uczniowska-w-barcelonie\\\/\",\"name\":\"Wymiana uczniowska w Barcelonie - Spo\u0142eczne Liceum Og\u00f3lnokszta\u0142c\u0105ce nr 1 w Poznaniu\",\"isPartOf\":{\"@id\":\"https:\\\/\\\/spolecznajedynka.pl\\\/lo\\\/#website\"},\"primaryImageOfPage\":{\"@id\":\"https:\\\/\\\/spolecznajedynka.pl\\\/lo\\\/projekty-miedzynarodowe\\\/wymiana-uczniowska-w-barcelonie\\\/#primaryimage\"},\"image\":{\"@id\":\"https:\\\/\\\/spolecznajedynka.pl\\\/lo\\\/projekty-miedzynarodowe\\\/wymiana-uczniowska-w-barcelonie\\\/#primaryimage\"},\"thumbnailUrl\":\"https:\\\/\\\/static.xx.fbcdn.net\\\/images\\\/emoji.php\\\/v9\\\/t3d\\\/2\\\/16\\\/1f4d6.png\",\"datePublished\":\"2026-04-24T11:47:00+00:00\",\"dateModified\":\"2026-04-26T19:51:51+00:00\",\"breadcrumb\":{\"@id\":\"https:\\\/\\\/spolecznajedynka.pl\\\/lo\\\/projekty-miedzynarodowe\\\/wymiana-uczniowska-w-barcelonie\\\/#breadcrumb\"},\"inLanguage\":\"pl-PL\",\"potentialAction\":[{\"@type\":\"ReadAction\",\"target\":[\"https:\\\/\\\/spolecznajedynka.pl\\\/lo\\\/projekty-miedzynarodowe\\\/wymiana-uczniowska-w-barcelonie\\\/\"]}]},{\"@type\":\"ImageObject\",\"inLanguage\":\"pl-PL\",\"@id\":\"https:\\\/\\\/spolecznajedynka.pl\\\/lo\\\/projekty-miedzynarodowe\\\/wymiana-uczniowska-w-barcelonie\\\/#primaryimage\",\"url\":\"https:\\\/\\\/static.xx.fbcdn.net\\\/images\\\/emoji.php\\\/v9\\\/t3d\\\/2\\\/16\\\/1f4d6.png\",\"contentUrl\":\"https:\\\/\\\/static.xx.fbcdn.net\\\/images\\\/emoji.php\\\/v9\\\/t3d\\\/2\\\/16\\\/1f4d6.png\"},{\"@type\":\"BreadcrumbList\",\"@id\":\"https:\\\/\\\/spolecznajedynka.pl\\\/lo\\\/projekty-miedzynarodowe\\\/wymiana-uczniowska-w-barcelonie\\\/#breadcrumb\",\"itemListElement\":[{\"@type\":\"ListItem\",\"position\":1,\"name\":\"Strona g\u0142\u00f3wna\",\"item\":\"https:\\\/\\\/spolecznajedynka.pl\\\/lo\\\/\"},{\"@type\":\"ListItem\",\"position\":2,\"name\":\"Projekty mi\u0119dzynarodowe\",\"item\":\"https:\\\/\\\/spolecznajedynka.pl\\\/lo\\\/k\\\/projekty-miedzynarodowe\\\/\"},{\"@type\":\"ListItem\",\"position\":3,\"name\":\"Wymiana uczniowska w Barcelonie\"}]},{\"@type\":\"WebSite\",\"@id\":\"https:\\\/\\\/spolecznajedynka.pl\\\/lo\\\/#website\",\"url\":\"https:\\\/\\\/spolecznajedynka.pl\\\/lo\\\/\",\"name\":\"Spo\u0142eczne Liceum Og\u00f3lnokszta\u0142c\u0105ce nr 1 w Poznaniu\",\"description\":\"\",\"publisher\":{\"@id\":\"https:\\\/\\\/spolecznajedynka.pl\\\/lo\\\/#organization\"},\"potentialAction\":[{\"@type\":\"SearchAction\",\"target\":{\"@type\":\"EntryPoint\",\"urlTemplate\":\"https:\\\/\\\/spolecznajedynka.pl\\\/lo\\\/?s={search_term_string}\"},\"query-input\":{\"@type\":\"PropertyValueSpecification\",\"valueRequired\":true,\"valueName\":\"search_term_string\"}}],\"inLanguage\":\"pl-PL\"},{\"@type\":\"Organization\",\"@id\":\"https:\\\/\\\/spolecznajedynka.pl\\\/lo\\\/#organization\",\"name\":\"Spo\u0142eczne Liceum Og\u00f3lnokszta\u0142c\u0105ce nr 1 w Poznaniu\",\"url\":\"https:\\\/\\\/spolecznajedynka.pl\\\/lo\\\/\",\"logo\":{\"@type\":\"ImageObject\",\"inLanguage\":\"pl-PL\",\"@id\":\"https:\\\/\\\/spolecznajedynka.pl\\\/lo\\\/#\\\/schema\\\/logo\\\/image\\\/\",\"url\":\"https:\\\/\\\/spolecznajedynka.pl\\\/lo\\\/wp-content\\\/uploads\\\/sites\\\/2\\\/2023\\\/08\\\/logo-lo.png\",\"contentUrl\":\"https:\\\/\\\/spolecznajedynka.pl\\\/lo\\\/wp-content\\\/uploads\\\/sites\\\/2\\\/2023\\\/08\\\/logo-lo.png\",\"width\":651,\"height\":355,\"caption\":\"Spo\u0142eczne Liceum Og\u00f3lnokszta\u0142c\u0105ce nr 1 w Poznaniu\"},\"image\":{\"@id\":\"https:\\\/\\\/spolecznajedynka.pl\\\/lo\\\/#\\\/schema\\\/logo\\\/image\\\/\"},\"sameAs\":[\"https:\\\/\\\/www.facebook.com\\\/p\\\/Liceum-Spoeczna-Jedynka-Pozna-100082885224687\",\"https:\\\/\\\/www.instagram.com\\\/spolecznajedynka\\\/\",\"https:\\\/\\\/www.tiktok.com\\\/@lospoleczna1\"]},{\"@type\":\"Person\",\"@id\":\"https:\\\/\\\/spolecznajedynka.pl\\\/lo\\\/#\\\/schema\\\/person\\\/2516201558d359d325ddfae4255a4356\",\"name\":\"Admin Top\",\"image\":{\"@type\":\"ImageObject\",\"inLanguage\":\"pl-PL\",\"@id\":\"https:\\\/\\\/secure.gravatar.com\\\/avatar\\\/4faaedc4afabcd882aed6427c06dd9449a4ac635efb8f231a3e4f729e70f1cad?s=96&d=mm&r=g\",\"url\":\"https:\\\/\\\/secure.gravatar.com\\\/avatar\\\/4faaedc4afabcd882aed6427c06dd9449a4ac635efb8f231a3e4f729e70f1cad?s=96&d=mm&r=g\",\"contentUrl\":\"https:\\\/\\\/secure.gravatar.com\\\/avatar\\\/4faaedc4afabcd882aed6427c06dd9449a4ac635efb8f231a3e4f729e70f1cad?s=96&d=mm&r=g\",\"caption\":\"Admin Top\"}}]}<\/script>\n<!-- \/ Yoast SEO plugin. -->","yoast_head_json":{"title":"Wymiana uczniowska w Barcelonie - Spo\u0142eczne Liceum Og\u00f3lnokszta\u0142c\u0105ce nr 1 w Poznaniu","robots":{"index":"index","follow":"follow","max-snippet":"max-snippet:-1","max-image-preview":"max-image-preview:large","max-video-preview":"max-video-preview:-1"},"canonical":"https:\/\/spolecznajedynka.pl\/lo\/projekty-miedzynarodowe\/wymiana-uczniowska-w-barcelonie\/","og_locale":"pl_PL","og_type":"article","og_title":"Wymiana uczniowska w Barcelonie - Spo\u0142eczne Liceum Og\u00f3lnokszta\u0142c\u0105ce nr 1 w Poznaniu","og_description":"W ubieg\u0142ym roku szkolnym Baeza, w tym &#8211; Barcelona.\u00a0 W niedziel\u0119 19 kwietnia rozpocz\u0119li\u015bmy kolejn\u0105 wymian\u0119 uczniowsk\u0105!\u00a0 Dzie\u0144 1.\u00a0 Poniedzia\u0142ek...","og_url":"https:\/\/spolecznajedynka.pl\/lo\/projekty-miedzynarodowe\/wymiana-uczniowska-w-barcelonie\/","og_site_name":"Spo\u0142eczne Liceum Og\u00f3lnokszta\u0142c\u0105ce nr 1 w Poznaniu","article_publisher":"https:\/\/www.facebook.com\/p\/Liceum-Spoeczna-Jedynka-Pozna-100082885224687","article_published_time":"2026-04-24T11:47:00+00:00","article_modified_time":"2026-04-26T19:51:51+00:00","og_image":[{"url":"https:\/\/spolecznajedynka.pl\/lo\/wp-content\/uploads\/sites\/2\/2026\/04\/WhatsApp-Image-2026-04-18-at-05.16.17-150x150.jpeg","type":"","width":"","height":""}],"author":"Admin Top","twitter_card":"summary_large_image","twitter_misc":{"Napisane przez":"Admin Top","Szacowany czas czytania":"3 minuty"},"schema":{"@context":"https:\/\/schema.org","@graph":[{"@type":"Article","@id":"https:\/\/spolecznajedynka.pl\/lo\/projekty-miedzynarodowe\/wymiana-uczniowska-w-barcelonie\/#article","isPartOf":{"@id":"https:\/\/spolecznajedynka.pl\/lo\/projekty-miedzynarodowe\/wymiana-uczniowska-w-barcelonie\/"},"author":{"name":"Admin Top","@id":"https:\/\/spolecznajedynka.pl\/lo\/#\/schema\/person\/2516201558d359d325ddfae4255a4356"},"headline":"Wymiana uczniowska w Barcelonie","datePublished":"2026-04-24T11:47:00+00:00","dateModified":"2026-04-26T19:51:51+00:00","mainEntityOfPage":{"@id":"https:\/\/spolecznajedynka.pl\/lo\/projekty-miedzynarodowe\/wymiana-uczniowska-w-barcelonie\/"},"wordCount":507,"publisher":{"@id":"https:\/\/spolecznajedynka.pl\/lo\/#organization"},"image":{"@id":"https:\/\/spolecznajedynka.pl\/lo\/projekty-miedzynarodowe\/wymiana-uczniowska-w-barcelonie\/#primaryimage"},"thumbnailUrl":"https:\/\/static.xx.fbcdn.net\/images\/emoji.php\/v9\/t3d\/2\/16\/1f4d6.png","articleSection":["Projekty mi\u0119dzynarodowe"],"inLanguage":"pl-PL"},{"@type":"WebPage","@id":"https:\/\/spolecznajedynka.pl\/lo\/projekty-miedzynarodowe\/wymiana-uczniowska-w-barcelonie\/","url":"https:\/\/spolecznajedynka.pl\/lo\/projekty-miedzynarodowe\/wymiana-uczniowska-w-barcelonie\/","name":"Wymiana uczniowska w Barcelonie - Spo\u0142eczne Liceum Og\u00f3lnokszta\u0142c\u0105ce nr 1 w Poznaniu","isPartOf":{"@id":"https:\/\/spolecznajedynka.pl\/lo\/#website"},"primaryImageOfPage":{"@id":"https:\/\/spolecznajedynka.pl\/lo\/projekty-miedzynarodowe\/wymiana-uczniowska-w-barcelonie\/#primaryimage"},"image":{"@id":"https:\/\/spolecznajedynka.pl\/lo\/projekty-miedzynarodowe\/wymiana-uczniowska-w-barcelonie\/#primaryimage"},"thumbnailUrl":"https:\/\/static.xx.fbcdn.net\/images\/emoji.php\/v9\/t3d\/2\/16\/1f4d6.png","datePublished":"2026-04-24T11:47:00+00:00","dateModified":"2026-04-26T19:51:51+00:00","breadcrumb":{"@id":"https:\/\/spolecznajedynka.pl\/lo\/projekty-miedzynarodowe\/wymiana-uczniowska-w-barcelonie\/#breadcrumb"},"inLanguage":"pl-PL","potentialAction":[{"@type":"ReadAction","target":["https:\/\/spolecznajedynka.pl\/lo\/projekty-miedzynarodowe\/wymiana-uczniowska-w-barcelonie\/"]}]},{"@type":"ImageObject","inLanguage":"pl-PL","@id":"https:\/\/spolecznajedynka.pl\/lo\/projekty-miedzynarodowe\/wymiana-uczniowska-w-barcelonie\/#primaryimage","url":"https:\/\/static.xx.fbcdn.net\/images\/emoji.php\/v9\/t3d\/2\/16\/1f4d6.png","contentUrl":"https:\/\/static.xx.fbcdn.net\/images\/emoji.php\/v9\/t3d\/2\/16\/1f4d6.png"},{"@type":"BreadcrumbList","@id":"https:\/\/spolecznajedynka.pl\/lo\/projekty-miedzynarodowe\/wymiana-uczniowska-w-barcelonie\/#breadcrumb","itemListElement":[{"@type":"ListItem","position":1,"name":"Strona g\u0142\u00f3wna","item":"https:\/\/spolecznajedynka.pl\/lo\/"},{"@type":"ListItem","position":2,"name":"Projekty mi\u0119dzynarodowe","item":"https:\/\/spolecznajedynka.pl\/lo\/k\/projekty-miedzynarodowe\/"},{"@type":"ListItem","position":3,"name":"Wymiana uczniowska w Barcelonie"}]},{"@type":"WebSite","@id":"https:\/\/spolecznajedynka.pl\/lo\/#website","url":"https:\/\/spolecznajedynka.pl\/lo\/","name":"Spo\u0142eczne Liceum Og\u00f3lnokszta\u0142c\u0105ce nr 1 w Poznaniu","description":"","publisher":{"@id":"https:\/\/spolecznajedynka.pl\/lo\/#organization"},"potentialAction":[{"@type":"SearchAction","target":{"@type":"EntryPoint","urlTemplate":"https:\/\/spolecznajedynka.pl\/lo\/?s={search_term_string}"},"query-input":{"@type":"PropertyValueSpecification","valueRequired":true,"valueName":"search_term_string"}}],"inLanguage":"pl-PL"},{"@type":"Organization","@id":"https:\/\/spolecznajedynka.pl\/lo\/#organization","name":"Spo\u0142eczne Liceum Og\u00f3lnokszta\u0142c\u0105ce nr 1 w Poznaniu","url":"https:\/\/spolecznajedynka.pl\/lo\/","logo":{"@type":"ImageObject","inLanguage":"pl-PL","@id":"https:\/\/spolecznajedynka.pl\/lo\/#\/schema\/logo\/image\/","url":"https:\/\/spolecznajedynka.pl\/lo\/wp-content\/uploads\/sites\/2\/2023\/08\/logo-lo.png","contentUrl":"https:\/\/spolecznajedynka.pl\/lo\/wp-content\/uploads\/sites\/2\/2023\/08\/logo-lo.png","width":651,"height":355,"caption":"Spo\u0142eczne Liceum Og\u00f3lnokszta\u0142c\u0105ce nr 1 w Poznaniu"},"image":{"@id":"https:\/\/spolecznajedynka.pl\/lo\/#\/schema\/logo\/image\/"},"sameAs":["https:\/\/www.facebook.com\/p\/Liceum-Spoeczna-Jedynka-Pozna-100082885224687","https:\/\/www.instagram.com\/spolecznajedynka\/","https:\/\/www.tiktok.com\/@lospoleczna1"]},{"@type":"Person","@id":"https:\/\/spolecznajedynka.pl\/lo\/#\/schema\/person\/2516201558d359d325ddfae4255a4356","name":"Admin Top","image":{"@type":"ImageObject","inLanguage":"pl-PL","@id":"https:\/\/secure.gravatar.com\/avatar\/4faaedc4afabcd882aed6427c06dd9449a4ac635efb8f231a3e4f729e70f1cad?s=96&d=mm&r=g","url":"https:\/\/secure.gravatar.com\/avatar\/4faaedc4afabcd882aed6427c06dd9449a4ac635efb8f231a3e4f729e70f1cad?s=96&d=mm&r=g","contentUrl":"https:\/\/secure.gravatar.com\/avatar\/4faaedc4afabcd882aed6427c06dd9449a4ac635efb8f231a3e4f729e70f1cad?s=96&d=mm&r=g","caption":"Admin Top"}}]}},"_links":{"self":[{"href":"https:\/\/spolecznajedynka.pl\/lo\/wp-json\/wp\/v2\/posts\/2469","targetHints":{"allow":["GET"]}}],"collection":[{"href":"https:\/\/spolecznajedynka.pl\/lo\/wp-json\/wp\/v2\/posts"}],"about":[{"href":"https:\/\/spolecznajedynka.pl\/lo\/wp-json\/wp\/v2\/types\/post"}],"author":[{"embeddable":true,"href":"https:\/\/spolecznajedynka.pl\/lo\/wp-json\/wp\/v2\/users\/2"}],"replies":[{"embeddable":true,"href":"https:\/\/spolecznajedynka.pl\/lo\/wp-json\/wp\/v2\/comments?post=2469"}],"version-history":[{"count":4,"href":"https:\/\/spolecznajedynka.pl\/lo\/wp-json\/wp\/v2\/posts\/2469\/revisions"}],"predecessor-version":[{"id":2564,"href":"https:\/\/spolecznajedynka.pl\/lo\/wp-json\/wp\/v2\/posts\/2469\/revisions\/2564"}],"wp:attachment":[{"href":"https:\/\/spolecznajedynka.pl\/lo\/wp-json\/wp\/v2\/media?parent=2469"}],"wp:term":[{"taxonomy":"category","embeddable":true,"href":"https:\/\/spolecznajedynka.pl\/lo\/wp-json\/wp\/v2\/categories?post=2469"},{"taxonomy":"post_tag","embeddable":true,"href":"https:\/\/spolecznajedynka.pl\/lo\/wp-json\/wp\/v2\/tags?post=2469"}],"curies":[{"name":"wp","href":"https:\/\/api.w.org\/{rel}","templated":true}]}}