{"id":2305,"date":"2026-04-22T02:30:32","date_gmt":"2026-04-22T00:30:32","guid":{"rendered":"https:\/\/spolecznajedynka.pl\/lo\/?p=2305"},"modified":"2026-04-22T02:31:10","modified_gmt":"2026-04-22T00:31:10","slug":"kongres-samorzadow-uczniowskich-sto-relacja","status":"publish","type":"post","link":"https:\/\/spolecznajedynka.pl\/lo\/w-dzialaniu\/kongres-samorzadow-uczniowskich-sto-relacja\/","title":{"rendered":"Kongres Samorz\u0105d\u00f3w Uczniowskich STO [RELACJA]"},"content":{"rendered":"<div class=\"xdj266r x14z9mp xat24cr x1lziwak x1vvkbs x126k92a\"><\/div>\n<div class=\"x14z9mp xat24cr x1lziwak x1vvkbs xtlvy1s x126k92a\">\n<div dir=\"auto\"><strong>W dniach 16-17 kwietnia go\u015bcili\u015bmy przedstawicieli samorz\u0105d\u00f3w uczniowskich o\u015bmiu szk\u00f3\u0142 STO. Organizowany przez nas Kongres Samorz\u0105d\u00f3w Uczniowskich Szk\u00f3\u0142 Ponadpodstawowych STO by\u0142 pierwszym takim wydarzeniem w historii!<\/strong><\/div>\n<div dir=\"auto\">\n<hr \/>\n<\/div>\n<\/div>\n<div class=\"x14z9mp xat24cr x1lziwak x1vvkbs xtlvy1s x126k92a\">\n<div dir=\"auto\">Dla uczni\u00f3w i uczennic by\u0142 to czas poszerzania horyzont\u00f3w w ramach warsztat\u00f3w z ekspertami.<\/div>\n<div dir=\"auto\">M\u0142odzie\u017c wzi\u0119\u0142a udzia\u0142 w pi\u0119ciu panelach warsztatowych: od &#8222;World Cafe&#8221; &#8211; o skutecznych konsultacjach spo\u0142ecznych &#8211; i &#8222;Szko\u0142y obywateli i obywatelek&#8221;, poprzez warsztaty nagrywania tik-tok\u00f3w, po spotkania o do\u015bwiadczeniu zawodowym i finansach\u00a0&#8211; tak\u017ce te o finansowaniu dzia\u0142a\u0144 SU.<\/div>\n<div dir=\"auto\">\n<hr \/>\n<\/div>\n<\/div>\n<div class=\"x14z9mp xat24cr x1lziwak x1vvkbs xtlvy1s x126k92a\">\n<div dir=\"auto\">Reprezentanci ka\u017cdego samorz\u0105du przedstawili te\u017c swoje dzia\u0142ania i wyzwania, z kt\u00f3rymi mierz\u0105 si\u0119 w szkolnej codzienno\u015bci.<\/div>\n<div dir=\"auto\">\n<hr \/>\n<\/div>\n<\/div>\n<div class=\"x14z9mp xat24cr x1lziwak x1vvkbs xtlvy1s x126k92a\">\n<div dir=\"auto\">Wydarzenie by\u0142o tak\u017ce \u017ar\u00f3d\u0142em inspiracji dla nauczycieli!<\/div>\n<div dir=\"auto\">Opiekunowie samorz\u0105d\u00f3w poszerzyli swoj\u0105 wiedz\u0119 o tutoringu\u00a0i wspieraniu inicjatyw uczniowskich.<\/div>\n<div dir=\"auto\">Czeka\u0142 na nich tak\u017ce panel &#8222;Demografia i demokracja &#8211; jak realna samorz\u0105dno\u015b\u0107 kszta\u0142tuje wizerunek szko\u0142y&#8221;, kt\u00f3ry poprowadzi\u0142 pan prezes SKT nr 15 STO Krzysztof Spelak razem z panem dyrektorem dr. Tomaszem Karolakiem.<\/div>\n<div dir=\"auto\">\n<hr \/>\n<\/div>\n<div dir=\"auto\"><span class=\"html-span xexx8yu xyri2b x18d9i69 x1c1uobl x1hl2dhg x16tdsg8 x1vvkbs x3nfvp2 x1j61x8r x1fcty0u xdj266r xat24cr xm2jcoa x1mpyi22 xxymvpz xlup9mm x1kky2od\">Go\u015b\u0107mi specjalnymi Kongresu byli: Wielkopolski Kurator O\u015bwiaty, pan dr Igor Bykowski i Rzeczniczka Praw Uczniowskich w Poznaniu, pani Agata Dawidowska.\u00a0<\/span><\/div>\n<\/div>\n<div class=\"x14z9mp xat24cr x1lziwak x1vvkbs xtlvy1s x126k92a\">\n<div dir=\"auto\">Dla uczni\u00f3w i uczennic cenne okaza\u0142y si\u0119 konsultacje z pani\u0105 rzeczniczk\u0105: &#8222;Prawa uczni\u00f3w a dzia\u0142anie samorz\u0105du&#8221;, natomiast pan kurator poprowadzi\u0142 dedykowany nauczycielom panel &#8222;Miejsce samorz\u0105du uczniowskiego w szkole&#8221;.<\/div>\n<div dir=\"auto\">Oboje natomiast byli go\u015b\u0107mi pi\u0105tkowego Q&amp;A.<\/div>\n<div dir=\"auto\">\n<hr \/>\n<\/div>\n<\/div>\n<div class=\"x14z9mp xat24cr x1lziwak x1vvkbs xtlvy1s x126k92a\">\n<div dir=\"auto\">Poza warsztatami i konsultacjami Kongres by\u0142 dla naszych uczni\u00f3w i uczennic cenn\u0105 lekcj\u0105 profesjonalnej organizacji du\u017cego wydarzenia.<\/div>\n<div dir=\"auto\">Dla nauczycieli &#8211; przestrzeni\u0105 do wymiany do\u015bwiadcze\u0144 i dobrych praktyk.<\/div>\n<div dir=\"auto\">Dla wszystkich &#8211; wspania\u0142ym czasem pe\u0142nym inspiruj\u0105cych rozm\u00f3w i spotka\u0144.<\/div>\n\n\t\t<style type=\"text\/css\">\n\t\t\t#gallery-1 {\n\t\t\t\tmargin: auto;\n\t\t\t}\n\t\t\t#gallery-1 .gallery-item {\n\t\t\t\tfloat: left;\n\t\t\t\tmargin-top: 10px;\n\t\t\t\ttext-align: center;\n\t\t\t\twidth: 33%;\n\t\t\t}\n\t\t\t#gallery-1 img {\n\t\t\t\tborder: 2px solid #cfcfcf;\n\t\t\t}\n\t\t\t#gallery-1 .gallery-caption {\n\t\t\t\tmargin-left: 0;\n\t\t\t}\n\t\t\t\/* see gallery_shortcode() in wp-includes\/media.php *\/\n\t\t<\/style>\n\t\t<div id='gallery-1' class='gallery galleryid-2305 gallery-columns-3 gallery-size-thumbnail'><dl class='gallery-item'>\n\t\t\t<dt class='gallery-icon landscape'>\n\t\t\t\t<a href='https:\/\/spolecznajedynka.pl\/lo\/w-dzialaniu\/kongres-samorzadow-uczniowskich-sto-relacja\/attachment\/img_0034\/'><img loading=\"lazy\" decoding=\"async\" width=\"150\" height=\"150\" src=\"https:\/\/spolecznajedynka.pl\/lo\/wp-content\/uploads\/sites\/2\/2026\/04\/IMG_0034-150x150.jpg\" class=\"attachment-thumbnail size-thumbnail\" alt=\"\" \/><\/a>\n\t\t\t<\/dt><\/dl><dl class='gallery-item'>\n\t\t\t<dt class='gallery-icon landscape'>\n\t\t\t\t<a href='https:\/\/spolecznajedynka.pl\/lo\/w-dzialaniu\/kongres-samorzadow-uczniowskich-sto-relacja\/attachment\/img_0192\/'><img loading=\"lazy\" decoding=\"async\" width=\"150\" height=\"150\" src=\"https:\/\/spolecznajedynka.pl\/lo\/wp-content\/uploads\/sites\/2\/2026\/04\/IMG_0192-150x150.jpg\" class=\"attachment-thumbnail size-thumbnail\" alt=\"\" \/><\/a>\n\t\t\t<\/dt><\/dl><dl class='gallery-item'>\n\t\t\t<dt class='gallery-icon landscape'>\n\t\t\t\t<a href='https:\/\/spolecznajedynka.pl\/lo\/w-dzialaniu\/kongres-samorzadow-uczniowskich-sto-relacja\/attachment\/img_0337\/'><img loading=\"lazy\" decoding=\"async\" width=\"150\" height=\"150\" src=\"https:\/\/spolecznajedynka.pl\/lo\/wp-content\/uploads\/sites\/2\/2026\/04\/IMG_0337-150x150.jpg\" class=\"attachment-thumbnail size-thumbnail\" alt=\"\" \/><\/a>\n\t\t\t<\/dt><\/dl><br style=\"clear: both\" \/><dl class='gallery-item'>\n\t\t\t<dt class='gallery-icon landscape'>\n\t\t\t\t<a href='https:\/\/spolecznajedynka.pl\/lo\/w-dzialaniu\/kongres-samorzadow-uczniowskich-sto-relacja\/attachment\/img_9741\/'><img loading=\"lazy\" decoding=\"async\" width=\"150\" height=\"150\" src=\"https:\/\/spolecznajedynka.pl\/lo\/wp-content\/uploads\/sites\/2\/2026\/04\/IMG_9741-150x150.jpg\" class=\"attachment-thumbnail size-thumbnail\" alt=\"\" \/><\/a>\n\t\t\t<\/dt><\/dl><dl class='gallery-item'>\n\t\t\t<dt class='gallery-icon landscape'>\n\t\t\t\t<a href='https:\/\/spolecznajedynka.pl\/lo\/w-dzialaniu\/kongres-samorzadow-uczniowskich-sto-relacja\/attachment\/img_9746\/'><img loading=\"lazy\" decoding=\"async\" width=\"150\" height=\"150\" src=\"https:\/\/spolecznajedynka.pl\/lo\/wp-content\/uploads\/sites\/2\/2026\/04\/IMG_9746-150x150.jpg\" class=\"attachment-thumbnail size-thumbnail\" alt=\"\" \/><\/a>\n\t\t\t<\/dt><\/dl><dl class='gallery-item'>\n\t\t\t<dt class='gallery-icon portrait'>\n\t\t\t\t<a href='https:\/\/spolecznajedynka.pl\/lo\/w-dzialaniu\/kongres-samorzadow-uczniowskich-sto-relacja\/attachment\/img_9747\/'><img loading=\"lazy\" decoding=\"async\" width=\"150\" height=\"150\" src=\"https:\/\/spolecznajedynka.pl\/lo\/wp-content\/uploads\/sites\/2\/2026\/04\/IMG_9747-150x150.jpg\" class=\"attachment-thumbnail size-thumbnail\" alt=\"\" \/><\/a>\n\t\t\t<\/dt><\/dl><br style=\"clear: both\" \/><dl class='gallery-item'>\n\t\t\t<dt class='gallery-icon portrait'>\n\t\t\t\t<a href='https:\/\/spolecznajedynka.pl\/lo\/w-dzialaniu\/kongres-samorzadow-uczniowskich-sto-relacja\/attachment\/img_9748\/'><img loading=\"lazy\" decoding=\"async\" width=\"150\" height=\"150\" src=\"https:\/\/spolecznajedynka.pl\/lo\/wp-content\/uploads\/sites\/2\/2026\/04\/IMG_9748-150x150.jpg\" class=\"attachment-thumbnail size-thumbnail\" alt=\"\" \/><\/a>\n\t\t\t<\/dt><\/dl><dl class='gallery-item'>\n\t\t\t<dt class='gallery-icon landscape'>\n\t\t\t\t<a href='https:\/\/spolecznajedynka.pl\/lo\/w-dzialaniu\/kongres-samorzadow-uczniowskich-sto-relacja\/attachment\/img_9750\/'><img loading=\"lazy\" decoding=\"async\" width=\"150\" height=\"150\" src=\"https:\/\/spolecznajedynka.pl\/lo\/wp-content\/uploads\/sites\/2\/2026\/04\/IMG_9750-150x150.jpg\" class=\"attachment-thumbnail size-thumbnail\" alt=\"\" \/><\/a>\n\t\t\t<\/dt><\/dl><dl class='gallery-item'>\n\t\t\t<dt class='gallery-icon portrait'>\n\t\t\t\t<a href='https:\/\/spolecznajedynka.pl\/lo\/w-dzialaniu\/kongres-samorzadow-uczniowskich-sto-relacja\/attachment\/img_9753\/'><img loading=\"lazy\" decoding=\"async\" width=\"150\" height=\"150\" src=\"https:\/\/spolecznajedynka.pl\/lo\/wp-content\/uploads\/sites\/2\/2026\/04\/IMG_9753-150x150.jpg\" class=\"attachment-thumbnail size-thumbnail\" alt=\"\" \/><\/a>\n\t\t\t<\/dt><\/dl><br style=\"clear: both\" \/><dl class='gallery-item'>\n\t\t\t<dt class='gallery-icon landscape'>\n\t\t\t\t<a href='https:\/\/spolecznajedynka.pl\/lo\/w-dzialaniu\/kongres-samorzadow-uczniowskich-sto-relacja\/attachment\/img_9774\/'><img loading=\"lazy\" decoding=\"async\" width=\"150\" height=\"150\" src=\"https:\/\/spolecznajedynka.pl\/lo\/wp-content\/uploads\/sites\/2\/2026\/04\/IMG_9774-150x150.jpg\" class=\"attachment-thumbnail size-thumbnail\" alt=\"\" \/><\/a>\n\t\t\t<\/dt><\/dl><dl class='gallery-item'>\n\t\t\t<dt class='gallery-icon landscape'>\n\t\t\t\t<a href='https:\/\/spolecznajedynka.pl\/lo\/w-dzialaniu\/kongres-samorzadow-uczniowskich-sto-relacja\/attachment\/img_9779\/'><img loading=\"lazy\" decoding=\"async\" width=\"150\" height=\"150\" src=\"https:\/\/spolecznajedynka.pl\/lo\/wp-content\/uploads\/sites\/2\/2026\/04\/IMG_9779-150x150.jpg\" class=\"attachment-thumbnail size-thumbnail\" alt=\"\" \/><\/a>\n\t\t\t<\/dt><\/dl><dl class='gallery-item'>\n\t\t\t<dt class='gallery-icon landscape'>\n\t\t\t\t<a href='https:\/\/spolecznajedynka.pl\/lo\/w-dzialaniu\/kongres-samorzadow-uczniowskich-sto-relacja\/attachment\/img_9781\/'><img loading=\"lazy\" decoding=\"async\" width=\"150\" height=\"150\" src=\"https:\/\/spolecznajedynka.pl\/lo\/wp-content\/uploads\/sites\/2\/2026\/04\/IMG_9781-150x150.jpg\" class=\"attachment-thumbnail size-thumbnail\" alt=\"\" \/><\/a>\n\t\t\t<\/dt><\/dl><br style=\"clear: both\" \/><dl class='gallery-item'>\n\t\t\t<dt class='gallery-icon landscape'>\n\t\t\t\t<a href='https:\/\/spolecznajedynka.pl\/lo\/w-dzialaniu\/kongres-samorzadow-uczniowskich-sto-relacja\/attachment\/img_9786\/'><img loading=\"lazy\" decoding=\"async\" width=\"150\" height=\"150\" src=\"https:\/\/spolecznajedynka.pl\/lo\/wp-content\/uploads\/sites\/2\/2026\/04\/IMG_9786-150x150.jpg\" class=\"attachment-thumbnail size-thumbnail\" alt=\"\" \/><\/a>\n\t\t\t<\/dt><\/dl><dl class='gallery-item'>\n\t\t\t<dt class='gallery-icon landscape'>\n\t\t\t\t<a href='https:\/\/spolecznajedynka.pl\/lo\/w-dzialaniu\/kongres-samorzadow-uczniowskich-sto-relacja\/attachment\/img_9806\/'><img loading=\"lazy\" decoding=\"async\" width=\"150\" height=\"150\" src=\"https:\/\/spolecznajedynka.pl\/lo\/wp-content\/uploads\/sites\/2\/2026\/04\/IMG_9806-150x150.jpg\" class=\"attachment-thumbnail size-thumbnail\" alt=\"\" \/><\/a>\n\t\t\t<\/dt><\/dl><dl class='gallery-item'>\n\t\t\t<dt class='gallery-icon landscape'>\n\t\t\t\t<a href='https:\/\/spolecznajedynka.pl\/lo\/w-dzialaniu\/kongres-samorzadow-uczniowskich-sto-relacja\/attachment\/img_9819\/'><img loading=\"lazy\" decoding=\"async\" width=\"150\" height=\"150\" src=\"https:\/\/spolecznajedynka.pl\/lo\/wp-content\/uploads\/sites\/2\/2026\/04\/IMG_9819-150x150.jpg\" class=\"attachment-thumbnail size-thumbnail\" alt=\"\" \/><\/a>\n\t\t\t<\/dt><\/dl><br style=\"clear: both\" \/><dl class='gallery-item'>\n\t\t\t<dt class='gallery-icon landscape'>\n\t\t\t\t<a href='https:\/\/spolecznajedynka.pl\/lo\/w-dzialaniu\/kongres-samorzadow-uczniowskich-sto-relacja\/attachment\/img_9833\/'><img loading=\"lazy\" decoding=\"async\" width=\"150\" height=\"150\" src=\"https:\/\/spolecznajedynka.pl\/lo\/wp-content\/uploads\/sites\/2\/2026\/04\/IMG_9833-150x150.jpg\" class=\"attachment-thumbnail size-thumbnail\" alt=\"\" \/><\/a>\n\t\t\t<\/dt><\/dl><dl class='gallery-item'>\n\t\t\t<dt class='gallery-icon landscape'>\n\t\t\t\t<a href='https:\/\/spolecznajedynka.pl\/lo\/w-dzialaniu\/kongres-samorzadow-uczniowskich-sto-relacja\/attachment\/img_9835\/'><img loading=\"lazy\" decoding=\"async\" width=\"150\" height=\"150\" src=\"https:\/\/spolecznajedynka.pl\/lo\/wp-content\/uploads\/sites\/2\/2026\/04\/IMG_9835-150x150.jpg\" class=\"attachment-thumbnail size-thumbnail\" alt=\"\" \/><\/a>\n\t\t\t<\/dt><\/dl><dl class='gallery-item'>\n\t\t\t<dt class='gallery-icon landscape'>\n\t\t\t\t<a href='https:\/\/spolecznajedynka.pl\/lo\/w-dzialaniu\/kongres-samorzadow-uczniowskich-sto-relacja\/attachment\/img_9837\/'><img loading=\"lazy\" decoding=\"async\" width=\"150\" height=\"150\" src=\"https:\/\/spolecznajedynka.pl\/lo\/wp-content\/uploads\/sites\/2\/2026\/04\/IMG_9837-150x150.jpg\" class=\"attachment-thumbnail size-thumbnail\" alt=\"\" \/><\/a>\n\t\t\t<\/dt><\/dl><br style=\"clear: both\" \/><dl class='gallery-item'>\n\t\t\t<dt class='gallery-icon portrait'>\n\t\t\t\t<a href='https:\/\/spolecznajedynka.pl\/lo\/w-dzialaniu\/kongres-samorzadow-uczniowskich-sto-relacja\/attachment\/img_9844\/'><img loading=\"lazy\" decoding=\"async\" width=\"150\" height=\"150\" src=\"https:\/\/spolecznajedynka.pl\/lo\/wp-content\/uploads\/sites\/2\/2026\/04\/IMG_9844-150x150.jpg\" class=\"attachment-thumbnail size-thumbnail\" alt=\"\" \/><\/a>\n\t\t\t<\/dt><\/dl><dl class='gallery-item'>\n\t\t\t<dt class='gallery-icon landscape'>\n\t\t\t\t<a href='https:\/\/spolecznajedynka.pl\/lo\/w-dzialaniu\/kongres-samorzadow-uczniowskich-sto-relacja\/attachment\/img_9847\/'><img loading=\"lazy\" decoding=\"async\" width=\"150\" height=\"150\" src=\"https:\/\/spolecznajedynka.pl\/lo\/wp-content\/uploads\/sites\/2\/2026\/04\/IMG_9847-150x150.jpg\" class=\"attachment-thumbnail size-thumbnail\" alt=\"\" \/><\/a>\n\t\t\t<\/dt><\/dl><dl class='gallery-item'>\n\t\t\t<dt class='gallery-icon landscape'>\n\t\t\t\t<a href='https:\/\/spolecznajedynka.pl\/lo\/w-dzialaniu\/kongres-samorzadow-uczniowskich-sto-relacja\/attachment\/img_9853\/'><img loading=\"lazy\" decoding=\"async\" width=\"150\" height=\"150\" src=\"https:\/\/spolecznajedynka.pl\/lo\/wp-content\/uploads\/sites\/2\/2026\/04\/IMG_9853-150x150.jpg\" class=\"attachment-thumbnail size-thumbnail\" alt=\"\" \/><\/a>\n\t\t\t<\/dt><\/dl><br style=\"clear: both\" \/><dl class='gallery-item'>\n\t\t\t<dt class='gallery-icon landscape'>\n\t\t\t\t<a href='https:\/\/spolecznajedynka.pl\/lo\/w-dzialaniu\/kongres-samorzadow-uczniowskich-sto-relacja\/attachment\/img_9854\/'><img loading=\"lazy\" decoding=\"async\" width=\"150\" height=\"150\" src=\"https:\/\/spolecznajedynka.pl\/lo\/wp-content\/uploads\/sites\/2\/2026\/04\/IMG_9854-150x150.jpg\" class=\"attachment-thumbnail size-thumbnail\" alt=\"\" \/><\/a>\n\t\t\t<\/dt><\/dl><dl class='gallery-item'>\n\t\t\t<dt class='gallery-icon landscape'>\n\t\t\t\t<a href='https:\/\/spolecznajedynka.pl\/lo\/w-dzialaniu\/kongres-samorzadow-uczniowskich-sto-relacja\/attachment\/img_9857\/'><img loading=\"lazy\" decoding=\"async\" width=\"150\" height=\"150\" src=\"https:\/\/spolecznajedynka.pl\/lo\/wp-content\/uploads\/sites\/2\/2026\/04\/IMG_9857-150x150.jpg\" class=\"attachment-thumbnail size-thumbnail\" alt=\"\" \/><\/a>\n\t\t\t<\/dt><\/dl><dl class='gallery-item'>\n\t\t\t<dt class='gallery-icon portrait'>\n\t\t\t\t<a href='https:\/\/spolecznajedynka.pl\/lo\/w-dzialaniu\/kongres-samorzadow-uczniowskich-sto-relacja\/attachment\/img_9879\/'><img loading=\"lazy\" decoding=\"async\" width=\"150\" height=\"150\" src=\"https:\/\/spolecznajedynka.pl\/lo\/wp-content\/uploads\/sites\/2\/2026\/04\/IMG_9879-150x150.jpg\" class=\"attachment-thumbnail size-thumbnail\" alt=\"\" \/><\/a>\n\t\t\t<\/dt><\/dl><br style=\"clear: both\" \/><dl class='gallery-item'>\n\t\t\t<dt class='gallery-icon landscape'>\n\t\t\t\t<a href='https:\/\/spolecznajedynka.pl\/lo\/w-dzialaniu\/kongres-samorzadow-uczniowskich-sto-relacja\/attachment\/img_9882\/'><img loading=\"lazy\" decoding=\"async\" width=\"150\" height=\"150\" src=\"https:\/\/spolecznajedynka.pl\/lo\/wp-content\/uploads\/sites\/2\/2026\/04\/IMG_9882-150x150.jpg\" class=\"attachment-thumbnail size-thumbnail\" alt=\"\" \/><\/a>\n\t\t\t<\/dt><\/dl><dl class='gallery-item'>\n\t\t\t<dt class='gallery-icon portrait'>\n\t\t\t\t<a href='https:\/\/spolecznajedynka.pl\/lo\/w-dzialaniu\/kongres-samorzadow-uczniowskich-sto-relacja\/attachment\/img_9900\/'><img loading=\"lazy\" decoding=\"async\" width=\"150\" height=\"150\" src=\"https:\/\/spolecznajedynka.pl\/lo\/wp-content\/uploads\/sites\/2\/2026\/04\/IMG_9900-150x150.jpg\" class=\"attachment-thumbnail size-thumbnail\" alt=\"\" \/><\/a>\n\t\t\t<\/dt><\/dl><dl class='gallery-item'>\n\t\t\t<dt class='gallery-icon portrait'>\n\t\t\t\t<a href='https:\/\/spolecznajedynka.pl\/lo\/w-dzialaniu\/kongres-samorzadow-uczniowskich-sto-relacja\/attachment\/img_9902\/'><img loading=\"lazy\" decoding=\"async\" width=\"150\" height=\"150\" src=\"https:\/\/spolecznajedynka.pl\/lo\/wp-content\/uploads\/sites\/2\/2026\/04\/IMG_9902-150x150.jpg\" class=\"attachment-thumbnail size-thumbnail\" alt=\"\" \/><\/a>\n\t\t\t<\/dt><\/dl><br style=\"clear: both\" \/><dl class='gallery-item'>\n\t\t\t<dt class='gallery-icon portrait'>\n\t\t\t\t<a href='https:\/\/spolecznajedynka.pl\/lo\/w-dzialaniu\/kongres-samorzadow-uczniowskich-sto-relacja\/attachment\/img_9914\/'><img loading=\"lazy\" decoding=\"async\" width=\"150\" height=\"150\" src=\"https:\/\/spolecznajedynka.pl\/lo\/wp-content\/uploads\/sites\/2\/2026\/04\/IMG_9914-150x150.jpg\" class=\"attachment-thumbnail size-thumbnail\" alt=\"\" \/><\/a>\n\t\t\t<\/dt><\/dl><dl class='gallery-item'>\n\t\t\t<dt class='gallery-icon portrait'>\n\t\t\t\t<a href='https:\/\/spolecznajedynka.pl\/lo\/w-dzialaniu\/kongres-samorzadow-uczniowskich-sto-relacja\/attachment\/img_9918\/'><img loading=\"lazy\" decoding=\"async\" width=\"150\" height=\"150\" src=\"https:\/\/spolecznajedynka.pl\/lo\/wp-content\/uploads\/sites\/2\/2026\/04\/IMG_9918-150x150.jpg\" class=\"attachment-thumbnail size-thumbnail\" alt=\"\" \/><\/a>\n\t\t\t<\/dt><\/dl><dl class='gallery-item'>\n\t\t\t<dt class='gallery-icon landscape'>\n\t\t\t\t<a href='https:\/\/spolecznajedynka.pl\/lo\/w-dzialaniu\/kongres-samorzadow-uczniowskich-sto-relacja\/attachment\/img_9975\/'><img loading=\"lazy\" decoding=\"async\" width=\"150\" height=\"150\" src=\"https:\/\/spolecznajedynka.pl\/lo\/wp-content\/uploads\/sites\/2\/2026\/04\/IMG_9975-150x150.jpg\" class=\"attachment-thumbnail size-thumbnail\" alt=\"\" \/><\/a>\n\t\t\t<\/dt><\/dl><br style=\"clear: both\" \/><dl class='gallery-item'>\n\t\t\t<dt class='gallery-icon landscape'>\n\t\t\t\t<a href='https:\/\/spolecznajedynka.pl\/lo\/w-dzialaniu\/kongres-samorzadow-uczniowskich-sto-relacja\/attachment\/img_9976\/'><img loading=\"lazy\" decoding=\"async\" width=\"150\" height=\"150\" src=\"https:\/\/spolecznajedynka.pl\/lo\/wp-content\/uploads\/sites\/2\/2026\/04\/IMG_9976-150x150.jpg\" class=\"attachment-thumbnail size-thumbnail\" alt=\"\" \/><\/a>\n\t\t\t<\/dt><\/dl><dl class='gallery-item'>\n\t\t\t<dt class='gallery-icon landscape'>\n\t\t\t\t<a href='https:\/\/spolecznajedynka.pl\/lo\/w-dzialaniu\/kongres-samorzadow-uczniowskich-sto-relacja\/attachment\/img_9977\/'><img loading=\"lazy\" decoding=\"async\" width=\"150\" height=\"150\" src=\"https:\/\/spolecznajedynka.pl\/lo\/wp-content\/uploads\/sites\/2\/2026\/04\/IMG_9977-150x150.jpg\" class=\"attachment-thumbnail size-thumbnail\" alt=\"\" \/><\/a>\n\t\t\t<\/dt><\/dl><dl class='gallery-item'>\n\t\t\t<dt class='gallery-icon landscape'>\n\t\t\t\t<a href='https:\/\/spolecznajedynka.pl\/lo\/w-dzialaniu\/kongres-samorzadow-uczniowskich-sto-relacja\/attachment\/img_0004\/'><img loading=\"lazy\" decoding=\"async\" width=\"150\" height=\"150\" src=\"https:\/\/spolecznajedynka.pl\/lo\/wp-content\/uploads\/sites\/2\/2026\/04\/IMG_0004-150x150.jpg\" class=\"attachment-thumbnail size-thumbnail\" alt=\"\" \/><\/a>\n\t\t\t<\/dt><\/dl><br style=\"clear: both\" \/><dl class='gallery-item'>\n\t\t\t<dt class='gallery-icon landscape'>\n\t\t\t\t<a href='https:\/\/spolecznajedynka.pl\/lo\/w-dzialaniu\/kongres-samorzadow-uczniowskich-sto-relacja\/attachment\/img_0006\/'><img loading=\"lazy\" decoding=\"async\" width=\"150\" height=\"150\" src=\"https:\/\/spolecznajedynka.pl\/lo\/wp-content\/uploads\/sites\/2\/2026\/04\/IMG_0006-150x150.jpg\" class=\"attachment-thumbnail size-thumbnail\" alt=\"\" \/><\/a>\n\t\t\t<\/dt><\/dl><dl class='gallery-item'>\n\t\t\t<dt class='gallery-icon landscape'>\n\t\t\t\t<a href='https:\/\/spolecznajedynka.pl\/lo\/w-dzialaniu\/kongres-samorzadow-uczniowskich-sto-relacja\/attachment\/img_0008\/'><img loading=\"lazy\" decoding=\"async\" width=\"150\" height=\"150\" src=\"https:\/\/spolecznajedynka.pl\/lo\/wp-content\/uploads\/sites\/2\/2026\/04\/IMG_0008-150x150.jpg\" class=\"attachment-thumbnail size-thumbnail\" alt=\"\" \/><\/a>\n\t\t\t<\/dt><\/dl><dl class='gallery-item'>\n\t\t\t<dt class='gallery-icon landscape'>\n\t\t\t\t<a href='https:\/\/spolecznajedynka.pl\/lo\/w-dzialaniu\/kongres-samorzadow-uczniowskich-sto-relacja\/attachment\/img_0009\/'><img loading=\"lazy\" decoding=\"async\" width=\"150\" height=\"150\" src=\"https:\/\/spolecznajedynka.pl\/lo\/wp-content\/uploads\/sites\/2\/2026\/04\/IMG_0009-150x150.jpg\" class=\"attachment-thumbnail size-thumbnail\" alt=\"\" \/><\/a>\n\t\t\t<\/dt><\/dl><br style=\"clear: both\" \/><dl class='gallery-item'>\n\t\t\t<dt class='gallery-icon landscape'>\n\t\t\t\t<a href='https:\/\/spolecznajedynka.pl\/lo\/w-dzialaniu\/kongres-samorzadow-uczniowskich-sto-relacja\/attachment\/img_0011\/'><img loading=\"lazy\" decoding=\"async\" width=\"150\" height=\"150\" src=\"https:\/\/spolecznajedynka.pl\/lo\/wp-content\/uploads\/sites\/2\/2026\/04\/IMG_0011-150x150.jpg\" class=\"attachment-thumbnail size-thumbnail\" alt=\"\" \/><\/a>\n\t\t\t<\/dt><\/dl><dl class='gallery-item'>\n\t\t\t<dt class='gallery-icon landscape'>\n\t\t\t\t<a href='https:\/\/spolecznajedynka.pl\/lo\/w-dzialaniu\/kongres-samorzadow-uczniowskich-sto-relacja\/attachment\/img_0016\/'><img loading=\"lazy\" decoding=\"async\" width=\"150\" height=\"150\" src=\"https:\/\/spolecznajedynka.pl\/lo\/wp-content\/uploads\/sites\/2\/2026\/04\/IMG_0016-150x150.jpg\" class=\"attachment-thumbnail size-thumbnail\" alt=\"\" \/><\/a>\n\t\t\t<\/dt><\/dl><dl class='gallery-item'>\n\t\t\t<dt class='gallery-icon landscape'>\n\t\t\t\t<a href='https:\/\/spolecznajedynka.pl\/lo\/w-dzialaniu\/kongres-samorzadow-uczniowskich-sto-relacja\/attachment\/img_0017\/'><img loading=\"lazy\" decoding=\"async\" width=\"150\" height=\"150\" src=\"https:\/\/spolecznajedynka.pl\/lo\/wp-content\/uploads\/sites\/2\/2026\/04\/IMG_0017-150x150.jpg\" class=\"attachment-thumbnail size-thumbnail\" alt=\"\" \/><\/a>\n\t\t\t<\/dt><\/dl><br style=\"clear: both\" \/><dl class='gallery-item'>\n\t\t\t<dt class='gallery-icon landscape'>\n\t\t\t\t<a href='https:\/\/spolecznajedynka.pl\/lo\/w-dzialaniu\/kongres-samorzadow-uczniowskich-sto-relacja\/attachment\/img_0020\/'><img loading=\"lazy\" decoding=\"async\" width=\"150\" height=\"150\" src=\"https:\/\/spolecznajedynka.pl\/lo\/wp-content\/uploads\/sites\/2\/2026\/04\/IMG_0020-150x150.jpg\" class=\"attachment-thumbnail size-thumbnail\" alt=\"\" \/><\/a>\n\t\t\t<\/dt><\/dl><dl class='gallery-item'>\n\t\t\t<dt class='gallery-icon landscape'>\n\t\t\t\t<a href='https:\/\/spolecznajedynka.pl\/lo\/w-dzialaniu\/kongres-samorzadow-uczniowskich-sto-relacja\/attachment\/img_0021\/'><img loading=\"lazy\" decoding=\"async\" width=\"150\" height=\"150\" src=\"https:\/\/spolecznajedynka.pl\/lo\/wp-content\/uploads\/sites\/2\/2026\/04\/IMG_0021-150x150.jpg\" class=\"attachment-thumbnail size-thumbnail\" alt=\"\" \/><\/a>\n\t\t\t<\/dt><\/dl><dl class='gallery-item'>\n\t\t\t<dt class='gallery-icon landscape'>\n\t\t\t\t<a href='https:\/\/spolecznajedynka.pl\/lo\/w-dzialaniu\/kongres-samorzadow-uczniowskich-sto-relacja\/attachment\/img_0024\/'><img loading=\"lazy\" decoding=\"async\" width=\"150\" height=\"150\" src=\"https:\/\/spolecznajedynka.pl\/lo\/wp-content\/uploads\/sites\/2\/2026\/04\/IMG_0024-150x150.jpg\" class=\"attachment-thumbnail size-thumbnail\" alt=\"\" \/><\/a>\n\t\t\t<\/dt><\/dl><br style=\"clear: both\" \/><dl class='gallery-item'>\n\t\t\t<dt class='gallery-icon landscape'>\n\t\t\t\t<a href='https:\/\/spolecznajedynka.pl\/lo\/w-dzialaniu\/kongres-samorzadow-uczniowskich-sto-relacja\/attachment\/img_0029\/'><img loading=\"lazy\" decoding=\"async\" width=\"150\" height=\"150\" src=\"https:\/\/spolecznajedynka.pl\/lo\/wp-content\/uploads\/sites\/2\/2026\/04\/IMG_0029-150x150.jpg\" class=\"attachment-thumbnail size-thumbnail\" alt=\"\" \/><\/a>\n\t\t\t<\/dt><\/dl><dl class='gallery-item'>\n\t\t\t<dt class='gallery-icon landscape'>\n\t\t\t\t<a href='https:\/\/spolecznajedynka.pl\/lo\/w-dzialaniu\/kongres-samorzadow-uczniowskich-sto-relacja\/attachment\/img_0032\/'><img loading=\"lazy\" decoding=\"async\" width=\"150\" height=\"150\" src=\"https:\/\/spolecznajedynka.pl\/lo\/wp-content\/uploads\/sites\/2\/2026\/04\/IMG_0032-150x150.jpg\" class=\"attachment-thumbnail size-thumbnail\" alt=\"\" \/><\/a>\n\t\t\t<\/dt><\/dl><dl class='gallery-item'>\n\t\t\t<dt class='gallery-icon landscape'>\n\t\t\t\t<a href='https:\/\/spolecznajedynka.pl\/lo\/w-dzialaniu\/kongres-samorzadow-uczniowskich-sto-relacja\/attachment\/img_0037\/'><img loading=\"lazy\" decoding=\"async\" width=\"150\" height=\"150\" src=\"https:\/\/spolecznajedynka.pl\/lo\/wp-content\/uploads\/sites\/2\/2026\/04\/IMG_0037-150x150.jpg\" class=\"attachment-thumbnail size-thumbnail\" alt=\"\" \/><\/a>\n\t\t\t<\/dt><\/dl><br style=\"clear: both\" \/><dl class='gallery-item'>\n\t\t\t<dt class='gallery-icon landscape'>\n\t\t\t\t<a href='https:\/\/spolecznajedynka.pl\/lo\/w-dzialaniu\/kongres-samorzadow-uczniowskich-sto-relacja\/attachment\/img_0038\/'><img loading=\"lazy\" decoding=\"async\" width=\"150\" height=\"150\" src=\"https:\/\/spolecznajedynka.pl\/lo\/wp-content\/uploads\/sites\/2\/2026\/04\/IMG_0038-150x150.jpg\" class=\"attachment-thumbnail size-thumbnail\" alt=\"\" \/><\/a>\n\t\t\t<\/dt><\/dl><dl class='gallery-item'>\n\t\t\t<dt class='gallery-icon landscape'>\n\t\t\t\t<a href='https:\/\/spolecznajedynka.pl\/lo\/w-dzialaniu\/kongres-samorzadow-uczniowskich-sto-relacja\/attachment\/img_0041\/'><img loading=\"lazy\" decoding=\"async\" width=\"150\" height=\"150\" src=\"https:\/\/spolecznajedynka.pl\/lo\/wp-content\/uploads\/sites\/2\/2026\/04\/IMG_0041-150x150.jpg\" class=\"attachment-thumbnail size-thumbnail\" alt=\"\" \/><\/a>\n\t\t\t<\/dt><\/dl><dl class='gallery-item'>\n\t\t\t<dt class='gallery-icon landscape'>\n\t\t\t\t<a href='https:\/\/spolecznajedynka.pl\/lo\/w-dzialaniu\/kongres-samorzadow-uczniowskich-sto-relacja\/attachment\/img_0042\/'><img loading=\"lazy\" decoding=\"async\" width=\"150\" height=\"150\" src=\"https:\/\/spolecznajedynka.pl\/lo\/wp-content\/uploads\/sites\/2\/2026\/04\/IMG_0042-150x150.jpg\" class=\"attachment-thumbnail size-thumbnail\" alt=\"\" \/><\/a>\n\t\t\t<\/dt><\/dl><br style=\"clear: both\" \/><dl class='gallery-item'>\n\t\t\t<dt class='gallery-icon portrait'>\n\t\t\t\t<a href='https:\/\/spolecznajedynka.pl\/lo\/w-dzialaniu\/kongres-samorzadow-uczniowskich-sto-relacja\/attachment\/img_0046\/'><img loading=\"lazy\" decoding=\"async\" width=\"150\" height=\"150\" src=\"https:\/\/spolecznajedynka.pl\/lo\/wp-content\/uploads\/sites\/2\/2026\/04\/IMG_0046-150x150.jpg\" class=\"attachment-thumbnail size-thumbnail\" alt=\"\" \/><\/a>\n\t\t\t<\/dt><\/dl><dl class='gallery-item'>\n\t\t\t<dt class='gallery-icon landscape'>\n\t\t\t\t<a href='https:\/\/spolecznajedynka.pl\/lo\/w-dzialaniu\/kongres-samorzadow-uczniowskich-sto-relacja\/attachment\/img_0048\/'><img loading=\"lazy\" decoding=\"async\" width=\"150\" height=\"150\" src=\"https:\/\/spolecznajedynka.pl\/lo\/wp-content\/uploads\/sites\/2\/2026\/04\/IMG_0048-150x150.jpg\" class=\"attachment-thumbnail size-thumbnail\" alt=\"\" \/><\/a>\n\t\t\t<\/dt><\/dl><dl class='gallery-item'>\n\t\t\t<dt class='gallery-icon landscape'>\n\t\t\t\t<a href='https:\/\/spolecznajedynka.pl\/lo\/w-dzialaniu\/kongres-samorzadow-uczniowskich-sto-relacja\/attachment\/img_0050\/'><img loading=\"lazy\" decoding=\"async\" width=\"150\" height=\"150\" src=\"https:\/\/spolecznajedynka.pl\/lo\/wp-content\/uploads\/sites\/2\/2026\/04\/IMG_0050-150x150.jpg\" class=\"attachment-thumbnail size-thumbnail\" alt=\"\" \/><\/a>\n\t\t\t<\/dt><\/dl><br style=\"clear: both\" \/><dl class='gallery-item'>\n\t\t\t<dt class='gallery-icon landscape'>\n\t\t\t\t<a href='https:\/\/spolecznajedynka.pl\/lo\/w-dzialaniu\/kongres-samorzadow-uczniowskich-sto-relacja\/attachment\/img_0051\/'><img loading=\"lazy\" decoding=\"async\" width=\"150\" height=\"150\" src=\"https:\/\/spolecznajedynka.pl\/lo\/wp-content\/uploads\/sites\/2\/2026\/04\/IMG_0051-150x150.jpg\" class=\"attachment-thumbnail size-thumbnail\" alt=\"\" \/><\/a>\n\t\t\t<\/dt><\/dl><dl class='gallery-item'>\n\t\t\t<dt class='gallery-icon landscape'>\n\t\t\t\t<a href='https:\/\/spolecznajedynka.pl\/lo\/w-dzialaniu\/kongres-samorzadow-uczniowskich-sto-relacja\/attachment\/img_0055\/'><img loading=\"lazy\" decoding=\"async\" width=\"150\" height=\"150\" src=\"https:\/\/spolecznajedynka.pl\/lo\/wp-content\/uploads\/sites\/2\/2026\/04\/IMG_0055-150x150.jpg\" class=\"attachment-thumbnail size-thumbnail\" alt=\"\" \/><\/a>\n\t\t\t<\/dt><\/dl><dl class='gallery-item'>\n\t\t\t<dt class='gallery-icon landscape'>\n\t\t\t\t<a href='https:\/\/spolecznajedynka.pl\/lo\/w-dzialaniu\/kongres-samorzadow-uczniowskich-sto-relacja\/attachment\/img_0056\/'><img loading=\"lazy\" decoding=\"async\" width=\"150\" height=\"150\" src=\"https:\/\/spolecznajedynka.pl\/lo\/wp-content\/uploads\/sites\/2\/2026\/04\/IMG_0056-150x150.jpg\" class=\"attachment-thumbnail size-thumbnail\" alt=\"\" \/><\/a>\n\t\t\t<\/dt><\/dl><br style=\"clear: both\" \/><dl class='gallery-item'>\n\t\t\t<dt class='gallery-icon landscape'>\n\t\t\t\t<a href='https:\/\/spolecznajedynka.pl\/lo\/w-dzialaniu\/kongres-samorzadow-uczniowskich-sto-relacja\/attachment\/img_0058\/'><img loading=\"lazy\" decoding=\"async\" width=\"150\" height=\"150\" src=\"https:\/\/spolecznajedynka.pl\/lo\/wp-content\/uploads\/sites\/2\/2026\/04\/IMG_0058-150x150.jpg\" class=\"attachment-thumbnail size-thumbnail\" alt=\"\" \/><\/a>\n\t\t\t<\/dt><\/dl><dl class='gallery-item'>\n\t\t\t<dt class='gallery-icon landscape'>\n\t\t\t\t<a href='https:\/\/spolecznajedynka.pl\/lo\/w-dzialaniu\/kongres-samorzadow-uczniowskich-sto-relacja\/attachment\/img_0060\/'><img loading=\"lazy\" decoding=\"async\" width=\"150\" height=\"150\" src=\"https:\/\/spolecznajedynka.pl\/lo\/wp-content\/uploads\/sites\/2\/2026\/04\/IMG_0060-150x150.jpg\" class=\"attachment-thumbnail size-thumbnail\" alt=\"\" \/><\/a>\n\t\t\t<\/dt><\/dl><dl class='gallery-item'>\n\t\t\t<dt class='gallery-icon landscape'>\n\t\t\t\t<a href='https:\/\/spolecznajedynka.pl\/lo\/w-dzialaniu\/kongres-samorzadow-uczniowskich-sto-relacja\/attachment\/img_0061\/'><img loading=\"lazy\" decoding=\"async\" width=\"150\" height=\"150\" src=\"https:\/\/spolecznajedynka.pl\/lo\/wp-content\/uploads\/sites\/2\/2026\/04\/IMG_0061-150x150.jpg\" class=\"attachment-thumbnail size-thumbnail\" alt=\"\" \/><\/a>\n\t\t\t<\/dt><\/dl><br style=\"clear: both\" \/><dl class='gallery-item'>\n\t\t\t<dt class='gallery-icon landscape'>\n\t\t\t\t<a href='https:\/\/spolecznajedynka.pl\/lo\/w-dzialaniu\/kongres-samorzadow-uczniowskich-sto-relacja\/attachment\/img_0063\/'><img loading=\"lazy\" decoding=\"async\" width=\"150\" height=\"150\" src=\"https:\/\/spolecznajedynka.pl\/lo\/wp-content\/uploads\/sites\/2\/2026\/04\/IMG_0063-150x150.jpg\" class=\"attachment-thumbnail size-thumbnail\" alt=\"\" \/><\/a>\n\t\t\t<\/dt><\/dl><dl class='gallery-item'>\n\t\t\t<dt class='gallery-icon landscape'>\n\t\t\t\t<a href='https:\/\/spolecznajedynka.pl\/lo\/w-dzialaniu\/kongres-samorzadow-uczniowskich-sto-relacja\/attachment\/img_0070\/'><img loading=\"lazy\" decoding=\"async\" width=\"150\" height=\"150\" src=\"https:\/\/spolecznajedynka.pl\/lo\/wp-content\/uploads\/sites\/2\/2026\/04\/IMG_0070-150x150.jpg\" class=\"attachment-thumbnail size-thumbnail\" alt=\"\" \/><\/a>\n\t\t\t<\/dt><\/dl><dl class='gallery-item'>\n\t\t\t<dt class='gallery-icon landscape'>\n\t\t\t\t<a href='https:\/\/spolecznajedynka.pl\/lo\/w-dzialaniu\/kongres-samorzadow-uczniowskich-sto-relacja\/attachment\/img_0074\/'><img loading=\"lazy\" decoding=\"async\" width=\"150\" height=\"150\" src=\"https:\/\/spolecznajedynka.pl\/lo\/wp-content\/uploads\/sites\/2\/2026\/04\/IMG_0074-150x150.jpg\" class=\"attachment-thumbnail size-thumbnail\" alt=\"\" \/><\/a>\n\t\t\t<\/dt><\/dl><br style=\"clear: both\" \/><dl class='gallery-item'>\n\t\t\t<dt class='gallery-icon landscape'>\n\t\t\t\t<a href='https:\/\/spolecznajedynka.pl\/lo\/w-dzialaniu\/kongres-samorzadow-uczniowskich-sto-relacja\/attachment\/img_0085\/'><img loading=\"lazy\" decoding=\"async\" width=\"150\" height=\"150\" src=\"https:\/\/spolecznajedynka.pl\/lo\/wp-content\/uploads\/sites\/2\/2026\/04\/IMG_0085-150x150.jpg\" class=\"attachment-thumbnail size-thumbnail\" alt=\"\" \/><\/a>\n\t\t\t<\/dt><\/dl><dl class='gallery-item'>\n\t\t\t<dt class='gallery-icon landscape'>\n\t\t\t\t<a href='https:\/\/spolecznajedynka.pl\/lo\/w-dzialaniu\/kongres-samorzadow-uczniowskich-sto-relacja\/attachment\/img_0088\/'><img loading=\"lazy\" decoding=\"async\" width=\"150\" height=\"150\" src=\"https:\/\/spolecznajedynka.pl\/lo\/wp-content\/uploads\/sites\/2\/2026\/04\/IMG_0088-150x150.jpg\" class=\"attachment-thumbnail size-thumbnail\" alt=\"\" \/><\/a>\n\t\t\t<\/dt><\/dl><dl class='gallery-item'>\n\t\t\t<dt class='gallery-icon portrait'>\n\t\t\t\t<a href='https:\/\/spolecznajedynka.pl\/lo\/w-dzialaniu\/kongres-samorzadow-uczniowskich-sto-relacja\/attachment\/img_0095\/'><img loading=\"lazy\" decoding=\"async\" width=\"150\" height=\"150\" src=\"https:\/\/spolecznajedynka.pl\/lo\/wp-content\/uploads\/sites\/2\/2026\/04\/IMG_0095-150x150.jpg\" class=\"attachment-thumbnail size-thumbnail\" alt=\"\" \/><\/a>\n\t\t\t<\/dt><\/dl><br style=\"clear: both\" \/><dl class='gallery-item'>\n\t\t\t<dt class='gallery-icon landscape'>\n\t\t\t\t<a href='https:\/\/spolecznajedynka.pl\/lo\/w-dzialaniu\/kongres-samorzadow-uczniowskich-sto-relacja\/attachment\/img_0096\/'><img loading=\"lazy\" decoding=\"async\" width=\"150\" height=\"150\" src=\"https:\/\/spolecznajedynka.pl\/lo\/wp-content\/uploads\/sites\/2\/2026\/04\/IMG_0096-150x150.jpg\" class=\"attachment-thumbnail size-thumbnail\" alt=\"\" \/><\/a>\n\t\t\t<\/dt><\/dl><dl class='gallery-item'>\n\t\t\t<dt class='gallery-icon landscape'>\n\t\t\t\t<a href='https:\/\/spolecznajedynka.pl\/lo\/w-dzialaniu\/kongres-samorzadow-uczniowskich-sto-relacja\/attachment\/img_0100\/'><img loading=\"lazy\" decoding=\"async\" width=\"150\" height=\"150\" src=\"https:\/\/spolecznajedynka.pl\/lo\/wp-content\/uploads\/sites\/2\/2026\/04\/IMG_0100-150x150.jpg\" class=\"attachment-thumbnail size-thumbnail\" alt=\"\" \/><\/a>\n\t\t\t<\/dt><\/dl><dl class='gallery-item'>\n\t\t\t<dt class='gallery-icon portrait'>\n\t\t\t\t<a href='https:\/\/spolecznajedynka.pl\/lo\/w-dzialaniu\/kongres-samorzadow-uczniowskich-sto-relacja\/attachment\/img_01031\/'><img loading=\"lazy\" decoding=\"async\" width=\"150\" height=\"150\" src=\"https:\/\/spolecznajedynka.pl\/lo\/wp-content\/uploads\/sites\/2\/2026\/04\/IMG_01031-150x150.jpg\" class=\"attachment-thumbnail size-thumbnail\" alt=\"\" \/><\/a>\n\t\t\t<\/dt><\/dl><br style=\"clear: both\" \/><dl class='gallery-item'>\n\t\t\t<dt class='gallery-icon portrait'>\n\t\t\t\t<a href='https:\/\/spolecznajedynka.pl\/lo\/w-dzialaniu\/kongres-samorzadow-uczniowskich-sto-relacja\/attachment\/img_0103\/'><img loading=\"lazy\" decoding=\"async\" width=\"150\" height=\"150\" src=\"https:\/\/spolecznajedynka.pl\/lo\/wp-content\/uploads\/sites\/2\/2026\/04\/IMG_0103-150x150.jpg\" class=\"attachment-thumbnail size-thumbnail\" alt=\"\" \/><\/a>\n\t\t\t<\/dt><\/dl><dl class='gallery-item'>\n\t\t\t<dt class='gallery-icon portrait'>\n\t\t\t\t<a href='https:\/\/spolecznajedynka.pl\/lo\/w-dzialaniu\/kongres-samorzadow-uczniowskich-sto-relacja\/attachment\/img_0104\/'><img loading=\"lazy\" decoding=\"async\" width=\"150\" height=\"150\" src=\"https:\/\/spolecznajedynka.pl\/lo\/wp-content\/uploads\/sites\/2\/2026\/04\/IMG_0104-150x150.jpg\" class=\"attachment-thumbnail size-thumbnail\" alt=\"\" \/><\/a>\n\t\t\t<\/dt><\/dl><dl class='gallery-item'>\n\t\t\t<dt class='gallery-icon landscape'>\n\t\t\t\t<a href='https:\/\/spolecznajedynka.pl\/lo\/w-dzialaniu\/kongres-samorzadow-uczniowskich-sto-relacja\/attachment\/img_0106\/'><img loading=\"lazy\" decoding=\"async\" width=\"150\" height=\"150\" src=\"https:\/\/spolecznajedynka.pl\/lo\/wp-content\/uploads\/sites\/2\/2026\/04\/IMG_0106-150x150.jpg\" class=\"attachment-thumbnail size-thumbnail\" alt=\"\" \/><\/a>\n\t\t\t<\/dt><\/dl><br style=\"clear: both\" \/><dl class='gallery-item'>\n\t\t\t<dt class='gallery-icon portrait'>\n\t\t\t\t<a href='https:\/\/spolecznajedynka.pl\/lo\/w-dzialaniu\/kongres-samorzadow-uczniowskich-sto-relacja\/attachment\/img_0112\/'><img loading=\"lazy\" decoding=\"async\" width=\"150\" height=\"150\" src=\"https:\/\/spolecznajedynka.pl\/lo\/wp-content\/uploads\/sites\/2\/2026\/04\/IMG_0112-150x150.jpg\" class=\"attachment-thumbnail size-thumbnail\" alt=\"\" \/><\/a>\n\t\t\t<\/dt><\/dl><dl class='gallery-item'>\n\t\t\t<dt class='gallery-icon landscape'>\n\t\t\t\t<a href='https:\/\/spolecznajedynka.pl\/lo\/w-dzialaniu\/kongres-samorzadow-uczniowskich-sto-relacja\/attachment\/img_0122\/'><img loading=\"lazy\" decoding=\"async\" width=\"150\" height=\"150\" src=\"https:\/\/spolecznajedynka.pl\/lo\/wp-content\/uploads\/sites\/2\/2026\/04\/IMG_0122-150x150.jpg\" class=\"attachment-thumbnail size-thumbnail\" alt=\"\" \/><\/a>\n\t\t\t<\/dt><\/dl><dl class='gallery-item'>\n\t\t\t<dt class='gallery-icon landscape'>\n\t\t\t\t<a href='https:\/\/spolecznajedynka.pl\/lo\/w-dzialaniu\/kongres-samorzadow-uczniowskich-sto-relacja\/attachment\/img_0123\/'><img loading=\"lazy\" decoding=\"async\" width=\"150\" height=\"150\" src=\"https:\/\/spolecznajedynka.pl\/lo\/wp-content\/uploads\/sites\/2\/2026\/04\/IMG_0123-150x150.jpg\" class=\"attachment-thumbnail size-thumbnail\" alt=\"\" \/><\/a>\n\t\t\t<\/dt><\/dl><br style=\"clear: both\" \/><dl class='gallery-item'>\n\t\t\t<dt class='gallery-icon landscape'>\n\t\t\t\t<a href='https:\/\/spolecznajedynka.pl\/lo\/w-dzialaniu\/kongres-samorzadow-uczniowskich-sto-relacja\/attachment\/img_0132\/'><img loading=\"lazy\" decoding=\"async\" width=\"150\" height=\"150\" src=\"https:\/\/spolecznajedynka.pl\/lo\/wp-content\/uploads\/sites\/2\/2026\/04\/IMG_0132-150x150.jpg\" class=\"attachment-thumbnail size-thumbnail\" alt=\"\" \/><\/a>\n\t\t\t<\/dt><\/dl><dl class='gallery-item'>\n\t\t\t<dt class='gallery-icon landscape'>\n\t\t\t\t<a href='https:\/\/spolecznajedynka.pl\/lo\/w-dzialaniu\/kongres-samorzadow-uczniowskich-sto-relacja\/attachment\/img_0143\/'><img loading=\"lazy\" decoding=\"async\" width=\"150\" height=\"150\" src=\"https:\/\/spolecznajedynka.pl\/lo\/wp-content\/uploads\/sites\/2\/2026\/04\/IMG_0143-150x150.jpg\" class=\"attachment-thumbnail size-thumbnail\" alt=\"\" \/><\/a>\n\t\t\t<\/dt><\/dl><dl class='gallery-item'>\n\t\t\t<dt class='gallery-icon landscape'>\n\t\t\t\t<a href='https:\/\/spolecznajedynka.pl\/lo\/w-dzialaniu\/kongres-samorzadow-uczniowskich-sto-relacja\/attachment\/img_01441\/'><img loading=\"lazy\" decoding=\"async\" width=\"150\" height=\"150\" src=\"https:\/\/spolecznajedynka.pl\/lo\/wp-content\/uploads\/sites\/2\/2026\/04\/IMG_01441-150x150.jpg\" class=\"attachment-thumbnail size-thumbnail\" alt=\"\" \/><\/a>\n\t\t\t<\/dt><\/dl><br style=\"clear: both\" \/><dl class='gallery-item'>\n\t\t\t<dt class='gallery-icon landscape'>\n\t\t\t\t<a href='https:\/\/spolecznajedynka.pl\/lo\/w-dzialaniu\/kongres-samorzadow-uczniowskich-sto-relacja\/attachment\/img_0144\/'><img loading=\"lazy\" decoding=\"async\" width=\"150\" height=\"150\" src=\"https:\/\/spolecznajedynka.pl\/lo\/wp-content\/uploads\/sites\/2\/2026\/04\/IMG_0144-150x150.jpg\" class=\"attachment-thumbnail size-thumbnail\" alt=\"\" \/><\/a>\n\t\t\t<\/dt><\/dl><dl class='gallery-item'>\n\t\t\t<dt class='gallery-icon portrait'>\n\t\t\t\t<a href='https:\/\/spolecznajedynka.pl\/lo\/w-dzialaniu\/kongres-samorzadow-uczniowskich-sto-relacja\/attachment\/img_0149\/'><img loading=\"lazy\" decoding=\"async\" width=\"150\" height=\"150\" src=\"https:\/\/spolecznajedynka.pl\/lo\/wp-content\/uploads\/sites\/2\/2026\/04\/IMG_0149-150x150.jpg\" class=\"attachment-thumbnail size-thumbnail\" alt=\"\" \/><\/a>\n\t\t\t<\/dt><\/dl><dl class='gallery-item'>\n\t\t\t<dt class='gallery-icon landscape'>\n\t\t\t\t<a href='https:\/\/spolecznajedynka.pl\/lo\/w-dzialaniu\/kongres-samorzadow-uczniowskich-sto-relacja\/attachment\/img_0152\/'><img loading=\"lazy\" decoding=\"async\" width=\"150\" height=\"150\" src=\"https:\/\/spolecznajedynka.pl\/lo\/wp-content\/uploads\/sites\/2\/2026\/04\/IMG_0152-150x150.jpg\" class=\"attachment-thumbnail size-thumbnail\" alt=\"\" \/><\/a>\n\t\t\t<\/dt><\/dl><br style=\"clear: both\" \/><dl class='gallery-item'>\n\t\t\t<dt class='gallery-icon portrait'>\n\t\t\t\t<a href='https:\/\/spolecznajedynka.pl\/lo\/w-dzialaniu\/kongres-samorzadow-uczniowskich-sto-relacja\/attachment\/img_0159\/'><img loading=\"lazy\" decoding=\"async\" width=\"150\" height=\"150\" src=\"https:\/\/spolecznajedynka.pl\/lo\/wp-content\/uploads\/sites\/2\/2026\/04\/IMG_0159-150x150.jpg\" class=\"attachment-thumbnail size-thumbnail\" alt=\"\" \/><\/a>\n\t\t\t<\/dt><\/dl><dl class='gallery-item'>\n\t\t\t<dt class='gallery-icon landscape'>\n\t\t\t\t<a href='https:\/\/spolecznajedynka.pl\/lo\/w-dzialaniu\/kongres-samorzadow-uczniowskich-sto-relacja\/attachment\/img_0162\/'><img loading=\"lazy\" decoding=\"async\" width=\"150\" height=\"150\" src=\"https:\/\/spolecznajedynka.pl\/lo\/wp-content\/uploads\/sites\/2\/2026\/04\/IMG_0162-150x150.jpg\" class=\"attachment-thumbnail size-thumbnail\" alt=\"\" \/><\/a>\n\t\t\t<\/dt><\/dl><dl class='gallery-item'>\n\t\t\t<dt class='gallery-icon landscape'>\n\t\t\t\t<a href='https:\/\/spolecznajedynka.pl\/lo\/w-dzialaniu\/kongres-samorzadow-uczniowskich-sto-relacja\/attachment\/img_0167\/'><img loading=\"lazy\" decoding=\"async\" width=\"150\" height=\"150\" src=\"https:\/\/spolecznajedynka.pl\/lo\/wp-content\/uploads\/sites\/2\/2026\/04\/IMG_0167-150x150.jpg\" class=\"attachment-thumbnail size-thumbnail\" alt=\"\" \/><\/a>\n\t\t\t<\/dt><\/dl><br style=\"clear: both\" \/><dl class='gallery-item'>\n\t\t\t<dt class='gallery-icon landscape'>\n\t\t\t\t<a href='https:\/\/spolecznajedynka.pl\/lo\/w-dzialaniu\/kongres-samorzadow-uczniowskich-sto-relacja\/attachment\/img_0169\/'><img loading=\"lazy\" decoding=\"async\" width=\"150\" height=\"150\" src=\"https:\/\/spolecznajedynka.pl\/lo\/wp-content\/uploads\/sites\/2\/2026\/04\/IMG_0169-150x150.jpg\" class=\"attachment-thumbnail size-thumbnail\" alt=\"\" \/><\/a>\n\t\t\t<\/dt><\/dl><dl class='gallery-item'>\n\t\t\t<dt class='gallery-icon landscape'>\n\t\t\t\t<a href='https:\/\/spolecznajedynka.pl\/lo\/w-dzialaniu\/kongres-samorzadow-uczniowskich-sto-relacja\/attachment\/img_0188\/'><img loading=\"lazy\" decoding=\"async\" width=\"150\" height=\"150\" src=\"https:\/\/spolecznajedynka.pl\/lo\/wp-content\/uploads\/sites\/2\/2026\/04\/IMG_0188-150x150.jpg\" class=\"attachment-thumbnail size-thumbnail\" alt=\"\" \/><\/a>\n\t\t\t<\/dt><\/dl><dl class='gallery-item'>\n\t\t\t<dt class='gallery-icon landscape'>\n\t\t\t\t<a href='https:\/\/spolecznajedynka.pl\/lo\/w-dzialaniu\/kongres-samorzadow-uczniowskich-sto-relacja\/attachment\/img_0190\/'><img loading=\"lazy\" decoding=\"async\" width=\"150\" height=\"150\" src=\"https:\/\/spolecznajedynka.pl\/lo\/wp-content\/uploads\/sites\/2\/2026\/04\/IMG_0190-150x150.jpg\" class=\"attachment-thumbnail size-thumbnail\" alt=\"\" \/><\/a>\n\t\t\t<\/dt><\/dl><br style=\"clear: both\" \/><dl class='gallery-item'>\n\t\t\t<dt class='gallery-icon landscape'>\n\t\t\t\t<a href='https:\/\/spolecznajedynka.pl\/lo\/w-dzialaniu\/kongres-samorzadow-uczniowskich-sto-relacja\/attachment\/img_0195\/'><img loading=\"lazy\" decoding=\"async\" width=\"150\" height=\"150\" src=\"https:\/\/spolecznajedynka.pl\/lo\/wp-content\/uploads\/sites\/2\/2026\/04\/IMG_0195-150x150.jpg\" class=\"attachment-thumbnail size-thumbnail\" alt=\"\" \/><\/a>\n\t\t\t<\/dt><\/dl><dl class='gallery-item'>\n\t\t\t<dt class='gallery-icon landscape'>\n\t\t\t\t<a href='https:\/\/spolecznajedynka.pl\/lo\/w-dzialaniu\/kongres-samorzadow-uczniowskich-sto-relacja\/attachment\/img_0201\/'><img loading=\"lazy\" decoding=\"async\" width=\"150\" height=\"150\" src=\"https:\/\/spolecznajedynka.pl\/lo\/wp-content\/uploads\/sites\/2\/2026\/04\/IMG_0201-150x150.jpg\" class=\"attachment-thumbnail size-thumbnail\" alt=\"\" \/><\/a>\n\t\t\t<\/dt><\/dl><dl class='gallery-item'>\n\t\t\t<dt class='gallery-icon landscape'>\n\t\t\t\t<a href='https:\/\/spolecznajedynka.pl\/lo\/w-dzialaniu\/kongres-samorzadow-uczniowskich-sto-relacja\/attachment\/img_0202\/'><img loading=\"lazy\" decoding=\"async\" width=\"150\" height=\"150\" src=\"https:\/\/spolecznajedynka.pl\/lo\/wp-content\/uploads\/sites\/2\/2026\/04\/IMG_0202-150x150.jpg\" class=\"attachment-thumbnail size-thumbnail\" alt=\"\" \/><\/a>\n\t\t\t<\/dt><\/dl><br style=\"clear: both\" \/><dl class='gallery-item'>\n\t\t\t<dt class='gallery-icon landscape'>\n\t\t\t\t<a href='https:\/\/spolecznajedynka.pl\/lo\/w-dzialaniu\/kongres-samorzadow-uczniowskich-sto-relacja\/attachment\/img_0216\/'><img loading=\"lazy\" decoding=\"async\" width=\"150\" height=\"150\" src=\"https:\/\/spolecznajedynka.pl\/lo\/wp-content\/uploads\/sites\/2\/2026\/04\/IMG_0216-150x150.jpg\" class=\"attachment-thumbnail size-thumbnail\" alt=\"\" \/><\/a>\n\t\t\t<\/dt><\/dl><dl class='gallery-item'>\n\t\t\t<dt class='gallery-icon landscape'>\n\t\t\t\t<a href='https:\/\/spolecznajedynka.pl\/lo\/w-dzialaniu\/kongres-samorzadow-uczniowskich-sto-relacja\/attachment\/img_0240\/'><img loading=\"lazy\" decoding=\"async\" width=\"150\" height=\"150\" src=\"https:\/\/spolecznajedynka.pl\/lo\/wp-content\/uploads\/sites\/2\/2026\/04\/IMG_0240-150x150.jpg\" class=\"attachment-thumbnail size-thumbnail\" alt=\"\" \/><\/a>\n\t\t\t<\/dt><\/dl><dl class='gallery-item'>\n\t\t\t<dt class='gallery-icon landscape'>\n\t\t\t\t<a href='https:\/\/spolecznajedynka.pl\/lo\/w-dzialaniu\/kongres-samorzadow-uczniowskich-sto-relacja\/attachment\/img_0252\/'><img loading=\"lazy\" decoding=\"async\" width=\"150\" height=\"150\" src=\"https:\/\/spolecznajedynka.pl\/lo\/wp-content\/uploads\/sites\/2\/2026\/04\/IMG_0252-150x150.jpg\" class=\"attachment-thumbnail size-thumbnail\" alt=\"\" \/><\/a>\n\t\t\t<\/dt><\/dl><br style=\"clear: both\" \/><dl class='gallery-item'>\n\t\t\t<dt class='gallery-icon landscape'>\n\t\t\t\t<a href='https:\/\/spolecznajedynka.pl\/lo\/w-dzialaniu\/kongres-samorzadow-uczniowskich-sto-relacja\/attachment\/img_0253\/'><img loading=\"lazy\" decoding=\"async\" width=\"150\" height=\"150\" src=\"https:\/\/spolecznajedynka.pl\/lo\/wp-content\/uploads\/sites\/2\/2026\/04\/IMG_0253-150x150.jpg\" class=\"attachment-thumbnail size-thumbnail\" alt=\"\" \/><\/a>\n\t\t\t<\/dt><\/dl><dl class='gallery-item'>\n\t\t\t<dt class='gallery-icon landscape'>\n\t\t\t\t<a href='https:\/\/spolecznajedynka.pl\/lo\/w-dzialaniu\/kongres-samorzadow-uczniowskich-sto-relacja\/attachment\/img_0256\/'><img loading=\"lazy\" decoding=\"async\" width=\"150\" height=\"150\" src=\"https:\/\/spolecznajedynka.pl\/lo\/wp-content\/uploads\/sites\/2\/2026\/04\/IMG_0256-150x150.jpg\" class=\"attachment-thumbnail size-thumbnail\" alt=\"\" \/><\/a>\n\t\t\t<\/dt><\/dl><dl class='gallery-item'>\n\t\t\t<dt class='gallery-icon landscape'>\n\t\t\t\t<a href='https:\/\/spolecznajedynka.pl\/lo\/w-dzialaniu\/kongres-samorzadow-uczniowskich-sto-relacja\/attachment\/img_0258\/'><img loading=\"lazy\" decoding=\"async\" width=\"150\" height=\"150\" src=\"https:\/\/spolecznajedynka.pl\/lo\/wp-content\/uploads\/sites\/2\/2026\/04\/IMG_0258-150x150.jpg\" class=\"attachment-thumbnail size-thumbnail\" alt=\"\" \/><\/a>\n\t\t\t<\/dt><\/dl><br style=\"clear: both\" \/><dl class='gallery-item'>\n\t\t\t<dt class='gallery-icon landscape'>\n\t\t\t\t<a href='https:\/\/spolecznajedynka.pl\/lo\/w-dzialaniu\/kongres-samorzadow-uczniowskich-sto-relacja\/attachment\/img_0260\/'><img loading=\"lazy\" decoding=\"async\" width=\"150\" height=\"150\" src=\"https:\/\/spolecznajedynka.pl\/lo\/wp-content\/uploads\/sites\/2\/2026\/04\/IMG_0260-150x150.jpg\" class=\"attachment-thumbnail size-thumbnail\" alt=\"\" \/><\/a>\n\t\t\t<\/dt><\/dl><dl class='gallery-item'>\n\t\t\t<dt class='gallery-icon landscape'>\n\t\t\t\t<a href='https:\/\/spolecznajedynka.pl\/lo\/w-dzialaniu\/kongres-samorzadow-uczniowskich-sto-relacja\/attachment\/img_0261\/'><img loading=\"lazy\" decoding=\"async\" width=\"150\" height=\"150\" src=\"https:\/\/spolecznajedynka.pl\/lo\/wp-content\/uploads\/sites\/2\/2026\/04\/IMG_0261-150x150.jpg\" class=\"attachment-thumbnail size-thumbnail\" alt=\"\" \/><\/a>\n\t\t\t<\/dt><\/dl><dl class='gallery-item'>\n\t\t\t<dt class='gallery-icon landscape'>\n\t\t\t\t<a href='https:\/\/spolecznajedynka.pl\/lo\/w-dzialaniu\/kongres-samorzadow-uczniowskich-sto-relacja\/attachment\/img_0262\/'><img loading=\"lazy\" decoding=\"async\" width=\"150\" height=\"150\" src=\"https:\/\/spolecznajedynka.pl\/lo\/wp-content\/uploads\/sites\/2\/2026\/04\/IMG_0262-150x150.jpg\" class=\"attachment-thumbnail size-thumbnail\" alt=\"\" \/><\/a>\n\t\t\t<\/dt><\/dl><br style=\"clear: both\" \/><dl class='gallery-item'>\n\t\t\t<dt class='gallery-icon landscape'>\n\t\t\t\t<a href='https:\/\/spolecznajedynka.pl\/lo\/w-dzialaniu\/kongres-samorzadow-uczniowskich-sto-relacja\/attachment\/img_0263\/'><img loading=\"lazy\" decoding=\"async\" width=\"150\" height=\"150\" src=\"https:\/\/spolecznajedynka.pl\/lo\/wp-content\/uploads\/sites\/2\/2026\/04\/IMG_0263-150x150.jpg\" class=\"attachment-thumbnail size-thumbnail\" alt=\"\" \/><\/a>\n\t\t\t<\/dt><\/dl><dl class='gallery-item'>\n\t\t\t<dt class='gallery-icon landscape'>\n\t\t\t\t<a href='https:\/\/spolecznajedynka.pl\/lo\/w-dzialaniu\/kongres-samorzadow-uczniowskich-sto-relacja\/attachment\/img_0264\/'><img loading=\"lazy\" decoding=\"async\" width=\"150\" height=\"150\" src=\"https:\/\/spolecznajedynka.pl\/lo\/wp-content\/uploads\/sites\/2\/2026\/04\/IMG_0264-150x150.jpg\" class=\"attachment-thumbnail size-thumbnail\" alt=\"\" \/><\/a>\n\t\t\t<\/dt><\/dl><dl class='gallery-item'>\n\t\t\t<dt class='gallery-icon landscape'>\n\t\t\t\t<a href='https:\/\/spolecznajedynka.pl\/lo\/w-dzialaniu\/kongres-samorzadow-uczniowskich-sto-relacja\/attachment\/img_0265\/'><img loading=\"lazy\" decoding=\"async\" width=\"150\" height=\"150\" src=\"https:\/\/spolecznajedynka.pl\/lo\/wp-content\/uploads\/sites\/2\/2026\/04\/IMG_0265-150x150.jpg\" class=\"attachment-thumbnail size-thumbnail\" alt=\"\" \/><\/a>\n\t\t\t<\/dt><\/dl><br style=\"clear: both\" \/><dl class='gallery-item'>\n\t\t\t<dt class='gallery-icon landscape'>\n\t\t\t\t<a href='https:\/\/spolecznajedynka.pl\/lo\/w-dzialaniu\/kongres-samorzadow-uczniowskich-sto-relacja\/attachment\/img_0266\/'><img loading=\"lazy\" decoding=\"async\" width=\"150\" height=\"150\" src=\"https:\/\/spolecznajedynka.pl\/lo\/wp-content\/uploads\/sites\/2\/2026\/04\/IMG_0266-150x150.jpg\" class=\"attachment-thumbnail size-thumbnail\" alt=\"\" \/><\/a>\n\t\t\t<\/dt><\/dl><dl class='gallery-item'>\n\t\t\t<dt class='gallery-icon landscape'>\n\t\t\t\t<a href='https:\/\/spolecznajedynka.pl\/lo\/w-dzialaniu\/kongres-samorzadow-uczniowskich-sto-relacja\/attachment\/img_0267\/'><img loading=\"lazy\" decoding=\"async\" width=\"150\" height=\"150\" src=\"https:\/\/spolecznajedynka.pl\/lo\/wp-content\/uploads\/sites\/2\/2026\/04\/IMG_0267-150x150.jpg\" class=\"attachment-thumbnail size-thumbnail\" alt=\"\" \/><\/a>\n\t\t\t<\/dt><\/dl><dl class='gallery-item'>\n\t\t\t<dt class='gallery-icon landscape'>\n\t\t\t\t<a href='https:\/\/spolecznajedynka.pl\/lo\/w-dzialaniu\/kongres-samorzadow-uczniowskich-sto-relacja\/attachment\/img_0272\/'><img loading=\"lazy\" decoding=\"async\" width=\"150\" height=\"150\" src=\"https:\/\/spolecznajedynka.pl\/lo\/wp-content\/uploads\/sites\/2\/2026\/04\/IMG_0272-150x150.jpg\" class=\"attachment-thumbnail size-thumbnail\" alt=\"\" \/><\/a>\n\t\t\t<\/dt><\/dl><br style=\"clear: both\" \/><dl class='gallery-item'>\n\t\t\t<dt class='gallery-icon landscape'>\n\t\t\t\t<a href='https:\/\/spolecznajedynka.pl\/lo\/w-dzialaniu\/kongres-samorzadow-uczniowskich-sto-relacja\/attachment\/img_0273\/'><img loading=\"lazy\" decoding=\"async\" width=\"150\" height=\"150\" src=\"https:\/\/spolecznajedynka.pl\/lo\/wp-content\/uploads\/sites\/2\/2026\/04\/IMG_0273-150x150.jpg\" class=\"attachment-thumbnail size-thumbnail\" alt=\"\" \/><\/a>\n\t\t\t<\/dt><\/dl><dl class='gallery-item'>\n\t\t\t<dt class='gallery-icon landscape'>\n\t\t\t\t<a href='https:\/\/spolecznajedynka.pl\/lo\/w-dzialaniu\/kongres-samorzadow-uczniowskich-sto-relacja\/attachment\/img_0274\/'><img loading=\"lazy\" decoding=\"async\" width=\"150\" height=\"150\" src=\"https:\/\/spolecznajedynka.pl\/lo\/wp-content\/uploads\/sites\/2\/2026\/04\/IMG_0274-150x150.jpg\" class=\"attachment-thumbnail size-thumbnail\" alt=\"\" \/><\/a>\n\t\t\t<\/dt><\/dl><dl class='gallery-item'>\n\t\t\t<dt class='gallery-icon landscape'>\n\t\t\t\t<a href='https:\/\/spolecznajedynka.pl\/lo\/w-dzialaniu\/kongres-samorzadow-uczniowskich-sto-relacja\/attachment\/img_0287\/'><img loading=\"lazy\" decoding=\"async\" width=\"150\" height=\"150\" src=\"https:\/\/spolecznajedynka.pl\/lo\/wp-content\/uploads\/sites\/2\/2026\/04\/IMG_0287-150x150.jpg\" class=\"attachment-thumbnail size-thumbnail\" alt=\"\" \/><\/a>\n\t\t\t<\/dt><\/dl><br style=\"clear: both\" \/><dl class='gallery-item'>\n\t\t\t<dt class='gallery-icon landscape'>\n\t\t\t\t<a href='https:\/\/spolecznajedynka.pl\/lo\/w-dzialaniu\/kongres-samorzadow-uczniowskich-sto-relacja\/attachment\/img_0288\/'><img loading=\"lazy\" decoding=\"async\" width=\"150\" height=\"150\" src=\"https:\/\/spolecznajedynka.pl\/lo\/wp-content\/uploads\/sites\/2\/2026\/04\/IMG_0288-150x150.jpg\" class=\"attachment-thumbnail size-thumbnail\" alt=\"\" \/><\/a>\n\t\t\t<\/dt><\/dl><dl class='gallery-item'>\n\t\t\t<dt class='gallery-icon landscape'>\n\t\t\t\t<a href='https:\/\/spolecznajedynka.pl\/lo\/w-dzialaniu\/kongres-samorzadow-uczniowskich-sto-relacja\/attachment\/img_0289\/'><img loading=\"lazy\" decoding=\"async\" width=\"150\" height=\"150\" src=\"https:\/\/spolecznajedynka.pl\/lo\/wp-content\/uploads\/sites\/2\/2026\/04\/IMG_0289-150x150.jpg\" class=\"attachment-thumbnail size-thumbnail\" alt=\"\" \/><\/a>\n\t\t\t<\/dt><\/dl><dl class='gallery-item'>\n\t\t\t<dt class='gallery-icon landscape'>\n\t\t\t\t<a href='https:\/\/spolecznajedynka.pl\/lo\/w-dzialaniu\/kongres-samorzadow-uczniowskich-sto-relacja\/attachment\/img_0301\/'><img loading=\"lazy\" decoding=\"async\" width=\"150\" height=\"150\" src=\"https:\/\/spolecznajedynka.pl\/lo\/wp-content\/uploads\/sites\/2\/2026\/04\/IMG_0301-150x150.jpg\" class=\"attachment-thumbnail size-thumbnail\" alt=\"\" \/><\/a>\n\t\t\t<\/dt><\/dl><br style=\"clear: both\" \/><dl class='gallery-item'>\n\t\t\t<dt class='gallery-icon landscape'>\n\t\t\t\t<a href='https:\/\/spolecznajedynka.pl\/lo\/w-dzialaniu\/kongres-samorzadow-uczniowskich-sto-relacja\/attachment\/img_0302\/'><img loading=\"lazy\" decoding=\"async\" width=\"150\" height=\"150\" src=\"https:\/\/spolecznajedynka.pl\/lo\/wp-content\/uploads\/sites\/2\/2026\/04\/IMG_0302-150x150.jpg\" class=\"attachment-thumbnail size-thumbnail\" alt=\"\" \/><\/a>\n\t\t\t<\/dt><\/dl><dl class='gallery-item'>\n\t\t\t<dt class='gallery-icon landscape'>\n\t\t\t\t<a href='https:\/\/spolecznajedynka.pl\/lo\/w-dzialaniu\/kongres-samorzadow-uczniowskich-sto-relacja\/attachment\/img_0307\/'><img loading=\"lazy\" decoding=\"async\" width=\"150\" height=\"150\" src=\"https:\/\/spolecznajedynka.pl\/lo\/wp-content\/uploads\/sites\/2\/2026\/04\/IMG_0307-150x150.jpg\" class=\"attachment-thumbnail size-thumbnail\" alt=\"\" \/><\/a>\n\t\t\t<\/dt><\/dl><dl class='gallery-item'>\n\t\t\t<dt class='gallery-icon landscape'>\n\t\t\t\t<a href='https:\/\/spolecznajedynka.pl\/lo\/w-dzialaniu\/kongres-samorzadow-uczniowskich-sto-relacja\/attachment\/img_0318\/'><img loading=\"lazy\" decoding=\"async\" width=\"150\" height=\"150\" src=\"https:\/\/spolecznajedynka.pl\/lo\/wp-content\/uploads\/sites\/2\/2026\/04\/IMG_0318-150x150.jpg\" class=\"attachment-thumbnail size-thumbnail\" alt=\"\" \/><\/a>\n\t\t\t<\/dt><\/dl><br style=\"clear: both\" \/><dl class='gallery-item'>\n\t\t\t<dt class='gallery-icon portrait'>\n\t\t\t\t<a href='https:\/\/spolecznajedynka.pl\/lo\/w-dzialaniu\/kongres-samorzadow-uczniowskich-sto-relacja\/attachment\/img_0325\/'><img loading=\"lazy\" decoding=\"async\" width=\"150\" height=\"150\" src=\"https:\/\/spolecznajedynka.pl\/lo\/wp-content\/uploads\/sites\/2\/2026\/04\/IMG_0325-150x150.jpg\" class=\"attachment-thumbnail size-thumbnail\" alt=\"\" \/><\/a>\n\t\t\t<\/dt><\/dl><dl class='gallery-item'>\n\t\t\t<dt class='gallery-icon landscape'>\n\t\t\t\t<a href='https:\/\/spolecznajedynka.pl\/lo\/w-dzialaniu\/kongres-samorzadow-uczniowskich-sto-relacja\/attachment\/img_0326\/'><img loading=\"lazy\" decoding=\"async\" width=\"150\" height=\"150\" src=\"https:\/\/spolecznajedynka.pl\/lo\/wp-content\/uploads\/sites\/2\/2026\/04\/IMG_0326-150x150.jpg\" class=\"attachment-thumbnail size-thumbnail\" alt=\"\" \/><\/a>\n\t\t\t<\/dt><\/dl><dl class='gallery-item'>\n\t\t\t<dt class='gallery-icon landscape'>\n\t\t\t\t<a href='https:\/\/spolecznajedynka.pl\/lo\/w-dzialaniu\/kongres-samorzadow-uczniowskich-sto-relacja\/attachment\/img_0327\/'><img loading=\"lazy\" decoding=\"async\" width=\"150\" height=\"150\" src=\"https:\/\/spolecznajedynka.pl\/lo\/wp-content\/uploads\/sites\/2\/2026\/04\/IMG_0327-150x150.jpg\" class=\"attachment-thumbnail size-thumbnail\" alt=\"\" \/><\/a>\n\t\t\t<\/dt><\/dl><br style=\"clear: both\" \/><dl class='gallery-item'>\n\t\t\t<dt class='gallery-icon landscape'>\n\t\t\t\t<a href='https:\/\/spolecznajedynka.pl\/lo\/w-dzialaniu\/kongres-samorzadow-uczniowskich-sto-relacja\/attachment\/img_0331\/'><img loading=\"lazy\" decoding=\"async\" width=\"150\" height=\"150\" src=\"https:\/\/spolecznajedynka.pl\/lo\/wp-content\/uploads\/sites\/2\/2026\/04\/IMG_0331-150x150.jpg\" class=\"attachment-thumbnail size-thumbnail\" alt=\"\" \/><\/a>\n\t\t\t<\/dt><\/dl><dl class='gallery-item'>\n\t\t\t<dt class='gallery-icon landscape'>\n\t\t\t\t<a href='https:\/\/spolecznajedynka.pl\/lo\/w-dzialaniu\/kongres-samorzadow-uczniowskich-sto-relacja\/attachment\/img_0334\/'><img loading=\"lazy\" decoding=\"async\" width=\"150\" height=\"150\" src=\"https:\/\/spolecznajedynka.pl\/lo\/wp-content\/uploads\/sites\/2\/2026\/04\/IMG_0334-150x150.jpg\" class=\"attachment-thumbnail size-thumbnail\" alt=\"\" \/><\/a>\n\t\t\t<\/dt><\/dl><dl class='gallery-item'>\n\t\t\t<dt class='gallery-icon landscape'>\n\t\t\t\t<a href='https:\/\/spolecznajedynka.pl\/lo\/w-dzialaniu\/kongres-samorzadow-uczniowskich-sto-relacja\/attachment\/img_0339\/'><img loading=\"lazy\" decoding=\"async\" width=\"150\" height=\"150\" src=\"https:\/\/spolecznajedynka.pl\/lo\/wp-content\/uploads\/sites\/2\/2026\/04\/IMG_0339-150x150.jpg\" class=\"attachment-thumbnail size-thumbnail\" alt=\"\" \/><\/a>\n\t\t\t<\/dt><\/dl><br style=\"clear: both\" \/><dl class='gallery-item'>\n\t\t\t<dt class='gallery-icon landscape'>\n\t\t\t\t<a href='https:\/\/spolecznajedynka.pl\/lo\/w-dzialaniu\/kongres-samorzadow-uczniowskich-sto-relacja\/attachment\/img_0341\/'><img loading=\"lazy\" decoding=\"async\" width=\"150\" height=\"150\" src=\"https:\/\/spolecznajedynka.pl\/lo\/wp-content\/uploads\/sites\/2\/2026\/04\/IMG_0341-150x150.jpg\" class=\"attachment-thumbnail size-thumbnail\" alt=\"\" \/><\/a>\n\t\t\t<\/dt><\/dl><dl class='gallery-item'>\n\t\t\t<dt class='gallery-icon landscape'>\n\t\t\t\t<a href='https:\/\/spolecznajedynka.pl\/lo\/w-dzialaniu\/kongres-samorzadow-uczniowskich-sto-relacja\/attachment\/img_0350\/'><img loading=\"lazy\" decoding=\"async\" width=\"150\" height=\"150\" src=\"https:\/\/spolecznajedynka.pl\/lo\/wp-content\/uploads\/sites\/2\/2026\/04\/IMG_0350-150x150.jpg\" class=\"attachment-thumbnail size-thumbnail\" alt=\"\" \/><\/a>\n\t\t\t<\/dt><\/dl><dl class='gallery-item'>\n\t\t\t<dt class='gallery-icon landscape'>\n\t\t\t\t<a href='https:\/\/spolecznajedynka.pl\/lo\/w-dzialaniu\/kongres-samorzadow-uczniowskich-sto-relacja\/attachment\/img_0361\/'><img loading=\"lazy\" decoding=\"async\" width=\"150\" height=\"150\" src=\"https:\/\/spolecznajedynka.pl\/lo\/wp-content\/uploads\/sites\/2\/2026\/04\/IMG_0361-150x150.jpg\" class=\"attachment-thumbnail size-thumbnail\" alt=\"\" \/><\/a>\n\t\t\t<\/dt><\/dl><br style=\"clear: both\" \/><dl class='gallery-item'>\n\t\t\t<dt class='gallery-icon landscape'>\n\t\t\t\t<a href='https:\/\/spolecznajedynka.pl\/lo\/w-dzialaniu\/kongres-samorzadow-uczniowskich-sto-relacja\/attachment\/img_9777\/'><img loading=\"lazy\" decoding=\"async\" width=\"150\" height=\"150\" src=\"https:\/\/spolecznajedynka.pl\/lo\/wp-content\/uploads\/sites\/2\/2026\/04\/IMG_9777-150x150.jpg\" class=\"attachment-thumbnail size-thumbnail\" alt=\"\" \/><\/a>\n\t\t\t<\/dt><\/dl><dl class='gallery-item'>\n\t\t\t<dt class='gallery-icon landscape'>\n\t\t\t\t<a href='https:\/\/spolecznajedynka.pl\/lo\/w-dzialaniu\/kongres-samorzadow-uczniowskich-sto-relacja\/attachment\/img_9795\/'><img loading=\"lazy\" decoding=\"async\" width=\"150\" height=\"150\" src=\"https:\/\/spolecznajedynka.pl\/lo\/wp-content\/uploads\/sites\/2\/2026\/04\/IMG_9795-150x150.jpg\" class=\"attachment-thumbnail size-thumbnail\" alt=\"\" \/><\/a>\n\t\t\t<\/dt><\/dl><dl class='gallery-item'>\n\t\t\t<dt class='gallery-icon portrait'>\n\t\t\t\t<a href='https:\/\/spolecznajedynka.pl\/lo\/w-dzialaniu\/kongres-samorzadow-uczniowskich-sto-relacja\/attachment\/img_9811\/'><img loading=\"lazy\" decoding=\"async\" width=\"150\" height=\"150\" src=\"https:\/\/spolecznajedynka.pl\/lo\/wp-content\/uploads\/sites\/2\/2026\/04\/IMG_9811-150x150.jpg\" class=\"attachment-thumbnail size-thumbnail\" alt=\"\" \/><\/a>\n\t\t\t<\/dt><\/dl><br style=\"clear: both\" \/><dl class='gallery-item'>\n\t\t\t<dt class='gallery-icon landscape'>\n\t\t\t\t<a href='https:\/\/spolecznajedynka.pl\/lo\/w-dzialaniu\/kongres-samorzadow-uczniowskich-sto-relacja\/attachment\/img_9821\/'><img loading=\"lazy\" decoding=\"async\" width=\"150\" height=\"150\" src=\"https:\/\/spolecznajedynka.pl\/lo\/wp-content\/uploads\/sites\/2\/2026\/04\/IMG_9821-150x150.jpg\" class=\"attachment-thumbnail size-thumbnail\" alt=\"\" \/><\/a>\n\t\t\t<\/dt><\/dl><dl class='gallery-item'>\n\t\t\t<dt class='gallery-icon landscape'>\n\t\t\t\t<a href='https:\/\/spolecznajedynka.pl\/lo\/w-dzialaniu\/kongres-samorzadow-uczniowskich-sto-relacja\/attachment\/img_9826\/'><img loading=\"lazy\" decoding=\"async\" width=\"150\" height=\"150\" src=\"https:\/\/spolecznajedynka.pl\/lo\/wp-content\/uploads\/sites\/2\/2026\/04\/IMG_9826-150x150.jpg\" class=\"attachment-thumbnail size-thumbnail\" alt=\"\" \/><\/a>\n\t\t\t<\/dt><\/dl><dl class='gallery-item'>\n\t\t\t<dt class='gallery-icon landscape'>\n\t\t\t\t<a href='https:\/\/spolecznajedynka.pl\/lo\/w-dzialaniu\/kongres-samorzadow-uczniowskich-sto-relacja\/attachment\/img_9838\/'><img loading=\"lazy\" decoding=\"async\" width=\"150\" height=\"150\" src=\"https:\/\/spolecznajedynka.pl\/lo\/wp-content\/uploads\/sites\/2\/2026\/04\/IMG_9838-150x150.jpg\" class=\"attachment-thumbnail size-thumbnail\" alt=\"\" \/><\/a>\n\t\t\t<\/dt><\/dl><br style=\"clear: both\" \/><dl class='gallery-item'>\n\t\t\t<dt class='gallery-icon landscape'>\n\t\t\t\t<a href='https:\/\/spolecznajedynka.pl\/lo\/w-dzialaniu\/kongres-samorzadow-uczniowskich-sto-relacja\/attachment\/img_9840\/'><img loading=\"lazy\" decoding=\"async\" width=\"150\" height=\"150\" src=\"https:\/\/spolecznajedynka.pl\/lo\/wp-content\/uploads\/sites\/2\/2026\/04\/IMG_9840-150x150.jpg\" class=\"attachment-thumbnail size-thumbnail\" alt=\"\" \/><\/a>\n\t\t\t<\/dt><\/dl><dl class='gallery-item'>\n\t\t\t<dt class='gallery-icon landscape'>\n\t\t\t\t<a href='https:\/\/spolecznajedynka.pl\/lo\/w-dzialaniu\/kongres-samorzadow-uczniowskich-sto-relacja\/attachment\/img_9841\/'><img loading=\"lazy\" decoding=\"async\" width=\"150\" height=\"150\" src=\"https:\/\/spolecznajedynka.pl\/lo\/wp-content\/uploads\/sites\/2\/2026\/04\/IMG_9841-150x150.jpg\" class=\"attachment-thumbnail size-thumbnail\" alt=\"\" \/><\/a>\n\t\t\t<\/dt><\/dl><dl class='gallery-item'>\n\t\t\t<dt class='gallery-icon portrait'>\n\t\t\t\t<a href='https:\/\/spolecznajedynka.pl\/lo\/w-dzialaniu\/kongres-samorzadow-uczniowskich-sto-relacja\/attachment\/img_9851\/'><img loading=\"lazy\" decoding=\"async\" width=\"150\" height=\"150\" src=\"https:\/\/spolecznajedynka.pl\/lo\/wp-content\/uploads\/sites\/2\/2026\/04\/IMG_9851-150x150.jpg\" class=\"attachment-thumbnail size-thumbnail\" alt=\"\" \/><\/a>\n\t\t\t<\/dt><\/dl><br style=\"clear: both\" \/><dl class='gallery-item'>\n\t\t\t<dt class='gallery-icon portrait'>\n\t\t\t\t<a href='https:\/\/spolecznajedynka.pl\/lo\/w-dzialaniu\/kongres-samorzadow-uczniowskich-sto-relacja\/attachment\/img_9889\/'><img loading=\"lazy\" decoding=\"async\" width=\"150\" height=\"150\" src=\"https:\/\/spolecznajedynka.pl\/lo\/wp-content\/uploads\/sites\/2\/2026\/04\/IMG_9889-150x150.jpg\" class=\"attachment-thumbnail size-thumbnail\" alt=\"\" \/><\/a>\n\t\t\t<\/dt><\/dl><dl class='gallery-item'>\n\t\t\t<dt class='gallery-icon landscape'>\n\t\t\t\t<a href='https:\/\/spolecznajedynka.pl\/lo\/w-dzialaniu\/kongres-samorzadow-uczniowskich-sto-relacja\/attachment\/img_9965\/'><img loading=\"lazy\" decoding=\"async\" width=\"150\" height=\"150\" src=\"https:\/\/spolecznajedynka.pl\/lo\/wp-content\/uploads\/sites\/2\/2026\/04\/IMG_9965-150x150.jpg\" class=\"attachment-thumbnail size-thumbnail\" alt=\"\" \/><\/a>\n\t\t\t<\/dt><\/dl><dl class='gallery-item'>\n\t\t\t<dt class='gallery-icon landscape'>\n\t\t\t\t<a href='https:\/\/spolecznajedynka.pl\/lo\/w-dzialaniu\/kongres-samorzadow-uczniowskich-sto-relacja\/attachment\/img_9967\/'><img loading=\"lazy\" decoding=\"async\" width=\"150\" height=\"150\" src=\"https:\/\/spolecznajedynka.pl\/lo\/wp-content\/uploads\/sites\/2\/2026\/04\/IMG_9967-150x150.jpg\" class=\"attachment-thumbnail size-thumbnail\" alt=\"\" \/><\/a>\n\t\t\t<\/dt><\/dl><br style=\"clear: both\" \/><dl class='gallery-item'>\n\t\t\t<dt class='gallery-icon landscape'>\n\t\t\t\t<a href='https:\/\/spolecznajedynka.pl\/lo\/w-dzialaniu\/kongres-samorzadow-uczniowskich-sto-relacja\/attachment\/img_9969\/'><img loading=\"lazy\" decoding=\"async\" width=\"150\" height=\"150\" src=\"https:\/\/spolecznajedynka.pl\/lo\/wp-content\/uploads\/sites\/2\/2026\/04\/IMG_9969-150x150.jpg\" class=\"attachment-thumbnail size-thumbnail\" alt=\"\" \/><\/a>\n\t\t\t<\/dt><\/dl><dl class='gallery-item'>\n\t\t\t<dt class='gallery-icon landscape'>\n\t\t\t\t<a href='https:\/\/spolecznajedynka.pl\/lo\/w-dzialaniu\/kongres-samorzadow-uczniowskich-sto-relacja\/attachment\/img_9983\/'><img loading=\"lazy\" decoding=\"async\" width=\"150\" height=\"150\" src=\"https:\/\/spolecznajedynka.pl\/lo\/wp-content\/uploads\/sites\/2\/2026\/04\/IMG_9983-150x150.jpg\" class=\"attachment-thumbnail size-thumbnail\" alt=\"\" \/><\/a>\n\t\t\t<\/dt><\/dl><dl class='gallery-item'>\n\t\t\t<dt class='gallery-icon portrait'>\n\t\t\t\t<a href='https:\/\/spolecznajedynka.pl\/lo\/w-dzialaniu\/kongres-samorzadow-uczniowskich-sto-relacja\/attachment\/img_9984\/'><img loading=\"lazy\" decoding=\"async\" width=\"150\" height=\"150\" src=\"https:\/\/spolecznajedynka.pl\/lo\/wp-content\/uploads\/sites\/2\/2026\/04\/IMG_9984-150x150.jpg\" class=\"attachment-thumbnail size-thumbnail\" alt=\"\" \/><\/a>\n\t\t\t<\/dt><\/dl><br style=\"clear: both\" \/><dl class='gallery-item'>\n\t\t\t<dt class='gallery-icon landscape'>\n\t\t\t\t<a href='https:\/\/spolecznajedynka.pl\/lo\/w-dzialaniu\/kongres-samorzadow-uczniowskich-sto-relacja\/attachment\/img_9986\/'><img loading=\"lazy\" decoding=\"async\" width=\"150\" height=\"150\" src=\"https:\/\/spolecznajedynka.pl\/lo\/wp-content\/uploads\/sites\/2\/2026\/04\/IMG_9986-150x150.jpg\" class=\"attachment-thumbnail size-thumbnail\" alt=\"\" \/><\/a>\n\t\t\t<\/dt><\/dl><dl class='gallery-item'>\n\t\t\t<dt class='gallery-icon landscape'>\n\t\t\t\t<a href='https:\/\/spolecznajedynka.pl\/lo\/w-dzialaniu\/kongres-samorzadow-uczniowskich-sto-relacja\/attachment\/img_9994\/'><img loading=\"lazy\" decoding=\"async\" width=\"150\" height=\"150\" src=\"https:\/\/spolecznajedynka.pl\/lo\/wp-content\/uploads\/sites\/2\/2026\/04\/IMG_9994-150x150.jpg\" class=\"attachment-thumbnail size-thumbnail\" alt=\"\" \/><\/a>\n\t\t\t<\/dt><\/dl><dl class='gallery-item'>\n\t\t\t<dt class='gallery-icon landscape'>\n\t\t\t\t<a href='https:\/\/spolecznajedynka.pl\/lo\/w-dzialaniu\/kongres-samorzadow-uczniowskich-sto-relacja\/attachment\/_mg_2280\/'><img loading=\"lazy\" decoding=\"async\" width=\"150\" height=\"150\" src=\"https:\/\/spolecznajedynka.pl\/lo\/wp-content\/uploads\/sites\/2\/2026\/04\/MG_2280-150x150.jpg\" class=\"attachment-thumbnail size-thumbnail\" alt=\"\" \/><\/a>\n\t\t\t<\/dt><\/dl><br style=\"clear: both\" \/><dl class='gallery-item'>\n\t\t\t<dt class='gallery-icon landscape'>\n\t\t\t\t<a href='https:\/\/spolecznajedynka.pl\/lo\/w-dzialaniu\/kongres-samorzadow-uczniowskich-sto-relacja\/attachment\/_mg_2286\/'><img loading=\"lazy\" decoding=\"async\" width=\"150\" height=\"150\" src=\"https:\/\/spolecznajedynka.pl\/lo\/wp-content\/uploads\/sites\/2\/2026\/04\/MG_2286-150x150.jpg\" class=\"attachment-thumbnail size-thumbnail\" alt=\"\" \/><\/a>\n\t\t\t<\/dt><\/dl><dl class='gallery-item'>\n\t\t\t<dt class='gallery-icon landscape'>\n\t\t\t\t<a href='https:\/\/spolecznajedynka.pl\/lo\/w-dzialaniu\/kongres-samorzadow-uczniowskich-sto-relacja\/attachment\/_mg_2271\/'><img loading=\"lazy\" decoding=\"async\" width=\"150\" height=\"150\" src=\"https:\/\/spolecznajedynka.pl\/lo\/wp-content\/uploads\/sites\/2\/2026\/04\/MG_2271-150x150.jpg\" class=\"attachment-thumbnail size-thumbnail\" alt=\"\" \/><\/a>\n\t\t\t<\/dt><\/dl><dl class='gallery-item'>\n\t\t\t<dt class='gallery-icon landscape'>\n\t\t\t\t<a href='https:\/\/spolecznajedynka.pl\/lo\/w-dzialaniu\/kongres-samorzadow-uczniowskich-sto-relacja\/attachment\/_mg_2274\/'><img loading=\"lazy\" decoding=\"async\" width=\"150\" height=\"150\" src=\"https:\/\/spolecznajedynka.pl\/lo\/wp-content\/uploads\/sites\/2\/2026\/04\/MG_2274-150x150.jpg\" class=\"attachment-thumbnail size-thumbnail\" alt=\"\" \/><\/a>\n\t\t\t<\/dt><\/dl><br style=\"clear: both\" \/><dl class='gallery-item'>\n\t\t\t<dt class='gallery-icon landscape'>\n\t\t\t\t<a href='https:\/\/spolecznajedynka.pl\/lo\/w-dzialaniu\/kongres-samorzadow-uczniowskich-sto-relacja\/attachment\/_mg_2279\/'><img loading=\"lazy\" decoding=\"async\" width=\"150\" height=\"150\" src=\"https:\/\/spolecznajedynka.pl\/lo\/wp-content\/uploads\/sites\/2\/2026\/04\/MG_2279-150x150.jpg\" class=\"attachment-thumbnail size-thumbnail\" alt=\"\" \/><\/a>\n\t\t\t<\/dt><\/dl><dl class='gallery-item'>\n\t\t\t<dt class='gallery-icon landscape'>\n\t\t\t\t<a href='https:\/\/spolecznajedynka.pl\/lo\/w-dzialaniu\/kongres-samorzadow-uczniowskich-sto-relacja\/attachment\/_mg_2283\/'><img loading=\"lazy\" decoding=\"async\" width=\"150\" height=\"150\" src=\"https:\/\/spolecznajedynka.pl\/lo\/wp-content\/uploads\/sites\/2\/2026\/04\/MG_2283-150x150.jpg\" class=\"attachment-thumbnail size-thumbnail\" alt=\"\" \/><\/a>\n\t\t\t<\/dt><\/dl><dl class='gallery-item'>\n\t\t\t<dt class='gallery-icon landscape'>\n\t\t\t\t<a href='https:\/\/spolecznajedynka.pl\/lo\/w-dzialaniu\/kongres-samorzadow-uczniowskich-sto-relacja\/attachment\/_mg_2292\/'><img loading=\"lazy\" decoding=\"async\" width=\"150\" height=\"150\" src=\"https:\/\/spolecznajedynka.pl\/lo\/wp-content\/uploads\/sites\/2\/2026\/04\/MG_2292-150x150.jpg\" class=\"attachment-thumbnail size-thumbnail\" alt=\"\" \/><\/a>\n\t\t\t<\/dt><\/dl><br style=\"clear: both\" \/><dl class='gallery-item'>\n\t\t\t<dt class='gallery-icon landscape'>\n\t\t\t\t<a href='https:\/\/spolecznajedynka.pl\/lo\/w-dzialaniu\/kongres-samorzadow-uczniowskich-sto-relacja\/attachment\/_mg_2294\/'><img loading=\"lazy\" decoding=\"async\" width=\"150\" height=\"150\" src=\"https:\/\/spolecznajedynka.pl\/lo\/wp-content\/uploads\/sites\/2\/2026\/04\/MG_2294-150x150.jpg\" class=\"attachment-thumbnail size-thumbnail\" alt=\"\" \/><\/a>\n\t\t\t<\/dt><\/dl><dl class='gallery-item'>\n\t\t\t<dt class='gallery-icon landscape'>\n\t\t\t\t<a href='https:\/\/spolecznajedynka.pl\/lo\/w-dzialaniu\/kongres-samorzadow-uczniowskich-sto-relacja\/attachment\/_mg_2299\/'><img loading=\"lazy\" decoding=\"async\" width=\"150\" height=\"150\" src=\"https:\/\/spolecznajedynka.pl\/lo\/wp-content\/uploads\/sites\/2\/2026\/04\/MG_2299-150x150.jpg\" class=\"attachment-thumbnail size-thumbnail\" alt=\"\" \/><\/a>\n\t\t\t<\/dt><\/dl><dl class='gallery-item'>\n\t\t\t<dt class='gallery-icon portrait'>\n\t\t\t\t<a href='https:\/\/spolecznajedynka.pl\/lo\/w-dzialaniu\/kongres-samorzadow-uczniowskich-sto-relacja\/attachment\/_mg_2304\/'><img loading=\"lazy\" decoding=\"async\" width=\"150\" height=\"150\" src=\"https:\/\/spolecznajedynka.pl\/lo\/wp-content\/uploads\/sites\/2\/2026\/04\/MG_2304-150x150.jpg\" class=\"attachment-thumbnail size-thumbnail\" alt=\"\" \/><\/a>\n\t\t\t<\/dt><\/dl><br style=\"clear: both\" \/><dl class='gallery-item'>\n\t\t\t<dt class='gallery-icon landscape'>\n\t\t\t\t<a href='https:\/\/spolecznajedynka.pl\/lo\/w-dzialaniu\/kongres-samorzadow-uczniowskich-sto-relacja\/attachment\/_mg_2314\/'><img loading=\"lazy\" decoding=\"async\" width=\"150\" height=\"150\" src=\"https:\/\/spolecznajedynka.pl\/lo\/wp-content\/uploads\/sites\/2\/2026\/04\/MG_2314-150x150.jpg\" class=\"attachment-thumbnail size-thumbnail\" alt=\"\" \/><\/a>\n\t\t\t<\/dt><\/dl><dl class='gallery-item'>\n\t\t\t<dt class='gallery-icon landscape'>\n\t\t\t\t<a href='https:\/\/spolecznajedynka.pl\/lo\/w-dzialaniu\/kongres-samorzadow-uczniowskich-sto-relacja\/attachment\/_mg_2321\/'><img loading=\"lazy\" decoding=\"async\" width=\"150\" height=\"150\" src=\"https:\/\/spolecznajedynka.pl\/lo\/wp-content\/uploads\/sites\/2\/2026\/04\/MG_2321-150x150.jpg\" class=\"attachment-thumbnail size-thumbnail\" alt=\"\" \/><\/a>\n\t\t\t<\/dt><\/dl><dl class='gallery-item'>\n\t\t\t<dt class='gallery-icon portrait'>\n\t\t\t\t<a href='https:\/\/spolecznajedynka.pl\/lo\/w-dzialaniu\/kongres-samorzadow-uczniowskich-sto-relacja\/attachment\/_mg_2331\/'><img loading=\"lazy\" decoding=\"async\" width=\"150\" height=\"150\" src=\"https:\/\/spolecznajedynka.pl\/lo\/wp-content\/uploads\/sites\/2\/2026\/04\/MG_2331-150x150.jpg\" class=\"attachment-thumbnail size-thumbnail\" alt=\"\" \/><\/a>\n\t\t\t<\/dt><\/dl><br style=\"clear: both\" \/>\n\t\t<\/div>\n\n<hr \/>\n<\/div>\n","protected":false},"excerpt":{"rendered":"<p>W dniach 16-17 kwietnia go\u015bcili\u015bmy przedstawicieli samorz\u0105d\u00f3w uczniowskich o\u015bmiu szk\u00f3\u0142 STO. Organizowany przez nas Kongres Samorz\u0105d\u00f3w Uczniowskich Szk\u00f3\u0142 Ponadpodstawowych STO&#8230;<\/p>\n","protected":false},"author":2,"featured_media":2365,"comment_status":"closed","ping_status":"closed","sticky":false,"template":"","format":"standard","meta":{"_acf_changed":false,"footnotes":""},"categories":[10],"tags":[],"class_list":["post-2305","post","type-post","status-publish","format-standard","has-post-thumbnail","hentry","category-w-dzialaniu"],"acf":[],"yoast_head":"<!-- This site is optimized with the Yoast SEO plugin v27.5 - https:\/\/yoast.com\/product\/yoast-seo-wordpress\/ -->\n<title>Kongres Samorz\u0105d\u00f3w Uczniowskich STO [RELACJA] - Spo\u0142eczne Liceum Og\u00f3lnokszta\u0142c\u0105ce nr 1 w Poznaniu<\/title>\n<meta name=\"robots\" content=\"index, follow, max-snippet:-1, max-image-preview:large, max-video-preview:-1\" \/>\n<link rel=\"canonical\" href=\"https:\/\/spolecznajedynka.pl\/lo\/w-dzialaniu\/kongres-samorzadow-uczniowskich-sto-relacja\/\" \/>\n<meta property=\"og:locale\" content=\"pl_PL\" \/>\n<meta property=\"og:type\" content=\"article\" \/>\n<meta property=\"og:title\" content=\"Kongres Samorz\u0105d\u00f3w Uczniowskich STO [RELACJA] - Spo\u0142eczne Liceum Og\u00f3lnokszta\u0142c\u0105ce nr 1 w Poznaniu\" \/>\n<meta property=\"og:description\" content=\"W dniach 16-17 kwietnia go\u015bcili\u015bmy przedstawicieli samorz\u0105d\u00f3w uczniowskich o\u015bmiu szk\u00f3\u0142 STO. Organizowany przez nas Kongres Samorz\u0105d\u00f3w Uczniowskich Szk\u00f3\u0142 Ponadpodstawowych STO...\" \/>\n<meta property=\"og:url\" content=\"https:\/\/spolecznajedynka.pl\/lo\/w-dzialaniu\/kongres-samorzadow-uczniowskich-sto-relacja\/\" \/>\n<meta property=\"og:site_name\" content=\"Spo\u0142eczne Liceum Og\u00f3lnokszta\u0142c\u0105ce nr 1 w Poznaniu\" \/>\n<meta property=\"article:publisher\" content=\"https:\/\/www.facebook.com\/p\/Liceum-Spoeczna-Jedynka-Pozna-100082885224687\" \/>\n<meta property=\"article:published_time\" content=\"2026-04-22T00:30:32+00:00\" \/>\n<meta property=\"article:modified_time\" content=\"2026-04-22T00:31:10+00:00\" \/>\n<meta property=\"og:image\" content=\"https:\/\/spolecznajedynka.pl\/lo\/wp-content\/uploads\/sites\/2\/2026\/04\/IMG_0074.jpg\" \/>\n\t<meta property=\"og:image:width\" content=\"1620\" \/>\n\t<meta property=\"og:image:height\" content=\"1080\" \/>\n\t<meta property=\"og:image:type\" content=\"image\/jpeg\" \/>\n<meta name=\"author\" content=\"Admin Top\" \/>\n<meta name=\"twitter:card\" content=\"summary_large_image\" \/>\n<meta name=\"twitter:label1\" content=\"Napisane przez\" \/>\n\t<meta name=\"twitter:data1\" content=\"Admin Top\" \/>\n\t<meta name=\"twitter:label2\" content=\"Szacowany czas czytania\" \/>\n\t<meta name=\"twitter:data2\" content=\"2 minuty\" \/>\n<script type=\"application\/ld+json\" class=\"yoast-schema-graph\">{\"@context\":\"https:\\\/\\\/schema.org\",\"@graph\":[{\"@type\":\"Article\",\"@id\":\"https:\\\/\\\/spolecznajedynka.pl\\\/lo\\\/w-dzialaniu\\\/kongres-samorzadow-uczniowskich-sto-relacja\\\/#article\",\"isPartOf\":{\"@id\":\"https:\\\/\\\/spolecznajedynka.pl\\\/lo\\\/w-dzialaniu\\\/kongres-samorzadow-uczniowskich-sto-relacja\\\/\"},\"author\":{\"name\":\"Admin Top\",\"@id\":\"https:\\\/\\\/spolecznajedynka.pl\\\/lo\\\/#\\\/schema\\\/person\\\/2516201558d359d325ddfae4255a4356\"},\"headline\":\"Kongres Samorz\u0105d\u00f3w Uczniowskich STO [RELACJA]\",\"datePublished\":\"2026-04-22T00:30:32+00:00\",\"dateModified\":\"2026-04-22T00:31:10+00:00\",\"mainEntityOfPage\":{\"@id\":\"https:\\\/\\\/spolecznajedynka.pl\\\/lo\\\/w-dzialaniu\\\/kongres-samorzadow-uczniowskich-sto-relacja\\\/\"},\"wordCount\":298,\"publisher\":{\"@id\":\"https:\\\/\\\/spolecznajedynka.pl\\\/lo\\\/#organization\"},\"image\":{\"@id\":\"https:\\\/\\\/spolecznajedynka.pl\\\/lo\\\/w-dzialaniu\\\/kongres-samorzadow-uczniowskich-sto-relacja\\\/#primaryimage\"},\"thumbnailUrl\":\"https:\\\/\\\/spolecznajedynka.pl\\\/lo\\\/wp-content\\\/uploads\\\/sites\\\/2\\\/2026\\\/04\\\/IMG_0074.jpg\",\"articleSection\":[\"W dzia\u0142aniu\"],\"inLanguage\":\"pl-PL\"},{\"@type\":\"WebPage\",\"@id\":\"https:\\\/\\\/spolecznajedynka.pl\\\/lo\\\/w-dzialaniu\\\/kongres-samorzadow-uczniowskich-sto-relacja\\\/\",\"url\":\"https:\\\/\\\/spolecznajedynka.pl\\\/lo\\\/w-dzialaniu\\\/kongres-samorzadow-uczniowskich-sto-relacja\\\/\",\"name\":\"Kongres Samorz\u0105d\u00f3w Uczniowskich STO [RELACJA] - Spo\u0142eczne Liceum Og\u00f3lnokszta\u0142c\u0105ce nr 1 w Poznaniu\",\"isPartOf\":{\"@id\":\"https:\\\/\\\/spolecznajedynka.pl\\\/lo\\\/#website\"},\"primaryImageOfPage\":{\"@id\":\"https:\\\/\\\/spolecznajedynka.pl\\\/lo\\\/w-dzialaniu\\\/kongres-samorzadow-uczniowskich-sto-relacja\\\/#primaryimage\"},\"image\":{\"@id\":\"https:\\\/\\\/spolecznajedynka.pl\\\/lo\\\/w-dzialaniu\\\/kongres-samorzadow-uczniowskich-sto-relacja\\\/#primaryimage\"},\"thumbnailUrl\":\"https:\\\/\\\/spolecznajedynka.pl\\\/lo\\\/wp-content\\\/uploads\\\/sites\\\/2\\\/2026\\\/04\\\/IMG_0074.jpg\",\"datePublished\":\"2026-04-22T00:30:32+00:00\",\"dateModified\":\"2026-04-22T00:31:10+00:00\",\"breadcrumb\":{\"@id\":\"https:\\\/\\\/spolecznajedynka.pl\\\/lo\\\/w-dzialaniu\\\/kongres-samorzadow-uczniowskich-sto-relacja\\\/#breadcrumb\"},\"inLanguage\":\"pl-PL\",\"potentialAction\":[{\"@type\":\"ReadAction\",\"target\":[\"https:\\\/\\\/spolecznajedynka.pl\\\/lo\\\/w-dzialaniu\\\/kongres-samorzadow-uczniowskich-sto-relacja\\\/\"]}]},{\"@type\":\"ImageObject\",\"inLanguage\":\"pl-PL\",\"@id\":\"https:\\\/\\\/spolecznajedynka.pl\\\/lo\\\/w-dzialaniu\\\/kongres-samorzadow-uczniowskich-sto-relacja\\\/#primaryimage\",\"url\":\"https:\\\/\\\/spolecznajedynka.pl\\\/lo\\\/wp-content\\\/uploads\\\/sites\\\/2\\\/2026\\\/04\\\/IMG_0074.jpg\",\"contentUrl\":\"https:\\\/\\\/spolecznajedynka.pl\\\/lo\\\/wp-content\\\/uploads\\\/sites\\\/2\\\/2026\\\/04\\\/IMG_0074.jpg\",\"width\":1620,\"height\":1080},{\"@type\":\"BreadcrumbList\",\"@id\":\"https:\\\/\\\/spolecznajedynka.pl\\\/lo\\\/w-dzialaniu\\\/kongres-samorzadow-uczniowskich-sto-relacja\\\/#breadcrumb\",\"itemListElement\":[{\"@type\":\"ListItem\",\"position\":1,\"name\":\"Strona g\u0142\u00f3wna\",\"item\":\"https:\\\/\\\/spolecznajedynka.pl\\\/lo\\\/\"},{\"@type\":\"ListItem\",\"position\":2,\"name\":\"W dzia\u0142aniu\",\"item\":\"https:\\\/\\\/spolecznajedynka.pl\\\/lo\\\/k\\\/w-dzialaniu\\\/\"},{\"@type\":\"ListItem\",\"position\":3,\"name\":\"Kongres Samorz\u0105d\u00f3w Uczniowskich STO [RELACJA]\"}]},{\"@type\":\"WebSite\",\"@id\":\"https:\\\/\\\/spolecznajedynka.pl\\\/lo\\\/#website\",\"url\":\"https:\\\/\\\/spolecznajedynka.pl\\\/lo\\\/\",\"name\":\"Spo\u0142eczne Liceum Og\u00f3lnokszta\u0142c\u0105ce nr 1 w Poznaniu\",\"description\":\"\",\"publisher\":{\"@id\":\"https:\\\/\\\/spolecznajedynka.pl\\\/lo\\\/#organization\"},\"potentialAction\":[{\"@type\":\"SearchAction\",\"target\":{\"@type\":\"EntryPoint\",\"urlTemplate\":\"https:\\\/\\\/spolecznajedynka.pl\\\/lo\\\/?s={search_term_string}\"},\"query-input\":{\"@type\":\"PropertyValueSpecification\",\"valueRequired\":true,\"valueName\":\"search_term_string\"}}],\"inLanguage\":\"pl-PL\"},{\"@type\":\"Organization\",\"@id\":\"https:\\\/\\\/spolecznajedynka.pl\\\/lo\\\/#organization\",\"name\":\"Spo\u0142eczne Liceum Og\u00f3lnokszta\u0142c\u0105ce nr 1 w Poznaniu\",\"url\":\"https:\\\/\\\/spolecznajedynka.pl\\\/lo\\\/\",\"logo\":{\"@type\":\"ImageObject\",\"inLanguage\":\"pl-PL\",\"@id\":\"https:\\\/\\\/spolecznajedynka.pl\\\/lo\\\/#\\\/schema\\\/logo\\\/image\\\/\",\"url\":\"https:\\\/\\\/spolecznajedynka.pl\\\/lo\\\/wp-content\\\/uploads\\\/sites\\\/2\\\/2023\\\/08\\\/logo-lo.png\",\"contentUrl\":\"https:\\\/\\\/spolecznajedynka.pl\\\/lo\\\/wp-content\\\/uploads\\\/sites\\\/2\\\/2023\\\/08\\\/logo-lo.png\",\"width\":651,\"height\":355,\"caption\":\"Spo\u0142eczne Liceum Og\u00f3lnokszta\u0142c\u0105ce nr 1 w Poznaniu\"},\"image\":{\"@id\":\"https:\\\/\\\/spolecznajedynka.pl\\\/lo\\\/#\\\/schema\\\/logo\\\/image\\\/\"},\"sameAs\":[\"https:\\\/\\\/www.facebook.com\\\/p\\\/Liceum-Spoeczna-Jedynka-Pozna-100082885224687\",\"https:\\\/\\\/www.instagram.com\\\/spolecznajedynka\\\/\",\"https:\\\/\\\/www.tiktok.com\\\/@lospoleczna1\"]},{\"@type\":\"Person\",\"@id\":\"https:\\\/\\\/spolecznajedynka.pl\\\/lo\\\/#\\\/schema\\\/person\\\/2516201558d359d325ddfae4255a4356\",\"name\":\"Admin Top\",\"image\":{\"@type\":\"ImageObject\",\"inLanguage\":\"pl-PL\",\"@id\":\"https:\\\/\\\/secure.gravatar.com\\\/avatar\\\/4faaedc4afabcd882aed6427c06dd9449a4ac635efb8f231a3e4f729e70f1cad?s=96&d=mm&r=g\",\"url\":\"https:\\\/\\\/secure.gravatar.com\\\/avatar\\\/4faaedc4afabcd882aed6427c06dd9449a4ac635efb8f231a3e4f729e70f1cad?s=96&d=mm&r=g\",\"contentUrl\":\"https:\\\/\\\/secure.gravatar.com\\\/avatar\\\/4faaedc4afabcd882aed6427c06dd9449a4ac635efb8f231a3e4f729e70f1cad?s=96&d=mm&r=g\",\"caption\":\"Admin Top\"}}]}<\/script>\n<!-- \/ Yoast SEO plugin. -->","yoast_head_json":{"title":"Kongres Samorz\u0105d\u00f3w Uczniowskich STO [RELACJA] - Spo\u0142eczne Liceum Og\u00f3lnokszta\u0142c\u0105ce nr 1 w Poznaniu","robots":{"index":"index","follow":"follow","max-snippet":"max-snippet:-1","max-image-preview":"max-image-preview:large","max-video-preview":"max-video-preview:-1"},"canonical":"https:\/\/spolecznajedynka.pl\/lo\/w-dzialaniu\/kongres-samorzadow-uczniowskich-sto-relacja\/","og_locale":"pl_PL","og_type":"article","og_title":"Kongres Samorz\u0105d\u00f3w Uczniowskich STO [RELACJA] - Spo\u0142eczne Liceum Og\u00f3lnokszta\u0142c\u0105ce nr 1 w Poznaniu","og_description":"W dniach 16-17 kwietnia go\u015bcili\u015bmy przedstawicieli samorz\u0105d\u00f3w uczniowskich o\u015bmiu szk\u00f3\u0142 STO. Organizowany przez nas Kongres Samorz\u0105d\u00f3w Uczniowskich Szk\u00f3\u0142 Ponadpodstawowych STO...","og_url":"https:\/\/spolecznajedynka.pl\/lo\/w-dzialaniu\/kongres-samorzadow-uczniowskich-sto-relacja\/","og_site_name":"Spo\u0142eczne Liceum Og\u00f3lnokszta\u0142c\u0105ce nr 1 w Poznaniu","article_publisher":"https:\/\/www.facebook.com\/p\/Liceum-Spoeczna-Jedynka-Pozna-100082885224687","article_published_time":"2026-04-22T00:30:32+00:00","article_modified_time":"2026-04-22T00:31:10+00:00","og_image":[{"width":1620,"height":1080,"url":"https:\/\/spolecznajedynka.pl\/lo\/wp-content\/uploads\/sites\/2\/2026\/04\/IMG_0074.jpg","type":"image\/jpeg"}],"author":"Admin Top","twitter_card":"summary_large_image","twitter_misc":{"Napisane przez":"Admin Top","Szacowany czas czytania":"2 minuty"},"schema":{"@context":"https:\/\/schema.org","@graph":[{"@type":"Article","@id":"https:\/\/spolecznajedynka.pl\/lo\/w-dzialaniu\/kongres-samorzadow-uczniowskich-sto-relacja\/#article","isPartOf":{"@id":"https:\/\/spolecznajedynka.pl\/lo\/w-dzialaniu\/kongres-samorzadow-uczniowskich-sto-relacja\/"},"author":{"name":"Admin Top","@id":"https:\/\/spolecznajedynka.pl\/lo\/#\/schema\/person\/2516201558d359d325ddfae4255a4356"},"headline":"Kongres Samorz\u0105d\u00f3w Uczniowskich STO [RELACJA]","datePublished":"2026-04-22T00:30:32+00:00","dateModified":"2026-04-22T00:31:10+00:00","mainEntityOfPage":{"@id":"https:\/\/spolecznajedynka.pl\/lo\/w-dzialaniu\/kongres-samorzadow-uczniowskich-sto-relacja\/"},"wordCount":298,"publisher":{"@id":"https:\/\/spolecznajedynka.pl\/lo\/#organization"},"image":{"@id":"https:\/\/spolecznajedynka.pl\/lo\/w-dzialaniu\/kongres-samorzadow-uczniowskich-sto-relacja\/#primaryimage"},"thumbnailUrl":"https:\/\/spolecznajedynka.pl\/lo\/wp-content\/uploads\/sites\/2\/2026\/04\/IMG_0074.jpg","articleSection":["W dzia\u0142aniu"],"inLanguage":"pl-PL"},{"@type":"WebPage","@id":"https:\/\/spolecznajedynka.pl\/lo\/w-dzialaniu\/kongres-samorzadow-uczniowskich-sto-relacja\/","url":"https:\/\/spolecznajedynka.pl\/lo\/w-dzialaniu\/kongres-samorzadow-uczniowskich-sto-relacja\/","name":"Kongres Samorz\u0105d\u00f3w Uczniowskich STO [RELACJA] - Spo\u0142eczne Liceum Og\u00f3lnokszta\u0142c\u0105ce nr 1 w Poznaniu","isPartOf":{"@id":"https:\/\/spolecznajedynka.pl\/lo\/#website"},"primaryImageOfPage":{"@id":"https:\/\/spolecznajedynka.pl\/lo\/w-dzialaniu\/kongres-samorzadow-uczniowskich-sto-relacja\/#primaryimage"},"image":{"@id":"https:\/\/spolecznajedynka.pl\/lo\/w-dzialaniu\/kongres-samorzadow-uczniowskich-sto-relacja\/#primaryimage"},"thumbnailUrl":"https:\/\/spolecznajedynka.pl\/lo\/wp-content\/uploads\/sites\/2\/2026\/04\/IMG_0074.jpg","datePublished":"2026-04-22T00:30:32+00:00","dateModified":"2026-04-22T00:31:10+00:00","breadcrumb":{"@id":"https:\/\/spolecznajedynka.pl\/lo\/w-dzialaniu\/kongres-samorzadow-uczniowskich-sto-relacja\/#breadcrumb"},"inLanguage":"pl-PL","potentialAction":[{"@type":"ReadAction","target":["https:\/\/spolecznajedynka.pl\/lo\/w-dzialaniu\/kongres-samorzadow-uczniowskich-sto-relacja\/"]}]},{"@type":"ImageObject","inLanguage":"pl-PL","@id":"https:\/\/spolecznajedynka.pl\/lo\/w-dzialaniu\/kongres-samorzadow-uczniowskich-sto-relacja\/#primaryimage","url":"https:\/\/spolecznajedynka.pl\/lo\/wp-content\/uploads\/sites\/2\/2026\/04\/IMG_0074.jpg","contentUrl":"https:\/\/spolecznajedynka.pl\/lo\/wp-content\/uploads\/sites\/2\/2026\/04\/IMG_0074.jpg","width":1620,"height":1080},{"@type":"BreadcrumbList","@id":"https:\/\/spolecznajedynka.pl\/lo\/w-dzialaniu\/kongres-samorzadow-uczniowskich-sto-relacja\/#breadcrumb","itemListElement":[{"@type":"ListItem","position":1,"name":"Strona g\u0142\u00f3wna","item":"https:\/\/spolecznajedynka.pl\/lo\/"},{"@type":"ListItem","position":2,"name":"W dzia\u0142aniu","item":"https:\/\/spolecznajedynka.pl\/lo\/k\/w-dzialaniu\/"},{"@type":"ListItem","position":3,"name":"Kongres Samorz\u0105d\u00f3w Uczniowskich STO [RELACJA]"}]},{"@type":"WebSite","@id":"https:\/\/spolecznajedynka.pl\/lo\/#website","url":"https:\/\/spolecznajedynka.pl\/lo\/","name":"Spo\u0142eczne Liceum Og\u00f3lnokszta\u0142c\u0105ce nr 1 w Poznaniu","description":"","publisher":{"@id":"https:\/\/spolecznajedynka.pl\/lo\/#organization"},"potentialAction":[{"@type":"SearchAction","target":{"@type":"EntryPoint","urlTemplate":"https:\/\/spolecznajedynka.pl\/lo\/?s={search_term_string}"},"query-input":{"@type":"PropertyValueSpecification","valueRequired":true,"valueName":"search_term_string"}}],"inLanguage":"pl-PL"},{"@type":"Organization","@id":"https:\/\/spolecznajedynka.pl\/lo\/#organization","name":"Spo\u0142eczne Liceum Og\u00f3lnokszta\u0142c\u0105ce nr 1 w Poznaniu","url":"https:\/\/spolecznajedynka.pl\/lo\/","logo":{"@type":"ImageObject","inLanguage":"pl-PL","@id":"https:\/\/spolecznajedynka.pl\/lo\/#\/schema\/logo\/image\/","url":"https:\/\/spolecznajedynka.pl\/lo\/wp-content\/uploads\/sites\/2\/2023\/08\/logo-lo.png","contentUrl":"https:\/\/spolecznajedynka.pl\/lo\/wp-content\/uploads\/sites\/2\/2023\/08\/logo-lo.png","width":651,"height":355,"caption":"Spo\u0142eczne Liceum Og\u00f3lnokszta\u0142c\u0105ce nr 1 w Poznaniu"},"image":{"@id":"https:\/\/spolecznajedynka.pl\/lo\/#\/schema\/logo\/image\/"},"sameAs":["https:\/\/www.facebook.com\/p\/Liceum-Spoeczna-Jedynka-Pozna-100082885224687","https:\/\/www.instagram.com\/spolecznajedynka\/","https:\/\/www.tiktok.com\/@lospoleczna1"]},{"@type":"Person","@id":"https:\/\/spolecznajedynka.pl\/lo\/#\/schema\/person\/2516201558d359d325ddfae4255a4356","name":"Admin Top","image":{"@type":"ImageObject","inLanguage":"pl-PL","@id":"https:\/\/secure.gravatar.com\/avatar\/4faaedc4afabcd882aed6427c06dd9449a4ac635efb8f231a3e4f729e70f1cad?s=96&d=mm&r=g","url":"https:\/\/secure.gravatar.com\/avatar\/4faaedc4afabcd882aed6427c06dd9449a4ac635efb8f231a3e4f729e70f1cad?s=96&d=mm&r=g","contentUrl":"https:\/\/secure.gravatar.com\/avatar\/4faaedc4afabcd882aed6427c06dd9449a4ac635efb8f231a3e4f729e70f1cad?s=96&d=mm&r=g","caption":"Admin Top"}}]}},"_links":{"self":[{"href":"https:\/\/spolecznajedynka.pl\/lo\/wp-json\/wp\/v2\/posts\/2305","targetHints":{"allow":["GET"]}}],"collection":[{"href":"https:\/\/spolecznajedynka.pl\/lo\/wp-json\/wp\/v2\/posts"}],"about":[{"href":"https:\/\/spolecznajedynka.pl\/lo\/wp-json\/wp\/v2\/types\/post"}],"author":[{"embeddable":true,"href":"https:\/\/spolecznajedynka.pl\/lo\/wp-json\/wp\/v2\/users\/2"}],"replies":[{"embeddable":true,"href":"https:\/\/spolecznajedynka.pl\/lo\/wp-json\/wp\/v2\/comments?post=2305"}],"version-history":[{"count":1,"href":"https:\/\/spolecznajedynka.pl\/lo\/wp-json\/wp\/v2\/posts\/2305\/revisions"}],"predecessor-version":[{"id":2466,"href":"https:\/\/spolecznajedynka.pl\/lo\/wp-json\/wp\/v2\/posts\/2305\/revisions\/2466"}],"wp:featuredmedia":[{"embeddable":true,"href":"https:\/\/spolecznajedynka.pl\/lo\/wp-json\/wp\/v2\/media\/2365"}],"wp:attachment":[{"href":"https:\/\/spolecznajedynka.pl\/lo\/wp-json\/wp\/v2\/media?parent=2305"}],"wp:term":[{"taxonomy":"category","embeddable":true,"href":"https:\/\/spolecznajedynka.pl\/lo\/wp-json\/wp\/v2\/categories?post=2305"},{"taxonomy":"post_tag","embeddable":true,"href":"https:\/\/spolecznajedynka.pl\/lo\/wp-json\/wp\/v2\/tags?post=2305"}],"curies":[{"name":"wp","href":"https:\/\/api.w.org\/{rel}","templated":true}]}}