{"id":2112,"date":"2025-12-22T06:51:42","date_gmt":"2025-12-22T05:51:42","guid":{"rendered":"https:\/\/spolecznajedynka.pl\/lo\/?p=2112"},"modified":"2025-12-22T06:51:42","modified_gmt":"2025-12-22T05:51:42","slug":"stypendystka-prezesa-rady-ministrow","status":"publish","type":"post","link":"https:\/\/spolecznajedynka.pl\/lo\/osiagniecia\/stypendystka-prezesa-rady-ministrow\/","title":{"rendered":"Stypendystka Prezesa Rady Ministr\u00f3w"},"content":{"rendered":"<p><strong>Z rado\u015bci\u0105 informujemy, \u017ce Martyna Urbanowicz uczennica kl. IVb otrzyma\u0142a Stypendium Prezesa Rady Ministr\u00f3w w roku szkolnym 2025\/2026!<\/strong><\/p>\n<hr \/>\n<p>Martyna w klasie trzeciej otrzyma\u0142a promocj\u0119 z wyr\u00f3\u017cnieniem i uzyska\u0142a najwy\u017csz\u0105 \u015bredni\u0105 ocen w szkole.<\/p>\n<hr \/>\n<p>Uroczyste wr\u0119czenia stypendium przez Wielkopolskiego Kuratora O\u015bwiaty Igora Bykowskiego mia\u0142o miejsce 18 grudnia 2025 w Collegium Iuridicum Novum.<\/p>\n<hr \/>\n<p>Martynie serdecznie gratulujemy i \u017cyczymy dalszych sukces\u00f3w!<\/p>\n<hr \/>\n\n\t\t<style type=\"text\/css\">\n\t\t\t#gallery-1 {\n\t\t\t\tmargin: auto;\n\t\t\t}\n\t\t\t#gallery-1 .gallery-item {\n\t\t\t\tfloat: left;\n\t\t\t\tmargin-top: 10px;\n\t\t\t\ttext-align: center;\n\t\t\t\twidth: 33%;\n\t\t\t}\n\t\t\t#gallery-1 img {\n\t\t\t\tborder: 2px solid #cfcfcf;\n\t\t\t}\n\t\t\t#gallery-1 .gallery-caption {\n\t\t\t\tmargin-left: 0;\n\t\t\t}\n\t\t\t\/* see gallery_shortcode() in wp-includes\/media.php *\/\n\t\t<\/style>\n\t\t<div id='gallery-1' class='gallery galleryid-2112 gallery-columns-3 gallery-size-thumbnail'><dl class='gallery-item'>\n\t\t\t<dt class='gallery-icon portrait'>\n\t\t\t\t<a href='https:\/\/spolecznajedynka.pl\/lo\/osiagniecia\/stypendystka-prezesa-rady-ministrow\/attachment\/ad166599-d810-424a-a900-0a88ffdde21f\/'><img loading=\"lazy\" decoding=\"async\" width=\"150\" height=\"150\" src=\"https:\/\/spolecznajedynka.pl\/lo\/wp-content\/uploads\/sites\/2\/2025\/12\/AD166599-D810-424A-A900-0A88FFDDE21F-150x150.jpeg\" class=\"attachment-thumbnail size-thumbnail\" alt=\"\" \/><\/a>\n\t\t\t<\/dt><\/dl><dl class='gallery-item'>\n\t\t\t<dt class='gallery-icon landscape'>\n\t\t\t\t<a href='https:\/\/spolecznajedynka.pl\/lo\/osiagniecia\/stypendystka-prezesa-rady-ministrow\/attachment\/d3449244-f07a-4e78-8d5e-56bd8426fe95\/'><img loading=\"lazy\" decoding=\"async\" width=\"150\" height=\"150\" src=\"https:\/\/spolecznajedynka.pl\/lo\/wp-content\/uploads\/sites\/2\/2025\/12\/D3449244-F07A-4E78-8D5E-56BD8426FE95-scaled-e1766382689974-150x150.jpeg\" class=\"attachment-thumbnail size-thumbnail\" alt=\"\" srcset=\"https:\/\/spolecznajedynka.pl\/lo\/wp-content\/uploads\/sites\/2\/2025\/12\/D3449244-F07A-4E78-8D5E-56BD8426FE95-scaled-e1766382689974-150x150.jpeg 150w, https:\/\/spolecznajedynka.pl\/lo\/wp-content\/uploads\/sites\/2\/2025\/12\/D3449244-F07A-4E78-8D5E-56BD8426FE95-scaled-e1766382689974-300x300.jpeg 300w, https:\/\/spolecznajedynka.pl\/lo\/wp-content\/uploads\/sites\/2\/2025\/12\/D3449244-F07A-4E78-8D5E-56BD8426FE95-scaled-e1766382689974-1024x1024.jpeg 1024w, https:\/\/spolecznajedynka.pl\/lo\/wp-content\/uploads\/sites\/2\/2025\/12\/D3449244-F07A-4E78-8D5E-56BD8426FE95-scaled-e1766382689974-768x768.jpeg 768w, https:\/\/spolecznajedynka.pl\/lo\/wp-content\/uploads\/sites\/2\/2025\/12\/D3449244-F07A-4E78-8D5E-56BD8426FE95-scaled-e1766382689974-1536x1536.jpeg 1536w, https:\/\/spolecznajedynka.pl\/lo\/wp-content\/uploads\/sites\/2\/2025\/12\/D3449244-F07A-4E78-8D5E-56BD8426FE95-scaled-e1766382689974.jpeg 1647w\" sizes=\"auto, (max-width: 150px) 100vw, 150px\" \/><\/a>\n\t\t\t<\/dt><\/dl>\n\t\t\t<br style='clear: both' \/>\n\t\t<\/div>\n\n","protected":false},"excerpt":{"rendered":"<p>Z rado\u015bci\u0105 informujemy, \u017ce Martyna Urbanowicz uczennica kl. IVb otrzyma\u0142a Stypendium Prezesa Rady Ministr\u00f3w w roku szkolnym 2025\/2026! Martyna w&#8230;<\/p>\n","protected":false},"author":2,"featured_media":2113,"comment_status":"closed","ping_status":"closed","sticky":false,"template":"","format":"standard","meta":{"_acf_changed":false,"footnotes":""},"categories":[13],"tags":[],"class_list":["post-2112","post","type-post","status-publish","format-standard","has-post-thumbnail","hentry","category-osiagniecia"],"acf":[],"yoast_head":"<!-- This site is optimized with the Yoast SEO plugin v27.5 - https:\/\/yoast.com\/product\/yoast-seo-wordpress\/ -->\n<title>Stypendystka Prezesa Rady Ministr\u00f3w - Spo\u0142eczne Liceum Og\u00f3lnokszta\u0142c\u0105ce nr 1 w Poznaniu<\/title>\n<meta name=\"robots\" content=\"index, follow, max-snippet:-1, max-image-preview:large, max-video-preview:-1\" \/>\n<link rel=\"canonical\" href=\"https:\/\/spolecznajedynka.pl\/lo\/osiagniecia\/stypendystka-prezesa-rady-ministrow\/\" \/>\n<meta property=\"og:locale\" content=\"pl_PL\" \/>\n<meta property=\"og:type\" content=\"article\" \/>\n<meta property=\"og:title\" content=\"Stypendystka Prezesa Rady Ministr\u00f3w - Spo\u0142eczne Liceum Og\u00f3lnokszta\u0142c\u0105ce nr 1 w Poznaniu\" \/>\n<meta property=\"og:description\" content=\"Z rado\u015bci\u0105 informujemy, \u017ce Martyna Urbanowicz uczennica kl. IVb otrzyma\u0142a Stypendium Prezesa Rady Ministr\u00f3w w roku szkolnym 2025\/2026! Martyna w...\" \/>\n<meta property=\"og:url\" content=\"https:\/\/spolecznajedynka.pl\/lo\/osiagniecia\/stypendystka-prezesa-rady-ministrow\/\" \/>\n<meta property=\"og:site_name\" content=\"Spo\u0142eczne Liceum Og\u00f3lnokszta\u0142c\u0105ce nr 1 w Poznaniu\" \/>\n<meta property=\"article:publisher\" content=\"https:\/\/www.facebook.com\/p\/Liceum-Spoeczna-Jedynka-Pozna-100082885224687\" \/>\n<meta property=\"article:published_time\" content=\"2025-12-22T05:51:42+00:00\" \/>\n<meta property=\"og:image\" content=\"https:\/\/spolecznajedynka.pl\/lo\/wp-content\/uploads\/sites\/2\/2025\/12\/D3449244-F07A-4E78-8D5E-56BD8426FE95-scaled-e1766382689974.jpeg\" \/>\n\t<meta property=\"og:image:width\" content=\"1647\" \/>\n\t<meta property=\"og:image:height\" content=\"1647\" \/>\n\t<meta property=\"og:image:type\" content=\"image\/jpeg\" \/>\n<meta name=\"author\" content=\"Admin Top\" \/>\n<meta name=\"twitter:card\" content=\"summary_large_image\" \/>\n<meta name=\"twitter:label1\" content=\"Napisane przez\" \/>\n\t<meta name=\"twitter:data1\" content=\"Admin Top\" \/>\n\t<meta name=\"twitter:label2\" content=\"Szacowany czas czytania\" \/>\n\t<meta name=\"twitter:data2\" content=\"1 minuta\" \/>\n<script type=\"application\/ld+json\" class=\"yoast-schema-graph\">{\"@context\":\"https:\\\/\\\/schema.org\",\"@graph\":[{\"@type\":\"Article\",\"@id\":\"https:\\\/\\\/spolecznajedynka.pl\\\/lo\\\/osiagniecia\\\/stypendystka-prezesa-rady-ministrow\\\/#article\",\"isPartOf\":{\"@id\":\"https:\\\/\\\/spolecznajedynka.pl\\\/lo\\\/osiagniecia\\\/stypendystka-prezesa-rady-ministrow\\\/\"},\"author\":{\"name\":\"Admin Top\",\"@id\":\"https:\\\/\\\/spolecznajedynka.pl\\\/lo\\\/#\\\/schema\\\/person\\\/2516201558d359d325ddfae4255a4356\"},\"headline\":\"Stypendystka Prezesa Rady Ministr\u00f3w\",\"datePublished\":\"2025-12-22T05:51:42+00:00\",\"mainEntityOfPage\":{\"@id\":\"https:\\\/\\\/spolecznajedynka.pl\\\/lo\\\/osiagniecia\\\/stypendystka-prezesa-rady-ministrow\\\/\"},\"wordCount\":73,\"publisher\":{\"@id\":\"https:\\\/\\\/spolecznajedynka.pl\\\/lo\\\/#organization\"},\"image\":{\"@id\":\"https:\\\/\\\/spolecznajedynka.pl\\\/lo\\\/osiagniecia\\\/stypendystka-prezesa-rady-ministrow\\\/#primaryimage\"},\"thumbnailUrl\":\"https:\\\/\\\/spolecznajedynka.pl\\\/lo\\\/wp-content\\\/uploads\\\/sites\\\/2\\\/2025\\\/12\\\/D3449244-F07A-4E78-8D5E-56BD8426FE95-scaled-e1766382689974.jpeg\",\"articleSection\":[\"Osi\u0105gni\u0119cia\"],\"inLanguage\":\"pl-PL\"},{\"@type\":\"WebPage\",\"@id\":\"https:\\\/\\\/spolecznajedynka.pl\\\/lo\\\/osiagniecia\\\/stypendystka-prezesa-rady-ministrow\\\/\",\"url\":\"https:\\\/\\\/spolecznajedynka.pl\\\/lo\\\/osiagniecia\\\/stypendystka-prezesa-rady-ministrow\\\/\",\"name\":\"Stypendystka Prezesa Rady Ministr\u00f3w - Spo\u0142eczne Liceum Og\u00f3lnokszta\u0142c\u0105ce nr 1 w Poznaniu\",\"isPartOf\":{\"@id\":\"https:\\\/\\\/spolecznajedynka.pl\\\/lo\\\/#website\"},\"primaryImageOfPage\":{\"@id\":\"https:\\\/\\\/spolecznajedynka.pl\\\/lo\\\/osiagniecia\\\/stypendystka-prezesa-rady-ministrow\\\/#primaryimage\"},\"image\":{\"@id\":\"https:\\\/\\\/spolecznajedynka.pl\\\/lo\\\/osiagniecia\\\/stypendystka-prezesa-rady-ministrow\\\/#primaryimage\"},\"thumbnailUrl\":\"https:\\\/\\\/spolecznajedynka.pl\\\/lo\\\/wp-content\\\/uploads\\\/sites\\\/2\\\/2025\\\/12\\\/D3449244-F07A-4E78-8D5E-56BD8426FE95-scaled-e1766382689974.jpeg\",\"datePublished\":\"2025-12-22T05:51:42+00:00\",\"breadcrumb\":{\"@id\":\"https:\\\/\\\/spolecznajedynka.pl\\\/lo\\\/osiagniecia\\\/stypendystka-prezesa-rady-ministrow\\\/#breadcrumb\"},\"inLanguage\":\"pl-PL\",\"potentialAction\":[{\"@type\":\"ReadAction\",\"target\":[\"https:\\\/\\\/spolecznajedynka.pl\\\/lo\\\/osiagniecia\\\/stypendystka-prezesa-rady-ministrow\\\/\"]}]},{\"@type\":\"ImageObject\",\"inLanguage\":\"pl-PL\",\"@id\":\"https:\\\/\\\/spolecznajedynka.pl\\\/lo\\\/osiagniecia\\\/stypendystka-prezesa-rady-ministrow\\\/#primaryimage\",\"url\":\"https:\\\/\\\/spolecznajedynka.pl\\\/lo\\\/wp-content\\\/uploads\\\/sites\\\/2\\\/2025\\\/12\\\/D3449244-F07A-4E78-8D5E-56BD8426FE95-scaled-e1766382689974.jpeg\",\"contentUrl\":\"https:\\\/\\\/spolecznajedynka.pl\\\/lo\\\/wp-content\\\/uploads\\\/sites\\\/2\\\/2025\\\/12\\\/D3449244-F07A-4E78-8D5E-56BD8426FE95-scaled-e1766382689974.jpeg\",\"width\":1647,\"height\":1647},{\"@type\":\"BreadcrumbList\",\"@id\":\"https:\\\/\\\/spolecznajedynka.pl\\\/lo\\\/osiagniecia\\\/stypendystka-prezesa-rady-ministrow\\\/#breadcrumb\",\"itemListElement\":[{\"@type\":\"ListItem\",\"position\":1,\"name\":\"Strona g\u0142\u00f3wna\",\"item\":\"https:\\\/\\\/spolecznajedynka.pl\\\/lo\\\/\"},{\"@type\":\"ListItem\",\"position\":2,\"name\":\"Osi\u0105gni\u0119cia\",\"item\":\"https:\\\/\\\/spolecznajedynka.pl\\\/lo\\\/k\\\/osiagniecia\\\/\"},{\"@type\":\"ListItem\",\"position\":3,\"name\":\"Stypendystka Prezesa Rady Ministr\u00f3w\"}]},{\"@type\":\"WebSite\",\"@id\":\"https:\\\/\\\/spolecznajedynka.pl\\\/lo\\\/#website\",\"url\":\"https:\\\/\\\/spolecznajedynka.pl\\\/lo\\\/\",\"name\":\"Spo\u0142eczne Liceum Og\u00f3lnokszta\u0142c\u0105ce nr 1 w Poznaniu\",\"description\":\"\",\"publisher\":{\"@id\":\"https:\\\/\\\/spolecznajedynka.pl\\\/lo\\\/#organization\"},\"potentialAction\":[{\"@type\":\"SearchAction\",\"target\":{\"@type\":\"EntryPoint\",\"urlTemplate\":\"https:\\\/\\\/spolecznajedynka.pl\\\/lo\\\/?s={search_term_string}\"},\"query-input\":{\"@type\":\"PropertyValueSpecification\",\"valueRequired\":true,\"valueName\":\"search_term_string\"}}],\"inLanguage\":\"pl-PL\"},{\"@type\":\"Organization\",\"@id\":\"https:\\\/\\\/spolecznajedynka.pl\\\/lo\\\/#organization\",\"name\":\"Spo\u0142eczne Liceum Og\u00f3lnokszta\u0142c\u0105ce nr 1 w Poznaniu\",\"url\":\"https:\\\/\\\/spolecznajedynka.pl\\\/lo\\\/\",\"logo\":{\"@type\":\"ImageObject\",\"inLanguage\":\"pl-PL\",\"@id\":\"https:\\\/\\\/spolecznajedynka.pl\\\/lo\\\/#\\\/schema\\\/logo\\\/image\\\/\",\"url\":\"https:\\\/\\\/spolecznajedynka.pl\\\/lo\\\/wp-content\\\/uploads\\\/sites\\\/2\\\/2023\\\/08\\\/logo-lo.png\",\"contentUrl\":\"https:\\\/\\\/spolecznajedynka.pl\\\/lo\\\/wp-content\\\/uploads\\\/sites\\\/2\\\/2023\\\/08\\\/logo-lo.png\",\"width\":651,\"height\":355,\"caption\":\"Spo\u0142eczne Liceum Og\u00f3lnokszta\u0142c\u0105ce nr 1 w Poznaniu\"},\"image\":{\"@id\":\"https:\\\/\\\/spolecznajedynka.pl\\\/lo\\\/#\\\/schema\\\/logo\\\/image\\\/\"},\"sameAs\":[\"https:\\\/\\\/www.facebook.com\\\/p\\\/Liceum-Spoeczna-Jedynka-Pozna-100082885224687\",\"https:\\\/\\\/www.instagram.com\\\/spolecznajedynka\\\/\",\"https:\\\/\\\/www.tiktok.com\\\/@lospoleczna1\"]},{\"@type\":\"Person\",\"@id\":\"https:\\\/\\\/spolecznajedynka.pl\\\/lo\\\/#\\\/schema\\\/person\\\/2516201558d359d325ddfae4255a4356\",\"name\":\"Admin Top\",\"image\":{\"@type\":\"ImageObject\",\"inLanguage\":\"pl-PL\",\"@id\":\"https:\\\/\\\/secure.gravatar.com\\\/avatar\\\/4faaedc4afabcd882aed6427c06dd9449a4ac635efb8f231a3e4f729e70f1cad?s=96&d=mm&r=g\",\"url\":\"https:\\\/\\\/secure.gravatar.com\\\/avatar\\\/4faaedc4afabcd882aed6427c06dd9449a4ac635efb8f231a3e4f729e70f1cad?s=96&d=mm&r=g\",\"contentUrl\":\"https:\\\/\\\/secure.gravatar.com\\\/avatar\\\/4faaedc4afabcd882aed6427c06dd9449a4ac635efb8f231a3e4f729e70f1cad?s=96&d=mm&r=g\",\"caption\":\"Admin Top\"}}]}<\/script>\n<!-- \/ Yoast SEO plugin. -->","yoast_head_json":{"title":"Stypendystka Prezesa Rady Ministr\u00f3w - Spo\u0142eczne Liceum Og\u00f3lnokszta\u0142c\u0105ce nr 1 w Poznaniu","robots":{"index":"index","follow":"follow","max-snippet":"max-snippet:-1","max-image-preview":"max-image-preview:large","max-video-preview":"max-video-preview:-1"},"canonical":"https:\/\/spolecznajedynka.pl\/lo\/osiagniecia\/stypendystka-prezesa-rady-ministrow\/","og_locale":"pl_PL","og_type":"article","og_title":"Stypendystka Prezesa Rady Ministr\u00f3w - Spo\u0142eczne Liceum Og\u00f3lnokszta\u0142c\u0105ce nr 1 w Poznaniu","og_description":"Z rado\u015bci\u0105 informujemy, \u017ce Martyna Urbanowicz uczennica kl. IVb otrzyma\u0142a Stypendium Prezesa Rady Ministr\u00f3w w roku szkolnym 2025\/2026! Martyna w...","og_url":"https:\/\/spolecznajedynka.pl\/lo\/osiagniecia\/stypendystka-prezesa-rady-ministrow\/","og_site_name":"Spo\u0142eczne Liceum Og\u00f3lnokszta\u0142c\u0105ce nr 1 w Poznaniu","article_publisher":"https:\/\/www.facebook.com\/p\/Liceum-Spoeczna-Jedynka-Pozna-100082885224687","article_published_time":"2025-12-22T05:51:42+00:00","og_image":[{"width":1647,"height":1647,"url":"https:\/\/spolecznajedynka.pl\/lo\/wp-content\/uploads\/sites\/2\/2025\/12\/D3449244-F07A-4E78-8D5E-56BD8426FE95-scaled-e1766382689974.jpeg","type":"image\/jpeg"}],"author":"Admin Top","twitter_card":"summary_large_image","twitter_misc":{"Napisane przez":"Admin Top","Szacowany czas czytania":"1 minuta"},"schema":{"@context":"https:\/\/schema.org","@graph":[{"@type":"Article","@id":"https:\/\/spolecznajedynka.pl\/lo\/osiagniecia\/stypendystka-prezesa-rady-ministrow\/#article","isPartOf":{"@id":"https:\/\/spolecznajedynka.pl\/lo\/osiagniecia\/stypendystka-prezesa-rady-ministrow\/"},"author":{"name":"Admin Top","@id":"https:\/\/spolecznajedynka.pl\/lo\/#\/schema\/person\/2516201558d359d325ddfae4255a4356"},"headline":"Stypendystka Prezesa Rady Ministr\u00f3w","datePublished":"2025-12-22T05:51:42+00:00","mainEntityOfPage":{"@id":"https:\/\/spolecznajedynka.pl\/lo\/osiagniecia\/stypendystka-prezesa-rady-ministrow\/"},"wordCount":73,"publisher":{"@id":"https:\/\/spolecznajedynka.pl\/lo\/#organization"},"image":{"@id":"https:\/\/spolecznajedynka.pl\/lo\/osiagniecia\/stypendystka-prezesa-rady-ministrow\/#primaryimage"},"thumbnailUrl":"https:\/\/spolecznajedynka.pl\/lo\/wp-content\/uploads\/sites\/2\/2025\/12\/D3449244-F07A-4E78-8D5E-56BD8426FE95-scaled-e1766382689974.jpeg","articleSection":["Osi\u0105gni\u0119cia"],"inLanguage":"pl-PL"},{"@type":"WebPage","@id":"https:\/\/spolecznajedynka.pl\/lo\/osiagniecia\/stypendystka-prezesa-rady-ministrow\/","url":"https:\/\/spolecznajedynka.pl\/lo\/osiagniecia\/stypendystka-prezesa-rady-ministrow\/","name":"Stypendystka Prezesa Rady Ministr\u00f3w - Spo\u0142eczne Liceum Og\u00f3lnokszta\u0142c\u0105ce nr 1 w Poznaniu","isPartOf":{"@id":"https:\/\/spolecznajedynka.pl\/lo\/#website"},"primaryImageOfPage":{"@id":"https:\/\/spolecznajedynka.pl\/lo\/osiagniecia\/stypendystka-prezesa-rady-ministrow\/#primaryimage"},"image":{"@id":"https:\/\/spolecznajedynka.pl\/lo\/osiagniecia\/stypendystka-prezesa-rady-ministrow\/#primaryimage"},"thumbnailUrl":"https:\/\/spolecznajedynka.pl\/lo\/wp-content\/uploads\/sites\/2\/2025\/12\/D3449244-F07A-4E78-8D5E-56BD8426FE95-scaled-e1766382689974.jpeg","datePublished":"2025-12-22T05:51:42+00:00","breadcrumb":{"@id":"https:\/\/spolecznajedynka.pl\/lo\/osiagniecia\/stypendystka-prezesa-rady-ministrow\/#breadcrumb"},"inLanguage":"pl-PL","potentialAction":[{"@type":"ReadAction","target":["https:\/\/spolecznajedynka.pl\/lo\/osiagniecia\/stypendystka-prezesa-rady-ministrow\/"]}]},{"@type":"ImageObject","inLanguage":"pl-PL","@id":"https:\/\/spolecznajedynka.pl\/lo\/osiagniecia\/stypendystka-prezesa-rady-ministrow\/#primaryimage","url":"https:\/\/spolecznajedynka.pl\/lo\/wp-content\/uploads\/sites\/2\/2025\/12\/D3449244-F07A-4E78-8D5E-56BD8426FE95-scaled-e1766382689974.jpeg","contentUrl":"https:\/\/spolecznajedynka.pl\/lo\/wp-content\/uploads\/sites\/2\/2025\/12\/D3449244-F07A-4E78-8D5E-56BD8426FE95-scaled-e1766382689974.jpeg","width":1647,"height":1647},{"@type":"BreadcrumbList","@id":"https:\/\/spolecznajedynka.pl\/lo\/osiagniecia\/stypendystka-prezesa-rady-ministrow\/#breadcrumb","itemListElement":[{"@type":"ListItem","position":1,"name":"Strona g\u0142\u00f3wna","item":"https:\/\/spolecznajedynka.pl\/lo\/"},{"@type":"ListItem","position":2,"name":"Osi\u0105gni\u0119cia","item":"https:\/\/spolecznajedynka.pl\/lo\/k\/osiagniecia\/"},{"@type":"ListItem","position":3,"name":"Stypendystka Prezesa Rady Ministr\u00f3w"}]},{"@type":"WebSite","@id":"https:\/\/spolecznajedynka.pl\/lo\/#website","url":"https:\/\/spolecznajedynka.pl\/lo\/","name":"Spo\u0142eczne Liceum Og\u00f3lnokszta\u0142c\u0105ce nr 1 w Poznaniu","description":"","publisher":{"@id":"https:\/\/spolecznajedynka.pl\/lo\/#organization"},"potentialAction":[{"@type":"SearchAction","target":{"@type":"EntryPoint","urlTemplate":"https:\/\/spolecznajedynka.pl\/lo\/?s={search_term_string}"},"query-input":{"@type":"PropertyValueSpecification","valueRequired":true,"valueName":"search_term_string"}}],"inLanguage":"pl-PL"},{"@type":"Organization","@id":"https:\/\/spolecznajedynka.pl\/lo\/#organization","name":"Spo\u0142eczne Liceum Og\u00f3lnokszta\u0142c\u0105ce nr 1 w Poznaniu","url":"https:\/\/spolecznajedynka.pl\/lo\/","logo":{"@type":"ImageObject","inLanguage":"pl-PL","@id":"https:\/\/spolecznajedynka.pl\/lo\/#\/schema\/logo\/image\/","url":"https:\/\/spolecznajedynka.pl\/lo\/wp-content\/uploads\/sites\/2\/2023\/08\/logo-lo.png","contentUrl":"https:\/\/spolecznajedynka.pl\/lo\/wp-content\/uploads\/sites\/2\/2023\/08\/logo-lo.png","width":651,"height":355,"caption":"Spo\u0142eczne Liceum Og\u00f3lnokszta\u0142c\u0105ce nr 1 w Poznaniu"},"image":{"@id":"https:\/\/spolecznajedynka.pl\/lo\/#\/schema\/logo\/image\/"},"sameAs":["https:\/\/www.facebook.com\/p\/Liceum-Spoeczna-Jedynka-Pozna-100082885224687","https:\/\/www.instagram.com\/spolecznajedynka\/","https:\/\/www.tiktok.com\/@lospoleczna1"]},{"@type":"Person","@id":"https:\/\/spolecznajedynka.pl\/lo\/#\/schema\/person\/2516201558d359d325ddfae4255a4356","name":"Admin Top","image":{"@type":"ImageObject","inLanguage":"pl-PL","@id":"https:\/\/secure.gravatar.com\/avatar\/4faaedc4afabcd882aed6427c06dd9449a4ac635efb8f231a3e4f729e70f1cad?s=96&d=mm&r=g","url":"https:\/\/secure.gravatar.com\/avatar\/4faaedc4afabcd882aed6427c06dd9449a4ac635efb8f231a3e4f729e70f1cad?s=96&d=mm&r=g","contentUrl":"https:\/\/secure.gravatar.com\/avatar\/4faaedc4afabcd882aed6427c06dd9449a4ac635efb8f231a3e4f729e70f1cad?s=96&d=mm&r=g","caption":"Admin Top"}}]}},"_links":{"self":[{"href":"https:\/\/spolecznajedynka.pl\/lo\/wp-json\/wp\/v2\/posts\/2112","targetHints":{"allow":["GET"]}}],"collection":[{"href":"https:\/\/spolecznajedynka.pl\/lo\/wp-json\/wp\/v2\/posts"}],"about":[{"href":"https:\/\/spolecznajedynka.pl\/lo\/wp-json\/wp\/v2\/types\/post"}],"author":[{"embeddable":true,"href":"https:\/\/spolecznajedynka.pl\/lo\/wp-json\/wp\/v2\/users\/2"}],"replies":[{"embeddable":true,"href":"https:\/\/spolecznajedynka.pl\/lo\/wp-json\/wp\/v2\/comments?post=2112"}],"version-history":[{"count":1,"href":"https:\/\/spolecznajedynka.pl\/lo\/wp-json\/wp\/v2\/posts\/2112\/revisions"}],"predecessor-version":[{"id":2115,"href":"https:\/\/spolecznajedynka.pl\/lo\/wp-json\/wp\/v2\/posts\/2112\/revisions\/2115"}],"wp:featuredmedia":[{"embeddable":true,"href":"https:\/\/spolecznajedynka.pl\/lo\/wp-json\/wp\/v2\/media\/2113"}],"wp:attachment":[{"href":"https:\/\/spolecznajedynka.pl\/lo\/wp-json\/wp\/v2\/media?parent=2112"}],"wp:term":[{"taxonomy":"category","embeddable":true,"href":"https:\/\/spolecznajedynka.pl\/lo\/wp-json\/wp\/v2\/categories?post=2112"},{"taxonomy":"post_tag","embeddable":true,"href":"https:\/\/spolecznajedynka.pl\/lo\/wp-json\/wp\/v2\/tags?post=2112"}],"curies":[{"name":"wp","href":"https:\/\/api.w.org\/{rel}","templated":true}]}}