{"id":1995,"date":"2025-11-05T06:20:42","date_gmt":"2025-11-05T05:20:42","guid":{"rendered":"https:\/\/spolecznajedynka.pl\/lo\/?p=1995"},"modified":"2025-11-05T06:20:42","modified_gmt":"2025-11-05T05:20:42","slug":"obchody-narodowego-swieta-niepodleglosci-plan","status":"publish","type":"post","link":"https:\/\/spolecznajedynka.pl\/lo\/komunikaty\/obchody-narodowego-swieta-niepodleglosci-plan\/","title":{"rendered":"Obchody Narodowego \u015awi\u0119ta Niepodleg\u0142o\u015bci [PLAN]"},"content":{"rendered":"<p>W pi\u0105tek w naszym Liceum odb\u0119dzie si\u0119\u00a0<strong>\u015awi\u0119to Szko\u0142y<\/strong>, po\u0142\u0105czone z obchodami\u00a0<strong>Narodowego \u015awi\u0119ta Niepodleg\u0142o\u015bci<\/strong>.<\/p>\n<hr \/>\n<p>Uroczysto\u015b\u0107 rozpocznie si\u0119\u00a0<strong>Msz\u0105 \u015awi\u0119t\u0105 o godz. 9:00<\/strong>\u00a0w Ko\u015bciele \u015awi\u0119tej Rodziny, po\u0142\u0105czon\u0105 z og\u00f3lnopolsk\u0105 akcj\u0105\u00a0<strong>\u201eSzko\u0142a do hymnu\u201d<\/strong>.<\/p>\n<p>Po wsp\u00f3lnej modlitwie uczniowie powr\u00f3c\u0105 do szko\u0142y, gdzie o\u00a0<strong>10:05<\/strong>\u00a0odb\u0119dzie si\u0119\u00a0<strong>wyk\u0142ad Micha\u0142a Bussa<\/strong>\u00a0\u2013 studenta, nauczyciela j\u0119zyk\u00f3w obcych i pasjonata wieloj\u0119zyczno\u015bci.<br \/>\nWyst\u0105pienie pt.\u00a0<em>\u201eUczenie si\u0119 j\u0119zyk\u00f3w obcych jako przygoda na ca\u0142e \u017cycie\u201d<\/em>\u00a0po\u015bwi\u0119cone b\u0119dzie motywacji, strategiom nauki oraz wykorzystaniu nowoczesnych narz\u0119dzi w rozwijaniu kompetencji j\u0119zykowych.<\/p>\n<p dir=\"ltr\">Uczenie si\u0119 j\u0119zyk\u00f3w obcych mo\u017ce by\u0107 przygod\u0105 na ca\u0142e \u017cycie \u2013 pe\u0142n\u0105 wyzwa\u0144, ale te\u017c satysfakcji i odkry\u0107. Podczas wyst\u0105pienia opowiem o swojej drodze do wieloj\u0119zyczno\u015bci: jak zacz\u0119\u0142a si\u0119 moja pasja do j\u0119zyk\u00f3w, co pomaga\u0142o mi w nauce, a co j\u0105 utrudnia\u0142o. Zastanowimy si\u0119 wsp\u00f3lnie, dlaczego niekt\u00f3rzy szybko trac\u0105 motywacj\u0119, a inni potrafi\u0105 z przyjemno\u015bci\u0105 rozwija\u0107 swoje umiej\u0119tno\u015bci przez lata.<\/p>\n<p dir=\"ltr\">W drugiej cz\u0119\u015bci przedstawi\u0119 sprawdzone strategie skutecznej nauki j\u0119zyk\u00f3w \u2013 od prostych technik pami\u0119ciowych i pracy z kontekstem po wykorzystanie sztucznej inteligencji i medi\u00f3w spo\u0142eczno\u015bciowych w codziennej nauce. Celem spotkania jest pokazanie, \u017ce ka\u017cdy mo\u017ce znale\u017a\u0107 w\u0142asny styl uczenia si\u0119 j\u0119zyk\u00f3w \u2013 niezale\u017cnie od wieku, poziomu czy do\u015bwiadcze\u0144.<\/p>\n<p>Po wyk\u0142adzie uczniowie zaproszeni zostan\u0105 do wsp\u00f3lnego \u015bwi\u0119towania w klasach przy tradycyjnych rogalach \u015bwi\u0119tomarci\u0144skich.<\/p>\n<p>Na zako\u0144czenie dnia, o\u00a0<strong>13:00<\/strong>, odb\u0119dzie si\u0119\u00a0<strong>apel z okazji \u015awi\u0119ta Niepodleg\u0142o\u015bci<\/strong>. Zako\u0144czenie zaj\u0119\u0107 planowane jest oko\u0142o\u00a0<strong>13:40<\/strong>.<\/p>\n<p><strong>W tym dniu obowi\u0105zuje str\u00f3j galowy.<\/strong><\/p>\n","protected":false},"excerpt":{"rendered":"<p>W pi\u0105tek w naszym Liceum odb\u0119dzie si\u0119\u00a0\u015awi\u0119to Szko\u0142y, po\u0142\u0105czone z obchodami\u00a0Narodowego \u015awi\u0119ta Niepodleg\u0142o\u015bci. Uroczysto\u015b\u0107 rozpocznie si\u0119\u00a0Msz\u0105 \u015awi\u0119t\u0105 o godz. 9:00\u00a0w&#8230;<\/p>\n","protected":false},"author":2,"featured_media":0,"comment_status":"closed","ping_status":"closed","sticky":false,"template":"","format":"standard","meta":{"_acf_changed":false,"footnotes":""},"categories":[5],"tags":[],"class_list":["post-1995","post","type-post","status-publish","format-standard","hentry","category-komunikaty"],"acf":[],"yoast_head":"<!-- This site is optimized with the Yoast SEO plugin v27.5 - https:\/\/yoast.com\/product\/yoast-seo-wordpress\/ -->\n<title>Obchody Narodowego \u015awi\u0119ta Niepodleg\u0142o\u015bci [PLAN] - Spo\u0142eczne Liceum Og\u00f3lnokszta\u0142c\u0105ce nr 1 w Poznaniu<\/title>\n<meta name=\"robots\" content=\"index, follow, max-snippet:-1, max-image-preview:large, max-video-preview:-1\" \/>\n<link rel=\"canonical\" href=\"https:\/\/spolecznajedynka.pl\/lo\/komunikaty\/obchody-narodowego-swieta-niepodleglosci-plan\/\" \/>\n<meta property=\"og:locale\" content=\"pl_PL\" \/>\n<meta property=\"og:type\" content=\"article\" \/>\n<meta property=\"og:title\" content=\"Obchody Narodowego \u015awi\u0119ta Niepodleg\u0142o\u015bci [PLAN] - Spo\u0142eczne Liceum Og\u00f3lnokszta\u0142c\u0105ce nr 1 w Poznaniu\" \/>\n<meta property=\"og:description\" content=\"W pi\u0105tek w naszym Liceum odb\u0119dzie si\u0119\u00a0\u015awi\u0119to Szko\u0142y, po\u0142\u0105czone z obchodami\u00a0Narodowego \u015awi\u0119ta Niepodleg\u0142o\u015bci. Uroczysto\u015b\u0107 rozpocznie si\u0119\u00a0Msz\u0105 \u015awi\u0119t\u0105 o godz. 9:00\u00a0w...\" \/>\n<meta property=\"og:url\" content=\"https:\/\/spolecznajedynka.pl\/lo\/komunikaty\/obchody-narodowego-swieta-niepodleglosci-plan\/\" \/>\n<meta property=\"og:site_name\" content=\"Spo\u0142eczne Liceum Og\u00f3lnokszta\u0142c\u0105ce nr 1 w Poznaniu\" \/>\n<meta property=\"article:publisher\" content=\"https:\/\/www.facebook.com\/p\/Liceum-Spoeczna-Jedynka-Pozna-100082885224687\" \/>\n<meta property=\"article:published_time\" content=\"2025-11-05T05:20:42+00:00\" \/>\n<meta name=\"author\" content=\"Admin Top\" \/>\n<meta name=\"twitter:card\" content=\"summary_large_image\" \/>\n<meta name=\"twitter:label1\" content=\"Napisane przez\" \/>\n\t<meta name=\"twitter:data1\" content=\"Admin Top\" \/>\n\t<meta name=\"twitter:label2\" content=\"Szacowany czas czytania\" \/>\n\t<meta name=\"twitter:data2\" content=\"2 minuty\" \/>\n<script type=\"application\/ld+json\" class=\"yoast-schema-graph\">{\"@context\":\"https:\\\/\\\/schema.org\",\"@graph\":[{\"@type\":\"Article\",\"@id\":\"https:\\\/\\\/spolecznajedynka.pl\\\/lo\\\/komunikaty\\\/obchody-narodowego-swieta-niepodleglosci-plan\\\/#article\",\"isPartOf\":{\"@id\":\"https:\\\/\\\/spolecznajedynka.pl\\\/lo\\\/komunikaty\\\/obchody-narodowego-swieta-niepodleglosci-plan\\\/\"},\"author\":{\"name\":\"Admin Top\",\"@id\":\"https:\\\/\\\/spolecznajedynka.pl\\\/lo\\\/#\\\/schema\\\/person\\\/2516201558d359d325ddfae4255a4356\"},\"headline\":\"Obchody Narodowego \u015awi\u0119ta Niepodleg\u0142o\u015bci [PLAN]\",\"datePublished\":\"2025-11-05T05:20:42+00:00\",\"mainEntityOfPage\":{\"@id\":\"https:\\\/\\\/spolecznajedynka.pl\\\/lo\\\/komunikaty\\\/obchody-narodowego-swieta-niepodleglosci-plan\\\/\"},\"wordCount\":306,\"publisher\":{\"@id\":\"https:\\\/\\\/spolecznajedynka.pl\\\/lo\\\/#organization\"},\"articleSection\":[\"Komunikaty\"],\"inLanguage\":\"pl-PL\"},{\"@type\":\"WebPage\",\"@id\":\"https:\\\/\\\/spolecznajedynka.pl\\\/lo\\\/komunikaty\\\/obchody-narodowego-swieta-niepodleglosci-plan\\\/\",\"url\":\"https:\\\/\\\/spolecznajedynka.pl\\\/lo\\\/komunikaty\\\/obchody-narodowego-swieta-niepodleglosci-plan\\\/\",\"name\":\"Obchody Narodowego \u015awi\u0119ta Niepodleg\u0142o\u015bci [PLAN] - Spo\u0142eczne Liceum Og\u00f3lnokszta\u0142c\u0105ce nr 1 w Poznaniu\",\"isPartOf\":{\"@id\":\"https:\\\/\\\/spolecznajedynka.pl\\\/lo\\\/#website\"},\"datePublished\":\"2025-11-05T05:20:42+00:00\",\"breadcrumb\":{\"@id\":\"https:\\\/\\\/spolecznajedynka.pl\\\/lo\\\/komunikaty\\\/obchody-narodowego-swieta-niepodleglosci-plan\\\/#breadcrumb\"},\"inLanguage\":\"pl-PL\",\"potentialAction\":[{\"@type\":\"ReadAction\",\"target\":[\"https:\\\/\\\/spolecznajedynka.pl\\\/lo\\\/komunikaty\\\/obchody-narodowego-swieta-niepodleglosci-plan\\\/\"]}]},{\"@type\":\"BreadcrumbList\",\"@id\":\"https:\\\/\\\/spolecznajedynka.pl\\\/lo\\\/komunikaty\\\/obchody-narodowego-swieta-niepodleglosci-plan\\\/#breadcrumb\",\"itemListElement\":[{\"@type\":\"ListItem\",\"position\":1,\"name\":\"Strona g\u0142\u00f3wna\",\"item\":\"https:\\\/\\\/spolecznajedynka.pl\\\/lo\\\/\"},{\"@type\":\"ListItem\",\"position\":2,\"name\":\"Komunikaty\",\"item\":\"https:\\\/\\\/spolecznajedynka.pl\\\/lo\\\/k\\\/komunikaty\\\/\"},{\"@type\":\"ListItem\",\"position\":3,\"name\":\"Obchody Narodowego \u015awi\u0119ta Niepodleg\u0142o\u015bci [PLAN]\"}]},{\"@type\":\"WebSite\",\"@id\":\"https:\\\/\\\/spolecznajedynka.pl\\\/lo\\\/#website\",\"url\":\"https:\\\/\\\/spolecznajedynka.pl\\\/lo\\\/\",\"name\":\"Spo\u0142eczne Liceum Og\u00f3lnokszta\u0142c\u0105ce nr 1 w Poznaniu\",\"description\":\"\",\"publisher\":{\"@id\":\"https:\\\/\\\/spolecznajedynka.pl\\\/lo\\\/#organization\"},\"potentialAction\":[{\"@type\":\"SearchAction\",\"target\":{\"@type\":\"EntryPoint\",\"urlTemplate\":\"https:\\\/\\\/spolecznajedynka.pl\\\/lo\\\/?s={search_term_string}\"},\"query-input\":{\"@type\":\"PropertyValueSpecification\",\"valueRequired\":true,\"valueName\":\"search_term_string\"}}],\"inLanguage\":\"pl-PL\"},{\"@type\":\"Organization\",\"@id\":\"https:\\\/\\\/spolecznajedynka.pl\\\/lo\\\/#organization\",\"name\":\"Spo\u0142eczne Liceum Og\u00f3lnokszta\u0142c\u0105ce nr 1 w Poznaniu\",\"url\":\"https:\\\/\\\/spolecznajedynka.pl\\\/lo\\\/\",\"logo\":{\"@type\":\"ImageObject\",\"inLanguage\":\"pl-PL\",\"@id\":\"https:\\\/\\\/spolecznajedynka.pl\\\/lo\\\/#\\\/schema\\\/logo\\\/image\\\/\",\"url\":\"https:\\\/\\\/spolecznajedynka.pl\\\/lo\\\/wp-content\\\/uploads\\\/sites\\\/2\\\/2023\\\/08\\\/logo-lo.png\",\"contentUrl\":\"https:\\\/\\\/spolecznajedynka.pl\\\/lo\\\/wp-content\\\/uploads\\\/sites\\\/2\\\/2023\\\/08\\\/logo-lo.png\",\"width\":651,\"height\":355,\"caption\":\"Spo\u0142eczne Liceum Og\u00f3lnokszta\u0142c\u0105ce nr 1 w Poznaniu\"},\"image\":{\"@id\":\"https:\\\/\\\/spolecznajedynka.pl\\\/lo\\\/#\\\/schema\\\/logo\\\/image\\\/\"},\"sameAs\":[\"https:\\\/\\\/www.facebook.com\\\/p\\\/Liceum-Spoeczna-Jedynka-Pozna-100082885224687\",\"https:\\\/\\\/www.instagram.com\\\/spolecznajedynka\\\/\",\"https:\\\/\\\/www.tiktok.com\\\/@lospoleczna1\"]},{\"@type\":\"Person\",\"@id\":\"https:\\\/\\\/spolecznajedynka.pl\\\/lo\\\/#\\\/schema\\\/person\\\/2516201558d359d325ddfae4255a4356\",\"name\":\"Admin Top\",\"image\":{\"@type\":\"ImageObject\",\"inLanguage\":\"pl-PL\",\"@id\":\"https:\\\/\\\/secure.gravatar.com\\\/avatar\\\/4faaedc4afabcd882aed6427c06dd9449a4ac635efb8f231a3e4f729e70f1cad?s=96&d=mm&r=g\",\"url\":\"https:\\\/\\\/secure.gravatar.com\\\/avatar\\\/4faaedc4afabcd882aed6427c06dd9449a4ac635efb8f231a3e4f729e70f1cad?s=96&d=mm&r=g\",\"contentUrl\":\"https:\\\/\\\/secure.gravatar.com\\\/avatar\\\/4faaedc4afabcd882aed6427c06dd9449a4ac635efb8f231a3e4f729e70f1cad?s=96&d=mm&r=g\",\"caption\":\"Admin Top\"}}]}<\/script>\n<!-- \/ Yoast SEO plugin. -->","yoast_head_json":{"title":"Obchody Narodowego \u015awi\u0119ta Niepodleg\u0142o\u015bci [PLAN] - Spo\u0142eczne Liceum Og\u00f3lnokszta\u0142c\u0105ce nr 1 w Poznaniu","robots":{"index":"index","follow":"follow","max-snippet":"max-snippet:-1","max-image-preview":"max-image-preview:large","max-video-preview":"max-video-preview:-1"},"canonical":"https:\/\/spolecznajedynka.pl\/lo\/komunikaty\/obchody-narodowego-swieta-niepodleglosci-plan\/","og_locale":"pl_PL","og_type":"article","og_title":"Obchody Narodowego \u015awi\u0119ta Niepodleg\u0142o\u015bci [PLAN] - Spo\u0142eczne Liceum Og\u00f3lnokszta\u0142c\u0105ce nr 1 w Poznaniu","og_description":"W pi\u0105tek w naszym Liceum odb\u0119dzie si\u0119\u00a0\u015awi\u0119to Szko\u0142y, po\u0142\u0105czone z obchodami\u00a0Narodowego \u015awi\u0119ta Niepodleg\u0142o\u015bci. Uroczysto\u015b\u0107 rozpocznie si\u0119\u00a0Msz\u0105 \u015awi\u0119t\u0105 o godz. 9:00\u00a0w...","og_url":"https:\/\/spolecznajedynka.pl\/lo\/komunikaty\/obchody-narodowego-swieta-niepodleglosci-plan\/","og_site_name":"Spo\u0142eczne Liceum Og\u00f3lnokszta\u0142c\u0105ce nr 1 w Poznaniu","article_publisher":"https:\/\/www.facebook.com\/p\/Liceum-Spoeczna-Jedynka-Pozna-100082885224687","article_published_time":"2025-11-05T05:20:42+00:00","author":"Admin Top","twitter_card":"summary_large_image","twitter_misc":{"Napisane przez":"Admin Top","Szacowany czas czytania":"2 minuty"},"schema":{"@context":"https:\/\/schema.org","@graph":[{"@type":"Article","@id":"https:\/\/spolecznajedynka.pl\/lo\/komunikaty\/obchody-narodowego-swieta-niepodleglosci-plan\/#article","isPartOf":{"@id":"https:\/\/spolecznajedynka.pl\/lo\/komunikaty\/obchody-narodowego-swieta-niepodleglosci-plan\/"},"author":{"name":"Admin Top","@id":"https:\/\/spolecznajedynka.pl\/lo\/#\/schema\/person\/2516201558d359d325ddfae4255a4356"},"headline":"Obchody Narodowego \u015awi\u0119ta Niepodleg\u0142o\u015bci [PLAN]","datePublished":"2025-11-05T05:20:42+00:00","mainEntityOfPage":{"@id":"https:\/\/spolecznajedynka.pl\/lo\/komunikaty\/obchody-narodowego-swieta-niepodleglosci-plan\/"},"wordCount":306,"publisher":{"@id":"https:\/\/spolecznajedynka.pl\/lo\/#organization"},"articleSection":["Komunikaty"],"inLanguage":"pl-PL"},{"@type":"WebPage","@id":"https:\/\/spolecznajedynka.pl\/lo\/komunikaty\/obchody-narodowego-swieta-niepodleglosci-plan\/","url":"https:\/\/spolecznajedynka.pl\/lo\/komunikaty\/obchody-narodowego-swieta-niepodleglosci-plan\/","name":"Obchody Narodowego \u015awi\u0119ta Niepodleg\u0142o\u015bci [PLAN] - Spo\u0142eczne Liceum Og\u00f3lnokszta\u0142c\u0105ce nr 1 w Poznaniu","isPartOf":{"@id":"https:\/\/spolecznajedynka.pl\/lo\/#website"},"datePublished":"2025-11-05T05:20:42+00:00","breadcrumb":{"@id":"https:\/\/spolecznajedynka.pl\/lo\/komunikaty\/obchody-narodowego-swieta-niepodleglosci-plan\/#breadcrumb"},"inLanguage":"pl-PL","potentialAction":[{"@type":"ReadAction","target":["https:\/\/spolecznajedynka.pl\/lo\/komunikaty\/obchody-narodowego-swieta-niepodleglosci-plan\/"]}]},{"@type":"BreadcrumbList","@id":"https:\/\/spolecznajedynka.pl\/lo\/komunikaty\/obchody-narodowego-swieta-niepodleglosci-plan\/#breadcrumb","itemListElement":[{"@type":"ListItem","position":1,"name":"Strona g\u0142\u00f3wna","item":"https:\/\/spolecznajedynka.pl\/lo\/"},{"@type":"ListItem","position":2,"name":"Komunikaty","item":"https:\/\/spolecznajedynka.pl\/lo\/k\/komunikaty\/"},{"@type":"ListItem","position":3,"name":"Obchody Narodowego \u015awi\u0119ta Niepodleg\u0142o\u015bci [PLAN]"}]},{"@type":"WebSite","@id":"https:\/\/spolecznajedynka.pl\/lo\/#website","url":"https:\/\/spolecznajedynka.pl\/lo\/","name":"Spo\u0142eczne Liceum Og\u00f3lnokszta\u0142c\u0105ce nr 1 w Poznaniu","description":"","publisher":{"@id":"https:\/\/spolecznajedynka.pl\/lo\/#organization"},"potentialAction":[{"@type":"SearchAction","target":{"@type":"EntryPoint","urlTemplate":"https:\/\/spolecznajedynka.pl\/lo\/?s={search_term_string}"},"query-input":{"@type":"PropertyValueSpecification","valueRequired":true,"valueName":"search_term_string"}}],"inLanguage":"pl-PL"},{"@type":"Organization","@id":"https:\/\/spolecznajedynka.pl\/lo\/#organization","name":"Spo\u0142eczne Liceum Og\u00f3lnokszta\u0142c\u0105ce nr 1 w Poznaniu","url":"https:\/\/spolecznajedynka.pl\/lo\/","logo":{"@type":"ImageObject","inLanguage":"pl-PL","@id":"https:\/\/spolecznajedynka.pl\/lo\/#\/schema\/logo\/image\/","url":"https:\/\/spolecznajedynka.pl\/lo\/wp-content\/uploads\/sites\/2\/2023\/08\/logo-lo.png","contentUrl":"https:\/\/spolecznajedynka.pl\/lo\/wp-content\/uploads\/sites\/2\/2023\/08\/logo-lo.png","width":651,"height":355,"caption":"Spo\u0142eczne Liceum Og\u00f3lnokszta\u0142c\u0105ce nr 1 w Poznaniu"},"image":{"@id":"https:\/\/spolecznajedynka.pl\/lo\/#\/schema\/logo\/image\/"},"sameAs":["https:\/\/www.facebook.com\/p\/Liceum-Spoeczna-Jedynka-Pozna-100082885224687","https:\/\/www.instagram.com\/spolecznajedynka\/","https:\/\/www.tiktok.com\/@lospoleczna1"]},{"@type":"Person","@id":"https:\/\/spolecznajedynka.pl\/lo\/#\/schema\/person\/2516201558d359d325ddfae4255a4356","name":"Admin Top","image":{"@type":"ImageObject","inLanguage":"pl-PL","@id":"https:\/\/secure.gravatar.com\/avatar\/4faaedc4afabcd882aed6427c06dd9449a4ac635efb8f231a3e4f729e70f1cad?s=96&d=mm&r=g","url":"https:\/\/secure.gravatar.com\/avatar\/4faaedc4afabcd882aed6427c06dd9449a4ac635efb8f231a3e4f729e70f1cad?s=96&d=mm&r=g","contentUrl":"https:\/\/secure.gravatar.com\/avatar\/4faaedc4afabcd882aed6427c06dd9449a4ac635efb8f231a3e4f729e70f1cad?s=96&d=mm&r=g","caption":"Admin Top"}}]}},"_links":{"self":[{"href":"https:\/\/spolecznajedynka.pl\/lo\/wp-json\/wp\/v2\/posts\/1995","targetHints":{"allow":["GET"]}}],"collection":[{"href":"https:\/\/spolecznajedynka.pl\/lo\/wp-json\/wp\/v2\/posts"}],"about":[{"href":"https:\/\/spolecznajedynka.pl\/lo\/wp-json\/wp\/v2\/types\/post"}],"author":[{"embeddable":true,"href":"https:\/\/spolecznajedynka.pl\/lo\/wp-json\/wp\/v2\/users\/2"}],"replies":[{"embeddable":true,"href":"https:\/\/spolecznajedynka.pl\/lo\/wp-json\/wp\/v2\/comments?post=1995"}],"version-history":[{"count":1,"href":"https:\/\/spolecznajedynka.pl\/lo\/wp-json\/wp\/v2\/posts\/1995\/revisions"}],"predecessor-version":[{"id":1996,"href":"https:\/\/spolecznajedynka.pl\/lo\/wp-json\/wp\/v2\/posts\/1995\/revisions\/1996"}],"wp:attachment":[{"href":"https:\/\/spolecznajedynka.pl\/lo\/wp-json\/wp\/v2\/media?parent=1995"}],"wp:term":[{"taxonomy":"category","embeddable":true,"href":"https:\/\/spolecznajedynka.pl\/lo\/wp-json\/wp\/v2\/categories?post=1995"},{"taxonomy":"post_tag","embeddable":true,"href":"https:\/\/spolecznajedynka.pl\/lo\/wp-json\/wp\/v2\/tags?post=1995"}],"curies":[{"name":"wp","href":"https:\/\/api.w.org\/{rel}","templated":true}]}}