{"id":1653,"date":"2025-05-29T04:46:05","date_gmt":"2025-05-29T02:46:05","guid":{"rendered":"https:\/\/spolecznajedynka.pl\/lo\/?p=1653"},"modified":"2025-05-29T04:53:25","modified_gmt":"2025-05-29T02:53:25","slug":"pamiec-o-powstancach-wielkopolskich-spotkanie","status":"publish","type":"post","link":"https:\/\/spolecznajedynka.pl\/lo\/poza-lekcjami\/pamiec-o-powstancach-wielkopolskich-spotkanie\/","title":{"rendered":"Pami\u0119\u0107 o powsta\u0144cach wielkopolskich [SPOTKANIE]"},"content":{"rendered":"<div class=\"\" data-block=\"true\" data-editor=\"9tot\" data-offset-key=\"f2q68-0-0\">\n<div class=\"_1mf _1mj\" data-offset-key=\"f2q68-0-0\"><strong>Jeden z naszych go\u015bci reprezentowa\u0142 Wydzia\u0142 Kultury Urz\u0119du Miasta Poznania.<\/strong><\/div>\n<\/div>\n<div class=\"\" data-block=\"true\" data-editor=\"9tot\" data-offset-key=\"1v3v5-0-0\">\n<div class=\"_1mf _1mj\" data-offset-key=\"1v3v5-0-0\"><strong>Drugi &#8211; kieruje na co dzie\u0144 niezwyk\u0142ymi badaniami.\u00a0<\/strong><\/div>\n<\/div>\n<div class=\"\" data-block=\"true\" data-editor=\"9tot\" data-offset-key=\"adev7-0-0\">\n<div class=\"_1mf _1mj\" data-offset-key=\"adev7-0-0\"><strong>Obydwaj opowiadali o tym, w jaki spos\u00f3b mo\u017cna uratowa\u0107 od zapomnienia bohater\u00f3w wydarze\u0144 sprzed ponad 100 lat.<\/strong><\/div>\n<\/div>\n<div data-offset-key=\"adev7-0-0\">\n<hr \/>\n<\/div>\n<div class=\"\" data-block=\"true\" data-editor=\"9tot\" data-offset-key=\"3n61q-0-0\">\n<div class=\"_1mf _1mj\" data-offset-key=\"3n61q-0-0\"><span data-offset-key=\"3n61q-0-0\">\u00a0<\/span><\/div>\n<\/div>\n<div class=\"\" data-block=\"true\" data-editor=\"9tot\" data-offset-key=\"7ll8b-0-0\">\n<div class=\"_1mf _1mj\" data-offset-key=\"7ll8b-0-0\"><span data-offset-key=\"7ll8b-0-0\">We wtorek 20 maja go\u015bcili\u015bmy pan\u00f3w: Rafa\u0142a Ratajczaka z Urz\u0119du Miasta oraz Artura Tyczy\u0144skiego, kt\u00f3ry kieruje poszukiwaniami oraz utrzymywaniem w porz\u0105dku grob\u00f3w powsta\u0144c\u00f3w wielkopolskich. <\/span><\/div>\n<\/div>\n<div class=\"\" data-block=\"true\" data-editor=\"9tot\" data-offset-key=\"fbcoj-0-0\">\n<div class=\"_1mf _1mj\" data-offset-key=\"fbcoj-0-0\"><span data-offset-key=\"fbcoj-0-0\">\u00a0<\/span><\/div>\n<\/div>\n<div class=\"\" data-block=\"true\" data-editor=\"9tot\" data-offset-key=\"3htic-0-0\">\n<div class=\"_1mf _1mj\" data-offset-key=\"3htic-0-0\"><span data-offset-key=\"3htic-0-0\">Spotkanie dostarczy\u0142o mn\u00f3stwo eksperckiej wiedzy!\u00a0<\/span><\/div>\n<\/div>\n<div class=\"\" data-block=\"true\" data-editor=\"9tot\" data-offset-key=\"cafdh-0-0\">\n<div class=\"_1mf _1mj\" data-offset-key=\"cafdh-0-0\"><span data-offset-key=\"cafdh-0-0\">Liceali\u015bci dowiedzieli si\u0119, jakimi metodami poszukuje si\u0119 powsta\u0144czych grob\u00f3w i w jaki spos\u00f3b mo\u017cna je zidentyfikowa\u0107 (co okaza\u0142o si\u0119 prac\u0105 o wiele bardziej anga\u017cuj\u0105ca ni\u017c samo sprz\u0105tanie nagrobk\u00f3w). <\/span><\/div>\n<\/div>\n<div class=\"\" data-block=\"true\" data-editor=\"9tot\" data-offset-key=\"dbmo3-0-0\">\n<div class=\"_1mf _1mj\" data-offset-key=\"dbmo3-0-0\"><span data-offset-key=\"dbmo3-0-0\">\u00a0<\/span><\/div>\n<\/div>\n<div class=\"\" data-block=\"true\" data-editor=\"9tot\" data-offset-key=\"68d6s-0-0\">\n<div class=\"_1mf _1mj\" data-offset-key=\"68d6s-0-0\"><span data-offset-key=\"68d6s-0-0\">Nasi uczniowie i uczennice przygotowuj\u0105 si\u0119 do wsparcia tej inicjatywy!\u00a0<\/span><\/div>\n<\/div>\n<div data-offset-key=\"68d6s-0-0\"><\/div>\n<div data-offset-key=\"68d6s-0-0\">\n\n\t\t<style type=\"text\/css\">\n\t\t\t#gallery-1 {\n\t\t\t\tmargin: auto;\n\t\t\t}\n\t\t\t#gallery-1 .gallery-item {\n\t\t\t\tfloat: left;\n\t\t\t\tmargin-top: 10px;\n\t\t\t\ttext-align: center;\n\t\t\t\twidth: 33%;\n\t\t\t}\n\t\t\t#gallery-1 img {\n\t\t\t\tborder: 2px solid #cfcfcf;\n\t\t\t}\n\t\t\t#gallery-1 .gallery-caption {\n\t\t\t\tmargin-left: 0;\n\t\t\t}\n\t\t\t\/* see gallery_shortcode() in wp-includes\/media.php *\/\n\t\t<\/style>\n\t\t<div id='gallery-1' class='gallery galleryid-1653 gallery-columns-3 gallery-size-thumbnail'><dl class='gallery-item'>\n\t\t\t<dt class='gallery-icon landscape'>\n\t\t\t\t<a href='https:\/\/spolecznajedynka.pl\/lo\/poza-lekcjami\/pamiec-o-powstancach-wielkopolskich-spotkanie\/attachment\/500761672_703264792446355_2475591581608610490_n\/'><img loading=\"lazy\" decoding=\"async\" width=\"150\" height=\"150\" src=\"https:\/\/spolecznajedynka.pl\/lo\/wp-content\/uploads\/sites\/2\/2025\/05\/500761672_703264792446355_2475591581608610490_n-150x150.jpg\" class=\"attachment-thumbnail size-thumbnail\" alt=\"\" srcset=\"https:\/\/spolecznajedynka.pl\/lo\/wp-content\/uploads\/sites\/2\/2025\/05\/500761672_703264792446355_2475591581608610490_n-150x150.jpg 150w, https:\/\/spolecznajedynka.pl\/lo\/wp-content\/uploads\/sites\/2\/2025\/05\/500761672_703264792446355_2475591581608610490_n-300x300.jpg 300w, https:\/\/spolecznajedynka.pl\/lo\/wp-content\/uploads\/sites\/2\/2025\/05\/500761672_703264792446355_2475591581608610490_n-1024x1024.jpg 1024w, https:\/\/spolecznajedynka.pl\/lo\/wp-content\/uploads\/sites\/2\/2025\/05\/500761672_703264792446355_2475591581608610490_n-768x768.jpg 768w, https:\/\/spolecznajedynka.pl\/lo\/wp-content\/uploads\/sites\/2\/2025\/05\/500761672_703264792446355_2475591581608610490_n.jpg 1532w\" sizes=\"auto, (max-width: 150px) 100vw, 150px\" \/><\/a>\n\t\t\t<\/dt><\/dl><dl class='gallery-item'>\n\t\t\t<dt class='gallery-icon landscape'>\n\t\t\t\t<a href='https:\/\/spolecznajedynka.pl\/lo\/poza-lekcjami\/pamiec-o-powstancach-wielkopolskich-spotkanie\/attachment\/501224600_703264919113009_3855108582163439246_n\/'><img loading=\"lazy\" decoding=\"async\" width=\"150\" height=\"150\" src=\"https:\/\/spolecznajedynka.pl\/lo\/wp-content\/uploads\/sites\/2\/2025\/05\/501224600_703264919113009_3855108582163439246_n-150x150.jpg\" class=\"attachment-thumbnail size-thumbnail\" alt=\"\" srcset=\"https:\/\/spolecznajedynka.pl\/lo\/wp-content\/uploads\/sites\/2\/2025\/05\/501224600_703264919113009_3855108582163439246_n-150x150.jpg 150w, https:\/\/spolecznajedynka.pl\/lo\/wp-content\/uploads\/sites\/2\/2025\/05\/501224600_703264919113009_3855108582163439246_n-300x300.jpg 300w, https:\/\/spolecznajedynka.pl\/lo\/wp-content\/uploads\/sites\/2\/2025\/05\/501224600_703264919113009_3855108582163439246_n-1024x1024.jpg 1024w, https:\/\/spolecznajedynka.pl\/lo\/wp-content\/uploads\/sites\/2\/2025\/05\/501224600_703264919113009_3855108582163439246_n-768x768.jpg 768w, https:\/\/spolecznajedynka.pl\/lo\/wp-content\/uploads\/sites\/2\/2025\/05\/501224600_703264919113009_3855108582163439246_n.jpg 1532w\" sizes=\"auto, (max-width: 150px) 100vw, 150px\" \/><\/a>\n\t\t\t<\/dt><\/dl><dl class='gallery-item'>\n\t\t\t<dt class='gallery-icon landscape'>\n\t\t\t\t<a href='https:\/\/spolecznajedynka.pl\/lo\/poza-lekcjami\/pamiec-o-powstancach-wielkopolskich-spotkanie\/attachment\/500763062_703260342446800_2283216565639908366_n\/'><img loading=\"lazy\" decoding=\"async\" width=\"150\" height=\"150\" src=\"https:\/\/spolecznajedynka.pl\/lo\/wp-content\/uploads\/sites\/2\/2025\/05\/500763062_703260342446800_2283216565639908366_n-150x150.jpg\" class=\"attachment-thumbnail size-thumbnail\" alt=\"\" srcset=\"https:\/\/spolecznajedynka.pl\/lo\/wp-content\/uploads\/sites\/2\/2025\/05\/500763062_703260342446800_2283216565639908366_n-150x150.jpg 150w, https:\/\/spolecznajedynka.pl\/lo\/wp-content\/uploads\/sites\/2\/2025\/05\/500763062_703260342446800_2283216565639908366_n-300x300.jpg 300w, https:\/\/spolecznajedynka.pl\/lo\/wp-content\/uploads\/sites\/2\/2025\/05\/500763062_703260342446800_2283216565639908366_n-1024x1024.jpg 1024w, https:\/\/spolecznajedynka.pl\/lo\/wp-content\/uploads\/sites\/2\/2025\/05\/500763062_703260342446800_2283216565639908366_n-768x768.jpg 768w, https:\/\/spolecznajedynka.pl\/lo\/wp-content\/uploads\/sites\/2\/2025\/05\/500763062_703260342446800_2283216565639908366_n.jpg 1532w\" sizes=\"auto, (max-width: 150px) 100vw, 150px\" \/><\/a>\n\t\t\t<\/dt><\/dl><br style=\"clear: both\" \/>\n\t\t<\/div>\n\n<\/div>\n<div class=\"\" data-block=\"true\" data-editor=\"9tot\" data-offset-key=\"2mgr0-0-0\">\n<div class=\"_1mf _1mj\" data-offset-key=\"2mgr0-0-0\"><span data-offset-key=\"2mgr0-0-0\">\u00a0<\/span><\/div>\n<\/div>\n<div class=\"\" data-block=\"true\" data-editor=\"9tot\" data-offset-key=\"2rn64-0-0\">\n<div class=\"_1mf _1mj\" data-offset-key=\"2rn64-0-0\"><\/div>\n<\/div>\n<div class=\"\" data-block=\"true\" data-editor=\"9tot\" data-offset-key=\"38ju0-0-0\"><\/div>\n<div data-block=\"true\" data-editor=\"9tot\" data-offset-key=\"38ju0-0-0\"><\/div>\n","protected":false},"excerpt":{"rendered":"<p>Jeden z naszych go\u015bci reprezentowa\u0142 Wydzia\u0142 Kultury Urz\u0119du Miasta Poznania. Drugi &#8211; kieruje na co dzie\u0144 niezwyk\u0142ymi badaniami.\u00a0 Obydwaj opowiadali&#8230;<\/p>\n","protected":false},"author":2,"featured_media":1655,"comment_status":"closed","ping_status":"closed","sticky":false,"template":"","format":"standard","meta":{"_acf_changed":false,"footnotes":""},"categories":[11],"tags":[],"class_list":["post-1653","post","type-post","status-publish","format-standard","has-post-thumbnail","hentry","category-poza-lekcjami"],"acf":[],"yoast_head":"<!-- This site is optimized with the Yoast SEO plugin v27.5 - https:\/\/yoast.com\/product\/yoast-seo-wordpress\/ -->\n<title>Pami\u0119\u0107 o powsta\u0144cach wielkopolskich [SPOTKANIE] - Spo\u0142eczne Liceum Og\u00f3lnokszta\u0142c\u0105ce nr 1 w Poznaniu<\/title>\n<meta name=\"robots\" content=\"index, follow, max-snippet:-1, max-image-preview:large, max-video-preview:-1\" \/>\n<link rel=\"canonical\" href=\"https:\/\/spolecznajedynka.pl\/lo\/poza-lekcjami\/pamiec-o-powstancach-wielkopolskich-spotkanie\/\" \/>\n<meta property=\"og:locale\" content=\"pl_PL\" \/>\n<meta property=\"og:type\" content=\"article\" \/>\n<meta property=\"og:title\" content=\"Pami\u0119\u0107 o powsta\u0144cach wielkopolskich [SPOTKANIE] - Spo\u0142eczne Liceum Og\u00f3lnokszta\u0142c\u0105ce nr 1 w Poznaniu\" \/>\n<meta property=\"og:description\" content=\"Jeden z naszych go\u015bci reprezentowa\u0142 Wydzia\u0142 Kultury Urz\u0119du Miasta Poznania. Drugi &#8211; kieruje na co dzie\u0144 niezwyk\u0142ymi badaniami.\u00a0 Obydwaj opowiadali...\" \/>\n<meta property=\"og:url\" content=\"https:\/\/spolecznajedynka.pl\/lo\/poza-lekcjami\/pamiec-o-powstancach-wielkopolskich-spotkanie\/\" \/>\n<meta property=\"og:site_name\" content=\"Spo\u0142eczne Liceum Og\u00f3lnokszta\u0142c\u0105ce nr 1 w Poznaniu\" \/>\n<meta property=\"article:publisher\" content=\"https:\/\/www.facebook.com\/p\/Liceum-Spoeczna-Jedynka-Pozna-100082885224687\" \/>\n<meta property=\"article:published_time\" content=\"2025-05-29T02:46:05+00:00\" \/>\n<meta property=\"article:modified_time\" content=\"2025-05-29T02:53:25+00:00\" \/>\n<meta property=\"og:image\" content=\"https:\/\/spolecznajedynka.pl\/lo\/wp-content\/uploads\/sites\/2\/2025\/05\/500761672_703264792446355_2475591581608610490_n.jpg\" \/>\n\t<meta property=\"og:image:width\" content=\"1532\" \/>\n\t<meta property=\"og:image:height\" content=\"1532\" \/>\n\t<meta property=\"og:image:type\" content=\"image\/jpeg\" \/>\n<meta name=\"author\" content=\"Admin Top\" \/>\n<meta name=\"twitter:card\" content=\"summary_large_image\" \/>\n<meta name=\"twitter:label1\" content=\"Napisane przez\" \/>\n\t<meta name=\"twitter:data1\" content=\"Admin Top\" \/>\n\t<meta name=\"twitter:label2\" content=\"Szacowany czas czytania\" \/>\n\t<meta name=\"twitter:data2\" content=\"1 minuta\" \/>\n<script type=\"application\/ld+json\" class=\"yoast-schema-graph\">{\"@context\":\"https:\\\/\\\/schema.org\",\"@graph\":[{\"@type\":\"Article\",\"@id\":\"https:\\\/\\\/spolecznajedynka.pl\\\/lo\\\/poza-lekcjami\\\/pamiec-o-powstancach-wielkopolskich-spotkanie\\\/#article\",\"isPartOf\":{\"@id\":\"https:\\\/\\\/spolecznajedynka.pl\\\/lo\\\/poza-lekcjami\\\/pamiec-o-powstancach-wielkopolskich-spotkanie\\\/\"},\"author\":{\"name\":\"Admin Top\",\"@id\":\"https:\\\/\\\/spolecznajedynka.pl\\\/lo\\\/#\\\/schema\\\/person\\\/2516201558d359d325ddfae4255a4356\"},\"headline\":\"Pami\u0119\u0107 o powsta\u0144cach wielkopolskich [SPOTKANIE]\",\"datePublished\":\"2025-05-29T02:46:05+00:00\",\"dateModified\":\"2025-05-29T02:53:25+00:00\",\"mainEntityOfPage\":{\"@id\":\"https:\\\/\\\/spolecznajedynka.pl\\\/lo\\\/poza-lekcjami\\\/pamiec-o-powstancach-wielkopolskich-spotkanie\\\/\"},\"wordCount\":137,\"publisher\":{\"@id\":\"https:\\\/\\\/spolecznajedynka.pl\\\/lo\\\/#organization\"},\"image\":{\"@id\":\"https:\\\/\\\/spolecznajedynka.pl\\\/lo\\\/poza-lekcjami\\\/pamiec-o-powstancach-wielkopolskich-spotkanie\\\/#primaryimage\"},\"thumbnailUrl\":\"https:\\\/\\\/spolecznajedynka.pl\\\/lo\\\/wp-content\\\/uploads\\\/sites\\\/2\\\/2025\\\/05\\\/500761672_703264792446355_2475591581608610490_n.jpg\",\"articleSection\":[\"Poza lekcjami\"],\"inLanguage\":\"pl-PL\"},{\"@type\":\"WebPage\",\"@id\":\"https:\\\/\\\/spolecznajedynka.pl\\\/lo\\\/poza-lekcjami\\\/pamiec-o-powstancach-wielkopolskich-spotkanie\\\/\",\"url\":\"https:\\\/\\\/spolecznajedynka.pl\\\/lo\\\/poza-lekcjami\\\/pamiec-o-powstancach-wielkopolskich-spotkanie\\\/\",\"name\":\"Pami\u0119\u0107 o powsta\u0144cach wielkopolskich [SPOTKANIE] - Spo\u0142eczne Liceum Og\u00f3lnokszta\u0142c\u0105ce nr 1 w Poznaniu\",\"isPartOf\":{\"@id\":\"https:\\\/\\\/spolecznajedynka.pl\\\/lo\\\/#website\"},\"primaryImageOfPage\":{\"@id\":\"https:\\\/\\\/spolecznajedynka.pl\\\/lo\\\/poza-lekcjami\\\/pamiec-o-powstancach-wielkopolskich-spotkanie\\\/#primaryimage\"},\"image\":{\"@id\":\"https:\\\/\\\/spolecznajedynka.pl\\\/lo\\\/poza-lekcjami\\\/pamiec-o-powstancach-wielkopolskich-spotkanie\\\/#primaryimage\"},\"thumbnailUrl\":\"https:\\\/\\\/spolecznajedynka.pl\\\/lo\\\/wp-content\\\/uploads\\\/sites\\\/2\\\/2025\\\/05\\\/500761672_703264792446355_2475591581608610490_n.jpg\",\"datePublished\":\"2025-05-29T02:46:05+00:00\",\"dateModified\":\"2025-05-29T02:53:25+00:00\",\"breadcrumb\":{\"@id\":\"https:\\\/\\\/spolecznajedynka.pl\\\/lo\\\/poza-lekcjami\\\/pamiec-o-powstancach-wielkopolskich-spotkanie\\\/#breadcrumb\"},\"inLanguage\":\"pl-PL\",\"potentialAction\":[{\"@type\":\"ReadAction\",\"target\":[\"https:\\\/\\\/spolecznajedynka.pl\\\/lo\\\/poza-lekcjami\\\/pamiec-o-powstancach-wielkopolskich-spotkanie\\\/\"]}]},{\"@type\":\"ImageObject\",\"inLanguage\":\"pl-PL\",\"@id\":\"https:\\\/\\\/spolecznajedynka.pl\\\/lo\\\/poza-lekcjami\\\/pamiec-o-powstancach-wielkopolskich-spotkanie\\\/#primaryimage\",\"url\":\"https:\\\/\\\/spolecznajedynka.pl\\\/lo\\\/wp-content\\\/uploads\\\/sites\\\/2\\\/2025\\\/05\\\/500761672_703264792446355_2475591581608610490_n.jpg\",\"contentUrl\":\"https:\\\/\\\/spolecznajedynka.pl\\\/lo\\\/wp-content\\\/uploads\\\/sites\\\/2\\\/2025\\\/05\\\/500761672_703264792446355_2475591581608610490_n.jpg\",\"width\":1532,\"height\":1532},{\"@type\":\"BreadcrumbList\",\"@id\":\"https:\\\/\\\/spolecznajedynka.pl\\\/lo\\\/poza-lekcjami\\\/pamiec-o-powstancach-wielkopolskich-spotkanie\\\/#breadcrumb\",\"itemListElement\":[{\"@type\":\"ListItem\",\"position\":1,\"name\":\"Strona g\u0142\u00f3wna\",\"item\":\"https:\\\/\\\/spolecznajedynka.pl\\\/lo\\\/\"},{\"@type\":\"ListItem\",\"position\":2,\"name\":\"Poza lekcjami\",\"item\":\"https:\\\/\\\/spolecznajedynka.pl\\\/lo\\\/k\\\/poza-lekcjami\\\/\"},{\"@type\":\"ListItem\",\"position\":3,\"name\":\"Pami\u0119\u0107 o powsta\u0144cach wielkopolskich [SPOTKANIE]\"}]},{\"@type\":\"WebSite\",\"@id\":\"https:\\\/\\\/spolecznajedynka.pl\\\/lo\\\/#website\",\"url\":\"https:\\\/\\\/spolecznajedynka.pl\\\/lo\\\/\",\"name\":\"Spo\u0142eczne Liceum Og\u00f3lnokszta\u0142c\u0105ce nr 1 w Poznaniu\",\"description\":\"\",\"publisher\":{\"@id\":\"https:\\\/\\\/spolecznajedynka.pl\\\/lo\\\/#organization\"},\"potentialAction\":[{\"@type\":\"SearchAction\",\"target\":{\"@type\":\"EntryPoint\",\"urlTemplate\":\"https:\\\/\\\/spolecznajedynka.pl\\\/lo\\\/?s={search_term_string}\"},\"query-input\":{\"@type\":\"PropertyValueSpecification\",\"valueRequired\":true,\"valueName\":\"search_term_string\"}}],\"inLanguage\":\"pl-PL\"},{\"@type\":\"Organization\",\"@id\":\"https:\\\/\\\/spolecznajedynka.pl\\\/lo\\\/#organization\",\"name\":\"Spo\u0142eczne Liceum Og\u00f3lnokszta\u0142c\u0105ce nr 1 w Poznaniu\",\"url\":\"https:\\\/\\\/spolecznajedynka.pl\\\/lo\\\/\",\"logo\":{\"@type\":\"ImageObject\",\"inLanguage\":\"pl-PL\",\"@id\":\"https:\\\/\\\/spolecznajedynka.pl\\\/lo\\\/#\\\/schema\\\/logo\\\/image\\\/\",\"url\":\"https:\\\/\\\/spolecznajedynka.pl\\\/lo\\\/wp-content\\\/uploads\\\/sites\\\/2\\\/2023\\\/08\\\/logo-lo.png\",\"contentUrl\":\"https:\\\/\\\/spolecznajedynka.pl\\\/lo\\\/wp-content\\\/uploads\\\/sites\\\/2\\\/2023\\\/08\\\/logo-lo.png\",\"width\":651,\"height\":355,\"caption\":\"Spo\u0142eczne Liceum Og\u00f3lnokszta\u0142c\u0105ce nr 1 w Poznaniu\"},\"image\":{\"@id\":\"https:\\\/\\\/spolecznajedynka.pl\\\/lo\\\/#\\\/schema\\\/logo\\\/image\\\/\"},\"sameAs\":[\"https:\\\/\\\/www.facebook.com\\\/p\\\/Liceum-Spoeczna-Jedynka-Pozna-100082885224687\",\"https:\\\/\\\/www.instagram.com\\\/spolecznajedynka\\\/\",\"https:\\\/\\\/www.tiktok.com\\\/@lospoleczna1\"]},{\"@type\":\"Person\",\"@id\":\"https:\\\/\\\/spolecznajedynka.pl\\\/lo\\\/#\\\/schema\\\/person\\\/2516201558d359d325ddfae4255a4356\",\"name\":\"Admin Top\",\"image\":{\"@type\":\"ImageObject\",\"inLanguage\":\"pl-PL\",\"@id\":\"https:\\\/\\\/secure.gravatar.com\\\/avatar\\\/4faaedc4afabcd882aed6427c06dd9449a4ac635efb8f231a3e4f729e70f1cad?s=96&d=mm&r=g\",\"url\":\"https:\\\/\\\/secure.gravatar.com\\\/avatar\\\/4faaedc4afabcd882aed6427c06dd9449a4ac635efb8f231a3e4f729e70f1cad?s=96&d=mm&r=g\",\"contentUrl\":\"https:\\\/\\\/secure.gravatar.com\\\/avatar\\\/4faaedc4afabcd882aed6427c06dd9449a4ac635efb8f231a3e4f729e70f1cad?s=96&d=mm&r=g\",\"caption\":\"Admin Top\"}}]}<\/script>\n<!-- \/ Yoast SEO plugin. -->","yoast_head_json":{"title":"Pami\u0119\u0107 o powsta\u0144cach wielkopolskich [SPOTKANIE] - Spo\u0142eczne Liceum Og\u00f3lnokszta\u0142c\u0105ce nr 1 w Poznaniu","robots":{"index":"index","follow":"follow","max-snippet":"max-snippet:-1","max-image-preview":"max-image-preview:large","max-video-preview":"max-video-preview:-1"},"canonical":"https:\/\/spolecznajedynka.pl\/lo\/poza-lekcjami\/pamiec-o-powstancach-wielkopolskich-spotkanie\/","og_locale":"pl_PL","og_type":"article","og_title":"Pami\u0119\u0107 o powsta\u0144cach wielkopolskich [SPOTKANIE] - Spo\u0142eczne Liceum Og\u00f3lnokszta\u0142c\u0105ce nr 1 w Poznaniu","og_description":"Jeden z naszych go\u015bci reprezentowa\u0142 Wydzia\u0142 Kultury Urz\u0119du Miasta Poznania. Drugi &#8211; kieruje na co dzie\u0144 niezwyk\u0142ymi badaniami.\u00a0 Obydwaj opowiadali...","og_url":"https:\/\/spolecznajedynka.pl\/lo\/poza-lekcjami\/pamiec-o-powstancach-wielkopolskich-spotkanie\/","og_site_name":"Spo\u0142eczne Liceum Og\u00f3lnokszta\u0142c\u0105ce nr 1 w Poznaniu","article_publisher":"https:\/\/www.facebook.com\/p\/Liceum-Spoeczna-Jedynka-Pozna-100082885224687","article_published_time":"2025-05-29T02:46:05+00:00","article_modified_time":"2025-05-29T02:53:25+00:00","og_image":[{"width":1532,"height":1532,"url":"https:\/\/spolecznajedynka.pl\/lo\/wp-content\/uploads\/sites\/2\/2025\/05\/500761672_703264792446355_2475591581608610490_n.jpg","type":"image\/jpeg"}],"author":"Admin Top","twitter_card":"summary_large_image","twitter_misc":{"Napisane przez":"Admin Top","Szacowany czas czytania":"1 minuta"},"schema":{"@context":"https:\/\/schema.org","@graph":[{"@type":"Article","@id":"https:\/\/spolecznajedynka.pl\/lo\/poza-lekcjami\/pamiec-o-powstancach-wielkopolskich-spotkanie\/#article","isPartOf":{"@id":"https:\/\/spolecznajedynka.pl\/lo\/poza-lekcjami\/pamiec-o-powstancach-wielkopolskich-spotkanie\/"},"author":{"name":"Admin Top","@id":"https:\/\/spolecznajedynka.pl\/lo\/#\/schema\/person\/2516201558d359d325ddfae4255a4356"},"headline":"Pami\u0119\u0107 o powsta\u0144cach wielkopolskich [SPOTKANIE]","datePublished":"2025-05-29T02:46:05+00:00","dateModified":"2025-05-29T02:53:25+00:00","mainEntityOfPage":{"@id":"https:\/\/spolecznajedynka.pl\/lo\/poza-lekcjami\/pamiec-o-powstancach-wielkopolskich-spotkanie\/"},"wordCount":137,"publisher":{"@id":"https:\/\/spolecznajedynka.pl\/lo\/#organization"},"image":{"@id":"https:\/\/spolecznajedynka.pl\/lo\/poza-lekcjami\/pamiec-o-powstancach-wielkopolskich-spotkanie\/#primaryimage"},"thumbnailUrl":"https:\/\/spolecznajedynka.pl\/lo\/wp-content\/uploads\/sites\/2\/2025\/05\/500761672_703264792446355_2475591581608610490_n.jpg","articleSection":["Poza lekcjami"],"inLanguage":"pl-PL"},{"@type":"WebPage","@id":"https:\/\/spolecznajedynka.pl\/lo\/poza-lekcjami\/pamiec-o-powstancach-wielkopolskich-spotkanie\/","url":"https:\/\/spolecznajedynka.pl\/lo\/poza-lekcjami\/pamiec-o-powstancach-wielkopolskich-spotkanie\/","name":"Pami\u0119\u0107 o powsta\u0144cach wielkopolskich [SPOTKANIE] - Spo\u0142eczne Liceum Og\u00f3lnokszta\u0142c\u0105ce nr 1 w Poznaniu","isPartOf":{"@id":"https:\/\/spolecznajedynka.pl\/lo\/#website"},"primaryImageOfPage":{"@id":"https:\/\/spolecznajedynka.pl\/lo\/poza-lekcjami\/pamiec-o-powstancach-wielkopolskich-spotkanie\/#primaryimage"},"image":{"@id":"https:\/\/spolecznajedynka.pl\/lo\/poza-lekcjami\/pamiec-o-powstancach-wielkopolskich-spotkanie\/#primaryimage"},"thumbnailUrl":"https:\/\/spolecznajedynka.pl\/lo\/wp-content\/uploads\/sites\/2\/2025\/05\/500761672_703264792446355_2475591581608610490_n.jpg","datePublished":"2025-05-29T02:46:05+00:00","dateModified":"2025-05-29T02:53:25+00:00","breadcrumb":{"@id":"https:\/\/spolecznajedynka.pl\/lo\/poza-lekcjami\/pamiec-o-powstancach-wielkopolskich-spotkanie\/#breadcrumb"},"inLanguage":"pl-PL","potentialAction":[{"@type":"ReadAction","target":["https:\/\/spolecznajedynka.pl\/lo\/poza-lekcjami\/pamiec-o-powstancach-wielkopolskich-spotkanie\/"]}]},{"@type":"ImageObject","inLanguage":"pl-PL","@id":"https:\/\/spolecznajedynka.pl\/lo\/poza-lekcjami\/pamiec-o-powstancach-wielkopolskich-spotkanie\/#primaryimage","url":"https:\/\/spolecznajedynka.pl\/lo\/wp-content\/uploads\/sites\/2\/2025\/05\/500761672_703264792446355_2475591581608610490_n.jpg","contentUrl":"https:\/\/spolecznajedynka.pl\/lo\/wp-content\/uploads\/sites\/2\/2025\/05\/500761672_703264792446355_2475591581608610490_n.jpg","width":1532,"height":1532},{"@type":"BreadcrumbList","@id":"https:\/\/spolecznajedynka.pl\/lo\/poza-lekcjami\/pamiec-o-powstancach-wielkopolskich-spotkanie\/#breadcrumb","itemListElement":[{"@type":"ListItem","position":1,"name":"Strona g\u0142\u00f3wna","item":"https:\/\/spolecznajedynka.pl\/lo\/"},{"@type":"ListItem","position":2,"name":"Poza lekcjami","item":"https:\/\/spolecznajedynka.pl\/lo\/k\/poza-lekcjami\/"},{"@type":"ListItem","position":3,"name":"Pami\u0119\u0107 o powsta\u0144cach wielkopolskich [SPOTKANIE]"}]},{"@type":"WebSite","@id":"https:\/\/spolecznajedynka.pl\/lo\/#website","url":"https:\/\/spolecznajedynka.pl\/lo\/","name":"Spo\u0142eczne Liceum Og\u00f3lnokszta\u0142c\u0105ce nr 1 w Poznaniu","description":"","publisher":{"@id":"https:\/\/spolecznajedynka.pl\/lo\/#organization"},"potentialAction":[{"@type":"SearchAction","target":{"@type":"EntryPoint","urlTemplate":"https:\/\/spolecznajedynka.pl\/lo\/?s={search_term_string}"},"query-input":{"@type":"PropertyValueSpecification","valueRequired":true,"valueName":"search_term_string"}}],"inLanguage":"pl-PL"},{"@type":"Organization","@id":"https:\/\/spolecznajedynka.pl\/lo\/#organization","name":"Spo\u0142eczne Liceum Og\u00f3lnokszta\u0142c\u0105ce nr 1 w Poznaniu","url":"https:\/\/spolecznajedynka.pl\/lo\/","logo":{"@type":"ImageObject","inLanguage":"pl-PL","@id":"https:\/\/spolecznajedynka.pl\/lo\/#\/schema\/logo\/image\/","url":"https:\/\/spolecznajedynka.pl\/lo\/wp-content\/uploads\/sites\/2\/2023\/08\/logo-lo.png","contentUrl":"https:\/\/spolecznajedynka.pl\/lo\/wp-content\/uploads\/sites\/2\/2023\/08\/logo-lo.png","width":651,"height":355,"caption":"Spo\u0142eczne Liceum Og\u00f3lnokszta\u0142c\u0105ce nr 1 w Poznaniu"},"image":{"@id":"https:\/\/spolecznajedynka.pl\/lo\/#\/schema\/logo\/image\/"},"sameAs":["https:\/\/www.facebook.com\/p\/Liceum-Spoeczna-Jedynka-Pozna-100082885224687","https:\/\/www.instagram.com\/spolecznajedynka\/","https:\/\/www.tiktok.com\/@lospoleczna1"]},{"@type":"Person","@id":"https:\/\/spolecznajedynka.pl\/lo\/#\/schema\/person\/2516201558d359d325ddfae4255a4356","name":"Admin Top","image":{"@type":"ImageObject","inLanguage":"pl-PL","@id":"https:\/\/secure.gravatar.com\/avatar\/4faaedc4afabcd882aed6427c06dd9449a4ac635efb8f231a3e4f729e70f1cad?s=96&d=mm&r=g","url":"https:\/\/secure.gravatar.com\/avatar\/4faaedc4afabcd882aed6427c06dd9449a4ac635efb8f231a3e4f729e70f1cad?s=96&d=mm&r=g","contentUrl":"https:\/\/secure.gravatar.com\/avatar\/4faaedc4afabcd882aed6427c06dd9449a4ac635efb8f231a3e4f729e70f1cad?s=96&d=mm&r=g","caption":"Admin Top"}}]}},"_links":{"self":[{"href":"https:\/\/spolecznajedynka.pl\/lo\/wp-json\/wp\/v2\/posts\/1653","targetHints":{"allow":["GET"]}}],"collection":[{"href":"https:\/\/spolecznajedynka.pl\/lo\/wp-json\/wp\/v2\/posts"}],"about":[{"href":"https:\/\/spolecznajedynka.pl\/lo\/wp-json\/wp\/v2\/types\/post"}],"author":[{"embeddable":true,"href":"https:\/\/spolecznajedynka.pl\/lo\/wp-json\/wp\/v2\/users\/2"}],"replies":[{"embeddable":true,"href":"https:\/\/spolecznajedynka.pl\/lo\/wp-json\/wp\/v2\/comments?post=1653"}],"version-history":[{"count":3,"href":"https:\/\/spolecznajedynka.pl\/lo\/wp-json\/wp\/v2\/posts\/1653\/revisions"}],"predecessor-version":[{"id":1659,"href":"https:\/\/spolecznajedynka.pl\/lo\/wp-json\/wp\/v2\/posts\/1653\/revisions\/1659"}],"wp:featuredmedia":[{"embeddable":true,"href":"https:\/\/spolecznajedynka.pl\/lo\/wp-json\/wp\/v2\/media\/1655"}],"wp:attachment":[{"href":"https:\/\/spolecznajedynka.pl\/lo\/wp-json\/wp\/v2\/media?parent=1653"}],"wp:term":[{"taxonomy":"category","embeddable":true,"href":"https:\/\/spolecznajedynka.pl\/lo\/wp-json\/wp\/v2\/categories?post=1653"},{"taxonomy":"post_tag","embeddable":true,"href":"https:\/\/spolecznajedynka.pl\/lo\/wp-json\/wp\/v2\/tags?post=1653"}],"curies":[{"name":"wp","href":"https:\/\/api.w.org\/{rel}","templated":true}]}}