{"id":1649,"date":"2025-05-26T18:12:23","date_gmt":"2025-05-26T16:12:23","guid":{"rendered":"https:\/\/spolecznajedynka.pl\/lo\/?p=1649"},"modified":"2025-05-26T18:12:23","modified_gmt":"2025-05-26T16:12:23","slug":"gala-35-lecia-spolecznej-jedynki-informacje-organizacyjne","status":"publish","type":"post","link":"https:\/\/spolecznajedynka.pl\/lo\/komunikaty\/gala-35-lecia-spolecznej-jedynki-informacje-organizacyjne\/","title":{"rendered":"Gala 35-lecia Spo\u0142ecznej Jedynki &#8211; informacje organizacyjne"},"content":{"rendered":"<div><strong>Ju\u017c w najbli\u017csz\u0105 sobot\u0119 kulminacja obchod\u00f3w jubileuszu naszej szko\u0142y! Zapraszamy do zapoznania si\u0119 z istotnymi informacjami organizacyjnymi.<\/strong><\/div>\n<div><\/div>\n<div>\n<hr \/>\n<\/div>\n<ul>\n<li>Przypominamy: Gala 35-lecia Spo\u0142ecznej Jedynki odb\u0119dzie si\u0119 <strong>w sobot\u0119 31 maja w Auli Novej przy ul. Stefana Stuligrosza 1.\u00a0<\/strong><\/li>\n<li>Wydarzenie rozpocznie si\u0119 o godzinie 16:00 &#8211; ze wzgl\u0119d\u00f3w organizacyjnych <strong>prosimy o przybycie i zaj\u0119cie miejsc najp\u00f3\u017aniej o 15:45.\u00a0 <\/strong>Miejsca nie zaj\u0119te do tego czasu <strong>mog\u0105 by\u0107 oferowane osobom, dla kt\u00f3rych nie wystarczy\u0142o miejsc<\/strong> w formularzu.<\/li>\n<li><strong>Go\u015bci honorowych<\/strong>, w tym by\u0142ych pracownik\u00f3w szko\u0142y, prosimy o zg\u0142aszanie si\u0119 do wolontariuszy, kt\u00f3rzy wska\u017c\u0105 miejsce.<\/li>\n<li>Wszystkie miejsca w auli zosta\u0142y ju\u017c zarezerwowane. Dla wszystkich, kt\u00f3rym nie uda\u0142o si\u0119 w por\u0119 zagwarantowa\u0107 sobie miejsca przygotowali\u015bmy transmisj\u0119 na \u017cywo <strong><a href=\"https:\/\/www.youtube.com\/@spoecznajedynka1687\">na naszym kanale YouTube.\u00a0<\/a><\/strong><\/li>\n<li>Najp\u00f3\u017aniej we wtorek do ka\u017cdej osoby, kt\u00f3ra wype\u0142ni\u0142a formularz zg\u0142oszeniowy, zostanie wys\u0142any e-mail z sekreteriatu z <strong>numerem miejsca.<\/strong><\/li>\n<\/ul>\n<p>Cieszymy si\u0119 na Wasz\u0105 obecno\u015b\u0107 tego dnia!<\/p>\n","protected":false},"excerpt":{"rendered":"<p>Ju\u017c w najbli\u017csz\u0105 sobot\u0119 kulminacja obchod\u00f3w jubileuszu naszej szko\u0142y! Zapraszamy do zapoznania si\u0119 z istotnymi informacjami organizacyjnymi. Przypominamy: Gala 35-lecia&#8230;<\/p>\n","protected":false},"author":2,"featured_media":1650,"comment_status":"closed","ping_status":"closed","sticky":false,"template":"","format":"standard","meta":{"_acf_changed":false,"footnotes":""},"categories":[5],"tags":[],"class_list":["post-1649","post","type-post","status-publish","format-standard","has-post-thumbnail","hentry","category-komunikaty"],"acf":[],"yoast_head":"<!-- This site is optimized with the Yoast SEO plugin v27.5 - https:\/\/yoast.com\/product\/yoast-seo-wordpress\/ -->\n<title>Gala 35-lecia Spo\u0142ecznej Jedynki - informacje organizacyjne - Spo\u0142eczne Liceum Og\u00f3lnokszta\u0142c\u0105ce nr 1 w Poznaniu<\/title>\n<meta name=\"robots\" content=\"index, follow, max-snippet:-1, max-image-preview:large, max-video-preview:-1\" \/>\n<link rel=\"canonical\" href=\"https:\/\/spolecznajedynka.pl\/lo\/komunikaty\/gala-35-lecia-spolecznej-jedynki-informacje-organizacyjne\/\" \/>\n<meta property=\"og:locale\" content=\"pl_PL\" \/>\n<meta property=\"og:type\" content=\"article\" \/>\n<meta property=\"og:title\" content=\"Gala 35-lecia Spo\u0142ecznej Jedynki - informacje organizacyjne - Spo\u0142eczne Liceum Og\u00f3lnokszta\u0142c\u0105ce nr 1 w Poznaniu\" \/>\n<meta property=\"og:description\" content=\"Ju\u017c w najbli\u017csz\u0105 sobot\u0119 kulminacja obchod\u00f3w jubileuszu naszej szko\u0142y! Zapraszamy do zapoznania si\u0119 z istotnymi informacjami organizacyjnymi. Przypominamy: Gala 35-lecia...\" \/>\n<meta property=\"og:url\" content=\"https:\/\/spolecznajedynka.pl\/lo\/komunikaty\/gala-35-lecia-spolecznej-jedynki-informacje-organizacyjne\/\" \/>\n<meta property=\"og:site_name\" content=\"Spo\u0142eczne Liceum Og\u00f3lnokszta\u0142c\u0105ce nr 1 w Poznaniu\" \/>\n<meta property=\"article:publisher\" content=\"https:\/\/www.facebook.com\/p\/Liceum-Spoeczna-Jedynka-Pozna-100082885224687\" \/>\n<meta property=\"article:published_time\" content=\"2025-05-26T16:12:23+00:00\" \/>\n<meta property=\"og:image\" content=\"https:\/\/spolecznajedynka.pl\/lo\/wp-content\/uploads\/sites\/2\/2025\/05\/25-05-25.png\" \/>\n\t<meta property=\"og:image:width\" content=\"1080\" \/>\n\t<meta property=\"og:image:height\" content=\"1080\" \/>\n\t<meta property=\"og:image:type\" content=\"image\/png\" \/>\n<meta name=\"author\" content=\"Admin Top\" \/>\n<meta name=\"twitter:card\" content=\"summary_large_image\" \/>\n<meta name=\"twitter:label1\" content=\"Napisane przez\" \/>\n\t<meta name=\"twitter:data1\" content=\"Admin Top\" \/>\n\t<meta name=\"twitter:label2\" content=\"Szacowany czas czytania\" \/>\n\t<meta name=\"twitter:data2\" content=\"1 minuta\" \/>\n<script type=\"application\/ld+json\" class=\"yoast-schema-graph\">{\"@context\":\"https:\\\/\\\/schema.org\",\"@graph\":[{\"@type\":\"Article\",\"@id\":\"https:\\\/\\\/spolecznajedynka.pl\\\/lo\\\/komunikaty\\\/gala-35-lecia-spolecznej-jedynki-informacje-organizacyjne\\\/#article\",\"isPartOf\":{\"@id\":\"https:\\\/\\\/spolecznajedynka.pl\\\/lo\\\/komunikaty\\\/gala-35-lecia-spolecznej-jedynki-informacje-organizacyjne\\\/\"},\"author\":{\"name\":\"Admin Top\",\"@id\":\"https:\\\/\\\/spolecznajedynka.pl\\\/lo\\\/#\\\/schema\\\/person\\\/2516201558d359d325ddfae4255a4356\"},\"headline\":\"Gala 35-lecia Spo\u0142ecznej Jedynki &#8211; informacje organizacyjne\",\"datePublished\":\"2025-05-26T16:12:23+00:00\",\"mainEntityOfPage\":{\"@id\":\"https:\\\/\\\/spolecznajedynka.pl\\\/lo\\\/komunikaty\\\/gala-35-lecia-spolecznej-jedynki-informacje-organizacyjne\\\/\"},\"wordCount\":172,\"publisher\":{\"@id\":\"https:\\\/\\\/spolecznajedynka.pl\\\/lo\\\/#organization\"},\"image\":{\"@id\":\"https:\\\/\\\/spolecznajedynka.pl\\\/lo\\\/komunikaty\\\/gala-35-lecia-spolecznej-jedynki-informacje-organizacyjne\\\/#primaryimage\"},\"thumbnailUrl\":\"https:\\\/\\\/spolecznajedynka.pl\\\/lo\\\/wp-content\\\/uploads\\\/sites\\\/2\\\/2025\\\/05\\\/25-05-25.png\",\"articleSection\":[\"Komunikaty\"],\"inLanguage\":\"pl-PL\"},{\"@type\":\"WebPage\",\"@id\":\"https:\\\/\\\/spolecznajedynka.pl\\\/lo\\\/komunikaty\\\/gala-35-lecia-spolecznej-jedynki-informacje-organizacyjne\\\/\",\"url\":\"https:\\\/\\\/spolecznajedynka.pl\\\/lo\\\/komunikaty\\\/gala-35-lecia-spolecznej-jedynki-informacje-organizacyjne\\\/\",\"name\":\"Gala 35-lecia Spo\u0142ecznej Jedynki - informacje organizacyjne - Spo\u0142eczne Liceum Og\u00f3lnokszta\u0142c\u0105ce nr 1 w Poznaniu\",\"isPartOf\":{\"@id\":\"https:\\\/\\\/spolecznajedynka.pl\\\/lo\\\/#website\"},\"primaryImageOfPage\":{\"@id\":\"https:\\\/\\\/spolecznajedynka.pl\\\/lo\\\/komunikaty\\\/gala-35-lecia-spolecznej-jedynki-informacje-organizacyjne\\\/#primaryimage\"},\"image\":{\"@id\":\"https:\\\/\\\/spolecznajedynka.pl\\\/lo\\\/komunikaty\\\/gala-35-lecia-spolecznej-jedynki-informacje-organizacyjne\\\/#primaryimage\"},\"thumbnailUrl\":\"https:\\\/\\\/spolecznajedynka.pl\\\/lo\\\/wp-content\\\/uploads\\\/sites\\\/2\\\/2025\\\/05\\\/25-05-25.png\",\"datePublished\":\"2025-05-26T16:12:23+00:00\",\"breadcrumb\":{\"@id\":\"https:\\\/\\\/spolecznajedynka.pl\\\/lo\\\/komunikaty\\\/gala-35-lecia-spolecznej-jedynki-informacje-organizacyjne\\\/#breadcrumb\"},\"inLanguage\":\"pl-PL\",\"potentialAction\":[{\"@type\":\"ReadAction\",\"target\":[\"https:\\\/\\\/spolecznajedynka.pl\\\/lo\\\/komunikaty\\\/gala-35-lecia-spolecznej-jedynki-informacje-organizacyjne\\\/\"]}]},{\"@type\":\"ImageObject\",\"inLanguage\":\"pl-PL\",\"@id\":\"https:\\\/\\\/spolecznajedynka.pl\\\/lo\\\/komunikaty\\\/gala-35-lecia-spolecznej-jedynki-informacje-organizacyjne\\\/#primaryimage\",\"url\":\"https:\\\/\\\/spolecznajedynka.pl\\\/lo\\\/wp-content\\\/uploads\\\/sites\\\/2\\\/2025\\\/05\\\/25-05-25.png\",\"contentUrl\":\"https:\\\/\\\/spolecznajedynka.pl\\\/lo\\\/wp-content\\\/uploads\\\/sites\\\/2\\\/2025\\\/05\\\/25-05-25.png\",\"width\":1080,\"height\":1080},{\"@type\":\"BreadcrumbList\",\"@id\":\"https:\\\/\\\/spolecznajedynka.pl\\\/lo\\\/komunikaty\\\/gala-35-lecia-spolecznej-jedynki-informacje-organizacyjne\\\/#breadcrumb\",\"itemListElement\":[{\"@type\":\"ListItem\",\"position\":1,\"name\":\"Strona g\u0142\u00f3wna\",\"item\":\"https:\\\/\\\/spolecznajedynka.pl\\\/lo\\\/\"},{\"@type\":\"ListItem\",\"position\":2,\"name\":\"Komunikaty\",\"item\":\"https:\\\/\\\/spolecznajedynka.pl\\\/lo\\\/k\\\/komunikaty\\\/\"},{\"@type\":\"ListItem\",\"position\":3,\"name\":\"Gala 35-lecia Spo\u0142ecznej Jedynki &#8211; informacje organizacyjne\"}]},{\"@type\":\"WebSite\",\"@id\":\"https:\\\/\\\/spolecznajedynka.pl\\\/lo\\\/#website\",\"url\":\"https:\\\/\\\/spolecznajedynka.pl\\\/lo\\\/\",\"name\":\"Spo\u0142eczne Liceum Og\u00f3lnokszta\u0142c\u0105ce nr 1 w Poznaniu\",\"description\":\"\",\"publisher\":{\"@id\":\"https:\\\/\\\/spolecznajedynka.pl\\\/lo\\\/#organization\"},\"potentialAction\":[{\"@type\":\"SearchAction\",\"target\":{\"@type\":\"EntryPoint\",\"urlTemplate\":\"https:\\\/\\\/spolecznajedynka.pl\\\/lo\\\/?s={search_term_string}\"},\"query-input\":{\"@type\":\"PropertyValueSpecification\",\"valueRequired\":true,\"valueName\":\"search_term_string\"}}],\"inLanguage\":\"pl-PL\"},{\"@type\":\"Organization\",\"@id\":\"https:\\\/\\\/spolecznajedynka.pl\\\/lo\\\/#organization\",\"name\":\"Spo\u0142eczne Liceum Og\u00f3lnokszta\u0142c\u0105ce nr 1 w Poznaniu\",\"url\":\"https:\\\/\\\/spolecznajedynka.pl\\\/lo\\\/\",\"logo\":{\"@type\":\"ImageObject\",\"inLanguage\":\"pl-PL\",\"@id\":\"https:\\\/\\\/spolecznajedynka.pl\\\/lo\\\/#\\\/schema\\\/logo\\\/image\\\/\",\"url\":\"https:\\\/\\\/spolecznajedynka.pl\\\/lo\\\/wp-content\\\/uploads\\\/sites\\\/2\\\/2023\\\/08\\\/logo-lo.png\",\"contentUrl\":\"https:\\\/\\\/spolecznajedynka.pl\\\/lo\\\/wp-content\\\/uploads\\\/sites\\\/2\\\/2023\\\/08\\\/logo-lo.png\",\"width\":651,\"height\":355,\"caption\":\"Spo\u0142eczne Liceum Og\u00f3lnokszta\u0142c\u0105ce nr 1 w Poznaniu\"},\"image\":{\"@id\":\"https:\\\/\\\/spolecznajedynka.pl\\\/lo\\\/#\\\/schema\\\/logo\\\/image\\\/\"},\"sameAs\":[\"https:\\\/\\\/www.facebook.com\\\/p\\\/Liceum-Spoeczna-Jedynka-Pozna-100082885224687\",\"https:\\\/\\\/www.instagram.com\\\/spolecznajedynka\\\/\",\"https:\\\/\\\/www.tiktok.com\\\/@lospoleczna1\"]},{\"@type\":\"Person\",\"@id\":\"https:\\\/\\\/spolecznajedynka.pl\\\/lo\\\/#\\\/schema\\\/person\\\/2516201558d359d325ddfae4255a4356\",\"name\":\"Admin Top\",\"image\":{\"@type\":\"ImageObject\",\"inLanguage\":\"pl-PL\",\"@id\":\"https:\\\/\\\/secure.gravatar.com\\\/avatar\\\/4faaedc4afabcd882aed6427c06dd9449a4ac635efb8f231a3e4f729e70f1cad?s=96&d=mm&r=g\",\"url\":\"https:\\\/\\\/secure.gravatar.com\\\/avatar\\\/4faaedc4afabcd882aed6427c06dd9449a4ac635efb8f231a3e4f729e70f1cad?s=96&d=mm&r=g\",\"contentUrl\":\"https:\\\/\\\/secure.gravatar.com\\\/avatar\\\/4faaedc4afabcd882aed6427c06dd9449a4ac635efb8f231a3e4f729e70f1cad?s=96&d=mm&r=g\",\"caption\":\"Admin Top\"}}]}<\/script>\n<!-- \/ Yoast SEO plugin. -->","yoast_head_json":{"title":"Gala 35-lecia Spo\u0142ecznej Jedynki - informacje organizacyjne - Spo\u0142eczne Liceum Og\u00f3lnokszta\u0142c\u0105ce nr 1 w Poznaniu","robots":{"index":"index","follow":"follow","max-snippet":"max-snippet:-1","max-image-preview":"max-image-preview:large","max-video-preview":"max-video-preview:-1"},"canonical":"https:\/\/spolecznajedynka.pl\/lo\/komunikaty\/gala-35-lecia-spolecznej-jedynki-informacje-organizacyjne\/","og_locale":"pl_PL","og_type":"article","og_title":"Gala 35-lecia Spo\u0142ecznej Jedynki - informacje organizacyjne - Spo\u0142eczne Liceum Og\u00f3lnokszta\u0142c\u0105ce nr 1 w Poznaniu","og_description":"Ju\u017c w najbli\u017csz\u0105 sobot\u0119 kulminacja obchod\u00f3w jubileuszu naszej szko\u0142y! Zapraszamy do zapoznania si\u0119 z istotnymi informacjami organizacyjnymi. Przypominamy: Gala 35-lecia...","og_url":"https:\/\/spolecznajedynka.pl\/lo\/komunikaty\/gala-35-lecia-spolecznej-jedynki-informacje-organizacyjne\/","og_site_name":"Spo\u0142eczne Liceum Og\u00f3lnokszta\u0142c\u0105ce nr 1 w Poznaniu","article_publisher":"https:\/\/www.facebook.com\/p\/Liceum-Spoeczna-Jedynka-Pozna-100082885224687","article_published_time":"2025-05-26T16:12:23+00:00","og_image":[{"width":1080,"height":1080,"url":"https:\/\/spolecznajedynka.pl\/lo\/wp-content\/uploads\/sites\/2\/2025\/05\/25-05-25.png","type":"image\/png"}],"author":"Admin Top","twitter_card":"summary_large_image","twitter_misc":{"Napisane przez":"Admin Top","Szacowany czas czytania":"1 minuta"},"schema":{"@context":"https:\/\/schema.org","@graph":[{"@type":"Article","@id":"https:\/\/spolecznajedynka.pl\/lo\/komunikaty\/gala-35-lecia-spolecznej-jedynki-informacje-organizacyjne\/#article","isPartOf":{"@id":"https:\/\/spolecznajedynka.pl\/lo\/komunikaty\/gala-35-lecia-spolecznej-jedynki-informacje-organizacyjne\/"},"author":{"name":"Admin Top","@id":"https:\/\/spolecznajedynka.pl\/lo\/#\/schema\/person\/2516201558d359d325ddfae4255a4356"},"headline":"Gala 35-lecia Spo\u0142ecznej Jedynki &#8211; informacje organizacyjne","datePublished":"2025-05-26T16:12:23+00:00","mainEntityOfPage":{"@id":"https:\/\/spolecznajedynka.pl\/lo\/komunikaty\/gala-35-lecia-spolecznej-jedynki-informacje-organizacyjne\/"},"wordCount":172,"publisher":{"@id":"https:\/\/spolecznajedynka.pl\/lo\/#organization"},"image":{"@id":"https:\/\/spolecznajedynka.pl\/lo\/komunikaty\/gala-35-lecia-spolecznej-jedynki-informacje-organizacyjne\/#primaryimage"},"thumbnailUrl":"https:\/\/spolecznajedynka.pl\/lo\/wp-content\/uploads\/sites\/2\/2025\/05\/25-05-25.png","articleSection":["Komunikaty"],"inLanguage":"pl-PL"},{"@type":"WebPage","@id":"https:\/\/spolecznajedynka.pl\/lo\/komunikaty\/gala-35-lecia-spolecznej-jedynki-informacje-organizacyjne\/","url":"https:\/\/spolecznajedynka.pl\/lo\/komunikaty\/gala-35-lecia-spolecznej-jedynki-informacje-organizacyjne\/","name":"Gala 35-lecia Spo\u0142ecznej Jedynki - informacje organizacyjne - Spo\u0142eczne Liceum Og\u00f3lnokszta\u0142c\u0105ce nr 1 w Poznaniu","isPartOf":{"@id":"https:\/\/spolecznajedynka.pl\/lo\/#website"},"primaryImageOfPage":{"@id":"https:\/\/spolecznajedynka.pl\/lo\/komunikaty\/gala-35-lecia-spolecznej-jedynki-informacje-organizacyjne\/#primaryimage"},"image":{"@id":"https:\/\/spolecznajedynka.pl\/lo\/komunikaty\/gala-35-lecia-spolecznej-jedynki-informacje-organizacyjne\/#primaryimage"},"thumbnailUrl":"https:\/\/spolecznajedynka.pl\/lo\/wp-content\/uploads\/sites\/2\/2025\/05\/25-05-25.png","datePublished":"2025-05-26T16:12:23+00:00","breadcrumb":{"@id":"https:\/\/spolecznajedynka.pl\/lo\/komunikaty\/gala-35-lecia-spolecznej-jedynki-informacje-organizacyjne\/#breadcrumb"},"inLanguage":"pl-PL","potentialAction":[{"@type":"ReadAction","target":["https:\/\/spolecznajedynka.pl\/lo\/komunikaty\/gala-35-lecia-spolecznej-jedynki-informacje-organizacyjne\/"]}]},{"@type":"ImageObject","inLanguage":"pl-PL","@id":"https:\/\/spolecznajedynka.pl\/lo\/komunikaty\/gala-35-lecia-spolecznej-jedynki-informacje-organizacyjne\/#primaryimage","url":"https:\/\/spolecznajedynka.pl\/lo\/wp-content\/uploads\/sites\/2\/2025\/05\/25-05-25.png","contentUrl":"https:\/\/spolecznajedynka.pl\/lo\/wp-content\/uploads\/sites\/2\/2025\/05\/25-05-25.png","width":1080,"height":1080},{"@type":"BreadcrumbList","@id":"https:\/\/spolecznajedynka.pl\/lo\/komunikaty\/gala-35-lecia-spolecznej-jedynki-informacje-organizacyjne\/#breadcrumb","itemListElement":[{"@type":"ListItem","position":1,"name":"Strona g\u0142\u00f3wna","item":"https:\/\/spolecznajedynka.pl\/lo\/"},{"@type":"ListItem","position":2,"name":"Komunikaty","item":"https:\/\/spolecznajedynka.pl\/lo\/k\/komunikaty\/"},{"@type":"ListItem","position":3,"name":"Gala 35-lecia Spo\u0142ecznej Jedynki &#8211; informacje organizacyjne"}]},{"@type":"WebSite","@id":"https:\/\/spolecznajedynka.pl\/lo\/#website","url":"https:\/\/spolecznajedynka.pl\/lo\/","name":"Spo\u0142eczne Liceum Og\u00f3lnokszta\u0142c\u0105ce nr 1 w Poznaniu","description":"","publisher":{"@id":"https:\/\/spolecznajedynka.pl\/lo\/#organization"},"potentialAction":[{"@type":"SearchAction","target":{"@type":"EntryPoint","urlTemplate":"https:\/\/spolecznajedynka.pl\/lo\/?s={search_term_string}"},"query-input":{"@type":"PropertyValueSpecification","valueRequired":true,"valueName":"search_term_string"}}],"inLanguage":"pl-PL"},{"@type":"Organization","@id":"https:\/\/spolecznajedynka.pl\/lo\/#organization","name":"Spo\u0142eczne Liceum Og\u00f3lnokszta\u0142c\u0105ce nr 1 w Poznaniu","url":"https:\/\/spolecznajedynka.pl\/lo\/","logo":{"@type":"ImageObject","inLanguage":"pl-PL","@id":"https:\/\/spolecznajedynka.pl\/lo\/#\/schema\/logo\/image\/","url":"https:\/\/spolecznajedynka.pl\/lo\/wp-content\/uploads\/sites\/2\/2023\/08\/logo-lo.png","contentUrl":"https:\/\/spolecznajedynka.pl\/lo\/wp-content\/uploads\/sites\/2\/2023\/08\/logo-lo.png","width":651,"height":355,"caption":"Spo\u0142eczne Liceum Og\u00f3lnokszta\u0142c\u0105ce nr 1 w Poznaniu"},"image":{"@id":"https:\/\/spolecznajedynka.pl\/lo\/#\/schema\/logo\/image\/"},"sameAs":["https:\/\/www.facebook.com\/p\/Liceum-Spoeczna-Jedynka-Pozna-100082885224687","https:\/\/www.instagram.com\/spolecznajedynka\/","https:\/\/www.tiktok.com\/@lospoleczna1"]},{"@type":"Person","@id":"https:\/\/spolecznajedynka.pl\/lo\/#\/schema\/person\/2516201558d359d325ddfae4255a4356","name":"Admin Top","image":{"@type":"ImageObject","inLanguage":"pl-PL","@id":"https:\/\/secure.gravatar.com\/avatar\/4faaedc4afabcd882aed6427c06dd9449a4ac635efb8f231a3e4f729e70f1cad?s=96&d=mm&r=g","url":"https:\/\/secure.gravatar.com\/avatar\/4faaedc4afabcd882aed6427c06dd9449a4ac635efb8f231a3e4f729e70f1cad?s=96&d=mm&r=g","contentUrl":"https:\/\/secure.gravatar.com\/avatar\/4faaedc4afabcd882aed6427c06dd9449a4ac635efb8f231a3e4f729e70f1cad?s=96&d=mm&r=g","caption":"Admin Top"}}]}},"_links":{"self":[{"href":"https:\/\/spolecznajedynka.pl\/lo\/wp-json\/wp\/v2\/posts\/1649","targetHints":{"allow":["GET"]}}],"collection":[{"href":"https:\/\/spolecznajedynka.pl\/lo\/wp-json\/wp\/v2\/posts"}],"about":[{"href":"https:\/\/spolecznajedynka.pl\/lo\/wp-json\/wp\/v2\/types\/post"}],"author":[{"embeddable":true,"href":"https:\/\/spolecznajedynka.pl\/lo\/wp-json\/wp\/v2\/users\/2"}],"replies":[{"embeddable":true,"href":"https:\/\/spolecznajedynka.pl\/lo\/wp-json\/wp\/v2\/comments?post=1649"}],"version-history":[{"count":1,"href":"https:\/\/spolecznajedynka.pl\/lo\/wp-json\/wp\/v2\/posts\/1649\/revisions"}],"predecessor-version":[{"id":1651,"href":"https:\/\/spolecznajedynka.pl\/lo\/wp-json\/wp\/v2\/posts\/1649\/revisions\/1651"}],"wp:featuredmedia":[{"embeddable":true,"href":"https:\/\/spolecznajedynka.pl\/lo\/wp-json\/wp\/v2\/media\/1650"}],"wp:attachment":[{"href":"https:\/\/spolecznajedynka.pl\/lo\/wp-json\/wp\/v2\/media?parent=1649"}],"wp:term":[{"taxonomy":"category","embeddable":true,"href":"https:\/\/spolecznajedynka.pl\/lo\/wp-json\/wp\/v2\/categories?post=1649"},{"taxonomy":"post_tag","embeddable":true,"href":"https:\/\/spolecznajedynka.pl\/lo\/wp-json\/wp\/v2\/tags?post=1649"}],"curies":[{"name":"wp","href":"https:\/\/api.w.org\/{rel}","templated":true}]}}