{"id":1453,"date":"2025-03-25T16:06:41","date_gmt":"2025-03-25T15:06:41","guid":{"rendered":"https:\/\/spolecznajedynka.pl\/lo\/?p=1453"},"modified":"2025-03-26T22:56:55","modified_gmt":"2025-03-26T21:56:55","slug":"drzwi-otwarte-8-kwietnia-2025","status":"publish","type":"post","link":"https:\/\/spolecznajedynka.pl\/lo\/rekrutacja\/drzwi-otwarte-8-kwietnia-2025\/","title":{"rendered":"Drzwi otwarte &#8211; 8 kwietnia 2025"},"content":{"rendered":"<div class=\"xdj266r x11i5rnm xat24cr x1mh8g0r x1vvkbs\"><strong>To ju\u017c ostatnie drzwi otwarte w tym roku szkolnym &#8211; i najlepsza okazja, aby sprawdzi\u0107, jaki jest nasz spos\u00f3b na spersonalizowan\u0105 edukacj\u0119!<\/strong><\/div>\n<div>\n<hr \/>\n<\/div>\n<div><\/div>\n<div class=\"x11i5rnm xat24cr x1mh8g0r x1vvkbs xtlvy1s\">Podczas wydarzenia opowiemy mi\u0119dzy innymi o tym:<br class=\"html-br\" \/>&#8211; jak du\u017c\u0105 dowolno\u015b\u0107 maj\u0105 nasi uczniowie i uczennice w doborze przedmiot\u00f3w realizowanych na poziomie rozszerzonym,<br class=\"html-br\" \/>&#8211; w jaki spos\u00f3b nasi certyfikowani tutorzy dbaj\u0105 o rozw\u00f3j indywidualnych uzdolnie\u0144 licealist\u00f3w,<br class=\"html-br\" \/>&#8211; jak \u0142\u0105czymy wysoki poziom nauczania z trosk\u0105 o uczniowski dobrostan,<br class=\"html-br\" \/>&#8211; jakie korzy\u015bci przynosi naszym uczniom i uczennicom wsp\u00f3\u0142praca z uczelniami wy\u017cszymi oraz instytucjami kultury.<\/div>\n<div><\/div>\n<div class=\"x11i5rnm xat24cr x1mh8g0r x1vvkbs xtlvy1s\">B\u0119dziemy gotowi odpowiedzie\u0107 na wszystkie pytania o edukacj\u0119 w naszym LO!<\/div>\n<div><\/div>\n<div class=\"x11i5rnm xat24cr x1mh8g0r x1vvkbs xtlvy1s\">Nasi go\u015bcie zas\u0142uguj\u0105 na jak najlepsze przyj\u0119cie w naszych progach!<br class=\"html-br\" \/>Aby\u015bmy mogli zadba\u0107 o komfort wszystkich przyby\u0142ych, prosimy o powiadomienie o obecno\u015bci w kr\u00f3tkim formularzu:<br class=\"html-br\" \/><a class=\"x1i10hfl xjbqb8w x1ejq31n xd10rxx x1sy0etr x17r0tee x972fbf xcfux6l x1qhh985 xm0m39n x9f619 x1ypdohk xt0psk2 xe8uvvx xdj266r x11i5rnm xat24cr x1mh8g0r xexx8yu x4uap5 x18d9i69 xkhd6sd x16tdsg8 x1hl2dhg xggy1nq x1a2a7pz xkrqix3 x1sur9pj x1fey0fg x1s688f\" tabindex=\"0\" role=\"link\" href=\"https:\/\/forms.gle\/28M2NyHwFcyNJ21g6?fbclid=IwZXh0bgNhZW0CMTAAAR1DFAo9iD1WGGPDP8_TUb-SQrH_alBmo71c9qjeZYyxPXZI4GnA37gbqhU_aem_RU5tet30Rn5CXAMVYDsDQg\" target=\"_blank\" rel=\"nofollow noopener noreferrer\">https:\/\/forms.gle\/28M2NyHwFcyNJ21g6<\/a><\/div>\n","protected":false},"excerpt":{"rendered":"<p>To ju\u017c ostatnie drzwi otwarte w tym roku szkolnym &#8211; i najlepsza okazja, aby sprawdzi\u0107, jaki jest nasz spos\u00f3b na&#8230;<\/p>\n","protected":false},"author":2,"featured_media":1454,"comment_status":"closed","ping_status":"closed","sticky":false,"template":"","format":"standard","meta":{"_acf_changed":false,"footnotes":""},"categories":[5,12],"tags":[],"class_list":["post-1453","post","type-post","status-publish","format-standard","has-post-thumbnail","hentry","category-komunikaty","category-rekrutacja"],"acf":[],"yoast_head":"<!-- This site is optimized with the Yoast SEO plugin v27.5 - https:\/\/yoast.com\/product\/yoast-seo-wordpress\/ -->\n<title>Drzwi otwarte - 8 kwietnia 2025 - Spo\u0142eczne Liceum Og\u00f3lnokszta\u0142c\u0105ce nr 1 w Poznaniu<\/title>\n<meta name=\"robots\" content=\"index, follow, max-snippet:-1, max-image-preview:large, max-video-preview:-1\" \/>\n<link rel=\"canonical\" href=\"https:\/\/spolecznajedynka.pl\/lo\/rekrutacja\/drzwi-otwarte-8-kwietnia-2025\/\" \/>\n<meta property=\"og:locale\" content=\"pl_PL\" \/>\n<meta property=\"og:type\" content=\"article\" \/>\n<meta property=\"og:title\" content=\"Drzwi otwarte - 8 kwietnia 2025 - Spo\u0142eczne Liceum Og\u00f3lnokszta\u0142c\u0105ce nr 1 w Poznaniu\" \/>\n<meta property=\"og:description\" content=\"To ju\u017c ostatnie drzwi otwarte w tym roku szkolnym &#8211; i najlepsza okazja, aby sprawdzi\u0107, jaki jest nasz spos\u00f3b na...\" \/>\n<meta property=\"og:url\" content=\"https:\/\/spolecznajedynka.pl\/lo\/rekrutacja\/drzwi-otwarte-8-kwietnia-2025\/\" \/>\n<meta property=\"og:site_name\" content=\"Spo\u0142eczne Liceum Og\u00f3lnokszta\u0142c\u0105ce nr 1 w Poznaniu\" \/>\n<meta property=\"article:publisher\" content=\"https:\/\/www.facebook.com\/p\/Liceum-Spoeczna-Jedynka-Pozna-100082885224687\" \/>\n<meta property=\"article:published_time\" content=\"2025-03-25T15:06:41+00:00\" \/>\n<meta property=\"article:modified_time\" content=\"2025-03-26T21:56:55+00:00\" \/>\n<meta property=\"og:image\" content=\"https:\/\/spolecznajedynka.pl\/lo\/wp-content\/uploads\/sites\/2\/2025\/03\/Kopia-\u2013-Drzwi-otwarte-LO-2.png\" \/>\n\t<meta property=\"og:image:width\" content=\"480\" \/>\n\t<meta property=\"og:image:height\" content=\"270\" \/>\n\t<meta property=\"og:image:type\" content=\"image\/png\" \/>\n<meta name=\"author\" content=\"Admin Top\" \/>\n<meta name=\"twitter:card\" content=\"summary_large_image\" \/>\n<meta name=\"twitter:label1\" content=\"Napisane przez\" \/>\n\t<meta name=\"twitter:data1\" content=\"Admin Top\" \/>\n\t<meta name=\"twitter:label2\" content=\"Szacowany czas czytania\" \/>\n\t<meta name=\"twitter:data2\" content=\"1 minuta\" \/>\n<script type=\"application\/ld+json\" class=\"yoast-schema-graph\">{\"@context\":\"https:\\\/\\\/schema.org\",\"@graph\":[{\"@type\":\"Article\",\"@id\":\"https:\\\/\\\/spolecznajedynka.pl\\\/lo\\\/rekrutacja\\\/drzwi-otwarte-8-kwietnia-2025\\\/#article\",\"isPartOf\":{\"@id\":\"https:\\\/\\\/spolecznajedynka.pl\\\/lo\\\/rekrutacja\\\/drzwi-otwarte-8-kwietnia-2025\\\/\"},\"author\":{\"name\":\"Admin Top\",\"@id\":\"https:\\\/\\\/spolecznajedynka.pl\\\/lo\\\/#\\\/schema\\\/person\\\/2516201558d359d325ddfae4255a4356\"},\"headline\":\"Drzwi otwarte &#8211; 8 kwietnia 2025\",\"datePublished\":\"2025-03-25T15:06:41+00:00\",\"dateModified\":\"2025-03-26T21:56:55+00:00\",\"mainEntityOfPage\":{\"@id\":\"https:\\\/\\\/spolecznajedynka.pl\\\/lo\\\/rekrutacja\\\/drzwi-otwarte-8-kwietnia-2025\\\/\"},\"wordCount\":147,\"publisher\":{\"@id\":\"https:\\\/\\\/spolecznajedynka.pl\\\/lo\\\/#organization\"},\"image\":{\"@id\":\"https:\\\/\\\/spolecznajedynka.pl\\\/lo\\\/rekrutacja\\\/drzwi-otwarte-8-kwietnia-2025\\\/#primaryimage\"},\"thumbnailUrl\":\"https:\\\/\\\/spolecznajedynka.pl\\\/lo\\\/wp-content\\\/uploads\\\/sites\\\/2\\\/2025\\\/03\\\/Kopia-\u2013-Drzwi-otwarte-LO-2.png\",\"articleSection\":[\"Komunikaty\",\"Rekrutacja\"],\"inLanguage\":\"pl-PL\"},{\"@type\":\"WebPage\",\"@id\":\"https:\\\/\\\/spolecznajedynka.pl\\\/lo\\\/rekrutacja\\\/drzwi-otwarte-8-kwietnia-2025\\\/\",\"url\":\"https:\\\/\\\/spolecznajedynka.pl\\\/lo\\\/rekrutacja\\\/drzwi-otwarte-8-kwietnia-2025\\\/\",\"name\":\"Drzwi otwarte - 8 kwietnia 2025 - Spo\u0142eczne Liceum Og\u00f3lnokszta\u0142c\u0105ce nr 1 w Poznaniu\",\"isPartOf\":{\"@id\":\"https:\\\/\\\/spolecznajedynka.pl\\\/lo\\\/#website\"},\"primaryImageOfPage\":{\"@id\":\"https:\\\/\\\/spolecznajedynka.pl\\\/lo\\\/rekrutacja\\\/drzwi-otwarte-8-kwietnia-2025\\\/#primaryimage\"},\"image\":{\"@id\":\"https:\\\/\\\/spolecznajedynka.pl\\\/lo\\\/rekrutacja\\\/drzwi-otwarte-8-kwietnia-2025\\\/#primaryimage\"},\"thumbnailUrl\":\"https:\\\/\\\/spolecznajedynka.pl\\\/lo\\\/wp-content\\\/uploads\\\/sites\\\/2\\\/2025\\\/03\\\/Kopia-\u2013-Drzwi-otwarte-LO-2.png\",\"datePublished\":\"2025-03-25T15:06:41+00:00\",\"dateModified\":\"2025-03-26T21:56:55+00:00\",\"breadcrumb\":{\"@id\":\"https:\\\/\\\/spolecznajedynka.pl\\\/lo\\\/rekrutacja\\\/drzwi-otwarte-8-kwietnia-2025\\\/#breadcrumb\"},\"inLanguage\":\"pl-PL\",\"potentialAction\":[{\"@type\":\"ReadAction\",\"target\":[\"https:\\\/\\\/spolecznajedynka.pl\\\/lo\\\/rekrutacja\\\/drzwi-otwarte-8-kwietnia-2025\\\/\"]}]},{\"@type\":\"ImageObject\",\"inLanguage\":\"pl-PL\",\"@id\":\"https:\\\/\\\/spolecznajedynka.pl\\\/lo\\\/rekrutacja\\\/drzwi-otwarte-8-kwietnia-2025\\\/#primaryimage\",\"url\":\"https:\\\/\\\/spolecznajedynka.pl\\\/lo\\\/wp-content\\\/uploads\\\/sites\\\/2\\\/2025\\\/03\\\/Kopia-\u2013-Drzwi-otwarte-LO-2.png\",\"contentUrl\":\"https:\\\/\\\/spolecznajedynka.pl\\\/lo\\\/wp-content\\\/uploads\\\/sites\\\/2\\\/2025\\\/03\\\/Kopia-\u2013-Drzwi-otwarte-LO-2.png\",\"width\":480,\"height\":270},{\"@type\":\"BreadcrumbList\",\"@id\":\"https:\\\/\\\/spolecznajedynka.pl\\\/lo\\\/rekrutacja\\\/drzwi-otwarte-8-kwietnia-2025\\\/#breadcrumb\",\"itemListElement\":[{\"@type\":\"ListItem\",\"position\":1,\"name\":\"Strona g\u0142\u00f3wna\",\"item\":\"https:\\\/\\\/spolecznajedynka.pl\\\/lo\\\/\"},{\"@type\":\"ListItem\",\"position\":2,\"name\":\"Rekrutacja\",\"item\":\"https:\\\/\\\/spolecznajedynka.pl\\\/lo\\\/k\\\/rekrutacja\\\/\"},{\"@type\":\"ListItem\",\"position\":3,\"name\":\"Drzwi otwarte &#8211; 8 kwietnia 2025\"}]},{\"@type\":\"WebSite\",\"@id\":\"https:\\\/\\\/spolecznajedynka.pl\\\/lo\\\/#website\",\"url\":\"https:\\\/\\\/spolecznajedynka.pl\\\/lo\\\/\",\"name\":\"Spo\u0142eczne Liceum Og\u00f3lnokszta\u0142c\u0105ce nr 1 w Poznaniu\",\"description\":\"\",\"publisher\":{\"@id\":\"https:\\\/\\\/spolecznajedynka.pl\\\/lo\\\/#organization\"},\"potentialAction\":[{\"@type\":\"SearchAction\",\"target\":{\"@type\":\"EntryPoint\",\"urlTemplate\":\"https:\\\/\\\/spolecznajedynka.pl\\\/lo\\\/?s={search_term_string}\"},\"query-input\":{\"@type\":\"PropertyValueSpecification\",\"valueRequired\":true,\"valueName\":\"search_term_string\"}}],\"inLanguage\":\"pl-PL\"},{\"@type\":\"Organization\",\"@id\":\"https:\\\/\\\/spolecznajedynka.pl\\\/lo\\\/#organization\",\"name\":\"Spo\u0142eczne Liceum Og\u00f3lnokszta\u0142c\u0105ce nr 1 w Poznaniu\",\"url\":\"https:\\\/\\\/spolecznajedynka.pl\\\/lo\\\/\",\"logo\":{\"@type\":\"ImageObject\",\"inLanguage\":\"pl-PL\",\"@id\":\"https:\\\/\\\/spolecznajedynka.pl\\\/lo\\\/#\\\/schema\\\/logo\\\/image\\\/\",\"url\":\"https:\\\/\\\/spolecznajedynka.pl\\\/lo\\\/wp-content\\\/uploads\\\/sites\\\/2\\\/2023\\\/08\\\/logo-lo.png\",\"contentUrl\":\"https:\\\/\\\/spolecznajedynka.pl\\\/lo\\\/wp-content\\\/uploads\\\/sites\\\/2\\\/2023\\\/08\\\/logo-lo.png\",\"width\":651,\"height\":355,\"caption\":\"Spo\u0142eczne Liceum Og\u00f3lnokszta\u0142c\u0105ce nr 1 w Poznaniu\"},\"image\":{\"@id\":\"https:\\\/\\\/spolecznajedynka.pl\\\/lo\\\/#\\\/schema\\\/logo\\\/image\\\/\"},\"sameAs\":[\"https:\\\/\\\/www.facebook.com\\\/p\\\/Liceum-Spoeczna-Jedynka-Pozna-100082885224687\",\"https:\\\/\\\/www.instagram.com\\\/spolecznajedynka\\\/\",\"https:\\\/\\\/www.tiktok.com\\\/@lospoleczna1\"]},{\"@type\":\"Person\",\"@id\":\"https:\\\/\\\/spolecznajedynka.pl\\\/lo\\\/#\\\/schema\\\/person\\\/2516201558d359d325ddfae4255a4356\",\"name\":\"Admin Top\",\"image\":{\"@type\":\"ImageObject\",\"inLanguage\":\"pl-PL\",\"@id\":\"https:\\\/\\\/secure.gravatar.com\\\/avatar\\\/4faaedc4afabcd882aed6427c06dd9449a4ac635efb8f231a3e4f729e70f1cad?s=96&d=mm&r=g\",\"url\":\"https:\\\/\\\/secure.gravatar.com\\\/avatar\\\/4faaedc4afabcd882aed6427c06dd9449a4ac635efb8f231a3e4f729e70f1cad?s=96&d=mm&r=g\",\"contentUrl\":\"https:\\\/\\\/secure.gravatar.com\\\/avatar\\\/4faaedc4afabcd882aed6427c06dd9449a4ac635efb8f231a3e4f729e70f1cad?s=96&d=mm&r=g\",\"caption\":\"Admin Top\"}}]}<\/script>\n<!-- \/ Yoast SEO plugin. -->","yoast_head_json":{"title":"Drzwi otwarte - 8 kwietnia 2025 - Spo\u0142eczne Liceum Og\u00f3lnokszta\u0142c\u0105ce nr 1 w Poznaniu","robots":{"index":"index","follow":"follow","max-snippet":"max-snippet:-1","max-image-preview":"max-image-preview:large","max-video-preview":"max-video-preview:-1"},"canonical":"https:\/\/spolecznajedynka.pl\/lo\/rekrutacja\/drzwi-otwarte-8-kwietnia-2025\/","og_locale":"pl_PL","og_type":"article","og_title":"Drzwi otwarte - 8 kwietnia 2025 - Spo\u0142eczne Liceum Og\u00f3lnokszta\u0142c\u0105ce nr 1 w Poznaniu","og_description":"To ju\u017c ostatnie drzwi otwarte w tym roku szkolnym &#8211; i najlepsza okazja, aby sprawdzi\u0107, jaki jest nasz spos\u00f3b na...","og_url":"https:\/\/spolecznajedynka.pl\/lo\/rekrutacja\/drzwi-otwarte-8-kwietnia-2025\/","og_site_name":"Spo\u0142eczne Liceum Og\u00f3lnokszta\u0142c\u0105ce nr 1 w Poznaniu","article_publisher":"https:\/\/www.facebook.com\/p\/Liceum-Spoeczna-Jedynka-Pozna-100082885224687","article_published_time":"2025-03-25T15:06:41+00:00","article_modified_time":"2025-03-26T21:56:55+00:00","og_image":[{"width":480,"height":270,"url":"https:\/\/spolecznajedynka.pl\/lo\/wp-content\/uploads\/sites\/2\/2025\/03\/Kopia-\u2013-Drzwi-otwarte-LO-2.png","type":"image\/png"}],"author":"Admin Top","twitter_card":"summary_large_image","twitter_misc":{"Napisane przez":"Admin Top","Szacowany czas czytania":"1 minuta"},"schema":{"@context":"https:\/\/schema.org","@graph":[{"@type":"Article","@id":"https:\/\/spolecznajedynka.pl\/lo\/rekrutacja\/drzwi-otwarte-8-kwietnia-2025\/#article","isPartOf":{"@id":"https:\/\/spolecznajedynka.pl\/lo\/rekrutacja\/drzwi-otwarte-8-kwietnia-2025\/"},"author":{"name":"Admin Top","@id":"https:\/\/spolecznajedynka.pl\/lo\/#\/schema\/person\/2516201558d359d325ddfae4255a4356"},"headline":"Drzwi otwarte &#8211; 8 kwietnia 2025","datePublished":"2025-03-25T15:06:41+00:00","dateModified":"2025-03-26T21:56:55+00:00","mainEntityOfPage":{"@id":"https:\/\/spolecznajedynka.pl\/lo\/rekrutacja\/drzwi-otwarte-8-kwietnia-2025\/"},"wordCount":147,"publisher":{"@id":"https:\/\/spolecznajedynka.pl\/lo\/#organization"},"image":{"@id":"https:\/\/spolecznajedynka.pl\/lo\/rekrutacja\/drzwi-otwarte-8-kwietnia-2025\/#primaryimage"},"thumbnailUrl":"https:\/\/spolecznajedynka.pl\/lo\/wp-content\/uploads\/sites\/2\/2025\/03\/Kopia-\u2013-Drzwi-otwarte-LO-2.png","articleSection":["Komunikaty","Rekrutacja"],"inLanguage":"pl-PL"},{"@type":"WebPage","@id":"https:\/\/spolecznajedynka.pl\/lo\/rekrutacja\/drzwi-otwarte-8-kwietnia-2025\/","url":"https:\/\/spolecznajedynka.pl\/lo\/rekrutacja\/drzwi-otwarte-8-kwietnia-2025\/","name":"Drzwi otwarte - 8 kwietnia 2025 - Spo\u0142eczne Liceum Og\u00f3lnokszta\u0142c\u0105ce nr 1 w Poznaniu","isPartOf":{"@id":"https:\/\/spolecznajedynka.pl\/lo\/#website"},"primaryImageOfPage":{"@id":"https:\/\/spolecznajedynka.pl\/lo\/rekrutacja\/drzwi-otwarte-8-kwietnia-2025\/#primaryimage"},"image":{"@id":"https:\/\/spolecznajedynka.pl\/lo\/rekrutacja\/drzwi-otwarte-8-kwietnia-2025\/#primaryimage"},"thumbnailUrl":"https:\/\/spolecznajedynka.pl\/lo\/wp-content\/uploads\/sites\/2\/2025\/03\/Kopia-\u2013-Drzwi-otwarte-LO-2.png","datePublished":"2025-03-25T15:06:41+00:00","dateModified":"2025-03-26T21:56:55+00:00","breadcrumb":{"@id":"https:\/\/spolecznajedynka.pl\/lo\/rekrutacja\/drzwi-otwarte-8-kwietnia-2025\/#breadcrumb"},"inLanguage":"pl-PL","potentialAction":[{"@type":"ReadAction","target":["https:\/\/spolecznajedynka.pl\/lo\/rekrutacja\/drzwi-otwarte-8-kwietnia-2025\/"]}]},{"@type":"ImageObject","inLanguage":"pl-PL","@id":"https:\/\/spolecznajedynka.pl\/lo\/rekrutacja\/drzwi-otwarte-8-kwietnia-2025\/#primaryimage","url":"https:\/\/spolecznajedynka.pl\/lo\/wp-content\/uploads\/sites\/2\/2025\/03\/Kopia-\u2013-Drzwi-otwarte-LO-2.png","contentUrl":"https:\/\/spolecznajedynka.pl\/lo\/wp-content\/uploads\/sites\/2\/2025\/03\/Kopia-\u2013-Drzwi-otwarte-LO-2.png","width":480,"height":270},{"@type":"BreadcrumbList","@id":"https:\/\/spolecznajedynka.pl\/lo\/rekrutacja\/drzwi-otwarte-8-kwietnia-2025\/#breadcrumb","itemListElement":[{"@type":"ListItem","position":1,"name":"Strona g\u0142\u00f3wna","item":"https:\/\/spolecznajedynka.pl\/lo\/"},{"@type":"ListItem","position":2,"name":"Rekrutacja","item":"https:\/\/spolecznajedynka.pl\/lo\/k\/rekrutacja\/"},{"@type":"ListItem","position":3,"name":"Drzwi otwarte &#8211; 8 kwietnia 2025"}]},{"@type":"WebSite","@id":"https:\/\/spolecznajedynka.pl\/lo\/#website","url":"https:\/\/spolecznajedynka.pl\/lo\/","name":"Spo\u0142eczne Liceum Og\u00f3lnokszta\u0142c\u0105ce nr 1 w Poznaniu","description":"","publisher":{"@id":"https:\/\/spolecznajedynka.pl\/lo\/#organization"},"potentialAction":[{"@type":"SearchAction","target":{"@type":"EntryPoint","urlTemplate":"https:\/\/spolecznajedynka.pl\/lo\/?s={search_term_string}"},"query-input":{"@type":"PropertyValueSpecification","valueRequired":true,"valueName":"search_term_string"}}],"inLanguage":"pl-PL"},{"@type":"Organization","@id":"https:\/\/spolecznajedynka.pl\/lo\/#organization","name":"Spo\u0142eczne Liceum Og\u00f3lnokszta\u0142c\u0105ce nr 1 w Poznaniu","url":"https:\/\/spolecznajedynka.pl\/lo\/","logo":{"@type":"ImageObject","inLanguage":"pl-PL","@id":"https:\/\/spolecznajedynka.pl\/lo\/#\/schema\/logo\/image\/","url":"https:\/\/spolecznajedynka.pl\/lo\/wp-content\/uploads\/sites\/2\/2023\/08\/logo-lo.png","contentUrl":"https:\/\/spolecznajedynka.pl\/lo\/wp-content\/uploads\/sites\/2\/2023\/08\/logo-lo.png","width":651,"height":355,"caption":"Spo\u0142eczne Liceum Og\u00f3lnokszta\u0142c\u0105ce nr 1 w Poznaniu"},"image":{"@id":"https:\/\/spolecznajedynka.pl\/lo\/#\/schema\/logo\/image\/"},"sameAs":["https:\/\/www.facebook.com\/p\/Liceum-Spoeczna-Jedynka-Pozna-100082885224687","https:\/\/www.instagram.com\/spolecznajedynka\/","https:\/\/www.tiktok.com\/@lospoleczna1"]},{"@type":"Person","@id":"https:\/\/spolecznajedynka.pl\/lo\/#\/schema\/person\/2516201558d359d325ddfae4255a4356","name":"Admin Top","image":{"@type":"ImageObject","inLanguage":"pl-PL","@id":"https:\/\/secure.gravatar.com\/avatar\/4faaedc4afabcd882aed6427c06dd9449a4ac635efb8f231a3e4f729e70f1cad?s=96&d=mm&r=g","url":"https:\/\/secure.gravatar.com\/avatar\/4faaedc4afabcd882aed6427c06dd9449a4ac635efb8f231a3e4f729e70f1cad?s=96&d=mm&r=g","contentUrl":"https:\/\/secure.gravatar.com\/avatar\/4faaedc4afabcd882aed6427c06dd9449a4ac635efb8f231a3e4f729e70f1cad?s=96&d=mm&r=g","caption":"Admin Top"}}]}},"_links":{"self":[{"href":"https:\/\/spolecznajedynka.pl\/lo\/wp-json\/wp\/v2\/posts\/1453","targetHints":{"allow":["GET"]}}],"collection":[{"href":"https:\/\/spolecznajedynka.pl\/lo\/wp-json\/wp\/v2\/posts"}],"about":[{"href":"https:\/\/spolecznajedynka.pl\/lo\/wp-json\/wp\/v2\/types\/post"}],"author":[{"embeddable":true,"href":"https:\/\/spolecznajedynka.pl\/lo\/wp-json\/wp\/v2\/users\/2"}],"replies":[{"embeddable":true,"href":"https:\/\/spolecznajedynka.pl\/lo\/wp-json\/wp\/v2\/comments?post=1453"}],"version-history":[{"count":1,"href":"https:\/\/spolecznajedynka.pl\/lo\/wp-json\/wp\/v2\/posts\/1453\/revisions"}],"predecessor-version":[{"id":1455,"href":"https:\/\/spolecznajedynka.pl\/lo\/wp-json\/wp\/v2\/posts\/1453\/revisions\/1455"}],"wp:featuredmedia":[{"embeddable":true,"href":"https:\/\/spolecznajedynka.pl\/lo\/wp-json\/wp\/v2\/media\/1454"}],"wp:attachment":[{"href":"https:\/\/spolecznajedynka.pl\/lo\/wp-json\/wp\/v2\/media?parent=1453"}],"wp:term":[{"taxonomy":"category","embeddable":true,"href":"https:\/\/spolecznajedynka.pl\/lo\/wp-json\/wp\/v2\/categories?post=1453"},{"taxonomy":"post_tag","embeddable":true,"href":"https:\/\/spolecznajedynka.pl\/lo\/wp-json\/wp\/v2\/tags?post=1453"}],"curies":[{"name":"wp","href":"https:\/\/api.w.org\/{rel}","templated":true}]}}