{"id":1339,"date":"2024-12-18T08:38:32","date_gmt":"2024-12-18T07:38:32","guid":{"rendered":"https:\/\/spolecznajedynka.pl\/lo\/?p=1339"},"modified":"2024-12-20T02:31:35","modified_gmt":"2024-12-20T01:31:35","slug":"wycieczka-do-gdanska-i-gdyni","status":"publish","type":"post","link":"https:\/\/spolecznajedynka.pl\/lo\/poza-lekcjami\/wycieczka-do-gdanska-i-gdyni\/","title":{"rendered":"Wycieczka do Gda\u0144ska i Gdyni"},"content":{"rendered":"<div class=\"\" data-block=\"true\" data-editor=\"edu9c\" data-offset-key=\"fam58-0-0\"><\/div>\n<div class=\"\" data-block=\"true\" data-editor=\"edu9c\" data-offset-key=\"b778h-0-0\">\n<div class=\"_1mf _1mj\" data-offset-key=\"b778h-0-0\"><\/div>\n<\/div>\n<div class=\"\" data-block=\"true\" data-editor=\"edu9c\" data-offset-key=\"5h5v8-0-0\">\n<div class=\"_1mf _1mj\" data-offset-key=\"5h5v8-0-0\"><strong>Liceali\u015bci przekonali si\u0119 o tym, \u017ce nie potrzeba letniej pogody, aby wypad na Wybrze\u017ce by\u0142 interesuj\u0105cym do\u015bwiadczeniem!<\/strong><\/div>\n<\/div>\n<div class=\"\" data-block=\"true\" data-editor=\"edu9c\" data-offset-key=\"1bvh-0-0\">\n<div class=\"_1mf _1mj\" data-offset-key=\"1bvh-0-0\"><span data-offset-key=\"1bvh-0-0\">\u00a0<\/span><\/div>\n<\/div>\n<div class=\"\" data-block=\"true\" data-editor=\"edu9c\" data-offset-key=\"edvjs-0-0\">\n<div class=\"_1mf _1mj\" data-offset-key=\"edvjs-0-0\"><span data-offset-key=\"edvjs-0-0\">Wyjazd do Tr\u00f3jmiasta odby\u0142 si\u0119 w dniach 10-11 grudnia i wzi\u0119li w nim udzia\u0142 uczniowie i uczennice z klas 1-3, kt\u00f3rzy realizuj\u0105 przedmioty humanistyczne jako rozszerzone.\u00a0<\/span><\/div>\n<\/div>\n<div class=\"\" data-block=\"true\" data-editor=\"edu9c\" data-offset-key=\"b00v2-0-0\">\n<div class=\"_1mf _1mj\" data-offset-key=\"b00v2-0-0\"><span data-offset-key=\"b00v2-0-0\">\u00a0<\/span><\/div>\n<\/div>\n<div class=\"\" data-block=\"true\" data-editor=\"edu9c\" data-offset-key=\"424bj-0-0\">\n<div class=\"_1mf _1mj\" data-offset-key=\"424bj-0-0\"><span data-offset-key=\"424bj-0-0\">\u00a0Estetycznych wra\u017ce\u0144 i inspiracji do dyskusji o sztuce dostarczy\u0142y: spacer po terenach Stoczni Cesarskiej i zwiedzanie Pa\u0142acu Opat\u00f3w \u2013 oddzia\u0142u Sztuki Nowoczesnej Muzeum Narodowego w Gda\u0144sku.\u00a0<\/span><\/div>\n<\/div>\n<div class=\"\" data-block=\"true\" data-editor=\"edu9c\" data-offset-key=\"ao0ub-0-0\">\n<div class=\"_1mf _1mj\" data-offset-key=\"ao0ub-0-0\"><span data-offset-key=\"ao0ub-0-0\">\u00a0<\/span><\/div>\n<\/div>\n<div class=\"\" data-block=\"true\" data-editor=\"edu9c\" data-offset-key=\"fhha-0-0\">\n<div class=\"_1mf _1mj\" data-offset-key=\"fhha-0-0\"><span data-offset-key=\"fhha-0-0\">Wa\u017cnym punktem wycieczki by\u0142o spotkanie z histori\u0105 XX wieku w Stoczni Gda\u0144skiej i Muzeum II Wojny \u015awiatowej.\u00a0<\/span><\/div>\n<\/div>\n<div class=\"\" data-block=\"true\" data-editor=\"edu9c\" data-offset-key=\"866m8-0-0\">\n<div class=\"_1mf _1mj\" data-offset-key=\"866m8-0-0\"><span data-offset-key=\"866m8-0-0\">\u00a0<\/span><\/div>\n<\/div>\n<div class=\"\" data-block=\"true\" data-editor=\"edu9c\" data-offset-key=\"9qenp-0-0\">\n<div class=\"_1mf _1mj\" data-offset-key=\"9qenp-0-0\"><span data-offset-key=\"9qenp-0-0\">Artystyczn\u0105 wisienk\u0105 na torcie zwiedzania okaza\u0142a si\u0119 wizyta w Operze Ba\u0142tyckiej i zachwycaj\u0105cy spektakl baletowy &#8222;Karnawa\u0142 Zwierz\u0105t&#8221;.\u00a0<\/span><\/div>\n<\/div>\n<div class=\"\" data-block=\"true\" data-editor=\"edu9c\" data-offset-key=\"civf8-0-0\">\n<div class=\"_1mf _1mj\" data-offset-key=\"civf8-0-0\"><span data-offset-key=\"civf8-0-0\">\u00a0<\/span><\/div>\n<\/div>\n<div class=\"\" data-block=\"true\" data-editor=\"edu9c\" data-offset-key=\"6bp4v-0-0\">\n<div class=\"_1mf _1mj\" data-offset-key=\"6bp4v-0-0\"><span data-offset-key=\"6bp4v-0-0\">Humani\u015bci sprawdzili te\u017c, jak wygl\u0105da zwyci\u0119zca Best Christmas Markets in Europe 2025\u00a0 \u2013 gda\u0144ski jarmark bo\u017conarodzeniowy.\u00a0<\/span><\/div>\n<\/div>\n<div class=\"\" data-block=\"true\" data-editor=\"edu9c\" data-offset-key=\"f88f0-0-0\">\n<div class=\"_1mf _1mj\" data-offset-key=\"f88f0-0-0\"><span data-offset-key=\"f88f0-0-0\">(I przy okazji zaliczyli te\u017c absolutnie obowi\u0105zkowe w zwiedzaniu stolicy wojew\u00f3dztwa pomorskiego: Drog\u0119 Kr\u00f3lewsk\u0105, D\u0142ugi Targ oraz Fontann\u0119 Neptuna.)<\/span><\/div>\n<\/div>\n<div class=\"_1mf _1mj\" data-offset-key=\"dr67k-0-0\"><\/div>\n<div data-offset-key=\"dr67k-0-0\">\n\n\t\t<style type=\"text\/css\">\n\t\t\t#gallery-1 {\n\t\t\t\tmargin: auto;\n\t\t\t}\n\t\t\t#gallery-1 .gallery-item {\n\t\t\t\tfloat: left;\n\t\t\t\tmargin-top: 10px;\n\t\t\t\ttext-align: center;\n\t\t\t\twidth: 33%;\n\t\t\t}\n\t\t\t#gallery-1 img {\n\t\t\t\tborder: 2px solid #cfcfcf;\n\t\t\t}\n\t\t\t#gallery-1 .gallery-caption {\n\t\t\t\tmargin-left: 0;\n\t\t\t}\n\t\t\t\/* see gallery_shortcode() in wp-includes\/media.php *\/\n\t\t<\/style>\n\t\t<div id='gallery-1' class='gallery galleryid-1339 gallery-columns-3 gallery-size-thumbnail'><dl class='gallery-item'>\n\t\t\t<dt class='gallery-icon portrait'>\n\t\t\t\t<a href='https:\/\/spolecznajedynka.pl\/lo\/poza-lekcjami\/wycieczka-do-gdanska-i-gdyni\/attachment\/received_934599551938794\/'><img loading=\"lazy\" decoding=\"async\" width=\"150\" height=\"150\" src=\"https:\/\/spolecznajedynka.pl\/lo\/wp-content\/uploads\/sites\/2\/2024\/12\/received_934599551938794-150x150.jpeg\" class=\"attachment-thumbnail size-thumbnail\" alt=\"\" \/><\/a>\n\t\t\t<\/dt><\/dl><dl class='gallery-item'>\n\t\t\t<dt class='gallery-icon portrait'>\n\t\t\t\t<a href='https:\/\/spolecznajedynka.pl\/lo\/poza-lekcjami\/wycieczka-do-gdanska-i-gdyni\/attachment\/received_978373790991793\/'><img loading=\"lazy\" decoding=\"async\" width=\"150\" height=\"150\" src=\"https:\/\/spolecznajedynka.pl\/lo\/wp-content\/uploads\/sites\/2\/2024\/12\/received_978373790991793-150x150.jpeg\" class=\"attachment-thumbnail size-thumbnail\" alt=\"\" \/><\/a>\n\t\t\t<\/dt><\/dl><dl class='gallery-item'>\n\t\t\t<dt class='gallery-icon landscape'>\n\t\t\t\t<a href='https:\/\/spolecznajedynka.pl\/lo\/poza-lekcjami\/wycieczka-do-gdanska-i-gdyni\/attachment\/received_1125258965637056\/'><img loading=\"lazy\" decoding=\"async\" width=\"150\" height=\"150\" src=\"https:\/\/spolecznajedynka.pl\/lo\/wp-content\/uploads\/sites\/2\/2024\/12\/received_1125258965637056-150x150.jpeg\" class=\"attachment-thumbnail size-thumbnail\" alt=\"\" \/><\/a>\n\t\t\t<\/dt><\/dl><br style=\"clear: both\" \/><dl class='gallery-item'>\n\t\t\t<dt class='gallery-icon portrait'>\n\t\t\t\t<a href='https:\/\/spolecznajedynka.pl\/lo\/poza-lekcjami\/wycieczka-do-gdanska-i-gdyni\/attachment\/messenger_creation_875086124705912\/'><img loading=\"lazy\" decoding=\"async\" width=\"150\" height=\"150\" src=\"https:\/\/spolecznajedynka.pl\/lo\/wp-content\/uploads\/sites\/2\/2024\/12\/Messenger_creation_875086124705912-150x150.jpeg\" class=\"attachment-thumbnail size-thumbnail\" alt=\"\" \/><\/a>\n\t\t\t<\/dt><\/dl><dl class='gallery-item'>\n\t\t\t<dt class='gallery-icon landscape'>\n\t\t\t\t<a href='https:\/\/spolecznajedynka.pl\/lo\/poza-lekcjami\/wycieczka-do-gdanska-i-gdyni\/attachment\/received_1303632924393465\/'><img loading=\"lazy\" decoding=\"async\" width=\"150\" height=\"150\" src=\"https:\/\/spolecznajedynka.pl\/lo\/wp-content\/uploads\/sites\/2\/2024\/12\/received_1303632924393465-150x150.jpeg\" class=\"attachment-thumbnail size-thumbnail\" alt=\"\" \/><\/a>\n\t\t\t<\/dt><\/dl><dl class='gallery-item'>\n\t\t\t<dt class='gallery-icon landscape'>\n\t\t\t\t<a href='https:\/\/spolecznajedynka.pl\/lo\/poza-lekcjami\/wycieczka-do-gdanska-i-gdyni\/attachment\/received_1488325551846435\/'><img loading=\"lazy\" decoding=\"async\" width=\"150\" height=\"150\" src=\"https:\/\/spolecznajedynka.pl\/lo\/wp-content\/uploads\/sites\/2\/2024\/12\/received_1488325551846435-150x150.jpeg\" class=\"attachment-thumbnail size-thumbnail\" alt=\"\" \/><\/a>\n\t\t\t<\/dt><\/dl><br style=\"clear: both\" \/><dl class='gallery-item'>\n\t\t\t<dt class='gallery-icon landscape'>\n\t\t\t\t<a href='https:\/\/spolecznajedynka.pl\/lo\/poza-lekcjami\/wycieczka-do-gdanska-i-gdyni\/attachment\/received_1120644132784755\/'><img loading=\"lazy\" decoding=\"async\" width=\"150\" height=\"150\" src=\"https:\/\/spolecznajedynka.pl\/lo\/wp-content\/uploads\/sites\/2\/2024\/12\/received_1120644132784755-150x150.jpeg\" class=\"attachment-thumbnail size-thumbnail\" alt=\"\" \/><\/a>\n\t\t\t<\/dt><\/dl>\n\t\t\t<br style='clear: both' \/>\n\t\t<\/div>\n\n<\/div>\n","protected":false},"excerpt":{"rendered":"<p>Liceali\u015bci przekonali si\u0119 o tym, \u017ce nie potrzeba letniej pogody, aby wypad na Wybrze\u017ce by\u0142 interesuj\u0105cym do\u015bwiadczeniem! \u00a0 Wyjazd do&#8230;<\/p>\n","protected":false},"author":2,"featured_media":1344,"comment_status":"closed","ping_status":"closed","sticky":false,"template":"","format":"standard","meta":{"_acf_changed":false,"footnotes":""},"categories":[11],"tags":[],"class_list":["post-1339","post","type-post","status-publish","format-standard","has-post-thumbnail","hentry","category-poza-lekcjami"],"acf":[],"yoast_head":"<!-- This site is optimized with the Yoast SEO plugin v27.5 - https:\/\/yoast.com\/product\/yoast-seo-wordpress\/ -->\n<title>Wycieczka do Gda\u0144ska i Gdyni - Spo\u0142eczne Liceum Og\u00f3lnokszta\u0142c\u0105ce nr 1 w Poznaniu<\/title>\n<meta name=\"robots\" content=\"index, follow, max-snippet:-1, max-image-preview:large, max-video-preview:-1\" \/>\n<link rel=\"canonical\" href=\"https:\/\/spolecznajedynka.pl\/lo\/poza-lekcjami\/wycieczka-do-gdanska-i-gdyni\/\" \/>\n<meta property=\"og:locale\" content=\"pl_PL\" \/>\n<meta property=\"og:type\" content=\"article\" \/>\n<meta property=\"og:title\" content=\"Wycieczka do Gda\u0144ska i Gdyni - Spo\u0142eczne Liceum Og\u00f3lnokszta\u0142c\u0105ce nr 1 w Poznaniu\" \/>\n<meta property=\"og:description\" content=\"Liceali\u015bci przekonali si\u0119 o tym, \u017ce nie potrzeba letniej pogody, aby wypad na Wybrze\u017ce by\u0142 interesuj\u0105cym do\u015bwiadczeniem! \u00a0 Wyjazd do...\" \/>\n<meta property=\"og:url\" content=\"https:\/\/spolecznajedynka.pl\/lo\/poza-lekcjami\/wycieczka-do-gdanska-i-gdyni\/\" \/>\n<meta property=\"og:site_name\" content=\"Spo\u0142eczne Liceum Og\u00f3lnokszta\u0142c\u0105ce nr 1 w Poznaniu\" \/>\n<meta property=\"article:publisher\" content=\"https:\/\/www.facebook.com\/p\/Liceum-Spoeczna-Jedynka-Pozna-100082885224687\" \/>\n<meta property=\"article:published_time\" content=\"2024-12-18T07:38:32+00:00\" \/>\n<meta property=\"article:modified_time\" content=\"2024-12-20T01:31:35+00:00\" \/>\n<meta property=\"og:image\" content=\"https:\/\/spolecznajedynka.pl\/lo\/wp-content\/uploads\/sites\/2\/2024\/12\/received_1303632924393465.jpeg\" \/>\n\t<meta property=\"og:image:width\" content=\"2048\" \/>\n\t<meta property=\"og:image:height\" content=\"1536\" \/>\n\t<meta property=\"og:image:type\" content=\"image\/jpeg\" \/>\n<meta name=\"author\" content=\"Admin Top\" \/>\n<meta name=\"twitter:card\" content=\"summary_large_image\" \/>\n<meta name=\"twitter:label1\" content=\"Napisane przez\" \/>\n\t<meta name=\"twitter:data1\" content=\"Admin Top\" \/>\n\t<meta name=\"twitter:label2\" content=\"Szacowany czas czytania\" \/>\n\t<meta name=\"twitter:data2\" content=\"2 minuty\" \/>\n<script type=\"application\/ld+json\" class=\"yoast-schema-graph\">{\"@context\":\"https:\\\/\\\/schema.org\",\"@graph\":[{\"@type\":\"Article\",\"@id\":\"https:\\\/\\\/spolecznajedynka.pl\\\/lo\\\/poza-lekcjami\\\/wycieczka-do-gdanska-i-gdyni\\\/#article\",\"isPartOf\":{\"@id\":\"https:\\\/\\\/spolecznajedynka.pl\\\/lo\\\/poza-lekcjami\\\/wycieczka-do-gdanska-i-gdyni\\\/\"},\"author\":{\"name\":\"Admin Top\",\"@id\":\"https:\\\/\\\/spolecznajedynka.pl\\\/lo\\\/#\\\/schema\\\/person\\\/2516201558d359d325ddfae4255a4356\"},\"headline\":\"Wycieczka do Gda\u0144ska i Gdyni\",\"datePublished\":\"2024-12-18T07:38:32+00:00\",\"dateModified\":\"2024-12-20T01:31:35+00:00\",\"mainEntityOfPage\":{\"@id\":\"https:\\\/\\\/spolecznajedynka.pl\\\/lo\\\/poza-lekcjami\\\/wycieczka-do-gdanska-i-gdyni\\\/\"},\"wordCount\":172,\"publisher\":{\"@id\":\"https:\\\/\\\/spolecznajedynka.pl\\\/lo\\\/#organization\"},\"image\":{\"@id\":\"https:\\\/\\\/spolecznajedynka.pl\\\/lo\\\/poza-lekcjami\\\/wycieczka-do-gdanska-i-gdyni\\\/#primaryimage\"},\"thumbnailUrl\":\"https:\\\/\\\/spolecznajedynka.pl\\\/lo\\\/wp-content\\\/uploads\\\/sites\\\/2\\\/2024\\\/12\\\/received_1303632924393465.jpeg\",\"articleSection\":[\"Poza lekcjami\"],\"inLanguage\":\"pl-PL\"},{\"@type\":\"WebPage\",\"@id\":\"https:\\\/\\\/spolecznajedynka.pl\\\/lo\\\/poza-lekcjami\\\/wycieczka-do-gdanska-i-gdyni\\\/\",\"url\":\"https:\\\/\\\/spolecznajedynka.pl\\\/lo\\\/poza-lekcjami\\\/wycieczka-do-gdanska-i-gdyni\\\/\",\"name\":\"Wycieczka do Gda\u0144ska i Gdyni - Spo\u0142eczne Liceum Og\u00f3lnokszta\u0142c\u0105ce nr 1 w Poznaniu\",\"isPartOf\":{\"@id\":\"https:\\\/\\\/spolecznajedynka.pl\\\/lo\\\/#website\"},\"primaryImageOfPage\":{\"@id\":\"https:\\\/\\\/spolecznajedynka.pl\\\/lo\\\/poza-lekcjami\\\/wycieczka-do-gdanska-i-gdyni\\\/#primaryimage\"},\"image\":{\"@id\":\"https:\\\/\\\/spolecznajedynka.pl\\\/lo\\\/poza-lekcjami\\\/wycieczka-do-gdanska-i-gdyni\\\/#primaryimage\"},\"thumbnailUrl\":\"https:\\\/\\\/spolecznajedynka.pl\\\/lo\\\/wp-content\\\/uploads\\\/sites\\\/2\\\/2024\\\/12\\\/received_1303632924393465.jpeg\",\"datePublished\":\"2024-12-18T07:38:32+00:00\",\"dateModified\":\"2024-12-20T01:31:35+00:00\",\"breadcrumb\":{\"@id\":\"https:\\\/\\\/spolecznajedynka.pl\\\/lo\\\/poza-lekcjami\\\/wycieczka-do-gdanska-i-gdyni\\\/#breadcrumb\"},\"inLanguage\":\"pl-PL\",\"potentialAction\":[{\"@type\":\"ReadAction\",\"target\":[\"https:\\\/\\\/spolecznajedynka.pl\\\/lo\\\/poza-lekcjami\\\/wycieczka-do-gdanska-i-gdyni\\\/\"]}]},{\"@type\":\"ImageObject\",\"inLanguage\":\"pl-PL\",\"@id\":\"https:\\\/\\\/spolecznajedynka.pl\\\/lo\\\/poza-lekcjami\\\/wycieczka-do-gdanska-i-gdyni\\\/#primaryimage\",\"url\":\"https:\\\/\\\/spolecznajedynka.pl\\\/lo\\\/wp-content\\\/uploads\\\/sites\\\/2\\\/2024\\\/12\\\/received_1303632924393465.jpeg\",\"contentUrl\":\"https:\\\/\\\/spolecznajedynka.pl\\\/lo\\\/wp-content\\\/uploads\\\/sites\\\/2\\\/2024\\\/12\\\/received_1303632924393465.jpeg\",\"width\":2048,\"height\":1536},{\"@type\":\"BreadcrumbList\",\"@id\":\"https:\\\/\\\/spolecznajedynka.pl\\\/lo\\\/poza-lekcjami\\\/wycieczka-do-gdanska-i-gdyni\\\/#breadcrumb\",\"itemListElement\":[{\"@type\":\"ListItem\",\"position\":1,\"name\":\"Strona g\u0142\u00f3wna\",\"item\":\"https:\\\/\\\/spolecznajedynka.pl\\\/lo\\\/\"},{\"@type\":\"ListItem\",\"position\":2,\"name\":\"Poza lekcjami\",\"item\":\"https:\\\/\\\/spolecznajedynka.pl\\\/lo\\\/k\\\/poza-lekcjami\\\/\"},{\"@type\":\"ListItem\",\"position\":3,\"name\":\"Wycieczka do Gda\u0144ska i Gdyni\"}]},{\"@type\":\"WebSite\",\"@id\":\"https:\\\/\\\/spolecznajedynka.pl\\\/lo\\\/#website\",\"url\":\"https:\\\/\\\/spolecznajedynka.pl\\\/lo\\\/\",\"name\":\"Spo\u0142eczne Liceum Og\u00f3lnokszta\u0142c\u0105ce nr 1 w Poznaniu\",\"description\":\"\",\"publisher\":{\"@id\":\"https:\\\/\\\/spolecznajedynka.pl\\\/lo\\\/#organization\"},\"potentialAction\":[{\"@type\":\"SearchAction\",\"target\":{\"@type\":\"EntryPoint\",\"urlTemplate\":\"https:\\\/\\\/spolecznajedynka.pl\\\/lo\\\/?s={search_term_string}\"},\"query-input\":{\"@type\":\"PropertyValueSpecification\",\"valueRequired\":true,\"valueName\":\"search_term_string\"}}],\"inLanguage\":\"pl-PL\"},{\"@type\":\"Organization\",\"@id\":\"https:\\\/\\\/spolecznajedynka.pl\\\/lo\\\/#organization\",\"name\":\"Spo\u0142eczne Liceum Og\u00f3lnokszta\u0142c\u0105ce nr 1 w Poznaniu\",\"url\":\"https:\\\/\\\/spolecznajedynka.pl\\\/lo\\\/\",\"logo\":{\"@type\":\"ImageObject\",\"inLanguage\":\"pl-PL\",\"@id\":\"https:\\\/\\\/spolecznajedynka.pl\\\/lo\\\/#\\\/schema\\\/logo\\\/image\\\/\",\"url\":\"https:\\\/\\\/spolecznajedynka.pl\\\/lo\\\/wp-content\\\/uploads\\\/sites\\\/2\\\/2023\\\/08\\\/logo-lo.png\",\"contentUrl\":\"https:\\\/\\\/spolecznajedynka.pl\\\/lo\\\/wp-content\\\/uploads\\\/sites\\\/2\\\/2023\\\/08\\\/logo-lo.png\",\"width\":651,\"height\":355,\"caption\":\"Spo\u0142eczne Liceum Og\u00f3lnokszta\u0142c\u0105ce nr 1 w Poznaniu\"},\"image\":{\"@id\":\"https:\\\/\\\/spolecznajedynka.pl\\\/lo\\\/#\\\/schema\\\/logo\\\/image\\\/\"},\"sameAs\":[\"https:\\\/\\\/www.facebook.com\\\/p\\\/Liceum-Spoeczna-Jedynka-Pozna-100082885224687\",\"https:\\\/\\\/www.instagram.com\\\/spolecznajedynka\\\/\",\"https:\\\/\\\/www.tiktok.com\\\/@lospoleczna1\"]},{\"@type\":\"Person\",\"@id\":\"https:\\\/\\\/spolecznajedynka.pl\\\/lo\\\/#\\\/schema\\\/person\\\/2516201558d359d325ddfae4255a4356\",\"name\":\"Admin Top\",\"image\":{\"@type\":\"ImageObject\",\"inLanguage\":\"pl-PL\",\"@id\":\"https:\\\/\\\/secure.gravatar.com\\\/avatar\\\/4faaedc4afabcd882aed6427c06dd9449a4ac635efb8f231a3e4f729e70f1cad?s=96&d=mm&r=g\",\"url\":\"https:\\\/\\\/secure.gravatar.com\\\/avatar\\\/4faaedc4afabcd882aed6427c06dd9449a4ac635efb8f231a3e4f729e70f1cad?s=96&d=mm&r=g\",\"contentUrl\":\"https:\\\/\\\/secure.gravatar.com\\\/avatar\\\/4faaedc4afabcd882aed6427c06dd9449a4ac635efb8f231a3e4f729e70f1cad?s=96&d=mm&r=g\",\"caption\":\"Admin Top\"}}]}<\/script>\n<!-- \/ Yoast SEO plugin. -->","yoast_head_json":{"title":"Wycieczka do Gda\u0144ska i Gdyni - Spo\u0142eczne Liceum Og\u00f3lnokszta\u0142c\u0105ce nr 1 w Poznaniu","robots":{"index":"index","follow":"follow","max-snippet":"max-snippet:-1","max-image-preview":"max-image-preview:large","max-video-preview":"max-video-preview:-1"},"canonical":"https:\/\/spolecznajedynka.pl\/lo\/poza-lekcjami\/wycieczka-do-gdanska-i-gdyni\/","og_locale":"pl_PL","og_type":"article","og_title":"Wycieczka do Gda\u0144ska i Gdyni - Spo\u0142eczne Liceum Og\u00f3lnokszta\u0142c\u0105ce nr 1 w Poznaniu","og_description":"Liceali\u015bci przekonali si\u0119 o tym, \u017ce nie potrzeba letniej pogody, aby wypad na Wybrze\u017ce by\u0142 interesuj\u0105cym do\u015bwiadczeniem! \u00a0 Wyjazd do...","og_url":"https:\/\/spolecznajedynka.pl\/lo\/poza-lekcjami\/wycieczka-do-gdanska-i-gdyni\/","og_site_name":"Spo\u0142eczne Liceum Og\u00f3lnokszta\u0142c\u0105ce nr 1 w Poznaniu","article_publisher":"https:\/\/www.facebook.com\/p\/Liceum-Spoeczna-Jedynka-Pozna-100082885224687","article_published_time":"2024-12-18T07:38:32+00:00","article_modified_time":"2024-12-20T01:31:35+00:00","og_image":[{"width":2048,"height":1536,"url":"https:\/\/spolecznajedynka.pl\/lo\/wp-content\/uploads\/sites\/2\/2024\/12\/received_1303632924393465.jpeg","type":"image\/jpeg"}],"author":"Admin Top","twitter_card":"summary_large_image","twitter_misc":{"Napisane przez":"Admin Top","Szacowany czas czytania":"2 minuty"},"schema":{"@context":"https:\/\/schema.org","@graph":[{"@type":"Article","@id":"https:\/\/spolecznajedynka.pl\/lo\/poza-lekcjami\/wycieczka-do-gdanska-i-gdyni\/#article","isPartOf":{"@id":"https:\/\/spolecznajedynka.pl\/lo\/poza-lekcjami\/wycieczka-do-gdanska-i-gdyni\/"},"author":{"name":"Admin Top","@id":"https:\/\/spolecznajedynka.pl\/lo\/#\/schema\/person\/2516201558d359d325ddfae4255a4356"},"headline":"Wycieczka do Gda\u0144ska i Gdyni","datePublished":"2024-12-18T07:38:32+00:00","dateModified":"2024-12-20T01:31:35+00:00","mainEntityOfPage":{"@id":"https:\/\/spolecznajedynka.pl\/lo\/poza-lekcjami\/wycieczka-do-gdanska-i-gdyni\/"},"wordCount":172,"publisher":{"@id":"https:\/\/spolecznajedynka.pl\/lo\/#organization"},"image":{"@id":"https:\/\/spolecznajedynka.pl\/lo\/poza-lekcjami\/wycieczka-do-gdanska-i-gdyni\/#primaryimage"},"thumbnailUrl":"https:\/\/spolecznajedynka.pl\/lo\/wp-content\/uploads\/sites\/2\/2024\/12\/received_1303632924393465.jpeg","articleSection":["Poza lekcjami"],"inLanguage":"pl-PL"},{"@type":"WebPage","@id":"https:\/\/spolecznajedynka.pl\/lo\/poza-lekcjami\/wycieczka-do-gdanska-i-gdyni\/","url":"https:\/\/spolecznajedynka.pl\/lo\/poza-lekcjami\/wycieczka-do-gdanska-i-gdyni\/","name":"Wycieczka do Gda\u0144ska i Gdyni - Spo\u0142eczne Liceum Og\u00f3lnokszta\u0142c\u0105ce nr 1 w Poznaniu","isPartOf":{"@id":"https:\/\/spolecznajedynka.pl\/lo\/#website"},"primaryImageOfPage":{"@id":"https:\/\/spolecznajedynka.pl\/lo\/poza-lekcjami\/wycieczka-do-gdanska-i-gdyni\/#primaryimage"},"image":{"@id":"https:\/\/spolecznajedynka.pl\/lo\/poza-lekcjami\/wycieczka-do-gdanska-i-gdyni\/#primaryimage"},"thumbnailUrl":"https:\/\/spolecznajedynka.pl\/lo\/wp-content\/uploads\/sites\/2\/2024\/12\/received_1303632924393465.jpeg","datePublished":"2024-12-18T07:38:32+00:00","dateModified":"2024-12-20T01:31:35+00:00","breadcrumb":{"@id":"https:\/\/spolecznajedynka.pl\/lo\/poza-lekcjami\/wycieczka-do-gdanska-i-gdyni\/#breadcrumb"},"inLanguage":"pl-PL","potentialAction":[{"@type":"ReadAction","target":["https:\/\/spolecznajedynka.pl\/lo\/poza-lekcjami\/wycieczka-do-gdanska-i-gdyni\/"]}]},{"@type":"ImageObject","inLanguage":"pl-PL","@id":"https:\/\/spolecznajedynka.pl\/lo\/poza-lekcjami\/wycieczka-do-gdanska-i-gdyni\/#primaryimage","url":"https:\/\/spolecznajedynka.pl\/lo\/wp-content\/uploads\/sites\/2\/2024\/12\/received_1303632924393465.jpeg","contentUrl":"https:\/\/spolecznajedynka.pl\/lo\/wp-content\/uploads\/sites\/2\/2024\/12\/received_1303632924393465.jpeg","width":2048,"height":1536},{"@type":"BreadcrumbList","@id":"https:\/\/spolecznajedynka.pl\/lo\/poza-lekcjami\/wycieczka-do-gdanska-i-gdyni\/#breadcrumb","itemListElement":[{"@type":"ListItem","position":1,"name":"Strona g\u0142\u00f3wna","item":"https:\/\/spolecznajedynka.pl\/lo\/"},{"@type":"ListItem","position":2,"name":"Poza lekcjami","item":"https:\/\/spolecznajedynka.pl\/lo\/k\/poza-lekcjami\/"},{"@type":"ListItem","position":3,"name":"Wycieczka do Gda\u0144ska i Gdyni"}]},{"@type":"WebSite","@id":"https:\/\/spolecznajedynka.pl\/lo\/#website","url":"https:\/\/spolecznajedynka.pl\/lo\/","name":"Spo\u0142eczne Liceum Og\u00f3lnokszta\u0142c\u0105ce nr 1 w Poznaniu","description":"","publisher":{"@id":"https:\/\/spolecznajedynka.pl\/lo\/#organization"},"potentialAction":[{"@type":"SearchAction","target":{"@type":"EntryPoint","urlTemplate":"https:\/\/spolecznajedynka.pl\/lo\/?s={search_term_string}"},"query-input":{"@type":"PropertyValueSpecification","valueRequired":true,"valueName":"search_term_string"}}],"inLanguage":"pl-PL"},{"@type":"Organization","@id":"https:\/\/spolecznajedynka.pl\/lo\/#organization","name":"Spo\u0142eczne Liceum Og\u00f3lnokszta\u0142c\u0105ce nr 1 w Poznaniu","url":"https:\/\/spolecznajedynka.pl\/lo\/","logo":{"@type":"ImageObject","inLanguage":"pl-PL","@id":"https:\/\/spolecznajedynka.pl\/lo\/#\/schema\/logo\/image\/","url":"https:\/\/spolecznajedynka.pl\/lo\/wp-content\/uploads\/sites\/2\/2023\/08\/logo-lo.png","contentUrl":"https:\/\/spolecznajedynka.pl\/lo\/wp-content\/uploads\/sites\/2\/2023\/08\/logo-lo.png","width":651,"height":355,"caption":"Spo\u0142eczne Liceum Og\u00f3lnokszta\u0142c\u0105ce nr 1 w Poznaniu"},"image":{"@id":"https:\/\/spolecznajedynka.pl\/lo\/#\/schema\/logo\/image\/"},"sameAs":["https:\/\/www.facebook.com\/p\/Liceum-Spoeczna-Jedynka-Pozna-100082885224687","https:\/\/www.instagram.com\/spolecznajedynka\/","https:\/\/www.tiktok.com\/@lospoleczna1"]},{"@type":"Person","@id":"https:\/\/spolecznajedynka.pl\/lo\/#\/schema\/person\/2516201558d359d325ddfae4255a4356","name":"Admin Top","image":{"@type":"ImageObject","inLanguage":"pl-PL","@id":"https:\/\/secure.gravatar.com\/avatar\/4faaedc4afabcd882aed6427c06dd9449a4ac635efb8f231a3e4f729e70f1cad?s=96&d=mm&r=g","url":"https:\/\/secure.gravatar.com\/avatar\/4faaedc4afabcd882aed6427c06dd9449a4ac635efb8f231a3e4f729e70f1cad?s=96&d=mm&r=g","contentUrl":"https:\/\/secure.gravatar.com\/avatar\/4faaedc4afabcd882aed6427c06dd9449a4ac635efb8f231a3e4f729e70f1cad?s=96&d=mm&r=g","caption":"Admin Top"}}]}},"_links":{"self":[{"href":"https:\/\/spolecznajedynka.pl\/lo\/wp-json\/wp\/v2\/posts\/1339","targetHints":{"allow":["GET"]}}],"collection":[{"href":"https:\/\/spolecznajedynka.pl\/lo\/wp-json\/wp\/v2\/posts"}],"about":[{"href":"https:\/\/spolecznajedynka.pl\/lo\/wp-json\/wp\/v2\/types\/post"}],"author":[{"embeddable":true,"href":"https:\/\/spolecznajedynka.pl\/lo\/wp-json\/wp\/v2\/users\/2"}],"replies":[{"embeddable":true,"href":"https:\/\/spolecznajedynka.pl\/lo\/wp-json\/wp\/v2\/comments?post=1339"}],"version-history":[{"count":2,"href":"https:\/\/spolecznajedynka.pl\/lo\/wp-json\/wp\/v2\/posts\/1339\/revisions"}],"predecessor-version":[{"id":1349,"href":"https:\/\/spolecznajedynka.pl\/lo\/wp-json\/wp\/v2\/posts\/1339\/revisions\/1349"}],"wp:featuredmedia":[{"embeddable":true,"href":"https:\/\/spolecznajedynka.pl\/lo\/wp-json\/wp\/v2\/media\/1344"}],"wp:attachment":[{"href":"https:\/\/spolecznajedynka.pl\/lo\/wp-json\/wp\/v2\/media?parent=1339"}],"wp:term":[{"taxonomy":"category","embeddable":true,"href":"https:\/\/spolecznajedynka.pl\/lo\/wp-json\/wp\/v2\/categories?post=1339"},{"taxonomy":"post_tag","embeddable":true,"href":"https:\/\/spolecznajedynka.pl\/lo\/wp-json\/wp\/v2\/tags?post=1339"}],"curies":[{"name":"wp","href":"https:\/\/api.w.org\/{rel}","templated":true}]}}