{"id":1175,"date":"2024-09-03T16:39:44","date_gmt":"2024-09-03T14:39:44","guid":{"rendered":"https:\/\/spolecznajedynka.pl\/lo\/?p=1175"},"modified":"2024-09-03T16:43:29","modified_gmt":"2024-09-03T14:43:29","slug":"w-sumie-po-co-sie-uczyc-wyklad-inauguracyjny","status":"publish","type":"post","link":"https:\/\/spolecznajedynka.pl\/lo\/komunikaty\/w-sumie-po-co-sie-uczyc-wyklad-inauguracyjny\/","title":{"rendered":"&#8222;W sumie\u2026 po co si\u0119 uczy\u0107? &#8211; wyk\u0142ad inauguracyjny"},"content":{"rendered":"<div class=\"\" data-block=\"true\" data-editor=\"frjr8\" data-offset-key=\"9hft0-0-0\">Sk\u0105d wzi\u0119\u0142y si\u0119 wycieraczki samochodowe?<\/div>\n<div class=\"\" data-block=\"true\" data-editor=\"frjr8\" data-offset-key=\"4odka-0-0\">\n<div class=\"_1mf _1mj\" data-offset-key=\"4odka-0-0\"><span data-offset-key=\"4odka-0-0\">Kto upowszechni\u0142 programowanie?<\/span><\/div>\n<div class=\"_1mf _1mj\" data-offset-key=\"4odka-0-0\">Co wsp\u00f3lnego ma GPS z teori\u0105 wzgl\u0119dno\u015bci Einsteina?<\/div>\n<\/div>\n<div class=\"\" data-block=\"true\" data-editor=\"frjr8\" data-offset-key=\"b0mkd-0-0\">\n<div class=\"_1mf _1mj\" data-offset-key=\"b0mkd-0-0\"><span data-offset-key=\"b0mkd-0-0\">\u00a0<\/span><\/div>\n<\/div>\n<div class=\"\" data-block=\"true\" data-editor=\"frjr8\" data-offset-key=\"6m2nf-0-0\">\n<div class=\"_1mf _1mj\" data-offset-key=\"6m2nf-0-0\"><span data-offset-key=\"6m2nf-0-0\">Na te i inne pytania poznamy odpowied\u017a podczas wyk\u0142adu, kt\u00f3ry rozpocznie nasz nowy rok szkolny!\u00a0<\/span><\/div>\n<\/div>\n<div class=\"\" data-block=\"true\" data-editor=\"frjr8\" data-offset-key=\"fkp5m-0-0\">\n<div class=\"_1mf _1mj\" data-offset-key=\"fkp5m-0-0\"><span data-offset-key=\"fkp5m-0-0\">\u00a0<\/span><\/div>\n<\/div>\n<div class=\"\" data-block=\"true\" data-editor=\"frjr8\" data-offset-key=\"8svco-0-0\">\n<div class=\"_1mf _1mj\" data-offset-key=\"8svco-0-0\"><span data-offset-key=\"8svco-0-0\">&#8222;W sumie\u2026 po co si\u0119 uczy\u0107? O tym jak odkrycia naukowe u\u0142atwiaj\u0105 nasze \u017cycie i czyni\u0105 je lepszym&#8221; da odpowied\u017a na pytanie o to, jakie cechy i warto\u015bci spowodowa\u0142y, \u017ce kilku pionier\u00f3w wprowadzi\u0142o nauk\u0119 i technik\u0119 na wy\u017cszy poziom.\u00a0<\/span><\/div>\n<\/div>\n<div class=\"\" data-block=\"true\" data-editor=\"frjr8\" data-offset-key=\"a1n63-0-0\">\n<div class=\"_1mf _1mj\" data-offset-key=\"a1n63-0-0\"><span data-offset-key=\"a1n63-0-0\">\u00a0<\/span><\/div>\n<\/div>\n<div class=\"\" data-block=\"true\" data-editor=\"frjr8\" data-offset-key=\"b7tfh-0-0\">\n<div class=\"_1mf _1mj\" data-offset-key=\"b7tfh-0-0\"><span data-offset-key=\"b7tfh-0-0\">Pasjonuj\u0105cy wyk\u0142ad poprowadzi pan Marcin Kozi\u0144ski &#8211; nauczyciel informatyki na poziomie rozszerzonym, zawodowo od lat zwi\u0105zany z sektorem elektronicznym.\u00a0<\/span><\/div>\n<\/div>\n<div class=\"\" data-block=\"true\" data-editor=\"frjr8\" data-offset-key=\"elhp5-0-0\">\n<div class=\"_1mf _1mj\" data-offset-key=\"elhp5-0-0\"><span data-offset-key=\"elhp5-0-0\">Programista, licencjonowany pilot samolotowy, mi\u0142o\u015bnik \u017ceglarstwa i gry na gitarze basowej &#8211; niestrudzenie rozwija si\u0119 w wielu kierunkach i z pasj\u0105 przekazuje swoj\u0105 wiedz\u0119 innym.\u00a0<\/span><\/div>\n<\/div>\n<div class=\"\" data-block=\"true\" data-editor=\"frjr8\" data-offset-key=\"e5gb5-0-0\"><\/div>\n<div class=\"\" data-block=\"true\" data-editor=\"frjr8\" data-offset-key=\"1er24-0-0\">\n<div class=\"_1mf _1mj\" data-offset-key=\"1er24-0-0\"><\/div>\n<\/div>\n","protected":false},"excerpt":{"rendered":"<p>Sk\u0105d wzi\u0119\u0142y si\u0119 wycieraczki samochodowe? Kto upowszechni\u0142 programowanie? Co wsp\u00f3lnego ma GPS z teori\u0105 wzgl\u0119dno\u015bci Einsteina? \u00a0 Na te i&#8230;<\/p>\n","protected":false},"author":2,"featured_media":0,"comment_status":"closed","ping_status":"closed","sticky":false,"template":"","format":"standard","meta":{"_acf_changed":false,"footnotes":""},"categories":[5],"tags":[],"class_list":["post-1175","post","type-post","status-publish","format-standard","hentry","category-komunikaty"],"acf":[],"yoast_head":"<!-- This site is optimized with the Yoast SEO plugin v27.5 - https:\/\/yoast.com\/product\/yoast-seo-wordpress\/ -->\n<title>&quot;W sumie\u2026 po co si\u0119 uczy\u0107? - wyk\u0142ad inauguracyjny - Spo\u0142eczne Liceum Og\u00f3lnokszta\u0142c\u0105ce nr 1 w Poznaniu<\/title>\n<meta name=\"robots\" content=\"index, follow, max-snippet:-1, max-image-preview:large, max-video-preview:-1\" \/>\n<link rel=\"canonical\" href=\"https:\/\/spolecznajedynka.pl\/lo\/komunikaty\/w-sumie-po-co-sie-uczyc-wyklad-inauguracyjny\/\" \/>\n<meta property=\"og:locale\" content=\"pl_PL\" \/>\n<meta property=\"og:type\" content=\"article\" \/>\n<meta property=\"og:title\" content=\"&quot;W sumie\u2026 po co si\u0119 uczy\u0107? - wyk\u0142ad inauguracyjny - Spo\u0142eczne Liceum Og\u00f3lnokszta\u0142c\u0105ce nr 1 w Poznaniu\" \/>\n<meta property=\"og:description\" content=\"Sk\u0105d wzi\u0119\u0142y si\u0119 wycieraczki samochodowe? Kto upowszechni\u0142 programowanie? Co wsp\u00f3lnego ma GPS z teori\u0105 wzgl\u0119dno\u015bci Einsteina? \u00a0 Na te i...\" \/>\n<meta property=\"og:url\" content=\"https:\/\/spolecznajedynka.pl\/lo\/komunikaty\/w-sumie-po-co-sie-uczyc-wyklad-inauguracyjny\/\" \/>\n<meta property=\"og:site_name\" content=\"Spo\u0142eczne Liceum Og\u00f3lnokszta\u0142c\u0105ce nr 1 w Poznaniu\" \/>\n<meta property=\"article:publisher\" content=\"https:\/\/www.facebook.com\/p\/Liceum-Spoeczna-Jedynka-Pozna-100082885224687\" \/>\n<meta property=\"article:published_time\" content=\"2024-09-03T14:39:44+00:00\" \/>\n<meta property=\"article:modified_time\" content=\"2024-09-03T14:43:29+00:00\" \/>\n<meta name=\"author\" content=\"Admin Top\" \/>\n<meta name=\"twitter:card\" content=\"summary_large_image\" \/>\n<meta name=\"twitter:label1\" content=\"Napisane przez\" \/>\n\t<meta name=\"twitter:data1\" content=\"Admin Top\" \/>\n\t<meta name=\"twitter:label2\" content=\"Szacowany czas czytania\" \/>\n\t<meta name=\"twitter:data2\" content=\"1 minuta\" \/>\n<script type=\"application\/ld+json\" class=\"yoast-schema-graph\">{\"@context\":\"https:\\\/\\\/schema.org\",\"@graph\":[{\"@type\":\"Article\",\"@id\":\"https:\\\/\\\/spolecznajedynka.pl\\\/lo\\\/komunikaty\\\/w-sumie-po-co-sie-uczyc-wyklad-inauguracyjny\\\/#article\",\"isPartOf\":{\"@id\":\"https:\\\/\\\/spolecznajedynka.pl\\\/lo\\\/komunikaty\\\/w-sumie-po-co-sie-uczyc-wyklad-inauguracyjny\\\/\"},\"author\":{\"name\":\"Admin Top\",\"@id\":\"https:\\\/\\\/spolecznajedynka.pl\\\/lo\\\/#\\\/schema\\\/person\\\/2516201558d359d325ddfae4255a4356\"},\"headline\":\"&#8222;W sumie\u2026 po co si\u0119 uczy\u0107? &#8211; wyk\u0142ad inauguracyjny\",\"datePublished\":\"2024-09-03T14:39:44+00:00\",\"dateModified\":\"2024-09-03T14:43:29+00:00\",\"mainEntityOfPage\":{\"@id\":\"https:\\\/\\\/spolecznajedynka.pl\\\/lo\\\/komunikaty\\\/w-sumie-po-co-sie-uczyc-wyklad-inauguracyjny\\\/\"},\"wordCount\":143,\"publisher\":{\"@id\":\"https:\\\/\\\/spolecznajedynka.pl\\\/lo\\\/#organization\"},\"articleSection\":[\"Komunikaty\"],\"inLanguage\":\"pl-PL\"},{\"@type\":\"WebPage\",\"@id\":\"https:\\\/\\\/spolecznajedynka.pl\\\/lo\\\/komunikaty\\\/w-sumie-po-co-sie-uczyc-wyklad-inauguracyjny\\\/\",\"url\":\"https:\\\/\\\/spolecznajedynka.pl\\\/lo\\\/komunikaty\\\/w-sumie-po-co-sie-uczyc-wyklad-inauguracyjny\\\/\",\"name\":\"\\\"W sumie\u2026 po co si\u0119 uczy\u0107? - wyk\u0142ad inauguracyjny - Spo\u0142eczne Liceum Og\u00f3lnokszta\u0142c\u0105ce nr 1 w Poznaniu\",\"isPartOf\":{\"@id\":\"https:\\\/\\\/spolecznajedynka.pl\\\/lo\\\/#website\"},\"datePublished\":\"2024-09-03T14:39:44+00:00\",\"dateModified\":\"2024-09-03T14:43:29+00:00\",\"breadcrumb\":{\"@id\":\"https:\\\/\\\/spolecznajedynka.pl\\\/lo\\\/komunikaty\\\/w-sumie-po-co-sie-uczyc-wyklad-inauguracyjny\\\/#breadcrumb\"},\"inLanguage\":\"pl-PL\",\"potentialAction\":[{\"@type\":\"ReadAction\",\"target\":[\"https:\\\/\\\/spolecznajedynka.pl\\\/lo\\\/komunikaty\\\/w-sumie-po-co-sie-uczyc-wyklad-inauguracyjny\\\/\"]}]},{\"@type\":\"BreadcrumbList\",\"@id\":\"https:\\\/\\\/spolecznajedynka.pl\\\/lo\\\/komunikaty\\\/w-sumie-po-co-sie-uczyc-wyklad-inauguracyjny\\\/#breadcrumb\",\"itemListElement\":[{\"@type\":\"ListItem\",\"position\":1,\"name\":\"Strona g\u0142\u00f3wna\",\"item\":\"https:\\\/\\\/spolecznajedynka.pl\\\/lo\\\/\"},{\"@type\":\"ListItem\",\"position\":2,\"name\":\"Komunikaty\",\"item\":\"https:\\\/\\\/spolecznajedynka.pl\\\/lo\\\/k\\\/komunikaty\\\/\"},{\"@type\":\"ListItem\",\"position\":3,\"name\":\"&#8222;W sumie\u2026 po co si\u0119 uczy\u0107? &#8211; wyk\u0142ad inauguracyjny\"}]},{\"@type\":\"WebSite\",\"@id\":\"https:\\\/\\\/spolecznajedynka.pl\\\/lo\\\/#website\",\"url\":\"https:\\\/\\\/spolecznajedynka.pl\\\/lo\\\/\",\"name\":\"Spo\u0142eczne Liceum Og\u00f3lnokszta\u0142c\u0105ce nr 1 w Poznaniu\",\"description\":\"\",\"publisher\":{\"@id\":\"https:\\\/\\\/spolecznajedynka.pl\\\/lo\\\/#organization\"},\"potentialAction\":[{\"@type\":\"SearchAction\",\"target\":{\"@type\":\"EntryPoint\",\"urlTemplate\":\"https:\\\/\\\/spolecznajedynka.pl\\\/lo\\\/?s={search_term_string}\"},\"query-input\":{\"@type\":\"PropertyValueSpecification\",\"valueRequired\":true,\"valueName\":\"search_term_string\"}}],\"inLanguage\":\"pl-PL\"},{\"@type\":\"Organization\",\"@id\":\"https:\\\/\\\/spolecznajedynka.pl\\\/lo\\\/#organization\",\"name\":\"Spo\u0142eczne Liceum Og\u00f3lnokszta\u0142c\u0105ce nr 1 w Poznaniu\",\"url\":\"https:\\\/\\\/spolecznajedynka.pl\\\/lo\\\/\",\"logo\":{\"@type\":\"ImageObject\",\"inLanguage\":\"pl-PL\",\"@id\":\"https:\\\/\\\/spolecznajedynka.pl\\\/lo\\\/#\\\/schema\\\/logo\\\/image\\\/\",\"url\":\"https:\\\/\\\/spolecznajedynka.pl\\\/lo\\\/wp-content\\\/uploads\\\/sites\\\/2\\\/2023\\\/08\\\/logo-lo.png\",\"contentUrl\":\"https:\\\/\\\/spolecznajedynka.pl\\\/lo\\\/wp-content\\\/uploads\\\/sites\\\/2\\\/2023\\\/08\\\/logo-lo.png\",\"width\":651,\"height\":355,\"caption\":\"Spo\u0142eczne Liceum Og\u00f3lnokszta\u0142c\u0105ce nr 1 w Poznaniu\"},\"image\":{\"@id\":\"https:\\\/\\\/spolecznajedynka.pl\\\/lo\\\/#\\\/schema\\\/logo\\\/image\\\/\"},\"sameAs\":[\"https:\\\/\\\/www.facebook.com\\\/p\\\/Liceum-Spoeczna-Jedynka-Pozna-100082885224687\",\"https:\\\/\\\/www.instagram.com\\\/spolecznajedynka\\\/\",\"https:\\\/\\\/www.tiktok.com\\\/@lospoleczna1\"]},{\"@type\":\"Person\",\"@id\":\"https:\\\/\\\/spolecznajedynka.pl\\\/lo\\\/#\\\/schema\\\/person\\\/2516201558d359d325ddfae4255a4356\",\"name\":\"Admin Top\",\"image\":{\"@type\":\"ImageObject\",\"inLanguage\":\"pl-PL\",\"@id\":\"https:\\\/\\\/secure.gravatar.com\\\/avatar\\\/4faaedc4afabcd882aed6427c06dd9449a4ac635efb8f231a3e4f729e70f1cad?s=96&d=mm&r=g\",\"url\":\"https:\\\/\\\/secure.gravatar.com\\\/avatar\\\/4faaedc4afabcd882aed6427c06dd9449a4ac635efb8f231a3e4f729e70f1cad?s=96&d=mm&r=g\",\"contentUrl\":\"https:\\\/\\\/secure.gravatar.com\\\/avatar\\\/4faaedc4afabcd882aed6427c06dd9449a4ac635efb8f231a3e4f729e70f1cad?s=96&d=mm&r=g\",\"caption\":\"Admin Top\"}}]}<\/script>\n<!-- \/ Yoast SEO plugin. -->","yoast_head_json":{"title":"\"W sumie\u2026 po co si\u0119 uczy\u0107? - wyk\u0142ad inauguracyjny - Spo\u0142eczne Liceum Og\u00f3lnokszta\u0142c\u0105ce nr 1 w Poznaniu","robots":{"index":"index","follow":"follow","max-snippet":"max-snippet:-1","max-image-preview":"max-image-preview:large","max-video-preview":"max-video-preview:-1"},"canonical":"https:\/\/spolecznajedynka.pl\/lo\/komunikaty\/w-sumie-po-co-sie-uczyc-wyklad-inauguracyjny\/","og_locale":"pl_PL","og_type":"article","og_title":"\"W sumie\u2026 po co si\u0119 uczy\u0107? - wyk\u0142ad inauguracyjny - Spo\u0142eczne Liceum Og\u00f3lnokszta\u0142c\u0105ce nr 1 w Poznaniu","og_description":"Sk\u0105d wzi\u0119\u0142y si\u0119 wycieraczki samochodowe? Kto upowszechni\u0142 programowanie? Co wsp\u00f3lnego ma GPS z teori\u0105 wzgl\u0119dno\u015bci Einsteina? \u00a0 Na te i...","og_url":"https:\/\/spolecznajedynka.pl\/lo\/komunikaty\/w-sumie-po-co-sie-uczyc-wyklad-inauguracyjny\/","og_site_name":"Spo\u0142eczne Liceum Og\u00f3lnokszta\u0142c\u0105ce nr 1 w Poznaniu","article_publisher":"https:\/\/www.facebook.com\/p\/Liceum-Spoeczna-Jedynka-Pozna-100082885224687","article_published_time":"2024-09-03T14:39:44+00:00","article_modified_time":"2024-09-03T14:43:29+00:00","author":"Admin Top","twitter_card":"summary_large_image","twitter_misc":{"Napisane przez":"Admin Top","Szacowany czas czytania":"1 minuta"},"schema":{"@context":"https:\/\/schema.org","@graph":[{"@type":"Article","@id":"https:\/\/spolecznajedynka.pl\/lo\/komunikaty\/w-sumie-po-co-sie-uczyc-wyklad-inauguracyjny\/#article","isPartOf":{"@id":"https:\/\/spolecznajedynka.pl\/lo\/komunikaty\/w-sumie-po-co-sie-uczyc-wyklad-inauguracyjny\/"},"author":{"name":"Admin Top","@id":"https:\/\/spolecznajedynka.pl\/lo\/#\/schema\/person\/2516201558d359d325ddfae4255a4356"},"headline":"&#8222;W sumie\u2026 po co si\u0119 uczy\u0107? &#8211; wyk\u0142ad inauguracyjny","datePublished":"2024-09-03T14:39:44+00:00","dateModified":"2024-09-03T14:43:29+00:00","mainEntityOfPage":{"@id":"https:\/\/spolecznajedynka.pl\/lo\/komunikaty\/w-sumie-po-co-sie-uczyc-wyklad-inauguracyjny\/"},"wordCount":143,"publisher":{"@id":"https:\/\/spolecznajedynka.pl\/lo\/#organization"},"articleSection":["Komunikaty"],"inLanguage":"pl-PL"},{"@type":"WebPage","@id":"https:\/\/spolecznajedynka.pl\/lo\/komunikaty\/w-sumie-po-co-sie-uczyc-wyklad-inauguracyjny\/","url":"https:\/\/spolecznajedynka.pl\/lo\/komunikaty\/w-sumie-po-co-sie-uczyc-wyklad-inauguracyjny\/","name":"\"W sumie\u2026 po co si\u0119 uczy\u0107? - wyk\u0142ad inauguracyjny - Spo\u0142eczne Liceum Og\u00f3lnokszta\u0142c\u0105ce nr 1 w Poznaniu","isPartOf":{"@id":"https:\/\/spolecznajedynka.pl\/lo\/#website"},"datePublished":"2024-09-03T14:39:44+00:00","dateModified":"2024-09-03T14:43:29+00:00","breadcrumb":{"@id":"https:\/\/spolecznajedynka.pl\/lo\/komunikaty\/w-sumie-po-co-sie-uczyc-wyklad-inauguracyjny\/#breadcrumb"},"inLanguage":"pl-PL","potentialAction":[{"@type":"ReadAction","target":["https:\/\/spolecznajedynka.pl\/lo\/komunikaty\/w-sumie-po-co-sie-uczyc-wyklad-inauguracyjny\/"]}]},{"@type":"BreadcrumbList","@id":"https:\/\/spolecznajedynka.pl\/lo\/komunikaty\/w-sumie-po-co-sie-uczyc-wyklad-inauguracyjny\/#breadcrumb","itemListElement":[{"@type":"ListItem","position":1,"name":"Strona g\u0142\u00f3wna","item":"https:\/\/spolecznajedynka.pl\/lo\/"},{"@type":"ListItem","position":2,"name":"Komunikaty","item":"https:\/\/spolecznajedynka.pl\/lo\/k\/komunikaty\/"},{"@type":"ListItem","position":3,"name":"&#8222;W sumie\u2026 po co si\u0119 uczy\u0107? &#8211; wyk\u0142ad inauguracyjny"}]},{"@type":"WebSite","@id":"https:\/\/spolecznajedynka.pl\/lo\/#website","url":"https:\/\/spolecznajedynka.pl\/lo\/","name":"Spo\u0142eczne Liceum Og\u00f3lnokszta\u0142c\u0105ce nr 1 w Poznaniu","description":"","publisher":{"@id":"https:\/\/spolecznajedynka.pl\/lo\/#organization"},"potentialAction":[{"@type":"SearchAction","target":{"@type":"EntryPoint","urlTemplate":"https:\/\/spolecznajedynka.pl\/lo\/?s={search_term_string}"},"query-input":{"@type":"PropertyValueSpecification","valueRequired":true,"valueName":"search_term_string"}}],"inLanguage":"pl-PL"},{"@type":"Organization","@id":"https:\/\/spolecznajedynka.pl\/lo\/#organization","name":"Spo\u0142eczne Liceum Og\u00f3lnokszta\u0142c\u0105ce nr 1 w Poznaniu","url":"https:\/\/spolecznajedynka.pl\/lo\/","logo":{"@type":"ImageObject","inLanguage":"pl-PL","@id":"https:\/\/spolecznajedynka.pl\/lo\/#\/schema\/logo\/image\/","url":"https:\/\/spolecznajedynka.pl\/lo\/wp-content\/uploads\/sites\/2\/2023\/08\/logo-lo.png","contentUrl":"https:\/\/spolecznajedynka.pl\/lo\/wp-content\/uploads\/sites\/2\/2023\/08\/logo-lo.png","width":651,"height":355,"caption":"Spo\u0142eczne Liceum Og\u00f3lnokszta\u0142c\u0105ce nr 1 w Poznaniu"},"image":{"@id":"https:\/\/spolecznajedynka.pl\/lo\/#\/schema\/logo\/image\/"},"sameAs":["https:\/\/www.facebook.com\/p\/Liceum-Spoeczna-Jedynka-Pozna-100082885224687","https:\/\/www.instagram.com\/spolecznajedynka\/","https:\/\/www.tiktok.com\/@lospoleczna1"]},{"@type":"Person","@id":"https:\/\/spolecznajedynka.pl\/lo\/#\/schema\/person\/2516201558d359d325ddfae4255a4356","name":"Admin Top","image":{"@type":"ImageObject","inLanguage":"pl-PL","@id":"https:\/\/secure.gravatar.com\/avatar\/4faaedc4afabcd882aed6427c06dd9449a4ac635efb8f231a3e4f729e70f1cad?s=96&d=mm&r=g","url":"https:\/\/secure.gravatar.com\/avatar\/4faaedc4afabcd882aed6427c06dd9449a4ac635efb8f231a3e4f729e70f1cad?s=96&d=mm&r=g","contentUrl":"https:\/\/secure.gravatar.com\/avatar\/4faaedc4afabcd882aed6427c06dd9449a4ac635efb8f231a3e4f729e70f1cad?s=96&d=mm&r=g","caption":"Admin Top"}}]}},"_links":{"self":[{"href":"https:\/\/spolecznajedynka.pl\/lo\/wp-json\/wp\/v2\/posts\/1175","targetHints":{"allow":["GET"]}}],"collection":[{"href":"https:\/\/spolecznajedynka.pl\/lo\/wp-json\/wp\/v2\/posts"}],"about":[{"href":"https:\/\/spolecznajedynka.pl\/lo\/wp-json\/wp\/v2\/types\/post"}],"author":[{"embeddable":true,"href":"https:\/\/spolecznajedynka.pl\/lo\/wp-json\/wp\/v2\/users\/2"}],"replies":[{"embeddable":true,"href":"https:\/\/spolecznajedynka.pl\/lo\/wp-json\/wp\/v2\/comments?post=1175"}],"version-history":[{"count":3,"href":"https:\/\/spolecznajedynka.pl\/lo\/wp-json\/wp\/v2\/posts\/1175\/revisions"}],"predecessor-version":[{"id":1178,"href":"https:\/\/spolecznajedynka.pl\/lo\/wp-json\/wp\/v2\/posts\/1175\/revisions\/1178"}],"wp:attachment":[{"href":"https:\/\/spolecznajedynka.pl\/lo\/wp-json\/wp\/v2\/media?parent=1175"}],"wp:term":[{"taxonomy":"category","embeddable":true,"href":"https:\/\/spolecznajedynka.pl\/lo\/wp-json\/wp\/v2\/categories?post=1175"},{"taxonomy":"post_tag","embeddable":true,"href":"https:\/\/spolecznajedynka.pl\/lo\/wp-json\/wp\/v2\/tags?post=1175"}],"curies":[{"name":"wp","href":"https:\/\/api.w.org\/{rel}","templated":true}]}}