{"id":641,"date":"2025-02-26T01:29:14","date_gmt":"2025-02-26T00:29:14","guid":{"rendered":"https:\/\/spolecznajedynka.pl\/biblioteka\/?p=641"},"modified":"2025-11-16T01:36:20","modified_gmt":"2025-11-16T00:36:20","slug":"arystoteles-i-dante-w-cdn","status":"publish","type":"post","link":"https:\/\/spolecznajedynka.pl\/biblioteka\/wydarzenia\/grupa-cdn\/arystoteles-i-dante-w-cdn\/","title":{"rendered":"Arystoteles i Dante w CDN."},"content":{"rendered":"<div class=\"xdj266r x14z9mp xat24cr x1lziwak x1vvkbs x126k92a\">\n<div dir=\"auto\"><strong>Nie\u0142atwe wybory, dylematy okresu dojrzewania, a tak\u017ce wsp\u00f3lne odkrywanie prawdy o \u015bwiecie, w kt\u00f3rym nic nie jest czarno-bia\u0142e &#8211; podczas ostatniego spotkania CDN. uczniowie i uczennice dyskutowali o ksi\u0105\u017cce \u201eArystoteles i Dante odkrywaj\u0105 sekrety wszech\u015bwiata\u201d.<\/strong><\/div>\n<div dir=\"auto\">\n<hr \/>\n<\/div>\n<\/div>\n<div class=\"x14z9mp xat24cr x1lziwak x1vvkbs xtlvy1s x126k92a\">\n<div dir=\"auto\">\u00a0Tym razem spotkanie zgromadzi\u0142o wyj\u0105tkowo wielu mi\u0142o\u015bnik\u00f3w ksi\u0105\u017cek!<\/div>\n<div dir=\"auto\">W swojej prelekcji Marta i Alicja zaprezentowa\u0142y histori\u0119 wycofanego nastolatka, kt\u00f3ry spotyka na swojej drodze ch\u0142opaka o zupe\u0142nie odmiennym temperamencie.<\/div>\n<div dir=\"auto\">M\u0142odzi czytelnicy docenili powie\u015b\u0107 Benjamina Alire S\u00e1enza za przyst\u0119pny j\u0119zyk i fabu\u0142\u0119, z kt\u00f3r\u0105 wielu z nich mo\u017ce si\u0119 uto\u017csami\u0107.<\/div>\n<\/div>\n<div class=\"x14z9mp xat24cr x1lziwak x1vvkbs xtlvy1s x126k92a\">\n<div dir=\"auto\">Na koniec &#8211; ju\u017c tradycyjnie &#8211; ka\u017cdy mia\u0142 szans\u0119 rozwik\u0142a\u0107 nasz\u0105 czytelnicz\u0105 zagadk\u0119!<\/div>\n<\/div>\n<div class=\"x14z9mp xat24cr x1lziwak x1vvkbs xtlvy1s x126k92a\">\n<div dir=\"auto\">Kolejne spotkanie ju\u017c w najbli\u017cszy pi\u0105tek &#8211; jak zwykle o godzinie 11:25 w szkolnej bibliotece, ale tym razem w odmiennej, zaskakuj\u0105cej formie, kt\u00f3ra zaktywizuje wszystkich uczestnik\u00f3w.<\/div>\n<\/div>\n<div dir=\"auto\">\n\n\t\t<style type=\"text\/css\">\n\t\t\t#gallery-1 {\n\t\t\t\tmargin: auto;\n\t\t\t}\n\t\t\t#gallery-1 .gallery-item {\n\t\t\t\tfloat: left;\n\t\t\t\tmargin-top: 10px;\n\t\t\t\ttext-align: center;\n\t\t\t\twidth: 33%;\n\t\t\t}\n\t\t\t#gallery-1 img {\n\t\t\t\tborder: 2px solid #cfcfcf;\n\t\t\t}\n\t\t\t#gallery-1 .gallery-caption {\n\t\t\t\tmargin-left: 0;\n\t\t\t}\n\t\t\t\/* see gallery_shortcode() in wp-includes\/media.php *\/\n\t\t<\/style>\n\t\t<div id='gallery-1' class='gallery galleryid-641 gallery-columns-3 gallery-size-thumbnail'><dl class='gallery-item'>\n\t\t\t<dt class='gallery-icon landscape'>\n\t\t\t\t<a href='https:\/\/spolecznajedynka.pl\/biblioteka\/wydarzenia\/grupa-cdn\/arystoteles-i-dante-w-cdn\/attachment\/494285942_1237690751695465_7035458758593679558_n-1\/'><img loading=\"lazy\" decoding=\"async\" width=\"150\" height=\"150\" src=\"https:\/\/spolecznajedynka.pl\/biblioteka\/wp-content\/uploads\/sites\/4\/2025\/11\/494285942_1237690751695465_7035458758593679558_n-1-150x150.jpg\" class=\"attachment-thumbnail size-thumbnail\" alt=\"\" srcset=\"https:\/\/spolecznajedynka.pl\/biblioteka\/wp-content\/uploads\/sites\/4\/2025\/11\/494285942_1237690751695465_7035458758593679558_n-1-150x150.jpg 150w, https:\/\/spolecznajedynka.pl\/biblioteka\/wp-content\/uploads\/sites\/4\/2025\/11\/494285942_1237690751695465_7035458758593679558_n-1-300x300.jpg 300w, https:\/\/spolecznajedynka.pl\/biblioteka\/wp-content\/uploads\/sites\/4\/2025\/11\/494285942_1237690751695465_7035458758593679558_n-1-1024x1024.jpg 1024w, https:\/\/spolecznajedynka.pl\/biblioteka\/wp-content\/uploads\/sites\/4\/2025\/11\/494285942_1237690751695465_7035458758593679558_n-1-768x768.jpg 768w, https:\/\/spolecznajedynka.pl\/biblioteka\/wp-content\/uploads\/sites\/4\/2025\/11\/494285942_1237690751695465_7035458758593679558_n-1.jpg 1536w\" sizes=\"auto, (max-width: 150px) 100vw, 150px\" \/><\/a>\n\t\t\t<\/dt><\/dl><dl class='gallery-item'>\n\t\t\t<dt class='gallery-icon landscape'>\n\t\t\t\t<a href='https:\/\/spolecznajedynka.pl\/biblioteka\/wydarzenia\/grupa-cdn\/arystoteles-i-dante-w-cdn\/attachment\/492919895_1237690875028786_8372737816234778884_n\/'><img loading=\"lazy\" decoding=\"async\" width=\"150\" height=\"150\" src=\"https:\/\/spolecznajedynka.pl\/biblioteka\/wp-content\/uploads\/sites\/4\/2025\/11\/492919895_1237690875028786_8372737816234778884_n-150x150.jpg\" class=\"attachment-thumbnail size-thumbnail\" alt=\"\" srcset=\"https:\/\/spolecznajedynka.pl\/biblioteka\/wp-content\/uploads\/sites\/4\/2025\/11\/492919895_1237690875028786_8372737816234778884_n-150x150.jpg 150w, https:\/\/spolecznajedynka.pl\/biblioteka\/wp-content\/uploads\/sites\/4\/2025\/11\/492919895_1237690875028786_8372737816234778884_n-300x300.jpg 300w, https:\/\/spolecznajedynka.pl\/biblioteka\/wp-content\/uploads\/sites\/4\/2025\/11\/492919895_1237690875028786_8372737816234778884_n-1024x1024.jpg 1024w, https:\/\/spolecznajedynka.pl\/biblioteka\/wp-content\/uploads\/sites\/4\/2025\/11\/492919895_1237690875028786_8372737816234778884_n-768x768.jpg 768w, https:\/\/spolecznajedynka.pl\/biblioteka\/wp-content\/uploads\/sites\/4\/2025\/11\/492919895_1237690875028786_8372737816234778884_n.jpg 1536w\" sizes=\"auto, (max-width: 150px) 100vw, 150px\" \/><\/a>\n\t\t\t<\/dt><\/dl><dl class='gallery-item'>\n\t\t\t<dt class='gallery-icon landscape'>\n\t\t\t\t<a href='https:\/\/spolecznajedynka.pl\/biblioteka\/wydarzenia\/grupa-cdn\/arystoteles-i-dante-w-cdn\/attachment\/495088705_1237690821695458_7064665660192164533_n\/'><img loading=\"lazy\" decoding=\"async\" width=\"150\" height=\"150\" src=\"https:\/\/spolecznajedynka.pl\/biblioteka\/wp-content\/uploads\/sites\/4\/2025\/11\/495088705_1237690821695458_7064665660192164533_n-150x150.jpg\" class=\"attachment-thumbnail size-thumbnail\" alt=\"\" srcset=\"https:\/\/spolecznajedynka.pl\/biblioteka\/wp-content\/uploads\/sites\/4\/2025\/11\/495088705_1237690821695458_7064665660192164533_n-150x150.jpg 150w, https:\/\/spolecznajedynka.pl\/biblioteka\/wp-content\/uploads\/sites\/4\/2025\/11\/495088705_1237690821695458_7064665660192164533_n-300x300.jpg 300w, https:\/\/spolecznajedynka.pl\/biblioteka\/wp-content\/uploads\/sites\/4\/2025\/11\/495088705_1237690821695458_7064665660192164533_n-1024x1024.jpg 1024w, https:\/\/spolecznajedynka.pl\/biblioteka\/wp-content\/uploads\/sites\/4\/2025\/11\/495088705_1237690821695458_7064665660192164533_n-768x768.jpg 768w, https:\/\/spolecznajedynka.pl\/biblioteka\/wp-content\/uploads\/sites\/4\/2025\/11\/495088705_1237690821695458_7064665660192164533_n.jpg 1536w\" sizes=\"auto, (max-width: 150px) 100vw, 150px\" \/><\/a>\n\t\t\t<\/dt><\/dl><br style=\"clear: both\" \/><dl class='gallery-item'>\n\t\t\t<dt class='gallery-icon landscape'>\n\t\t\t\t<a href='https:\/\/spolecznajedynka.pl\/biblioteka\/wydarzenia\/grupa-cdn\/arystoteles-i-dante-w-cdn\/attachment\/492573703_1237690815028792_3345244401121656229_n\/'><img loading=\"lazy\" decoding=\"async\" width=\"150\" height=\"150\" src=\"https:\/\/spolecznajedynka.pl\/biblioteka\/wp-content\/uploads\/sites\/4\/2025\/11\/492573703_1237690815028792_3345244401121656229_n-150x150.jpg\" class=\"attachment-thumbnail size-thumbnail\" alt=\"\" srcset=\"https:\/\/spolecznajedynka.pl\/biblioteka\/wp-content\/uploads\/sites\/4\/2025\/11\/492573703_1237690815028792_3345244401121656229_n-150x150.jpg 150w, https:\/\/spolecznajedynka.pl\/biblioteka\/wp-content\/uploads\/sites\/4\/2025\/11\/492573703_1237690815028792_3345244401121656229_n-300x300.jpg 300w, https:\/\/spolecznajedynka.pl\/biblioteka\/wp-content\/uploads\/sites\/4\/2025\/11\/492573703_1237690815028792_3345244401121656229_n-1024x1024.jpg 1024w, https:\/\/spolecznajedynka.pl\/biblioteka\/wp-content\/uploads\/sites\/4\/2025\/11\/492573703_1237690815028792_3345244401121656229_n-768x768.jpg 768w, https:\/\/spolecznajedynka.pl\/biblioteka\/wp-content\/uploads\/sites\/4\/2025\/11\/492573703_1237690815028792_3345244401121656229_n.jpg 1536w\" sizes=\"auto, (max-width: 150px) 100vw, 150px\" \/><\/a>\n\t\t\t<\/dt><\/dl><dl class='gallery-item'>\n\t\t\t<dt class='gallery-icon landscape'>\n\t\t\t\t<a href='https:\/\/spolecznajedynka.pl\/biblioteka\/wydarzenia\/grupa-cdn\/arystoteles-i-dante-w-cdn\/attachment\/494204821_1237690555028818_4551087635417210567_n\/'><img loading=\"lazy\" decoding=\"async\" width=\"150\" height=\"150\" src=\"https:\/\/spolecznajedynka.pl\/biblioteka\/wp-content\/uploads\/sites\/4\/2025\/11\/494204821_1237690555028818_4551087635417210567_n-150x150.jpg\" class=\"attachment-thumbnail size-thumbnail\" alt=\"\" srcset=\"https:\/\/spolecznajedynka.pl\/biblioteka\/wp-content\/uploads\/sites\/4\/2025\/11\/494204821_1237690555028818_4551087635417210567_n-150x150.jpg 150w, https:\/\/spolecznajedynka.pl\/biblioteka\/wp-content\/uploads\/sites\/4\/2025\/11\/494204821_1237690555028818_4551087635417210567_n-300x300.jpg 300w, https:\/\/spolecznajedynka.pl\/biblioteka\/wp-content\/uploads\/sites\/4\/2025\/11\/494204821_1237690555028818_4551087635417210567_n-1024x1024.jpg 1024w, https:\/\/spolecznajedynka.pl\/biblioteka\/wp-content\/uploads\/sites\/4\/2025\/11\/494204821_1237690555028818_4551087635417210567_n-768x768.jpg 768w, https:\/\/spolecznajedynka.pl\/biblioteka\/wp-content\/uploads\/sites\/4\/2025\/11\/494204821_1237690555028818_4551087635417210567_n.jpg 1536w\" sizes=\"auto, (max-width: 150px) 100vw, 150px\" \/><\/a>\n\t\t\t<\/dt><\/dl><dl class='gallery-item'>\n\t\t\t<dt class='gallery-icon landscape'>\n\t\t\t\t<a href='https:\/\/spolecznajedynka.pl\/biblioteka\/wydarzenia\/grupa-cdn\/arystoteles-i-dante-w-cdn\/attachment\/494480269_1237690785028795_4010298093967996866_n\/'><img loading=\"lazy\" decoding=\"async\" width=\"150\" height=\"150\" src=\"https:\/\/spolecznajedynka.pl\/biblioteka\/wp-content\/uploads\/sites\/4\/2025\/11\/494480269_1237690785028795_4010298093967996866_n-150x150.jpg\" class=\"attachment-thumbnail size-thumbnail\" alt=\"\" srcset=\"https:\/\/spolecznajedynka.pl\/biblioteka\/wp-content\/uploads\/sites\/4\/2025\/11\/494480269_1237690785028795_4010298093967996866_n-150x150.jpg 150w, https:\/\/spolecznajedynka.pl\/biblioteka\/wp-content\/uploads\/sites\/4\/2025\/11\/494480269_1237690785028795_4010298093967996866_n-300x300.jpg 300w, https:\/\/spolecznajedynka.pl\/biblioteka\/wp-content\/uploads\/sites\/4\/2025\/11\/494480269_1237690785028795_4010298093967996866_n-1024x1024.jpg 1024w, https:\/\/spolecznajedynka.pl\/biblioteka\/wp-content\/uploads\/sites\/4\/2025\/11\/494480269_1237690785028795_4010298093967996866_n-768x768.jpg 768w, https:\/\/spolecznajedynka.pl\/biblioteka\/wp-content\/uploads\/sites\/4\/2025\/11\/494480269_1237690785028795_4010298093967996866_n.jpg 1536w\" sizes=\"auto, (max-width: 150px) 100vw, 150px\" \/><\/a>\n\t\t\t<\/dt><\/dl><br style=\"clear: both\" \/><dl class='gallery-item'>\n\t\t\t<dt class='gallery-icon landscape'>\n\t\t\t\t<a href='https:\/\/spolecznajedynka.pl\/biblioteka\/wydarzenia\/grupa-cdn\/arystoteles-i-dante-w-cdn\/attachment\/492720797_1237690808362126_4615128667292516679_n\/'><img loading=\"lazy\" decoding=\"async\" width=\"150\" height=\"150\" src=\"https:\/\/spolecznajedynka.pl\/biblioteka\/wp-content\/uploads\/sites\/4\/2025\/11\/492720797_1237690808362126_4615128667292516679_n-150x150.jpg\" class=\"attachment-thumbnail size-thumbnail\" alt=\"\" srcset=\"https:\/\/spolecznajedynka.pl\/biblioteka\/wp-content\/uploads\/sites\/4\/2025\/11\/492720797_1237690808362126_4615128667292516679_n-150x150.jpg 150w, https:\/\/spolecznajedynka.pl\/biblioteka\/wp-content\/uploads\/sites\/4\/2025\/11\/492720797_1237690808362126_4615128667292516679_n-300x300.jpg 300w, https:\/\/spolecznajedynka.pl\/biblioteka\/wp-content\/uploads\/sites\/4\/2025\/11\/492720797_1237690808362126_4615128667292516679_n-1024x1024.jpg 1024w, https:\/\/spolecznajedynka.pl\/biblioteka\/wp-content\/uploads\/sites\/4\/2025\/11\/492720797_1237690808362126_4615128667292516679_n-768x768.jpg 768w, https:\/\/spolecznajedynka.pl\/biblioteka\/wp-content\/uploads\/sites\/4\/2025\/11\/492720797_1237690808362126_4615128667292516679_n.jpg 1536w\" sizes=\"auto, (max-width: 150px) 100vw, 150px\" \/><\/a>\n\t\t\t<\/dt><\/dl><dl class='gallery-item'>\n\t\t\t<dt class='gallery-icon landscape'>\n\t\t\t\t<a href='https:\/\/spolecznajedynka.pl\/biblioteka\/wydarzenia\/grupa-cdn\/arystoteles-i-dante-w-cdn\/attachment\/494198017_1237690798362127_7394887317090864082_n\/'><img loading=\"lazy\" decoding=\"async\" width=\"150\" height=\"150\" src=\"https:\/\/spolecznajedynka.pl\/biblioteka\/wp-content\/uploads\/sites\/4\/2025\/11\/494198017_1237690798362127_7394887317090864082_n-150x150.jpg\" class=\"attachment-thumbnail size-thumbnail\" alt=\"\" srcset=\"https:\/\/spolecznajedynka.pl\/biblioteka\/wp-content\/uploads\/sites\/4\/2025\/11\/494198017_1237690798362127_7394887317090864082_n-150x150.jpg 150w, https:\/\/spolecznajedynka.pl\/biblioteka\/wp-content\/uploads\/sites\/4\/2025\/11\/494198017_1237690798362127_7394887317090864082_n-300x300.jpg 300w, https:\/\/spolecznajedynka.pl\/biblioteka\/wp-content\/uploads\/sites\/4\/2025\/11\/494198017_1237690798362127_7394887317090864082_n-1024x1024.jpg 1024w, https:\/\/spolecznajedynka.pl\/biblioteka\/wp-content\/uploads\/sites\/4\/2025\/11\/494198017_1237690798362127_7394887317090864082_n-768x768.jpg 768w, https:\/\/spolecznajedynka.pl\/biblioteka\/wp-content\/uploads\/sites\/4\/2025\/11\/494198017_1237690798362127_7394887317090864082_n.jpg 1536w\" sizes=\"auto, (max-width: 150px) 100vw, 150px\" \/><\/a>\n\t\t\t<\/dt><\/dl><dl class='gallery-item'>\n\t\t\t<dt class='gallery-icon landscape'>\n\t\t\t\t<a href='https:\/\/spolecznajedynka.pl\/biblioteka\/wydarzenia\/grupa-cdn\/arystoteles-i-dante-w-cdn\/attachment\/493807828_1237690581695482_1990954699525716343_n\/'><img loading=\"lazy\" decoding=\"async\" width=\"150\" height=\"150\" src=\"https:\/\/spolecznajedynka.pl\/biblioteka\/wp-content\/uploads\/sites\/4\/2025\/11\/493807828_1237690581695482_1990954699525716343_n-150x150.jpg\" class=\"attachment-thumbnail size-thumbnail\" alt=\"\" srcset=\"https:\/\/spolecznajedynka.pl\/biblioteka\/wp-content\/uploads\/sites\/4\/2025\/11\/493807828_1237690581695482_1990954699525716343_n-150x150.jpg 150w, https:\/\/spolecznajedynka.pl\/biblioteka\/wp-content\/uploads\/sites\/4\/2025\/11\/493807828_1237690581695482_1990954699525716343_n-300x300.jpg 300w, https:\/\/spolecznajedynka.pl\/biblioteka\/wp-content\/uploads\/sites\/4\/2025\/11\/493807828_1237690581695482_1990954699525716343_n-1024x1024.jpg 1024w, https:\/\/spolecznajedynka.pl\/biblioteka\/wp-content\/uploads\/sites\/4\/2025\/11\/493807828_1237690581695482_1990954699525716343_n-768x768.jpg 768w, https:\/\/spolecznajedynka.pl\/biblioteka\/wp-content\/uploads\/sites\/4\/2025\/11\/493807828_1237690581695482_1990954699525716343_n.jpg 1536w\" sizes=\"auto, (max-width: 150px) 100vw, 150px\" \/><\/a>\n\t\t\t<\/dt><\/dl><br style=\"clear: both\" \/><dl class='gallery-item'>\n\t\t\t<dt class='gallery-icon landscape'>\n\t\t\t\t<a href='https:\/\/spolecznajedynka.pl\/biblioteka\/wydarzenia\/grupa-cdn\/arystoteles-i-dante-w-cdn\/attachment\/494918428_1237690788362128_4948215596959289895_n\/'><img loading=\"lazy\" decoding=\"async\" width=\"150\" height=\"150\" src=\"https:\/\/spolecznajedynka.pl\/biblioteka\/wp-content\/uploads\/sites\/4\/2025\/11\/494918428_1237690788362128_4948215596959289895_n-150x150.jpg\" class=\"attachment-thumbnail size-thumbnail\" alt=\"\" srcset=\"https:\/\/spolecznajedynka.pl\/biblioteka\/wp-content\/uploads\/sites\/4\/2025\/11\/494918428_1237690788362128_4948215596959289895_n-150x150.jpg 150w, https:\/\/spolecznajedynka.pl\/biblioteka\/wp-content\/uploads\/sites\/4\/2025\/11\/494918428_1237690788362128_4948215596959289895_n-300x300.jpg 300w, https:\/\/spolecznajedynka.pl\/biblioteka\/wp-content\/uploads\/sites\/4\/2025\/11\/494918428_1237690788362128_4948215596959289895_n-1024x1024.jpg 1024w, https:\/\/spolecznajedynka.pl\/biblioteka\/wp-content\/uploads\/sites\/4\/2025\/11\/494918428_1237690788362128_4948215596959289895_n-768x768.jpg 768w, https:\/\/spolecznajedynka.pl\/biblioteka\/wp-content\/uploads\/sites\/4\/2025\/11\/494918428_1237690788362128_4948215596959289895_n.jpg 1536w\" sizes=\"auto, (max-width: 150px) 100vw, 150px\" \/><\/a>\n\t\t\t<\/dt><\/dl><dl class='gallery-item'>\n\t\t\t<dt class='gallery-icon landscape'>\n\t\t\t\t<a href='https:\/\/spolecznajedynka.pl\/biblioteka\/wydarzenia\/grupa-cdn\/arystoteles-i-dante-w-cdn\/attachment\/494285942_1237690751695465_7035458758593679558_n\/'><img loading=\"lazy\" decoding=\"async\" width=\"150\" height=\"150\" src=\"https:\/\/spolecznajedynka.pl\/biblioteka\/wp-content\/uploads\/sites\/4\/2025\/11\/494285942_1237690751695465_7035458758593679558_n-150x150.jpg\" class=\"attachment-thumbnail size-thumbnail\" alt=\"\" srcset=\"https:\/\/spolecznajedynka.pl\/biblioteka\/wp-content\/uploads\/sites\/4\/2025\/11\/494285942_1237690751695465_7035458758593679558_n-150x150.jpg 150w, https:\/\/spolecznajedynka.pl\/biblioteka\/wp-content\/uploads\/sites\/4\/2025\/11\/494285942_1237690751695465_7035458758593679558_n-300x300.jpg 300w, https:\/\/spolecznajedynka.pl\/biblioteka\/wp-content\/uploads\/sites\/4\/2025\/11\/494285942_1237690751695465_7035458758593679558_n-1024x1024.jpg 1024w, https:\/\/spolecznajedynka.pl\/biblioteka\/wp-content\/uploads\/sites\/4\/2025\/11\/494285942_1237690751695465_7035458758593679558_n-768x768.jpg 768w, https:\/\/spolecznajedynka.pl\/biblioteka\/wp-content\/uploads\/sites\/4\/2025\/11\/494285942_1237690751695465_7035458758593679558_n.jpg 1536w\" sizes=\"auto, (max-width: 150px) 100vw, 150px\" \/><\/a>\n\t\t\t<\/dt><\/dl>\n\t\t\t<br style='clear: both' \/>\n\t\t<\/div>\n\n<\/div>\n","protected":false},"excerpt":{"rendered":"<p>Nie\u0142atwe wybory, dylematy okresu dojrzewania, a tak\u017ce wsp\u00f3lne odkrywanie prawdy o \u015bwiecie, w kt\u00f3rym nic nie jest czarno-bia\u0142e &#8211; podczas&#8230;<\/p>\n","protected":false},"author":2,"featured_media":652,"comment_status":"closed","ping_status":"closed","sticky":false,"template":"","format":"standard","meta":{"_acf_changed":false,"footnotes":""},"categories":[6,4],"tags":[],"class_list":["post-641","post","type-post","status-publish","format-standard","has-post-thumbnail","hentry","category-grupa-cdn","category-wydarzenia"],"acf":[],"yoast_head":"<!-- This site is optimized with the Yoast SEO plugin v27.5 - https:\/\/yoast.com\/product\/yoast-seo-wordpress\/ -->\n<title>Arystoteles i Dante w CDN. - Biblioteka Spo\u0142ecznej Jedynki<\/title>\n<meta name=\"robots\" content=\"index, follow, max-snippet:-1, max-image-preview:large, max-video-preview:-1\" \/>\n<link rel=\"canonical\" href=\"https:\/\/spolecznajedynka.pl\/biblioteka\/wydarzenia\/grupa-cdn\/arystoteles-i-dante-w-cdn\/\" \/>\n<meta property=\"og:locale\" content=\"pl_PL\" \/>\n<meta property=\"og:type\" content=\"article\" \/>\n<meta property=\"og:title\" content=\"Arystoteles i Dante w CDN. - Biblioteka Spo\u0142ecznej Jedynki\" \/>\n<meta property=\"og:description\" content=\"Nie\u0142atwe wybory, dylematy okresu dojrzewania, a tak\u017ce wsp\u00f3lne odkrywanie prawdy o \u015bwiecie, w kt\u00f3rym nic nie jest czarno-bia\u0142e &#8211; podczas...\" \/>\n<meta property=\"og:url\" content=\"https:\/\/spolecznajedynka.pl\/biblioteka\/wydarzenia\/grupa-cdn\/arystoteles-i-dante-w-cdn\/\" \/>\n<meta property=\"og:site_name\" content=\"Biblioteka Spo\u0142ecznej Jedynki\" \/>\n<meta property=\"article:published_time\" content=\"2025-02-26T00:29:14+00:00\" \/>\n<meta property=\"article:modified_time\" content=\"2025-11-16T00:36:20+00:00\" \/>\n<meta property=\"og:image\" content=\"https:\/\/spolecznajedynka.pl\/biblioteka\/wp-content\/uploads\/sites\/4\/2025\/11\/494285942_1237690751695465_7035458758593679558_n.jpg\" \/>\n\t<meta property=\"og:image:width\" content=\"1536\" \/>\n\t<meta property=\"og:image:height\" content=\"1536\" \/>\n\t<meta property=\"og:image:type\" content=\"image\/jpeg\" \/>\n<meta name=\"author\" content=\"Admin Top\" \/>\n<meta name=\"twitter:card\" content=\"summary_large_image\" \/>\n<meta name=\"twitter:label1\" content=\"Napisane przez\" \/>\n\t<meta name=\"twitter:data1\" content=\"Admin Top\" \/>\n\t<meta name=\"twitter:label2\" content=\"Szacowany czas czytania\" \/>\n\t<meta name=\"twitter:data2\" content=\"1 minuta\" \/>\n<script type=\"application\/ld+json\" class=\"yoast-schema-graph\">{\"@context\":\"https:\\\/\\\/schema.org\",\"@graph\":[{\"@type\":\"Article\",\"@id\":\"https:\\\/\\\/spolecznajedynka.pl\\\/biblioteka\\\/wydarzenia\\\/grupa-cdn\\\/arystoteles-i-dante-w-cdn\\\/#article\",\"isPartOf\":{\"@id\":\"https:\\\/\\\/spolecznajedynka.pl\\\/biblioteka\\\/wydarzenia\\\/grupa-cdn\\\/arystoteles-i-dante-w-cdn\\\/\"},\"author\":{\"name\":\"Admin Top\",\"@id\":\"https:\\\/\\\/spolecznajedynka.pl\\\/biblioteka\\\/#\\\/schema\\\/person\\\/2516201558d359d325ddfae4255a4356\"},\"headline\":\"Arystoteles i Dante w CDN.\",\"datePublished\":\"2025-02-26T00:29:14+00:00\",\"dateModified\":\"2025-11-16T00:36:20+00:00\",\"mainEntityOfPage\":{\"@id\":\"https:\\\/\\\/spolecznajedynka.pl\\\/biblioteka\\\/wydarzenia\\\/grupa-cdn\\\/arystoteles-i-dante-w-cdn\\\/\"},\"wordCount\":159,\"image\":{\"@id\":\"https:\\\/\\\/spolecznajedynka.pl\\\/biblioteka\\\/wydarzenia\\\/grupa-cdn\\\/arystoteles-i-dante-w-cdn\\\/#primaryimage\"},\"thumbnailUrl\":\"https:\\\/\\\/spolecznajedynka.pl\\\/biblioteka\\\/wp-content\\\/uploads\\\/sites\\\/4\\\/2025\\\/11\\\/494285942_1237690751695465_7035458758593679558_n.jpg\",\"articleSection\":[\"Grupa CDN.\",\"Wydarzenia\"],\"inLanguage\":\"pl-PL\"},{\"@type\":\"WebPage\",\"@id\":\"https:\\\/\\\/spolecznajedynka.pl\\\/biblioteka\\\/wydarzenia\\\/grupa-cdn\\\/arystoteles-i-dante-w-cdn\\\/\",\"url\":\"https:\\\/\\\/spolecznajedynka.pl\\\/biblioteka\\\/wydarzenia\\\/grupa-cdn\\\/arystoteles-i-dante-w-cdn\\\/\",\"name\":\"Arystoteles i Dante w CDN. - Biblioteka Spo\u0142ecznej Jedynki\",\"isPartOf\":{\"@id\":\"https:\\\/\\\/spolecznajedynka.pl\\\/biblioteka\\\/#website\"},\"primaryImageOfPage\":{\"@id\":\"https:\\\/\\\/spolecznajedynka.pl\\\/biblioteka\\\/wydarzenia\\\/grupa-cdn\\\/arystoteles-i-dante-w-cdn\\\/#primaryimage\"},\"image\":{\"@id\":\"https:\\\/\\\/spolecznajedynka.pl\\\/biblioteka\\\/wydarzenia\\\/grupa-cdn\\\/arystoteles-i-dante-w-cdn\\\/#primaryimage\"},\"thumbnailUrl\":\"https:\\\/\\\/spolecznajedynka.pl\\\/biblioteka\\\/wp-content\\\/uploads\\\/sites\\\/4\\\/2025\\\/11\\\/494285942_1237690751695465_7035458758593679558_n.jpg\",\"datePublished\":\"2025-02-26T00:29:14+00:00\",\"dateModified\":\"2025-11-16T00:36:20+00:00\",\"author\":{\"@id\":\"https:\\\/\\\/spolecznajedynka.pl\\\/biblioteka\\\/#\\\/schema\\\/person\\\/2516201558d359d325ddfae4255a4356\"},\"breadcrumb\":{\"@id\":\"https:\\\/\\\/spolecznajedynka.pl\\\/biblioteka\\\/wydarzenia\\\/grupa-cdn\\\/arystoteles-i-dante-w-cdn\\\/#breadcrumb\"},\"inLanguage\":\"pl-PL\",\"potentialAction\":[{\"@type\":\"ReadAction\",\"target\":[\"https:\\\/\\\/spolecznajedynka.pl\\\/biblioteka\\\/wydarzenia\\\/grupa-cdn\\\/arystoteles-i-dante-w-cdn\\\/\"]}]},{\"@type\":\"ImageObject\",\"inLanguage\":\"pl-PL\",\"@id\":\"https:\\\/\\\/spolecznajedynka.pl\\\/biblioteka\\\/wydarzenia\\\/grupa-cdn\\\/arystoteles-i-dante-w-cdn\\\/#primaryimage\",\"url\":\"https:\\\/\\\/spolecznajedynka.pl\\\/biblioteka\\\/wp-content\\\/uploads\\\/sites\\\/4\\\/2025\\\/11\\\/494285942_1237690751695465_7035458758593679558_n.jpg\",\"contentUrl\":\"https:\\\/\\\/spolecznajedynka.pl\\\/biblioteka\\\/wp-content\\\/uploads\\\/sites\\\/4\\\/2025\\\/11\\\/494285942_1237690751695465_7035458758593679558_n.jpg\",\"width\":1536,\"height\":1536},{\"@type\":\"BreadcrumbList\",\"@id\":\"https:\\\/\\\/spolecznajedynka.pl\\\/biblioteka\\\/wydarzenia\\\/grupa-cdn\\\/arystoteles-i-dante-w-cdn\\\/#breadcrumb\",\"itemListElement\":[{\"@type\":\"ListItem\",\"position\":1,\"name\":\"Strona g\u0142\u00f3wna\",\"item\":\"https:\\\/\\\/spolecznajedynka.pl\\\/biblioteka\\\/\"},{\"@type\":\"ListItem\",\"position\":2,\"name\":\"Arystoteles i Dante w CDN.\"}]},{\"@type\":\"WebSite\",\"@id\":\"https:\\\/\\\/spolecznajedynka.pl\\\/biblioteka\\\/#website\",\"url\":\"https:\\\/\\\/spolecznajedynka.pl\\\/biblioteka\\\/\",\"name\":\"Biblioteka Spo\u0142ecznej Jedynki\",\"description\":\"\",\"potentialAction\":[{\"@type\":\"SearchAction\",\"target\":{\"@type\":\"EntryPoint\",\"urlTemplate\":\"https:\\\/\\\/spolecznajedynka.pl\\\/biblioteka\\\/?s={search_term_string}\"},\"query-input\":{\"@type\":\"PropertyValueSpecification\",\"valueRequired\":true,\"valueName\":\"search_term_string\"}}],\"inLanguage\":\"pl-PL\"},{\"@type\":\"Person\",\"@id\":\"https:\\\/\\\/spolecznajedynka.pl\\\/biblioteka\\\/#\\\/schema\\\/person\\\/2516201558d359d325ddfae4255a4356\",\"name\":\"Admin Top\",\"image\":{\"@type\":\"ImageObject\",\"inLanguage\":\"pl-PL\",\"@id\":\"https:\\\/\\\/secure.gravatar.com\\\/avatar\\\/4faaedc4afabcd882aed6427c06dd9449a4ac635efb8f231a3e4f729e70f1cad?s=96&d=mm&r=g\",\"url\":\"https:\\\/\\\/secure.gravatar.com\\\/avatar\\\/4faaedc4afabcd882aed6427c06dd9449a4ac635efb8f231a3e4f729e70f1cad?s=96&d=mm&r=g\",\"contentUrl\":\"https:\\\/\\\/secure.gravatar.com\\\/avatar\\\/4faaedc4afabcd882aed6427c06dd9449a4ac635efb8f231a3e4f729e70f1cad?s=96&d=mm&r=g\",\"caption\":\"Admin Top\"},\"url\":\"https:\\\/\\\/spolecznajedynka.pl\\\/biblioteka\\\/author\\\/admin_top\\\/\"}]}<\/script>\n<!-- \/ Yoast SEO plugin. -->","yoast_head_json":{"title":"Arystoteles i Dante w CDN. - Biblioteka Spo\u0142ecznej Jedynki","robots":{"index":"index","follow":"follow","max-snippet":"max-snippet:-1","max-image-preview":"max-image-preview:large","max-video-preview":"max-video-preview:-1"},"canonical":"https:\/\/spolecznajedynka.pl\/biblioteka\/wydarzenia\/grupa-cdn\/arystoteles-i-dante-w-cdn\/","og_locale":"pl_PL","og_type":"article","og_title":"Arystoteles i Dante w CDN. - Biblioteka Spo\u0142ecznej Jedynki","og_description":"Nie\u0142atwe wybory, dylematy okresu dojrzewania, a tak\u017ce wsp\u00f3lne odkrywanie prawdy o \u015bwiecie, w kt\u00f3rym nic nie jest czarno-bia\u0142e &#8211; podczas...","og_url":"https:\/\/spolecznajedynka.pl\/biblioteka\/wydarzenia\/grupa-cdn\/arystoteles-i-dante-w-cdn\/","og_site_name":"Biblioteka Spo\u0142ecznej Jedynki","article_published_time":"2025-02-26T00:29:14+00:00","article_modified_time":"2025-11-16T00:36:20+00:00","og_image":[{"width":1536,"height":1536,"url":"https:\/\/spolecznajedynka.pl\/biblioteka\/wp-content\/uploads\/sites\/4\/2025\/11\/494285942_1237690751695465_7035458758593679558_n.jpg","type":"image\/jpeg"}],"author":"Admin Top","twitter_card":"summary_large_image","twitter_misc":{"Napisane przez":"Admin Top","Szacowany czas czytania":"1 minuta"},"schema":{"@context":"https:\/\/schema.org","@graph":[{"@type":"Article","@id":"https:\/\/spolecznajedynka.pl\/biblioteka\/wydarzenia\/grupa-cdn\/arystoteles-i-dante-w-cdn\/#article","isPartOf":{"@id":"https:\/\/spolecznajedynka.pl\/biblioteka\/wydarzenia\/grupa-cdn\/arystoteles-i-dante-w-cdn\/"},"author":{"name":"Admin Top","@id":"https:\/\/spolecznajedynka.pl\/biblioteka\/#\/schema\/person\/2516201558d359d325ddfae4255a4356"},"headline":"Arystoteles i Dante w CDN.","datePublished":"2025-02-26T00:29:14+00:00","dateModified":"2025-11-16T00:36:20+00:00","mainEntityOfPage":{"@id":"https:\/\/spolecznajedynka.pl\/biblioteka\/wydarzenia\/grupa-cdn\/arystoteles-i-dante-w-cdn\/"},"wordCount":159,"image":{"@id":"https:\/\/spolecznajedynka.pl\/biblioteka\/wydarzenia\/grupa-cdn\/arystoteles-i-dante-w-cdn\/#primaryimage"},"thumbnailUrl":"https:\/\/spolecznajedynka.pl\/biblioteka\/wp-content\/uploads\/sites\/4\/2025\/11\/494285942_1237690751695465_7035458758593679558_n.jpg","articleSection":["Grupa CDN.","Wydarzenia"],"inLanguage":"pl-PL"},{"@type":"WebPage","@id":"https:\/\/spolecznajedynka.pl\/biblioteka\/wydarzenia\/grupa-cdn\/arystoteles-i-dante-w-cdn\/","url":"https:\/\/spolecznajedynka.pl\/biblioteka\/wydarzenia\/grupa-cdn\/arystoteles-i-dante-w-cdn\/","name":"Arystoteles i Dante w CDN. - Biblioteka Spo\u0142ecznej Jedynki","isPartOf":{"@id":"https:\/\/spolecznajedynka.pl\/biblioteka\/#website"},"primaryImageOfPage":{"@id":"https:\/\/spolecznajedynka.pl\/biblioteka\/wydarzenia\/grupa-cdn\/arystoteles-i-dante-w-cdn\/#primaryimage"},"image":{"@id":"https:\/\/spolecznajedynka.pl\/biblioteka\/wydarzenia\/grupa-cdn\/arystoteles-i-dante-w-cdn\/#primaryimage"},"thumbnailUrl":"https:\/\/spolecznajedynka.pl\/biblioteka\/wp-content\/uploads\/sites\/4\/2025\/11\/494285942_1237690751695465_7035458758593679558_n.jpg","datePublished":"2025-02-26T00:29:14+00:00","dateModified":"2025-11-16T00:36:20+00:00","author":{"@id":"https:\/\/spolecznajedynka.pl\/biblioteka\/#\/schema\/person\/2516201558d359d325ddfae4255a4356"},"breadcrumb":{"@id":"https:\/\/spolecznajedynka.pl\/biblioteka\/wydarzenia\/grupa-cdn\/arystoteles-i-dante-w-cdn\/#breadcrumb"},"inLanguage":"pl-PL","potentialAction":[{"@type":"ReadAction","target":["https:\/\/spolecznajedynka.pl\/biblioteka\/wydarzenia\/grupa-cdn\/arystoteles-i-dante-w-cdn\/"]}]},{"@type":"ImageObject","inLanguage":"pl-PL","@id":"https:\/\/spolecznajedynka.pl\/biblioteka\/wydarzenia\/grupa-cdn\/arystoteles-i-dante-w-cdn\/#primaryimage","url":"https:\/\/spolecznajedynka.pl\/biblioteka\/wp-content\/uploads\/sites\/4\/2025\/11\/494285942_1237690751695465_7035458758593679558_n.jpg","contentUrl":"https:\/\/spolecznajedynka.pl\/biblioteka\/wp-content\/uploads\/sites\/4\/2025\/11\/494285942_1237690751695465_7035458758593679558_n.jpg","width":1536,"height":1536},{"@type":"BreadcrumbList","@id":"https:\/\/spolecznajedynka.pl\/biblioteka\/wydarzenia\/grupa-cdn\/arystoteles-i-dante-w-cdn\/#breadcrumb","itemListElement":[{"@type":"ListItem","position":1,"name":"Strona g\u0142\u00f3wna","item":"https:\/\/spolecznajedynka.pl\/biblioteka\/"},{"@type":"ListItem","position":2,"name":"Arystoteles i Dante w CDN."}]},{"@type":"WebSite","@id":"https:\/\/spolecznajedynka.pl\/biblioteka\/#website","url":"https:\/\/spolecznajedynka.pl\/biblioteka\/","name":"Biblioteka Spo\u0142ecznej Jedynki","description":"","potentialAction":[{"@type":"SearchAction","target":{"@type":"EntryPoint","urlTemplate":"https:\/\/spolecznajedynka.pl\/biblioteka\/?s={search_term_string}"},"query-input":{"@type":"PropertyValueSpecification","valueRequired":true,"valueName":"search_term_string"}}],"inLanguage":"pl-PL"},{"@type":"Person","@id":"https:\/\/spolecznajedynka.pl\/biblioteka\/#\/schema\/person\/2516201558d359d325ddfae4255a4356","name":"Admin Top","image":{"@type":"ImageObject","inLanguage":"pl-PL","@id":"https:\/\/secure.gravatar.com\/avatar\/4faaedc4afabcd882aed6427c06dd9449a4ac635efb8f231a3e4f729e70f1cad?s=96&d=mm&r=g","url":"https:\/\/secure.gravatar.com\/avatar\/4faaedc4afabcd882aed6427c06dd9449a4ac635efb8f231a3e4f729e70f1cad?s=96&d=mm&r=g","contentUrl":"https:\/\/secure.gravatar.com\/avatar\/4faaedc4afabcd882aed6427c06dd9449a4ac635efb8f231a3e4f729e70f1cad?s=96&d=mm&r=g","caption":"Admin Top"},"url":"https:\/\/spolecznajedynka.pl\/biblioteka\/author\/admin_top\/"}]}},"_links":{"self":[{"href":"https:\/\/spolecznajedynka.pl\/biblioteka\/wp-json\/wp\/v2\/posts\/641","targetHints":{"allow":["GET"]}}],"collection":[{"href":"https:\/\/spolecznajedynka.pl\/biblioteka\/wp-json\/wp\/v2\/posts"}],"about":[{"href":"https:\/\/spolecznajedynka.pl\/biblioteka\/wp-json\/wp\/v2\/types\/post"}],"author":[{"embeddable":true,"href":"https:\/\/spolecznajedynka.pl\/biblioteka\/wp-json\/wp\/v2\/users\/2"}],"replies":[{"embeddable":true,"href":"https:\/\/spolecznajedynka.pl\/biblioteka\/wp-json\/wp\/v2\/comments?post=641"}],"version-history":[{"count":1,"href":"https:\/\/spolecznajedynka.pl\/biblioteka\/wp-json\/wp\/v2\/posts\/641\/revisions"}],"predecessor-version":[{"id":653,"href":"https:\/\/spolecznajedynka.pl\/biblioteka\/wp-json\/wp\/v2\/posts\/641\/revisions\/653"}],"wp:featuredmedia":[{"embeddable":true,"href":"https:\/\/spolecznajedynka.pl\/biblioteka\/wp-json\/wp\/v2\/media\/652"}],"wp:attachment":[{"href":"https:\/\/spolecznajedynka.pl\/biblioteka\/wp-json\/wp\/v2\/media?parent=641"}],"wp:term":[{"taxonomy":"category","embeddable":true,"href":"https:\/\/spolecznajedynka.pl\/biblioteka\/wp-json\/wp\/v2\/categories?post=641"},{"taxonomy":"post_tag","embeddable":true,"href":"https:\/\/spolecznajedynka.pl\/biblioteka\/wp-json\/wp\/v2\/tags?post=641"}],"curies":[{"name":"wp","href":"https:\/\/api.w.org\/{rel}","templated":true}]}}