{"id":617,"date":"2024-12-02T01:09:12","date_gmt":"2024-12-02T00:09:12","guid":{"rendered":"https:\/\/spolecznajedynka.pl\/biblioteka\/?p=617"},"modified":"2025-11-16T01:12:44","modified_gmt":"2025-11-16T00:12:44","slug":"spotkanie-z-krzysztofem-lapinskim","status":"publish","type":"post","link":"https:\/\/spolecznajedynka.pl\/biblioteka\/wydarzenia\/spotkania-autorskie\/spotkanie-z-krzysztofem-lapinskim\/","title":{"rendered":"Spotkanie z Krzysztofem \u0141api\u0144skim"},"content":{"rendered":"<div class=\"xdj266r x14z9mp xat24cr x1lziwak x1vvkbs x126k92a\">\n<div dir=\"auto\"><strong>O zwierz\u0119tach zamieszkuj\u0105cych Las Kabacki i sposobach na pokonanie z\u0142ego Trolla \u00a0rozmawiali nasi uczniowie i uczennice podczas fascynuj\u0105cego spotkania autorskiego.<\/strong><\/div>\n<div dir=\"auto\">\n<hr \/>\n<\/div>\n<\/div>\n<div class=\"x14z9mp xat24cr x1lziwak x1vvkbs xtlvy1s x126k92a\">\n<div dir=\"auto\">We wtorek 26 listopada go\u015bcili\u015bmy w szkole filozofa, dziennikarza i pisarza Krzysztofa \u0141api\u0144skiego.<\/div>\n<\/div>\n<div class=\"x14z9mp xat24cr x1lziwak x1vvkbs xtlvy1s x126k92a\">\n<div dir=\"auto\">Uczniowie i uczennice klas drugich i trzecich mogli lepiej pozna\u0107 Dzika Dzikusa i \u015awini\u0119 Malwin\u0119.<\/div>\n<div dir=\"auto\">Okaza\u0142o si\u0119, \u017ce zwierz\u0119cy bohaterowie ksi\u0105\u017cek m\u00f3wi\u0105 nam wiele o nas samych i nios\u0105 radosne przes\u0142anie o tym, \u017ce zawsze jest wyj\u015bcie z ka\u017cdej sytuacji.<\/div>\n<\/div>\n<div class=\"x14z9mp xat24cr x1lziwak x1vvkbs xtlvy1s x126k92a\">\n<div dir=\"auto\">\u00a0W wydarzeniu wzi\u0105\u0142 udzia\u0142 tak\u017ce tak\u017ce z\u0142y Troll!<\/div>\n<div dir=\"auto\">Posta\u0107, kt\u00f3ra w ksi\u0105\u017ckach pana \u0141api\u0144skiego sieje zam\u0119t, sta\u0142a si\u0119 inspiracj\u0105 do walki z w\u0142asnymi strachami.<\/div>\n<\/div>\n<div class=\"x14z9mp xat24cr x1lziwak x1vvkbs xtlvy1s x126k92a\">\n<div dir=\"auto\">\u00a0Najpierw uczniowie i uczennice malowali najgro\u017aniejszego trolla, jakiego tylko potrafili sobie wyobrazi\u0107. I \u015bwietnie si\u0119 przy tym bawili!<\/div>\n<div dir=\"auto\">Nast\u0119pnie dorysowywali co\u015b, co pozwala\u0142o odczarowa\u0107 stwora i czyni\u0142o go sympatyczniejszym stworzeniem.<\/div>\n<\/div>\n<div class=\"x14z9mp xat24cr x1lziwak x1vvkbs xtlvy1s x126k92a\">\n<div dir=\"auto\">Spotkanie organizowa\u0142a biblioteka szkolna we wsp\u00f3\u0142pracy z Ksi\u0119garni\u0105 z Bajki, kt\u00f3ra w holu szkolnym prowadzi\u0142a kiermasz ksi\u0105\u017cek.<\/div>\n<div dir=\"auto\">\n\n\t\t<style type=\"text\/css\">\n\t\t\t#gallery-1 {\n\t\t\t\tmargin: auto;\n\t\t\t}\n\t\t\t#gallery-1 .gallery-item {\n\t\t\t\tfloat: left;\n\t\t\t\tmargin-top: 10px;\n\t\t\t\ttext-align: center;\n\t\t\t\twidth: 33%;\n\t\t\t}\n\t\t\t#gallery-1 img {\n\t\t\t\tborder: 2px solid #cfcfcf;\n\t\t\t}\n\t\t\t#gallery-1 .gallery-caption {\n\t\t\t\tmargin-left: 0;\n\t\t\t}\n\t\t\t\/* see gallery_shortcode() in wp-includes\/media.php *\/\n\t\t<\/style>\n\t\t<div id='gallery-1' class='gallery galleryid-617 gallery-columns-3 gallery-size-thumbnail'><dl class='gallery-item'>\n\t\t\t<dt class='gallery-icon landscape'>\n\t\t\t\t<a href='https:\/\/spolecznajedynka.pl\/biblioteka\/wydarzenia\/spotkania-autorskie\/spotkanie-z-krzysztofem-lapinskim\/attachment\/493906176_1235598665238007_1463964271967410613_n\/'><img loading=\"lazy\" decoding=\"async\" width=\"150\" height=\"150\" src=\"https:\/\/spolecznajedynka.pl\/biblioteka\/wp-content\/uploads\/sites\/4\/2025\/11\/493906176_1235598665238007_1463964271967410613_n-150x150.jpg\" class=\"attachment-thumbnail size-thumbnail\" alt=\"\" srcset=\"https:\/\/spolecznajedynka.pl\/biblioteka\/wp-content\/uploads\/sites\/4\/2025\/11\/493906176_1235598665238007_1463964271967410613_n-150x150.jpg 150w, https:\/\/spolecznajedynka.pl\/biblioteka\/wp-content\/uploads\/sites\/4\/2025\/11\/493906176_1235598665238007_1463964271967410613_n-300x300.jpg 300w, https:\/\/spolecznajedynka.pl\/biblioteka\/wp-content\/uploads\/sites\/4\/2025\/11\/493906176_1235598665238007_1463964271967410613_n-1024x1024.jpg 1024w, https:\/\/spolecznajedynka.pl\/biblioteka\/wp-content\/uploads\/sites\/4\/2025\/11\/493906176_1235598665238007_1463964271967410613_n-768x768.jpg 768w, https:\/\/spolecznajedynka.pl\/biblioteka\/wp-content\/uploads\/sites\/4\/2025\/11\/493906176_1235598665238007_1463964271967410613_n.jpg 1365w\" sizes=\"auto, (max-width: 150px) 100vw, 150px\" \/><\/a>\n\t\t\t<\/dt><\/dl><dl class='gallery-item'>\n\t\t\t<dt class='gallery-icon landscape'>\n\t\t\t\t<a href='https:\/\/spolecznajedynka.pl\/biblioteka\/wydarzenia\/spotkania-autorskie\/spotkanie-z-krzysztofem-lapinskim\/attachment\/494216863_1235598825237991_6535567588349968504_n\/'><img loading=\"lazy\" decoding=\"async\" width=\"150\" height=\"150\" src=\"https:\/\/spolecznajedynka.pl\/biblioteka\/wp-content\/uploads\/sites\/4\/2025\/11\/494216863_1235598825237991_6535567588349968504_n-150x150.jpg\" class=\"attachment-thumbnail size-thumbnail\" alt=\"\" srcset=\"https:\/\/spolecznajedynka.pl\/biblioteka\/wp-content\/uploads\/sites\/4\/2025\/11\/494216863_1235598825237991_6535567588349968504_n-150x150.jpg 150w, https:\/\/spolecznajedynka.pl\/biblioteka\/wp-content\/uploads\/sites\/4\/2025\/11\/494216863_1235598825237991_6535567588349968504_n-300x300.jpg 300w, https:\/\/spolecznajedynka.pl\/biblioteka\/wp-content\/uploads\/sites\/4\/2025\/11\/494216863_1235598825237991_6535567588349968504_n-1024x1024.jpg 1024w, https:\/\/spolecznajedynka.pl\/biblioteka\/wp-content\/uploads\/sites\/4\/2025\/11\/494216863_1235598825237991_6535567588349968504_n-768x768.jpg 768w, https:\/\/spolecznajedynka.pl\/biblioteka\/wp-content\/uploads\/sites\/4\/2025\/11\/494216863_1235598825237991_6535567588349968504_n.jpg 1365w\" sizes=\"auto, (max-width: 150px) 100vw, 150px\" \/><\/a>\n\t\t\t<\/dt><\/dl><dl class='gallery-item'>\n\t\t\t<dt class='gallery-icon landscape'>\n\t\t\t\t<a href='https:\/\/spolecznajedynka.pl\/biblioteka\/wydarzenia\/spotkania-autorskie\/spotkanie-z-krzysztofem-lapinskim\/attachment\/493678293_1235598968571310_728342459766124410_n\/'><img loading=\"lazy\" decoding=\"async\" width=\"150\" height=\"150\" src=\"https:\/\/spolecznajedynka.pl\/biblioteka\/wp-content\/uploads\/sites\/4\/2025\/11\/493678293_1235598968571310_728342459766124410_n-150x150.jpg\" class=\"attachment-thumbnail size-thumbnail\" alt=\"\" srcset=\"https:\/\/spolecznajedynka.pl\/biblioteka\/wp-content\/uploads\/sites\/4\/2025\/11\/493678293_1235598968571310_728342459766124410_n-150x150.jpg 150w, https:\/\/spolecznajedynka.pl\/biblioteka\/wp-content\/uploads\/sites\/4\/2025\/11\/493678293_1235598968571310_728342459766124410_n-300x300.jpg 300w, https:\/\/spolecznajedynka.pl\/biblioteka\/wp-content\/uploads\/sites\/4\/2025\/11\/493678293_1235598968571310_728342459766124410_n-1024x1024.jpg 1024w, https:\/\/spolecznajedynka.pl\/biblioteka\/wp-content\/uploads\/sites\/4\/2025\/11\/493678293_1235598968571310_728342459766124410_n-768x768.jpg 768w, https:\/\/spolecznajedynka.pl\/biblioteka\/wp-content\/uploads\/sites\/4\/2025\/11\/493678293_1235598968571310_728342459766124410_n.jpg 1365w\" sizes=\"auto, (max-width: 150px) 100vw, 150px\" \/><\/a>\n\t\t\t<\/dt><\/dl><br style=\"clear: both\" \/><dl class='gallery-item'>\n\t\t\t<dt class='gallery-icon landscape'>\n\t\t\t\t<a href='https:\/\/spolecznajedynka.pl\/biblioteka\/wydarzenia\/spotkania-autorskie\/spotkanie-z-krzysztofem-lapinskim\/attachment\/493925555_1235599111904629_3447311365982452384_n\/'><img loading=\"lazy\" decoding=\"async\" width=\"150\" height=\"150\" src=\"https:\/\/spolecznajedynka.pl\/biblioteka\/wp-content\/uploads\/sites\/4\/2025\/11\/493925555_1235599111904629_3447311365982452384_n-150x150.jpg\" class=\"attachment-thumbnail size-thumbnail\" alt=\"\" srcset=\"https:\/\/spolecznajedynka.pl\/biblioteka\/wp-content\/uploads\/sites\/4\/2025\/11\/493925555_1235599111904629_3447311365982452384_n-150x150.jpg 150w, https:\/\/spolecznajedynka.pl\/biblioteka\/wp-content\/uploads\/sites\/4\/2025\/11\/493925555_1235599111904629_3447311365982452384_n-300x300.jpg 300w, https:\/\/spolecznajedynka.pl\/biblioteka\/wp-content\/uploads\/sites\/4\/2025\/11\/493925555_1235599111904629_3447311365982452384_n-1024x1024.jpg 1024w, https:\/\/spolecznajedynka.pl\/biblioteka\/wp-content\/uploads\/sites\/4\/2025\/11\/493925555_1235599111904629_3447311365982452384_n-768x768.jpg 768w, https:\/\/spolecznajedynka.pl\/biblioteka\/wp-content\/uploads\/sites\/4\/2025\/11\/493925555_1235599111904629_3447311365982452384_n.jpg 1365w\" sizes=\"auto, (max-width: 150px) 100vw, 150px\" \/><\/a>\n\t\t\t<\/dt><\/dl><dl class='gallery-item'>\n\t\t\t<dt class='gallery-icon landscape'>\n\t\t\t\t<a href='https:\/\/spolecznajedynka.pl\/biblioteka\/wydarzenia\/spotkania-autorskie\/spotkanie-z-krzysztofem-lapinskim\/attachment\/493913064_1235598805237993_6895679201686172580_n\/'><img loading=\"lazy\" decoding=\"async\" width=\"150\" height=\"150\" src=\"https:\/\/spolecznajedynka.pl\/biblioteka\/wp-content\/uploads\/sites\/4\/2025\/11\/493913064_1235598805237993_6895679201686172580_n-150x150.jpg\" class=\"attachment-thumbnail size-thumbnail\" alt=\"\" srcset=\"https:\/\/spolecznajedynka.pl\/biblioteka\/wp-content\/uploads\/sites\/4\/2025\/11\/493913064_1235598805237993_6895679201686172580_n-150x150.jpg 150w, https:\/\/spolecznajedynka.pl\/biblioteka\/wp-content\/uploads\/sites\/4\/2025\/11\/493913064_1235598805237993_6895679201686172580_n-300x300.jpg 300w, https:\/\/spolecznajedynka.pl\/biblioteka\/wp-content\/uploads\/sites\/4\/2025\/11\/493913064_1235598805237993_6895679201686172580_n-1024x1024.jpg 1024w, https:\/\/spolecznajedynka.pl\/biblioteka\/wp-content\/uploads\/sites\/4\/2025\/11\/493913064_1235598805237993_6895679201686172580_n-768x768.jpg 768w, https:\/\/spolecznajedynka.pl\/biblioteka\/wp-content\/uploads\/sites\/4\/2025\/11\/493913064_1235598805237993_6895679201686172580_n.jpg 1365w\" sizes=\"auto, (max-width: 150px) 100vw, 150px\" \/><\/a>\n\t\t\t<\/dt><\/dl><dl class='gallery-item'>\n\t\t\t<dt class='gallery-icon landscape'>\n\t\t\t\t<a href='https:\/\/spolecznajedynka.pl\/biblioteka\/wydarzenia\/spotkania-autorskie\/spotkanie-z-krzysztofem-lapinskim\/attachment\/494210076_1235599088571298_4923436347632982544_n\/'><img loading=\"lazy\" decoding=\"async\" width=\"150\" height=\"150\" src=\"https:\/\/spolecznajedynka.pl\/biblioteka\/wp-content\/uploads\/sites\/4\/2025\/11\/494210076_1235599088571298_4923436347632982544_n-150x150.jpg\" class=\"attachment-thumbnail size-thumbnail\" alt=\"\" srcset=\"https:\/\/spolecznajedynka.pl\/biblioteka\/wp-content\/uploads\/sites\/4\/2025\/11\/494210076_1235599088571298_4923436347632982544_n-150x150.jpg 150w, https:\/\/spolecznajedynka.pl\/biblioteka\/wp-content\/uploads\/sites\/4\/2025\/11\/494210076_1235599088571298_4923436347632982544_n-300x300.jpg 300w, https:\/\/spolecznajedynka.pl\/biblioteka\/wp-content\/uploads\/sites\/4\/2025\/11\/494210076_1235599088571298_4923436347632982544_n-1024x1024.jpg 1024w, https:\/\/spolecznajedynka.pl\/biblioteka\/wp-content\/uploads\/sites\/4\/2025\/11\/494210076_1235599088571298_4923436347632982544_n-768x768.jpg 768w, https:\/\/spolecznajedynka.pl\/biblioteka\/wp-content\/uploads\/sites\/4\/2025\/11\/494210076_1235599088571298_4923436347632982544_n.jpg 1365w\" sizes=\"auto, (max-width: 150px) 100vw, 150px\" \/><\/a>\n\t\t\t<\/dt><\/dl><br style=\"clear: both\" \/><dl class='gallery-item'>\n\t\t\t<dt class='gallery-icon landscape'>\n\t\t\t\t<a href='https:\/\/spolecznajedynka.pl\/biblioteka\/wydarzenia\/spotkania-autorskie\/spotkanie-z-krzysztofem-lapinskim\/attachment\/494052777_1235599025237971_7390761407844708410_n\/'><img loading=\"lazy\" decoding=\"async\" width=\"150\" height=\"150\" src=\"https:\/\/spolecznajedynka.pl\/biblioteka\/wp-content\/uploads\/sites\/4\/2025\/11\/494052777_1235599025237971_7390761407844708410_n-150x150.jpg\" class=\"attachment-thumbnail size-thumbnail\" alt=\"\" srcset=\"https:\/\/spolecznajedynka.pl\/biblioteka\/wp-content\/uploads\/sites\/4\/2025\/11\/494052777_1235599025237971_7390761407844708410_n-150x150.jpg 150w, https:\/\/spolecznajedynka.pl\/biblioteka\/wp-content\/uploads\/sites\/4\/2025\/11\/494052777_1235599025237971_7390761407844708410_n-300x300.jpg 300w, https:\/\/spolecznajedynka.pl\/biblioteka\/wp-content\/uploads\/sites\/4\/2025\/11\/494052777_1235599025237971_7390761407844708410_n-1024x1024.jpg 1024w, https:\/\/spolecznajedynka.pl\/biblioteka\/wp-content\/uploads\/sites\/4\/2025\/11\/494052777_1235599025237971_7390761407844708410_n-768x768.jpg 768w, https:\/\/spolecznajedynka.pl\/biblioteka\/wp-content\/uploads\/sites\/4\/2025\/11\/494052777_1235599025237971_7390761407844708410_n.jpg 1536w\" sizes=\"auto, (max-width: 150px) 100vw, 150px\" \/><\/a>\n\t\t\t<\/dt><\/dl><dl class='gallery-item'>\n\t\t\t<dt class='gallery-icon landscape'>\n\t\t\t\t<a href='https:\/\/spolecznajedynka.pl\/biblioteka\/wydarzenia\/spotkania-autorskie\/spotkanie-z-krzysztofem-lapinskim\/attachment\/493969611_1235598808571326_8541123836436613113_n\/'><img loading=\"lazy\" decoding=\"async\" width=\"150\" height=\"150\" src=\"https:\/\/spolecznajedynka.pl\/biblioteka\/wp-content\/uploads\/sites\/4\/2025\/11\/493969611_1235598808571326_8541123836436613113_n-150x150.jpg\" class=\"attachment-thumbnail size-thumbnail\" alt=\"\" srcset=\"https:\/\/spolecznajedynka.pl\/biblioteka\/wp-content\/uploads\/sites\/4\/2025\/11\/493969611_1235598808571326_8541123836436613113_n-150x150.jpg 150w, https:\/\/spolecznajedynka.pl\/biblioteka\/wp-content\/uploads\/sites\/4\/2025\/11\/493969611_1235598808571326_8541123836436613113_n-300x300.jpg 300w, https:\/\/spolecznajedynka.pl\/biblioteka\/wp-content\/uploads\/sites\/4\/2025\/11\/493969611_1235598808571326_8541123836436613113_n-1024x1024.jpg 1024w, https:\/\/spolecznajedynka.pl\/biblioteka\/wp-content\/uploads\/sites\/4\/2025\/11\/493969611_1235598808571326_8541123836436613113_n-768x768.jpg 768w, https:\/\/spolecznajedynka.pl\/biblioteka\/wp-content\/uploads\/sites\/4\/2025\/11\/493969611_1235598808571326_8541123836436613113_n.jpg 1536w\" sizes=\"auto, (max-width: 150px) 100vw, 150px\" \/><\/a>\n\t\t\t<\/dt><\/dl><dl class='gallery-item'>\n\t\t\t<dt class='gallery-icon landscape'>\n\t\t\t\t<a href='https:\/\/spolecznajedynka.pl\/biblioteka\/wydarzenia\/spotkania-autorskie\/spotkanie-z-krzysztofem-lapinskim\/attachment\/494130854_1235599098571297_3320104080048196993_n\/'><img loading=\"lazy\" decoding=\"async\" width=\"150\" height=\"150\" src=\"https:\/\/spolecznajedynka.pl\/biblioteka\/wp-content\/uploads\/sites\/4\/2025\/11\/494130854_1235599098571297_3320104080048196993_n-150x150.jpg\" class=\"attachment-thumbnail size-thumbnail\" alt=\"\" srcset=\"https:\/\/spolecznajedynka.pl\/biblioteka\/wp-content\/uploads\/sites\/4\/2025\/11\/494130854_1235599098571297_3320104080048196993_n-150x150.jpg 150w, https:\/\/spolecznajedynka.pl\/biblioteka\/wp-content\/uploads\/sites\/4\/2025\/11\/494130854_1235599098571297_3320104080048196993_n-300x300.jpg 300w, https:\/\/spolecznajedynka.pl\/biblioteka\/wp-content\/uploads\/sites\/4\/2025\/11\/494130854_1235599098571297_3320104080048196993_n-1024x1024.jpg 1024w, https:\/\/spolecznajedynka.pl\/biblioteka\/wp-content\/uploads\/sites\/4\/2025\/11\/494130854_1235599098571297_3320104080048196993_n-768x768.jpg 768w, https:\/\/spolecznajedynka.pl\/biblioteka\/wp-content\/uploads\/sites\/4\/2025\/11\/494130854_1235599098571297_3320104080048196993_n.jpg 1315w\" sizes=\"auto, (max-width: 150px) 100vw, 150px\" \/><\/a>\n\t\t\t<\/dt><\/dl><br style=\"clear: both\" \/>\n\t\t<\/div>\n\n<\/div>\n<\/div>\n","protected":false},"excerpt":{"rendered":"<p>O zwierz\u0119tach zamieszkuj\u0105cych Las Kabacki i sposobach na pokonanie z\u0142ego Trolla \u00a0rozmawiali nasi uczniowie i uczennice podczas fascynuj\u0105cego spotkania autorskiego&#8230;.<\/p>\n","protected":false},"author":2,"featured_media":626,"comment_status":"closed","ping_status":"closed","sticky":false,"template":"","format":"standard","meta":{"_acf_changed":false,"footnotes":""},"categories":[5,4],"tags":[],"class_list":["post-617","post","type-post","status-publish","format-standard","has-post-thumbnail","hentry","category-spotkania-autorskie","category-wydarzenia"],"acf":[],"yoast_head":"<!-- This site is optimized with the Yoast SEO plugin v27.5 - https:\/\/yoast.com\/product\/yoast-seo-wordpress\/ -->\n<title>Spotkanie z Krzysztofem \u0141api\u0144skim - Biblioteka Spo\u0142ecznej Jedynki<\/title>\n<meta name=\"robots\" content=\"index, follow, max-snippet:-1, max-image-preview:large, max-video-preview:-1\" \/>\n<link rel=\"canonical\" href=\"https:\/\/spolecznajedynka.pl\/biblioteka\/wydarzenia\/spotkania-autorskie\/spotkanie-z-krzysztofem-lapinskim\/\" \/>\n<meta property=\"og:locale\" content=\"pl_PL\" \/>\n<meta property=\"og:type\" content=\"article\" \/>\n<meta property=\"og:title\" content=\"Spotkanie z Krzysztofem \u0141api\u0144skim - Biblioteka Spo\u0142ecznej Jedynki\" \/>\n<meta property=\"og:description\" content=\"O zwierz\u0119tach zamieszkuj\u0105cych Las Kabacki i sposobach na pokonanie z\u0142ego Trolla \u00a0rozmawiali nasi uczniowie i uczennice podczas fascynuj\u0105cego spotkania autorskiego....\" \/>\n<meta property=\"og:url\" content=\"https:\/\/spolecznajedynka.pl\/biblioteka\/wydarzenia\/spotkania-autorskie\/spotkanie-z-krzysztofem-lapinskim\/\" \/>\n<meta property=\"og:site_name\" content=\"Biblioteka Spo\u0142ecznej Jedynki\" \/>\n<meta property=\"article:published_time\" content=\"2024-12-02T00:09:12+00:00\" \/>\n<meta property=\"article:modified_time\" content=\"2025-11-16T00:12:44+00:00\" \/>\n<meta property=\"og:image\" content=\"https:\/\/spolecznajedynka.pl\/biblioteka\/wp-content\/uploads\/sites\/4\/2025\/11\/493906176_1235598665238007_1463964271967410613_n.jpg\" \/>\n\t<meta property=\"og:image:width\" content=\"1365\" \/>\n\t<meta property=\"og:image:height\" content=\"1365\" \/>\n\t<meta property=\"og:image:type\" content=\"image\/jpeg\" \/>\n<meta name=\"author\" content=\"Admin Top\" \/>\n<meta name=\"twitter:card\" content=\"summary_large_image\" \/>\n<meta name=\"twitter:label1\" content=\"Napisane przez\" \/>\n\t<meta name=\"twitter:data1\" content=\"Admin Top\" \/>\n\t<meta name=\"twitter:label2\" content=\"Szacowany czas czytania\" \/>\n\t<meta name=\"twitter:data2\" content=\"1 minuta\" \/>\n<script type=\"application\/ld+json\" class=\"yoast-schema-graph\">{\"@context\":\"https:\\\/\\\/schema.org\",\"@graph\":[{\"@type\":\"Article\",\"@id\":\"https:\\\/\\\/spolecznajedynka.pl\\\/biblioteka\\\/wydarzenia\\\/spotkania-autorskie\\\/spotkanie-z-krzysztofem-lapinskim\\\/#article\",\"isPartOf\":{\"@id\":\"https:\\\/\\\/spolecznajedynka.pl\\\/biblioteka\\\/wydarzenia\\\/spotkania-autorskie\\\/spotkanie-z-krzysztofem-lapinskim\\\/\"},\"author\":{\"name\":\"Admin Top\",\"@id\":\"https:\\\/\\\/spolecznajedynka.pl\\\/biblioteka\\\/#\\\/schema\\\/person\\\/2516201558d359d325ddfae4255a4356\"},\"headline\":\"Spotkanie z Krzysztofem \u0141api\u0144skim\",\"datePublished\":\"2024-12-02T00:09:12+00:00\",\"dateModified\":\"2025-11-16T00:12:44+00:00\",\"mainEntityOfPage\":{\"@id\":\"https:\\\/\\\/spolecznajedynka.pl\\\/biblioteka\\\/wydarzenia\\\/spotkania-autorskie\\\/spotkanie-z-krzysztofem-lapinskim\\\/\"},\"wordCount\":183,\"image\":{\"@id\":\"https:\\\/\\\/spolecznajedynka.pl\\\/biblioteka\\\/wydarzenia\\\/spotkania-autorskie\\\/spotkanie-z-krzysztofem-lapinskim\\\/#primaryimage\"},\"thumbnailUrl\":\"https:\\\/\\\/spolecznajedynka.pl\\\/biblioteka\\\/wp-content\\\/uploads\\\/sites\\\/4\\\/2025\\\/11\\\/493906176_1235598665238007_1463964271967410613_n.jpg\",\"articleSection\":[\"Spotkania autorskie\",\"Wydarzenia\"],\"inLanguage\":\"pl-PL\"},{\"@type\":\"WebPage\",\"@id\":\"https:\\\/\\\/spolecznajedynka.pl\\\/biblioteka\\\/wydarzenia\\\/spotkania-autorskie\\\/spotkanie-z-krzysztofem-lapinskim\\\/\",\"url\":\"https:\\\/\\\/spolecznajedynka.pl\\\/biblioteka\\\/wydarzenia\\\/spotkania-autorskie\\\/spotkanie-z-krzysztofem-lapinskim\\\/\",\"name\":\"Spotkanie z Krzysztofem \u0141api\u0144skim - Biblioteka Spo\u0142ecznej Jedynki\",\"isPartOf\":{\"@id\":\"https:\\\/\\\/spolecznajedynka.pl\\\/biblioteka\\\/#website\"},\"primaryImageOfPage\":{\"@id\":\"https:\\\/\\\/spolecznajedynka.pl\\\/biblioteka\\\/wydarzenia\\\/spotkania-autorskie\\\/spotkanie-z-krzysztofem-lapinskim\\\/#primaryimage\"},\"image\":{\"@id\":\"https:\\\/\\\/spolecznajedynka.pl\\\/biblioteka\\\/wydarzenia\\\/spotkania-autorskie\\\/spotkanie-z-krzysztofem-lapinskim\\\/#primaryimage\"},\"thumbnailUrl\":\"https:\\\/\\\/spolecznajedynka.pl\\\/biblioteka\\\/wp-content\\\/uploads\\\/sites\\\/4\\\/2025\\\/11\\\/493906176_1235598665238007_1463964271967410613_n.jpg\",\"datePublished\":\"2024-12-02T00:09:12+00:00\",\"dateModified\":\"2025-11-16T00:12:44+00:00\",\"author\":{\"@id\":\"https:\\\/\\\/spolecznajedynka.pl\\\/biblioteka\\\/#\\\/schema\\\/person\\\/2516201558d359d325ddfae4255a4356\"},\"breadcrumb\":{\"@id\":\"https:\\\/\\\/spolecznajedynka.pl\\\/biblioteka\\\/wydarzenia\\\/spotkania-autorskie\\\/spotkanie-z-krzysztofem-lapinskim\\\/#breadcrumb\"},\"inLanguage\":\"pl-PL\",\"potentialAction\":[{\"@type\":\"ReadAction\",\"target\":[\"https:\\\/\\\/spolecznajedynka.pl\\\/biblioteka\\\/wydarzenia\\\/spotkania-autorskie\\\/spotkanie-z-krzysztofem-lapinskim\\\/\"]}]},{\"@type\":\"ImageObject\",\"inLanguage\":\"pl-PL\",\"@id\":\"https:\\\/\\\/spolecznajedynka.pl\\\/biblioteka\\\/wydarzenia\\\/spotkania-autorskie\\\/spotkanie-z-krzysztofem-lapinskim\\\/#primaryimage\",\"url\":\"https:\\\/\\\/spolecznajedynka.pl\\\/biblioteka\\\/wp-content\\\/uploads\\\/sites\\\/4\\\/2025\\\/11\\\/493906176_1235598665238007_1463964271967410613_n.jpg\",\"contentUrl\":\"https:\\\/\\\/spolecznajedynka.pl\\\/biblioteka\\\/wp-content\\\/uploads\\\/sites\\\/4\\\/2025\\\/11\\\/493906176_1235598665238007_1463964271967410613_n.jpg\",\"width\":1365,\"height\":1365},{\"@type\":\"BreadcrumbList\",\"@id\":\"https:\\\/\\\/spolecznajedynka.pl\\\/biblioteka\\\/wydarzenia\\\/spotkania-autorskie\\\/spotkanie-z-krzysztofem-lapinskim\\\/#breadcrumb\",\"itemListElement\":[{\"@type\":\"ListItem\",\"position\":1,\"name\":\"Strona g\u0142\u00f3wna\",\"item\":\"https:\\\/\\\/spolecznajedynka.pl\\\/biblioteka\\\/\"},{\"@type\":\"ListItem\",\"position\":2,\"name\":\"Spotkanie z Krzysztofem \u0141api\u0144skim\"}]},{\"@type\":\"WebSite\",\"@id\":\"https:\\\/\\\/spolecznajedynka.pl\\\/biblioteka\\\/#website\",\"url\":\"https:\\\/\\\/spolecznajedynka.pl\\\/biblioteka\\\/\",\"name\":\"Biblioteka Spo\u0142ecznej Jedynki\",\"description\":\"\",\"potentialAction\":[{\"@type\":\"SearchAction\",\"target\":{\"@type\":\"EntryPoint\",\"urlTemplate\":\"https:\\\/\\\/spolecznajedynka.pl\\\/biblioteka\\\/?s={search_term_string}\"},\"query-input\":{\"@type\":\"PropertyValueSpecification\",\"valueRequired\":true,\"valueName\":\"search_term_string\"}}],\"inLanguage\":\"pl-PL\"},{\"@type\":\"Person\",\"@id\":\"https:\\\/\\\/spolecznajedynka.pl\\\/biblioteka\\\/#\\\/schema\\\/person\\\/2516201558d359d325ddfae4255a4356\",\"name\":\"Admin Top\",\"image\":{\"@type\":\"ImageObject\",\"inLanguage\":\"pl-PL\",\"@id\":\"https:\\\/\\\/secure.gravatar.com\\\/avatar\\\/4faaedc4afabcd882aed6427c06dd9449a4ac635efb8f231a3e4f729e70f1cad?s=96&d=mm&r=g\",\"url\":\"https:\\\/\\\/secure.gravatar.com\\\/avatar\\\/4faaedc4afabcd882aed6427c06dd9449a4ac635efb8f231a3e4f729e70f1cad?s=96&d=mm&r=g\",\"contentUrl\":\"https:\\\/\\\/secure.gravatar.com\\\/avatar\\\/4faaedc4afabcd882aed6427c06dd9449a4ac635efb8f231a3e4f729e70f1cad?s=96&d=mm&r=g\",\"caption\":\"Admin Top\"},\"url\":\"https:\\\/\\\/spolecznajedynka.pl\\\/biblioteka\\\/author\\\/admin_top\\\/\"}]}<\/script>\n<!-- \/ Yoast SEO plugin. -->","yoast_head_json":{"title":"Spotkanie z Krzysztofem \u0141api\u0144skim - Biblioteka Spo\u0142ecznej Jedynki","robots":{"index":"index","follow":"follow","max-snippet":"max-snippet:-1","max-image-preview":"max-image-preview:large","max-video-preview":"max-video-preview:-1"},"canonical":"https:\/\/spolecznajedynka.pl\/biblioteka\/wydarzenia\/spotkania-autorskie\/spotkanie-z-krzysztofem-lapinskim\/","og_locale":"pl_PL","og_type":"article","og_title":"Spotkanie z Krzysztofem \u0141api\u0144skim - Biblioteka Spo\u0142ecznej Jedynki","og_description":"O zwierz\u0119tach zamieszkuj\u0105cych Las Kabacki i sposobach na pokonanie z\u0142ego Trolla \u00a0rozmawiali nasi uczniowie i uczennice podczas fascynuj\u0105cego spotkania autorskiego....","og_url":"https:\/\/spolecznajedynka.pl\/biblioteka\/wydarzenia\/spotkania-autorskie\/spotkanie-z-krzysztofem-lapinskim\/","og_site_name":"Biblioteka Spo\u0142ecznej Jedynki","article_published_time":"2024-12-02T00:09:12+00:00","article_modified_time":"2025-11-16T00:12:44+00:00","og_image":[{"width":1365,"height":1365,"url":"https:\/\/spolecznajedynka.pl\/biblioteka\/wp-content\/uploads\/sites\/4\/2025\/11\/493906176_1235598665238007_1463964271967410613_n.jpg","type":"image\/jpeg"}],"author":"Admin Top","twitter_card":"summary_large_image","twitter_misc":{"Napisane przez":"Admin Top","Szacowany czas czytania":"1 minuta"},"schema":{"@context":"https:\/\/schema.org","@graph":[{"@type":"Article","@id":"https:\/\/spolecznajedynka.pl\/biblioteka\/wydarzenia\/spotkania-autorskie\/spotkanie-z-krzysztofem-lapinskim\/#article","isPartOf":{"@id":"https:\/\/spolecznajedynka.pl\/biblioteka\/wydarzenia\/spotkania-autorskie\/spotkanie-z-krzysztofem-lapinskim\/"},"author":{"name":"Admin Top","@id":"https:\/\/spolecznajedynka.pl\/biblioteka\/#\/schema\/person\/2516201558d359d325ddfae4255a4356"},"headline":"Spotkanie z Krzysztofem \u0141api\u0144skim","datePublished":"2024-12-02T00:09:12+00:00","dateModified":"2025-11-16T00:12:44+00:00","mainEntityOfPage":{"@id":"https:\/\/spolecznajedynka.pl\/biblioteka\/wydarzenia\/spotkania-autorskie\/spotkanie-z-krzysztofem-lapinskim\/"},"wordCount":183,"image":{"@id":"https:\/\/spolecznajedynka.pl\/biblioteka\/wydarzenia\/spotkania-autorskie\/spotkanie-z-krzysztofem-lapinskim\/#primaryimage"},"thumbnailUrl":"https:\/\/spolecznajedynka.pl\/biblioteka\/wp-content\/uploads\/sites\/4\/2025\/11\/493906176_1235598665238007_1463964271967410613_n.jpg","articleSection":["Spotkania autorskie","Wydarzenia"],"inLanguage":"pl-PL"},{"@type":"WebPage","@id":"https:\/\/spolecznajedynka.pl\/biblioteka\/wydarzenia\/spotkania-autorskie\/spotkanie-z-krzysztofem-lapinskim\/","url":"https:\/\/spolecznajedynka.pl\/biblioteka\/wydarzenia\/spotkania-autorskie\/spotkanie-z-krzysztofem-lapinskim\/","name":"Spotkanie z Krzysztofem \u0141api\u0144skim - Biblioteka Spo\u0142ecznej Jedynki","isPartOf":{"@id":"https:\/\/spolecznajedynka.pl\/biblioteka\/#website"},"primaryImageOfPage":{"@id":"https:\/\/spolecznajedynka.pl\/biblioteka\/wydarzenia\/spotkania-autorskie\/spotkanie-z-krzysztofem-lapinskim\/#primaryimage"},"image":{"@id":"https:\/\/spolecznajedynka.pl\/biblioteka\/wydarzenia\/spotkania-autorskie\/spotkanie-z-krzysztofem-lapinskim\/#primaryimage"},"thumbnailUrl":"https:\/\/spolecznajedynka.pl\/biblioteka\/wp-content\/uploads\/sites\/4\/2025\/11\/493906176_1235598665238007_1463964271967410613_n.jpg","datePublished":"2024-12-02T00:09:12+00:00","dateModified":"2025-11-16T00:12:44+00:00","author":{"@id":"https:\/\/spolecznajedynka.pl\/biblioteka\/#\/schema\/person\/2516201558d359d325ddfae4255a4356"},"breadcrumb":{"@id":"https:\/\/spolecznajedynka.pl\/biblioteka\/wydarzenia\/spotkania-autorskie\/spotkanie-z-krzysztofem-lapinskim\/#breadcrumb"},"inLanguage":"pl-PL","potentialAction":[{"@type":"ReadAction","target":["https:\/\/spolecznajedynka.pl\/biblioteka\/wydarzenia\/spotkania-autorskie\/spotkanie-z-krzysztofem-lapinskim\/"]}]},{"@type":"ImageObject","inLanguage":"pl-PL","@id":"https:\/\/spolecznajedynka.pl\/biblioteka\/wydarzenia\/spotkania-autorskie\/spotkanie-z-krzysztofem-lapinskim\/#primaryimage","url":"https:\/\/spolecznajedynka.pl\/biblioteka\/wp-content\/uploads\/sites\/4\/2025\/11\/493906176_1235598665238007_1463964271967410613_n.jpg","contentUrl":"https:\/\/spolecznajedynka.pl\/biblioteka\/wp-content\/uploads\/sites\/4\/2025\/11\/493906176_1235598665238007_1463964271967410613_n.jpg","width":1365,"height":1365},{"@type":"BreadcrumbList","@id":"https:\/\/spolecznajedynka.pl\/biblioteka\/wydarzenia\/spotkania-autorskie\/spotkanie-z-krzysztofem-lapinskim\/#breadcrumb","itemListElement":[{"@type":"ListItem","position":1,"name":"Strona g\u0142\u00f3wna","item":"https:\/\/spolecznajedynka.pl\/biblioteka\/"},{"@type":"ListItem","position":2,"name":"Spotkanie z Krzysztofem \u0141api\u0144skim"}]},{"@type":"WebSite","@id":"https:\/\/spolecznajedynka.pl\/biblioteka\/#website","url":"https:\/\/spolecznajedynka.pl\/biblioteka\/","name":"Biblioteka Spo\u0142ecznej Jedynki","description":"","potentialAction":[{"@type":"SearchAction","target":{"@type":"EntryPoint","urlTemplate":"https:\/\/spolecznajedynka.pl\/biblioteka\/?s={search_term_string}"},"query-input":{"@type":"PropertyValueSpecification","valueRequired":true,"valueName":"search_term_string"}}],"inLanguage":"pl-PL"},{"@type":"Person","@id":"https:\/\/spolecznajedynka.pl\/biblioteka\/#\/schema\/person\/2516201558d359d325ddfae4255a4356","name":"Admin Top","image":{"@type":"ImageObject","inLanguage":"pl-PL","@id":"https:\/\/secure.gravatar.com\/avatar\/4faaedc4afabcd882aed6427c06dd9449a4ac635efb8f231a3e4f729e70f1cad?s=96&d=mm&r=g","url":"https:\/\/secure.gravatar.com\/avatar\/4faaedc4afabcd882aed6427c06dd9449a4ac635efb8f231a3e4f729e70f1cad?s=96&d=mm&r=g","contentUrl":"https:\/\/secure.gravatar.com\/avatar\/4faaedc4afabcd882aed6427c06dd9449a4ac635efb8f231a3e4f729e70f1cad?s=96&d=mm&r=g","caption":"Admin Top"},"url":"https:\/\/spolecznajedynka.pl\/biblioteka\/author\/admin_top\/"}]}},"_links":{"self":[{"href":"https:\/\/spolecznajedynka.pl\/biblioteka\/wp-json\/wp\/v2\/posts\/617","targetHints":{"allow":["GET"]}}],"collection":[{"href":"https:\/\/spolecznajedynka.pl\/biblioteka\/wp-json\/wp\/v2\/posts"}],"about":[{"href":"https:\/\/spolecznajedynka.pl\/biblioteka\/wp-json\/wp\/v2\/types\/post"}],"author":[{"embeddable":true,"href":"https:\/\/spolecznajedynka.pl\/biblioteka\/wp-json\/wp\/v2\/users\/2"}],"replies":[{"embeddable":true,"href":"https:\/\/spolecznajedynka.pl\/biblioteka\/wp-json\/wp\/v2\/comments?post=617"}],"version-history":[{"count":1,"href":"https:\/\/spolecznajedynka.pl\/biblioteka\/wp-json\/wp\/v2\/posts\/617\/revisions"}],"predecessor-version":[{"id":627,"href":"https:\/\/spolecznajedynka.pl\/biblioteka\/wp-json\/wp\/v2\/posts\/617\/revisions\/627"}],"wp:featuredmedia":[{"embeddable":true,"href":"https:\/\/spolecznajedynka.pl\/biblioteka\/wp-json\/wp\/v2\/media\/626"}],"wp:attachment":[{"href":"https:\/\/spolecznajedynka.pl\/biblioteka\/wp-json\/wp\/v2\/media?parent=617"}],"wp:term":[{"taxonomy":"category","embeddable":true,"href":"https:\/\/spolecznajedynka.pl\/biblioteka\/wp-json\/wp\/v2\/categories?post=617"},{"taxonomy":"post_tag","embeddable":true,"href":"https:\/\/spolecznajedynka.pl\/biblioteka\/wp-json\/wp\/v2\/tags?post=617"}],"curies":[{"name":"wp","href":"https:\/\/api.w.org\/{rel}","templated":true}]}}