{"id":549,"date":"2025-09-14T00:04:21","date_gmt":"2025-09-13T22:04:21","guid":{"rendered":"https:\/\/spolecznajedynka.pl\/biblioteka\/?p=549"},"modified":"2025-11-16T00:12:56","modified_gmt":"2025-11-15T23:12:56","slug":"cdn-pierwsze-powakacyjne-spotkanie","status":"publish","type":"post","link":"https:\/\/spolecznajedynka.pl\/biblioteka\/wydarzenia\/grupa-cdn\/cdn-pierwsze-powakacyjne-spotkanie\/","title":{"rendered":"CDN. &#8211; pierwsze powakacyjne spotkanie"},"content":{"rendered":"<div class=\"x14z9mp xat24cr x1lziwak x1vvkbs xtlvy1s x126k92a\">\n<div dir=\"auto\"><strong>Pierwsze spotkanie po wakacjach sprzyja\u0142o dzieleniu si\u0119 wra\u017ceniami czytelniczymi!\u00a0<\/strong><strong>W roli g\u0142\u00f3wnej &#8211; powie\u015bci, kt\u00f3re dzisiaj s\u0105 ju\u017c klasyk\u0105 literatury nieco przygodowej i bardzo dystopijnej.<\/strong><\/div>\n<div dir=\"auto\">\n<hr \/>\n<\/div>\n<\/div>\n<div class=\"x14z9mp xat24cr x1lziwak x1vvkbs xtlvy1s x126k92a\">\n<div dir=\"auto\">\u00a0Podczas pi\u0105tkowego spotkania klubu CDN. Ala i Marta opowiedzia\u0142y o serii &#8222;Igrzyska \u015amierci&#8221;.<\/div>\n<div dir=\"auto\">Prezentacji towarzyszy\u0142y rozmowy na temat fabu\u0142y, wieku odbiorcy, ksi\u0105\u017ckowych w\u0105tk\u00f3w i metafor.<\/div>\n<\/div>\n<div class=\"x14z9mp xat24cr x1lziwak x1vvkbs xtlvy1s x126k92a\">\n<div dir=\"auto\">Cz\u0119\u015bci\u0105 spotkania by\u0142o tak\u017ce g\u0142osowanie na najciekawsz\u0105 ksi\u0105\u017ck\u0119 prezentowan\u0105 podczas zesz\u0142orocznych spotka\u0144 klubu.<\/div>\n<div dir=\"auto\">Wyb\u00f3r kr\u00f3lowej po\u015br\u00f3d wszystkich pozycji to r\u00f3wnocze\u015bnie zapowied\u017a nowych, inspiruj\u0105cych dzia\u0142a\u0144 w grupie!<\/div>\n<\/div>\n<div class=\"x14z9mp xat24cr x1lziwak x1vvkbs xtlvy1s x126k92a\">\n<div dir=\"auto\">Na koniec uczestnik\u00f3w spotkania czeka\u0142a gra nawi\u0105zuj\u0105ca do fabu\u0142y serii Suzanne Collins.<\/div>\n<div dir=\"auto\">Ka\u017cdy obecny na spotkaniu otrzyma\u0142 \u017cy\u0142k\u0119 z koralikiem i zosta\u0142 zaproszony do rozgrywki w \u201epapier, kamie\u0144, no\u017cyce\u201d.<\/div>\n<div dir=\"auto\">Zwyci\u0119zca ka\u017cdego starcia zdobywa\u0142 koraliki przeciwnika.<\/div>\n<div dir=\"auto\">Gra trwa\u0142a do momentu, w kt\u00f3rym jedna z os\u00f3b zebra\u0142a wszystkie mo\u017cliwe koraliki i utworzy\u0142a bransoletk\u0119 szcz\u0119\u015bcia &#8211; zupe\u0142nie niczym broszka Katniss Everdeen!<\/div>\n<\/div>\n<div class=\"x14z9mp xat24cr x1lziwak x1vvkbs xtlvy1s x126k92a\">\n<div dir=\"auto\">Prelekcja, dyskusje i gra cieszy\u0142y tym bardziej, \u017ce w klubie mi\u0142o\u015bnik\u00f3w ksi\u0105\u017cki pojawi\u0142y si\u0119 w pi\u0105tek nowe osoby.<\/div>\n<div dir=\"auto\">CDN. \u017cyczymy pi\u0119knych chwil w \u015bwiecie literatury podczas kolejnych spotka\u0144!<\/div>\n<\/div>\n<div dir=\"auto\">\n\n\t\t<style type=\"text\/css\">\n\t\t\t#gallery-1 {\n\t\t\t\tmargin: auto;\n\t\t\t}\n\t\t\t#gallery-1 .gallery-item {\n\t\t\t\tfloat: left;\n\t\t\t\tmargin-top: 10px;\n\t\t\t\ttext-align: center;\n\t\t\t\twidth: 33%;\n\t\t\t}\n\t\t\t#gallery-1 img {\n\t\t\t\tborder: 2px solid #cfcfcf;\n\t\t\t}\n\t\t\t#gallery-1 .gallery-caption {\n\t\t\t\tmargin-left: 0;\n\t\t\t}\n\t\t\t\/* see gallery_shortcode() in wp-includes\/media.php *\/\n\t\t<\/style>\n\t\t<div id='gallery-1' class='gallery galleryid-549 gallery-columns-3 gallery-size-thumbnail'><dl class='gallery-item'>\n\t\t\t<dt class='gallery-icon landscape'>\n\t\t\t\t<a href='https:\/\/spolecznajedynka.pl\/biblioteka\/wydarzenia\/grupa-cdn\/cdn-pierwsze-powakacyjne-spotkanie\/attachment\/546399930_1352317406899465_7496636525186301396_n\/'><img loading=\"lazy\" decoding=\"async\" width=\"150\" height=\"150\" src=\"https:\/\/spolecznajedynka.pl\/biblioteka\/wp-content\/uploads\/sites\/4\/2025\/11\/546399930_1352317406899465_7496636525186301396_n-150x150.jpg\" class=\"attachment-thumbnail size-thumbnail\" alt=\"\" srcset=\"https:\/\/spolecznajedynka.pl\/biblioteka\/wp-content\/uploads\/sites\/4\/2025\/11\/546399930_1352317406899465_7496636525186301396_n-150x150.jpg 150w, https:\/\/spolecznajedynka.pl\/biblioteka\/wp-content\/uploads\/sites\/4\/2025\/11\/546399930_1352317406899465_7496636525186301396_n-300x300.jpg 300w, https:\/\/spolecznajedynka.pl\/biblioteka\/wp-content\/uploads\/sites\/4\/2025\/11\/546399930_1352317406899465_7496636525186301396_n-1024x1024.jpg 1024w, https:\/\/spolecznajedynka.pl\/biblioteka\/wp-content\/uploads\/sites\/4\/2025\/11\/546399930_1352317406899465_7496636525186301396_n-768x768.jpg 768w, https:\/\/spolecznajedynka.pl\/biblioteka\/wp-content\/uploads\/sites\/4\/2025\/11\/546399930_1352317406899465_7496636525186301396_n.jpg 1536w\" sizes=\"auto, (max-width: 150px) 100vw, 150px\" \/><\/a>\n\t\t\t<\/dt><\/dl><dl class='gallery-item'>\n\t\t\t<dt class='gallery-icon landscape'>\n\t\t\t\t<a href='https:\/\/spolecznajedynka.pl\/biblioteka\/wydarzenia\/grupa-cdn\/cdn-pierwsze-powakacyjne-spotkanie\/attachment\/547755276_1352331986898007_9086156373790280639_n\/'><img loading=\"lazy\" decoding=\"async\" width=\"150\" height=\"150\" src=\"https:\/\/spolecznajedynka.pl\/biblioteka\/wp-content\/uploads\/sites\/4\/2025\/11\/547755276_1352331986898007_9086156373790280639_n-150x150.jpg\" class=\"attachment-thumbnail size-thumbnail\" alt=\"\" srcset=\"https:\/\/spolecznajedynka.pl\/biblioteka\/wp-content\/uploads\/sites\/4\/2025\/11\/547755276_1352331986898007_9086156373790280639_n-150x150.jpg 150w, https:\/\/spolecznajedynka.pl\/biblioteka\/wp-content\/uploads\/sites\/4\/2025\/11\/547755276_1352331986898007_9086156373790280639_n-300x300.jpg 300w, https:\/\/spolecznajedynka.pl\/biblioteka\/wp-content\/uploads\/sites\/4\/2025\/11\/547755276_1352331986898007_9086156373790280639_n-1024x1024.jpg 1024w, https:\/\/spolecznajedynka.pl\/biblioteka\/wp-content\/uploads\/sites\/4\/2025\/11\/547755276_1352331986898007_9086156373790280639_n-768x768.jpg 768w, https:\/\/spolecznajedynka.pl\/biblioteka\/wp-content\/uploads\/sites\/4\/2025\/11\/547755276_1352331986898007_9086156373790280639_n.jpg 1494w\" sizes=\"auto, (max-width: 150px) 100vw, 150px\" \/><\/a>\n\t\t\t<\/dt><\/dl><dl class='gallery-item'>\n\t\t\t<dt class='gallery-icon landscape'>\n\t\t\t\t<a href='https:\/\/spolecznajedynka.pl\/biblioteka\/wydarzenia\/grupa-cdn\/cdn-pierwsze-powakacyjne-spotkanie\/attachment\/546924217_1352314090233130_9154463879726116346_n\/'><img loading=\"lazy\" decoding=\"async\" width=\"150\" height=\"150\" src=\"https:\/\/spolecznajedynka.pl\/biblioteka\/wp-content\/uploads\/sites\/4\/2025\/11\/546924217_1352314090233130_9154463879726116346_n-150x150.jpg\" class=\"attachment-thumbnail size-thumbnail\" alt=\"\" srcset=\"https:\/\/spolecznajedynka.pl\/biblioteka\/wp-content\/uploads\/sites\/4\/2025\/11\/546924217_1352314090233130_9154463879726116346_n-150x150.jpg 150w, https:\/\/spolecznajedynka.pl\/biblioteka\/wp-content\/uploads\/sites\/4\/2025\/11\/546924217_1352314090233130_9154463879726116346_n-300x300.jpg 300w, https:\/\/spolecznajedynka.pl\/biblioteka\/wp-content\/uploads\/sites\/4\/2025\/11\/546924217_1352314090233130_9154463879726116346_n-1024x1024.jpg 1024w, https:\/\/spolecznajedynka.pl\/biblioteka\/wp-content\/uploads\/sites\/4\/2025\/11\/546924217_1352314090233130_9154463879726116346_n-768x768.jpg 768w, https:\/\/spolecznajedynka.pl\/biblioteka\/wp-content\/uploads\/sites\/4\/2025\/11\/546924217_1352314090233130_9154463879726116346_n.jpg 1536w\" sizes=\"auto, (max-width: 150px) 100vw, 150px\" \/><\/a>\n\t\t\t<\/dt><\/dl><br style=\"clear: both\" \/><dl class='gallery-item'>\n\t\t\t<dt class='gallery-icon landscape'>\n\t\t\t\t<a href='https:\/\/spolecznajedynka.pl\/biblioteka\/wydarzenia\/grupa-cdn\/cdn-pierwsze-powakacyjne-spotkanie\/attachment\/545765442_1352317630232776_119399165240184157_n\/'><img loading=\"lazy\" decoding=\"async\" width=\"150\" height=\"150\" src=\"https:\/\/spolecznajedynka.pl\/biblioteka\/wp-content\/uploads\/sites\/4\/2025\/11\/545765442_1352317630232776_119399165240184157_n-150x150.jpg\" class=\"attachment-thumbnail size-thumbnail\" alt=\"\" srcset=\"https:\/\/spolecznajedynka.pl\/biblioteka\/wp-content\/uploads\/sites\/4\/2025\/11\/545765442_1352317630232776_119399165240184157_n-150x150.jpg 150w, https:\/\/spolecznajedynka.pl\/biblioteka\/wp-content\/uploads\/sites\/4\/2025\/11\/545765442_1352317630232776_119399165240184157_n-300x300.jpg 300w, https:\/\/spolecznajedynka.pl\/biblioteka\/wp-content\/uploads\/sites\/4\/2025\/11\/545765442_1352317630232776_119399165240184157_n-1024x1024.jpg 1024w, https:\/\/spolecznajedynka.pl\/biblioteka\/wp-content\/uploads\/sites\/4\/2025\/11\/545765442_1352317630232776_119399165240184157_n-768x768.jpg 768w, https:\/\/spolecznajedynka.pl\/biblioteka\/wp-content\/uploads\/sites\/4\/2025\/11\/545765442_1352317630232776_119399165240184157_n.jpg 1536w\" sizes=\"auto, (max-width: 150px) 100vw, 150px\" \/><\/a>\n\t\t\t<\/dt><\/dl><dl class='gallery-item'>\n\t\t\t<dt class='gallery-icon landscape'>\n\t\t\t\t<a href='https:\/\/spolecznajedynka.pl\/biblioteka\/wydarzenia\/grupa-cdn\/cdn-pierwsze-powakacyjne-spotkanie\/attachment\/547268475_1352316973566175_7788423051490438841_n\/'><img loading=\"lazy\" decoding=\"async\" width=\"150\" height=\"150\" src=\"https:\/\/spolecznajedynka.pl\/biblioteka\/wp-content\/uploads\/sites\/4\/2025\/11\/547268475_1352316973566175_7788423051490438841_n-150x150.jpg\" class=\"attachment-thumbnail size-thumbnail\" alt=\"\" srcset=\"https:\/\/spolecznajedynka.pl\/biblioteka\/wp-content\/uploads\/sites\/4\/2025\/11\/547268475_1352316973566175_7788423051490438841_n-150x150.jpg 150w, https:\/\/spolecznajedynka.pl\/biblioteka\/wp-content\/uploads\/sites\/4\/2025\/11\/547268475_1352316973566175_7788423051490438841_n-300x300.jpg 300w, https:\/\/spolecznajedynka.pl\/biblioteka\/wp-content\/uploads\/sites\/4\/2025\/11\/547268475_1352316973566175_7788423051490438841_n-1024x1024.jpg 1024w, https:\/\/spolecznajedynka.pl\/biblioteka\/wp-content\/uploads\/sites\/4\/2025\/11\/547268475_1352316973566175_7788423051490438841_n-768x768.jpg 768w, https:\/\/spolecznajedynka.pl\/biblioteka\/wp-content\/uploads\/sites\/4\/2025\/11\/547268475_1352316973566175_7788423051490438841_n.jpg 1536w\" sizes=\"auto, (max-width: 150px) 100vw, 150px\" \/><\/a>\n\t\t\t<\/dt><\/dl><dl class='gallery-item'>\n\t\t\t<dt class='gallery-icon landscape'>\n\t\t\t\t<a href='https:\/\/spolecznajedynka.pl\/biblioteka\/wydarzenia\/grupa-cdn\/cdn-pierwsze-powakacyjne-spotkanie\/attachment\/545980449_1352318023566070_2677017486883885803_n\/'><img loading=\"lazy\" decoding=\"async\" width=\"150\" height=\"150\" src=\"https:\/\/spolecznajedynka.pl\/biblioteka\/wp-content\/uploads\/sites\/4\/2025\/11\/545980449_1352318023566070_2677017486883885803_n-150x150.jpg\" class=\"attachment-thumbnail size-thumbnail\" alt=\"\" srcset=\"https:\/\/spolecznajedynka.pl\/biblioteka\/wp-content\/uploads\/sites\/4\/2025\/11\/545980449_1352318023566070_2677017486883885803_n-150x150.jpg 150w, https:\/\/spolecznajedynka.pl\/biblioteka\/wp-content\/uploads\/sites\/4\/2025\/11\/545980449_1352318023566070_2677017486883885803_n-300x300.jpg 300w, https:\/\/spolecznajedynka.pl\/biblioteka\/wp-content\/uploads\/sites\/4\/2025\/11\/545980449_1352318023566070_2677017486883885803_n-1024x1024.jpg 1024w, https:\/\/spolecznajedynka.pl\/biblioteka\/wp-content\/uploads\/sites\/4\/2025\/11\/545980449_1352318023566070_2677017486883885803_n-768x768.jpg 768w, https:\/\/spolecznajedynka.pl\/biblioteka\/wp-content\/uploads\/sites\/4\/2025\/11\/545980449_1352318023566070_2677017486883885803_n.jpg 1536w\" sizes=\"auto, (max-width: 150px) 100vw, 150px\" \/><\/a>\n\t\t\t<\/dt><\/dl><br style=\"clear: both\" \/><dl class='gallery-item'>\n\t\t\t<dt class='gallery-icon landscape'>\n\t\t\t\t<a href='https:\/\/spolecznajedynka.pl\/biblioteka\/wydarzenia\/grupa-cdn\/cdn-pierwsze-powakacyjne-spotkanie\/attachment\/548295800_1352319590232580_2460992600624960824_n\/'><img loading=\"lazy\" decoding=\"async\" width=\"150\" height=\"150\" src=\"https:\/\/spolecznajedynka.pl\/biblioteka\/wp-content\/uploads\/sites\/4\/2025\/11\/548295800_1352319590232580_2460992600624960824_n-150x150.jpg\" class=\"attachment-thumbnail size-thumbnail\" alt=\"\" srcset=\"https:\/\/spolecznajedynka.pl\/biblioteka\/wp-content\/uploads\/sites\/4\/2025\/11\/548295800_1352319590232580_2460992600624960824_n-150x150.jpg 150w, https:\/\/spolecznajedynka.pl\/biblioteka\/wp-content\/uploads\/sites\/4\/2025\/11\/548295800_1352319590232580_2460992600624960824_n-300x300.jpg 300w, https:\/\/spolecznajedynka.pl\/biblioteka\/wp-content\/uploads\/sites\/4\/2025\/11\/548295800_1352319590232580_2460992600624960824_n-1024x1024.jpg 1024w, https:\/\/spolecznajedynka.pl\/biblioteka\/wp-content\/uploads\/sites\/4\/2025\/11\/548295800_1352319590232580_2460992600624960824_n-768x768.jpg 768w, https:\/\/spolecznajedynka.pl\/biblioteka\/wp-content\/uploads\/sites\/4\/2025\/11\/548295800_1352319590232580_2460992600624960824_n.jpg 1536w\" sizes=\"auto, (max-width: 150px) 100vw, 150px\" \/><\/a>\n\t\t\t<\/dt><\/dl><dl class='gallery-item'>\n\t\t\t<dt class='gallery-icon landscape'>\n\t\t\t\t<a href='https:\/\/spolecznajedynka.pl\/biblioteka\/wydarzenia\/grupa-cdn\/cdn-pierwsze-powakacyjne-spotkanie\/attachment\/547561504_1352320050232534_3790452352187052984_n\/'><img loading=\"lazy\" decoding=\"async\" width=\"150\" height=\"150\" src=\"https:\/\/spolecznajedynka.pl\/biblioteka\/wp-content\/uploads\/sites\/4\/2025\/11\/547561504_1352320050232534_3790452352187052984_n-150x150.jpg\" class=\"attachment-thumbnail size-thumbnail\" alt=\"\" srcset=\"https:\/\/spolecznajedynka.pl\/biblioteka\/wp-content\/uploads\/sites\/4\/2025\/11\/547561504_1352320050232534_3790452352187052984_n-150x150.jpg 150w, https:\/\/spolecznajedynka.pl\/biblioteka\/wp-content\/uploads\/sites\/4\/2025\/11\/547561504_1352320050232534_3790452352187052984_n-300x300.jpg 300w, https:\/\/spolecznajedynka.pl\/biblioteka\/wp-content\/uploads\/sites\/4\/2025\/11\/547561504_1352320050232534_3790452352187052984_n-1024x1024.jpg 1024w, https:\/\/spolecznajedynka.pl\/biblioteka\/wp-content\/uploads\/sites\/4\/2025\/11\/547561504_1352320050232534_3790452352187052984_n-768x768.jpg 768w, https:\/\/spolecznajedynka.pl\/biblioteka\/wp-content\/uploads\/sites\/4\/2025\/11\/547561504_1352320050232534_3790452352187052984_n.jpg 1536w\" sizes=\"auto, (max-width: 150px) 100vw, 150px\" \/><\/a>\n\t\t\t<\/dt><\/dl><dl class='gallery-item'>\n\t\t\t<dt class='gallery-icon landscape'>\n\t\t\t\t<a href='https:\/\/spolecznajedynka.pl\/biblioteka\/wydarzenia\/grupa-cdn\/cdn-pierwsze-powakacyjne-spotkanie\/attachment\/548211059_1352322600232279_6226325848247149076_n\/'><img loading=\"lazy\" decoding=\"async\" width=\"150\" height=\"150\" src=\"https:\/\/spolecznajedynka.pl\/biblioteka\/wp-content\/uploads\/sites\/4\/2025\/11\/548211059_1352322600232279_6226325848247149076_n-150x150.jpg\" class=\"attachment-thumbnail size-thumbnail\" alt=\"\" srcset=\"https:\/\/spolecznajedynka.pl\/biblioteka\/wp-content\/uploads\/sites\/4\/2025\/11\/548211059_1352322600232279_6226325848247149076_n-150x150.jpg 150w, https:\/\/spolecznajedynka.pl\/biblioteka\/wp-content\/uploads\/sites\/4\/2025\/11\/548211059_1352322600232279_6226325848247149076_n-300x300.jpg 300w, https:\/\/spolecznajedynka.pl\/biblioteka\/wp-content\/uploads\/sites\/4\/2025\/11\/548211059_1352322600232279_6226325848247149076_n-1024x1024.jpg 1024w, https:\/\/spolecznajedynka.pl\/biblioteka\/wp-content\/uploads\/sites\/4\/2025\/11\/548211059_1352322600232279_6226325848247149076_n-768x768.jpg 768w, https:\/\/spolecznajedynka.pl\/biblioteka\/wp-content\/uploads\/sites\/4\/2025\/11\/548211059_1352322600232279_6226325848247149076_n.jpg 1536w\" sizes=\"auto, (max-width: 150px) 100vw, 150px\" \/><\/a>\n\t\t\t<\/dt><\/dl><br style=\"clear: both\" \/><dl class='gallery-item'>\n\t\t\t<dt class='gallery-icon landscape'>\n\t\t\t\t<a href='https:\/\/spolecznajedynka.pl\/biblioteka\/wydarzenia\/grupa-cdn\/cdn-pierwsze-powakacyjne-spotkanie\/attachment\/547268380_1352324056898800_69102726584746866_n\/'><img loading=\"lazy\" decoding=\"async\" width=\"150\" height=\"150\" src=\"https:\/\/spolecznajedynka.pl\/biblioteka\/wp-content\/uploads\/sites\/4\/2025\/11\/547268380_1352324056898800_69102726584746866_n-150x150.jpg\" class=\"attachment-thumbnail size-thumbnail\" alt=\"\" srcset=\"https:\/\/spolecznajedynka.pl\/biblioteka\/wp-content\/uploads\/sites\/4\/2025\/11\/547268380_1352324056898800_69102726584746866_n-150x150.jpg 150w, https:\/\/spolecznajedynka.pl\/biblioteka\/wp-content\/uploads\/sites\/4\/2025\/11\/547268380_1352324056898800_69102726584746866_n-300x300.jpg 300w, https:\/\/spolecznajedynka.pl\/biblioteka\/wp-content\/uploads\/sites\/4\/2025\/11\/547268380_1352324056898800_69102726584746866_n-1024x1024.jpg 1024w, https:\/\/spolecznajedynka.pl\/biblioteka\/wp-content\/uploads\/sites\/4\/2025\/11\/547268380_1352324056898800_69102726584746866_n-768x768.jpg 768w, https:\/\/spolecznajedynka.pl\/biblioteka\/wp-content\/uploads\/sites\/4\/2025\/11\/547268380_1352324056898800_69102726584746866_n.jpg 1536w\" sizes=\"auto, (max-width: 150px) 100vw, 150px\" \/><\/a>\n\t\t\t<\/dt><\/dl>\n\t\t\t<br style='clear: both' \/>\n\t\t<\/div>\n\n<\/div>\n","protected":false},"excerpt":{"rendered":"<p>Pierwsze spotkanie po wakacjach sprzyja\u0142o dzieleniu si\u0119 wra\u017ceniami czytelniczymi!\u00a0W roli g\u0142\u00f3wnej &#8211; powie\u015bci, kt\u00f3re dzisiaj s\u0105 ju\u017c klasyk\u0105 literatury nieco&#8230;<\/p>\n","protected":false},"author":2,"featured_media":558,"comment_status":"closed","ping_status":"closed","sticky":false,"template":"","format":"standard","meta":{"_acf_changed":false,"footnotes":""},"categories":[6,4],"tags":[],"class_list":["post-549","post","type-post","status-publish","format-standard","has-post-thumbnail","hentry","category-grupa-cdn","category-wydarzenia"],"acf":[],"yoast_head":"<!-- This site is optimized with the Yoast SEO plugin v27.5 - https:\/\/yoast.com\/product\/yoast-seo-wordpress\/ -->\n<title>CDN. - pierwsze powakacyjne spotkanie - Biblioteka Spo\u0142ecznej Jedynki<\/title>\n<meta name=\"robots\" content=\"index, follow, max-snippet:-1, max-image-preview:large, max-video-preview:-1\" \/>\n<link rel=\"canonical\" href=\"https:\/\/spolecznajedynka.pl\/biblioteka\/wydarzenia\/grupa-cdn\/cdn-pierwsze-powakacyjne-spotkanie\/\" \/>\n<meta property=\"og:locale\" content=\"pl_PL\" \/>\n<meta property=\"og:type\" content=\"article\" \/>\n<meta property=\"og:title\" content=\"CDN. - pierwsze powakacyjne spotkanie - Biblioteka Spo\u0142ecznej Jedynki\" \/>\n<meta property=\"og:description\" content=\"Pierwsze spotkanie po wakacjach sprzyja\u0142o dzieleniu si\u0119 wra\u017ceniami czytelniczymi!\u00a0W roli g\u0142\u00f3wnej &#8211; powie\u015bci, kt\u00f3re dzisiaj s\u0105 ju\u017c klasyk\u0105 literatury nieco...\" \/>\n<meta property=\"og:url\" content=\"https:\/\/spolecznajedynka.pl\/biblioteka\/wydarzenia\/grupa-cdn\/cdn-pierwsze-powakacyjne-spotkanie\/\" \/>\n<meta property=\"og:site_name\" content=\"Biblioteka Spo\u0142ecznej Jedynki\" \/>\n<meta property=\"article:published_time\" content=\"2025-09-13T22:04:21+00:00\" \/>\n<meta property=\"article:modified_time\" content=\"2025-11-15T23:12:56+00:00\" \/>\n<meta property=\"og:image\" content=\"https:\/\/spolecznajedynka.pl\/biblioteka\/wp-content\/uploads\/sites\/4\/2025\/11\/546399930_1352317406899465_7496636525186301396_n.jpg\" \/>\n\t<meta property=\"og:image:width\" content=\"1536\" \/>\n\t<meta property=\"og:image:height\" content=\"1536\" \/>\n\t<meta property=\"og:image:type\" content=\"image\/jpeg\" \/>\n<meta name=\"author\" content=\"Admin Top\" \/>\n<meta name=\"twitter:card\" content=\"summary_large_image\" \/>\n<meta name=\"twitter:label1\" content=\"Napisane przez\" \/>\n\t<meta name=\"twitter:data1\" content=\"Admin Top\" \/>\n\t<meta name=\"twitter:label2\" content=\"Szacowany czas czytania\" \/>\n\t<meta name=\"twitter:data2\" content=\"2 minuty\" \/>\n<script type=\"application\/ld+json\" class=\"yoast-schema-graph\">{\"@context\":\"https:\\\/\\\/schema.org\",\"@graph\":[{\"@type\":\"Article\",\"@id\":\"https:\\\/\\\/spolecznajedynka.pl\\\/biblioteka\\\/wydarzenia\\\/grupa-cdn\\\/cdn-pierwsze-powakacyjne-spotkanie\\\/#article\",\"isPartOf\":{\"@id\":\"https:\\\/\\\/spolecznajedynka.pl\\\/biblioteka\\\/wydarzenia\\\/grupa-cdn\\\/cdn-pierwsze-powakacyjne-spotkanie\\\/\"},\"author\":{\"name\":\"Admin Top\",\"@id\":\"https:\\\/\\\/spolecznajedynka.pl\\\/biblioteka\\\/#\\\/schema\\\/person\\\/2516201558d359d325ddfae4255a4356\"},\"headline\":\"CDN. &#8211; pierwsze powakacyjne spotkanie\",\"datePublished\":\"2025-09-13T22:04:21+00:00\",\"dateModified\":\"2025-11-15T23:12:56+00:00\",\"mainEntityOfPage\":{\"@id\":\"https:\\\/\\\/spolecznajedynka.pl\\\/biblioteka\\\/wydarzenia\\\/grupa-cdn\\\/cdn-pierwsze-powakacyjne-spotkanie\\\/\"},\"wordCount\":221,\"image\":{\"@id\":\"https:\\\/\\\/spolecznajedynka.pl\\\/biblioteka\\\/wydarzenia\\\/grupa-cdn\\\/cdn-pierwsze-powakacyjne-spotkanie\\\/#primaryimage\"},\"thumbnailUrl\":\"https:\\\/\\\/spolecznajedynka.pl\\\/biblioteka\\\/wp-content\\\/uploads\\\/sites\\\/4\\\/2025\\\/11\\\/546399930_1352317406899465_7496636525186301396_n.jpg\",\"articleSection\":[\"Grupa CDN.\",\"Wydarzenia\"],\"inLanguage\":\"pl-PL\"},{\"@type\":\"WebPage\",\"@id\":\"https:\\\/\\\/spolecznajedynka.pl\\\/biblioteka\\\/wydarzenia\\\/grupa-cdn\\\/cdn-pierwsze-powakacyjne-spotkanie\\\/\",\"url\":\"https:\\\/\\\/spolecznajedynka.pl\\\/biblioteka\\\/wydarzenia\\\/grupa-cdn\\\/cdn-pierwsze-powakacyjne-spotkanie\\\/\",\"name\":\"CDN. - pierwsze powakacyjne spotkanie - Biblioteka Spo\u0142ecznej Jedynki\",\"isPartOf\":{\"@id\":\"https:\\\/\\\/spolecznajedynka.pl\\\/biblioteka\\\/#website\"},\"primaryImageOfPage\":{\"@id\":\"https:\\\/\\\/spolecznajedynka.pl\\\/biblioteka\\\/wydarzenia\\\/grupa-cdn\\\/cdn-pierwsze-powakacyjne-spotkanie\\\/#primaryimage\"},\"image\":{\"@id\":\"https:\\\/\\\/spolecznajedynka.pl\\\/biblioteka\\\/wydarzenia\\\/grupa-cdn\\\/cdn-pierwsze-powakacyjne-spotkanie\\\/#primaryimage\"},\"thumbnailUrl\":\"https:\\\/\\\/spolecznajedynka.pl\\\/biblioteka\\\/wp-content\\\/uploads\\\/sites\\\/4\\\/2025\\\/11\\\/546399930_1352317406899465_7496636525186301396_n.jpg\",\"datePublished\":\"2025-09-13T22:04:21+00:00\",\"dateModified\":\"2025-11-15T23:12:56+00:00\",\"author\":{\"@id\":\"https:\\\/\\\/spolecznajedynka.pl\\\/biblioteka\\\/#\\\/schema\\\/person\\\/2516201558d359d325ddfae4255a4356\"},\"breadcrumb\":{\"@id\":\"https:\\\/\\\/spolecznajedynka.pl\\\/biblioteka\\\/wydarzenia\\\/grupa-cdn\\\/cdn-pierwsze-powakacyjne-spotkanie\\\/#breadcrumb\"},\"inLanguage\":\"pl-PL\",\"potentialAction\":[{\"@type\":\"ReadAction\",\"target\":[\"https:\\\/\\\/spolecznajedynka.pl\\\/biblioteka\\\/wydarzenia\\\/grupa-cdn\\\/cdn-pierwsze-powakacyjne-spotkanie\\\/\"]}]},{\"@type\":\"ImageObject\",\"inLanguage\":\"pl-PL\",\"@id\":\"https:\\\/\\\/spolecznajedynka.pl\\\/biblioteka\\\/wydarzenia\\\/grupa-cdn\\\/cdn-pierwsze-powakacyjne-spotkanie\\\/#primaryimage\",\"url\":\"https:\\\/\\\/spolecznajedynka.pl\\\/biblioteka\\\/wp-content\\\/uploads\\\/sites\\\/4\\\/2025\\\/11\\\/546399930_1352317406899465_7496636525186301396_n.jpg\",\"contentUrl\":\"https:\\\/\\\/spolecznajedynka.pl\\\/biblioteka\\\/wp-content\\\/uploads\\\/sites\\\/4\\\/2025\\\/11\\\/546399930_1352317406899465_7496636525186301396_n.jpg\",\"width\":1536,\"height\":1536},{\"@type\":\"BreadcrumbList\",\"@id\":\"https:\\\/\\\/spolecznajedynka.pl\\\/biblioteka\\\/wydarzenia\\\/grupa-cdn\\\/cdn-pierwsze-powakacyjne-spotkanie\\\/#breadcrumb\",\"itemListElement\":[{\"@type\":\"ListItem\",\"position\":1,\"name\":\"Strona g\u0142\u00f3wna\",\"item\":\"https:\\\/\\\/spolecznajedynka.pl\\\/biblioteka\\\/\"},{\"@type\":\"ListItem\",\"position\":2,\"name\":\"CDN. &#8211; pierwsze powakacyjne spotkanie\"}]},{\"@type\":\"WebSite\",\"@id\":\"https:\\\/\\\/spolecznajedynka.pl\\\/biblioteka\\\/#website\",\"url\":\"https:\\\/\\\/spolecznajedynka.pl\\\/biblioteka\\\/\",\"name\":\"Biblioteka Spo\u0142ecznej Jedynki\",\"description\":\"\",\"potentialAction\":[{\"@type\":\"SearchAction\",\"target\":{\"@type\":\"EntryPoint\",\"urlTemplate\":\"https:\\\/\\\/spolecznajedynka.pl\\\/biblioteka\\\/?s={search_term_string}\"},\"query-input\":{\"@type\":\"PropertyValueSpecification\",\"valueRequired\":true,\"valueName\":\"search_term_string\"}}],\"inLanguage\":\"pl-PL\"},{\"@type\":\"Person\",\"@id\":\"https:\\\/\\\/spolecznajedynka.pl\\\/biblioteka\\\/#\\\/schema\\\/person\\\/2516201558d359d325ddfae4255a4356\",\"name\":\"Admin Top\",\"image\":{\"@type\":\"ImageObject\",\"inLanguage\":\"pl-PL\",\"@id\":\"https:\\\/\\\/secure.gravatar.com\\\/avatar\\\/4faaedc4afabcd882aed6427c06dd9449a4ac635efb8f231a3e4f729e70f1cad?s=96&d=mm&r=g\",\"url\":\"https:\\\/\\\/secure.gravatar.com\\\/avatar\\\/4faaedc4afabcd882aed6427c06dd9449a4ac635efb8f231a3e4f729e70f1cad?s=96&d=mm&r=g\",\"contentUrl\":\"https:\\\/\\\/secure.gravatar.com\\\/avatar\\\/4faaedc4afabcd882aed6427c06dd9449a4ac635efb8f231a3e4f729e70f1cad?s=96&d=mm&r=g\",\"caption\":\"Admin Top\"},\"url\":\"https:\\\/\\\/spolecznajedynka.pl\\\/biblioteka\\\/author\\\/admin_top\\\/\"}]}<\/script>\n<!-- \/ Yoast SEO plugin. -->","yoast_head_json":{"title":"CDN. - pierwsze powakacyjne spotkanie - Biblioteka Spo\u0142ecznej Jedynki","robots":{"index":"index","follow":"follow","max-snippet":"max-snippet:-1","max-image-preview":"max-image-preview:large","max-video-preview":"max-video-preview:-1"},"canonical":"https:\/\/spolecznajedynka.pl\/biblioteka\/wydarzenia\/grupa-cdn\/cdn-pierwsze-powakacyjne-spotkanie\/","og_locale":"pl_PL","og_type":"article","og_title":"CDN. - pierwsze powakacyjne spotkanie - Biblioteka Spo\u0142ecznej Jedynki","og_description":"Pierwsze spotkanie po wakacjach sprzyja\u0142o dzieleniu si\u0119 wra\u017ceniami czytelniczymi!\u00a0W roli g\u0142\u00f3wnej &#8211; powie\u015bci, kt\u00f3re dzisiaj s\u0105 ju\u017c klasyk\u0105 literatury nieco...","og_url":"https:\/\/spolecznajedynka.pl\/biblioteka\/wydarzenia\/grupa-cdn\/cdn-pierwsze-powakacyjne-spotkanie\/","og_site_name":"Biblioteka Spo\u0142ecznej Jedynki","article_published_time":"2025-09-13T22:04:21+00:00","article_modified_time":"2025-11-15T23:12:56+00:00","og_image":[{"width":1536,"height":1536,"url":"https:\/\/spolecznajedynka.pl\/biblioteka\/wp-content\/uploads\/sites\/4\/2025\/11\/546399930_1352317406899465_7496636525186301396_n.jpg","type":"image\/jpeg"}],"author":"Admin Top","twitter_card":"summary_large_image","twitter_misc":{"Napisane przez":"Admin Top","Szacowany czas czytania":"2 minuty"},"schema":{"@context":"https:\/\/schema.org","@graph":[{"@type":"Article","@id":"https:\/\/spolecznajedynka.pl\/biblioteka\/wydarzenia\/grupa-cdn\/cdn-pierwsze-powakacyjne-spotkanie\/#article","isPartOf":{"@id":"https:\/\/spolecznajedynka.pl\/biblioteka\/wydarzenia\/grupa-cdn\/cdn-pierwsze-powakacyjne-spotkanie\/"},"author":{"name":"Admin Top","@id":"https:\/\/spolecznajedynka.pl\/biblioteka\/#\/schema\/person\/2516201558d359d325ddfae4255a4356"},"headline":"CDN. &#8211; pierwsze powakacyjne spotkanie","datePublished":"2025-09-13T22:04:21+00:00","dateModified":"2025-11-15T23:12:56+00:00","mainEntityOfPage":{"@id":"https:\/\/spolecznajedynka.pl\/biblioteka\/wydarzenia\/grupa-cdn\/cdn-pierwsze-powakacyjne-spotkanie\/"},"wordCount":221,"image":{"@id":"https:\/\/spolecznajedynka.pl\/biblioteka\/wydarzenia\/grupa-cdn\/cdn-pierwsze-powakacyjne-spotkanie\/#primaryimage"},"thumbnailUrl":"https:\/\/spolecznajedynka.pl\/biblioteka\/wp-content\/uploads\/sites\/4\/2025\/11\/546399930_1352317406899465_7496636525186301396_n.jpg","articleSection":["Grupa CDN.","Wydarzenia"],"inLanguage":"pl-PL"},{"@type":"WebPage","@id":"https:\/\/spolecznajedynka.pl\/biblioteka\/wydarzenia\/grupa-cdn\/cdn-pierwsze-powakacyjne-spotkanie\/","url":"https:\/\/spolecznajedynka.pl\/biblioteka\/wydarzenia\/grupa-cdn\/cdn-pierwsze-powakacyjne-spotkanie\/","name":"CDN. - pierwsze powakacyjne spotkanie - Biblioteka Spo\u0142ecznej Jedynki","isPartOf":{"@id":"https:\/\/spolecznajedynka.pl\/biblioteka\/#website"},"primaryImageOfPage":{"@id":"https:\/\/spolecznajedynka.pl\/biblioteka\/wydarzenia\/grupa-cdn\/cdn-pierwsze-powakacyjne-spotkanie\/#primaryimage"},"image":{"@id":"https:\/\/spolecznajedynka.pl\/biblioteka\/wydarzenia\/grupa-cdn\/cdn-pierwsze-powakacyjne-spotkanie\/#primaryimage"},"thumbnailUrl":"https:\/\/spolecznajedynka.pl\/biblioteka\/wp-content\/uploads\/sites\/4\/2025\/11\/546399930_1352317406899465_7496636525186301396_n.jpg","datePublished":"2025-09-13T22:04:21+00:00","dateModified":"2025-11-15T23:12:56+00:00","author":{"@id":"https:\/\/spolecznajedynka.pl\/biblioteka\/#\/schema\/person\/2516201558d359d325ddfae4255a4356"},"breadcrumb":{"@id":"https:\/\/spolecznajedynka.pl\/biblioteka\/wydarzenia\/grupa-cdn\/cdn-pierwsze-powakacyjne-spotkanie\/#breadcrumb"},"inLanguage":"pl-PL","potentialAction":[{"@type":"ReadAction","target":["https:\/\/spolecznajedynka.pl\/biblioteka\/wydarzenia\/grupa-cdn\/cdn-pierwsze-powakacyjne-spotkanie\/"]}]},{"@type":"ImageObject","inLanguage":"pl-PL","@id":"https:\/\/spolecznajedynka.pl\/biblioteka\/wydarzenia\/grupa-cdn\/cdn-pierwsze-powakacyjne-spotkanie\/#primaryimage","url":"https:\/\/spolecznajedynka.pl\/biblioteka\/wp-content\/uploads\/sites\/4\/2025\/11\/546399930_1352317406899465_7496636525186301396_n.jpg","contentUrl":"https:\/\/spolecznajedynka.pl\/biblioteka\/wp-content\/uploads\/sites\/4\/2025\/11\/546399930_1352317406899465_7496636525186301396_n.jpg","width":1536,"height":1536},{"@type":"BreadcrumbList","@id":"https:\/\/spolecznajedynka.pl\/biblioteka\/wydarzenia\/grupa-cdn\/cdn-pierwsze-powakacyjne-spotkanie\/#breadcrumb","itemListElement":[{"@type":"ListItem","position":1,"name":"Strona g\u0142\u00f3wna","item":"https:\/\/spolecznajedynka.pl\/biblioteka\/"},{"@type":"ListItem","position":2,"name":"CDN. &#8211; pierwsze powakacyjne spotkanie"}]},{"@type":"WebSite","@id":"https:\/\/spolecznajedynka.pl\/biblioteka\/#website","url":"https:\/\/spolecznajedynka.pl\/biblioteka\/","name":"Biblioteka Spo\u0142ecznej Jedynki","description":"","potentialAction":[{"@type":"SearchAction","target":{"@type":"EntryPoint","urlTemplate":"https:\/\/spolecznajedynka.pl\/biblioteka\/?s={search_term_string}"},"query-input":{"@type":"PropertyValueSpecification","valueRequired":true,"valueName":"search_term_string"}}],"inLanguage":"pl-PL"},{"@type":"Person","@id":"https:\/\/spolecznajedynka.pl\/biblioteka\/#\/schema\/person\/2516201558d359d325ddfae4255a4356","name":"Admin Top","image":{"@type":"ImageObject","inLanguage":"pl-PL","@id":"https:\/\/secure.gravatar.com\/avatar\/4faaedc4afabcd882aed6427c06dd9449a4ac635efb8f231a3e4f729e70f1cad?s=96&d=mm&r=g","url":"https:\/\/secure.gravatar.com\/avatar\/4faaedc4afabcd882aed6427c06dd9449a4ac635efb8f231a3e4f729e70f1cad?s=96&d=mm&r=g","contentUrl":"https:\/\/secure.gravatar.com\/avatar\/4faaedc4afabcd882aed6427c06dd9449a4ac635efb8f231a3e4f729e70f1cad?s=96&d=mm&r=g","caption":"Admin Top"},"url":"https:\/\/spolecznajedynka.pl\/biblioteka\/author\/admin_top\/"}]}},"_links":{"self":[{"href":"https:\/\/spolecznajedynka.pl\/biblioteka\/wp-json\/wp\/v2\/posts\/549","targetHints":{"allow":["GET"]}}],"collection":[{"href":"https:\/\/spolecznajedynka.pl\/biblioteka\/wp-json\/wp\/v2\/posts"}],"about":[{"href":"https:\/\/spolecznajedynka.pl\/biblioteka\/wp-json\/wp\/v2\/types\/post"}],"author":[{"embeddable":true,"href":"https:\/\/spolecznajedynka.pl\/biblioteka\/wp-json\/wp\/v2\/users\/2"}],"replies":[{"embeddable":true,"href":"https:\/\/spolecznajedynka.pl\/biblioteka\/wp-json\/wp\/v2\/comments?post=549"}],"version-history":[{"count":1,"href":"https:\/\/spolecznajedynka.pl\/biblioteka\/wp-json\/wp\/v2\/posts\/549\/revisions"}],"predecessor-version":[{"id":560,"href":"https:\/\/spolecznajedynka.pl\/biblioteka\/wp-json\/wp\/v2\/posts\/549\/revisions\/560"}],"wp:featuredmedia":[{"embeddable":true,"href":"https:\/\/spolecznajedynka.pl\/biblioteka\/wp-json\/wp\/v2\/media\/558"}],"wp:attachment":[{"href":"https:\/\/spolecznajedynka.pl\/biblioteka\/wp-json\/wp\/v2\/media?parent=549"}],"wp:term":[{"taxonomy":"category","embeddable":true,"href":"https:\/\/spolecznajedynka.pl\/biblioteka\/wp-json\/wp\/v2\/categories?post=549"},{"taxonomy":"post_tag","embeddable":true,"href":"https:\/\/spolecznajedynka.pl\/biblioteka\/wp-json\/wp\/v2\/tags?post=549"}],"curies":[{"name":"wp","href":"https:\/\/api.w.org\/{rel}","templated":true}]}}