{"id":536,"date":"2025-04-11T23:54:31","date_gmt":"2025-04-11T21:54:31","guid":{"rendered":"https:\/\/spolecznajedynka.pl\/biblioteka\/?p=536"},"modified":"2025-11-16T00:02:24","modified_gmt":"2025-11-15T23:02:24","slug":"dzien-projektowy-w-cdn","status":"publish","type":"post","link":"https:\/\/spolecznajedynka.pl\/biblioteka\/wydarzenia\/grupa-cdn\/dzien-projektowy-w-cdn\/","title":{"rendered":"Dzie\u0144 projektowy w CDN."},"content":{"rendered":"<div class=\"x14z9mp xat24cr x1lziwak x1vvkbs xtlvy1s x126k92a\">\n<div dir=\"auto\"><strong>Niekiedy efektem dzia\u0142a\u0144 projektowych s\u0105 &#8222;G\u00f3ry ksi\u0105\u017cek&#8221;, a niekiedy &#8211; &#8222;Zjawa&#8221;.\u00a0<\/strong><\/div>\n<div dir=\"auto\">\n<hr \/>\n<\/div>\n<\/div>\n<div class=\"x14z9mp xat24cr x1lziwak x1vvkbs xtlvy1s x126k92a\">\n<div dir=\"auto\">Projekt grupy CDN. rozpocz\u0119\u0142a rozmowa o tym, jakie cechy charakteru s\u0105 cenione w bohaterach ksi\u0105\u017cek.<\/div>\n<div dir=\"auto\">Uczestniczki spotkania rozwi\u0105zywa\u0142y te\u017c Kahoota, w kt\u00f3rym musia\u0142y rozpozna\u0107 logo r\u00f3\u017cnych wydawnictw. Posz\u0142o im to \u015bwietnie!<\/div>\n<\/div>\n<div class=\"x14z9mp xat24cr x1lziwak x1vvkbs xtlvy1s x126k92a\">\n<div dir=\"auto\">Nast\u0119pnie w dw\u00f3ch grupach warsztatowych powstawa\u0142y autorskie projekty wydawnictw ksi\u0105\u017ckowych.<\/div>\n<div dir=\"auto\">Wymy\u015blenie chwytliwej nazwy by\u0142o tylko wierzcho\u0142kiem g\u00f3ry lodowej!<\/div>\n<div dir=\"auto\">Uczestniczki spotkania zaprojektowa\u0142y logo, przygotowa\u0142y charakterystyk\u0119 wydawnictwa &#8211; a tak\u017ce zaplanowa\u0142y publikacj\u0119 pierwszej ksi\u0105\u017cki. \u00a0\u0141\u0105cznie z jej fabu\u0142\u0105, ok\u0142adk\u0105, a nawet &#8211; strategi\u0105 marketingow\u0105!<\/div>\n<div dir=\"auto\">Ostatecznie efektem projektu by\u0142y dwie koncepcje wydawnictw: &#8222;G\u00f3ry ksi\u0105\u017cek&#8221; i &#8222;Zjawa&#8221;.<\/div>\n<\/div>\n<div class=\"x14z9mp xat24cr x1lziwak x1vvkbs xtlvy1s x126k92a\">\n<div dir=\"auto\">Projekt mia\u0142 miejsce w szkolnej bibliotece 24 marca, w ramach Dnia \u015bwi\u0119tej Urszuli.<\/div>\n<div dir=\"auto\">A najbli\u017csze spotkanie CDN. &#8211; ju\u017c dzisiaj o 11:25!<\/div>\n<\/div>\n<div dir=\"auto\">\n\n\t\t<style type=\"text\/css\">\n\t\t\t#gallery-1 {\n\t\t\t\tmargin: auto;\n\t\t\t}\n\t\t\t#gallery-1 .gallery-item {\n\t\t\t\tfloat: left;\n\t\t\t\tmargin-top: 10px;\n\t\t\t\ttext-align: center;\n\t\t\t\twidth: 33%;\n\t\t\t}\n\t\t\t#gallery-1 img {\n\t\t\t\tborder: 2px solid #cfcfcf;\n\t\t\t}\n\t\t\t#gallery-1 .gallery-caption {\n\t\t\t\tmargin-left: 0;\n\t\t\t}\n\t\t\t\/* see gallery_shortcode() in wp-includes\/media.php *\/\n\t\t<\/style>\n\t\t<div id='gallery-1' class='gallery galleryid-536 gallery-columns-3 gallery-size-thumbnail'><dl class='gallery-item'>\n\t\t\t<dt class='gallery-icon landscape'>\n\t\t\t\t<a href='https:\/\/spolecznajedynka.pl\/biblioteka\/wydarzenia\/grupa-cdn\/dzien-projektowy-w-cdn\/attachment\/495570620_1245034227627784_1942295466309364371_n\/'><img loading=\"lazy\" decoding=\"async\" width=\"150\" height=\"150\" src=\"https:\/\/spolecznajedynka.pl\/biblioteka\/wp-content\/uploads\/sites\/4\/2025\/11\/495570620_1245034227627784_1942295466309364371_n-150x150.jpg\" class=\"attachment-thumbnail size-thumbnail\" alt=\"\" srcset=\"https:\/\/spolecznajedynka.pl\/biblioteka\/wp-content\/uploads\/sites\/4\/2025\/11\/495570620_1245034227627784_1942295466309364371_n-150x150.jpg 150w, https:\/\/spolecznajedynka.pl\/biblioteka\/wp-content\/uploads\/sites\/4\/2025\/11\/495570620_1245034227627784_1942295466309364371_n-300x300.jpg 300w, https:\/\/spolecznajedynka.pl\/biblioteka\/wp-content\/uploads\/sites\/4\/2025\/11\/495570620_1245034227627784_1942295466309364371_n-1024x1024.jpg 1024w, https:\/\/spolecznajedynka.pl\/biblioteka\/wp-content\/uploads\/sites\/4\/2025\/11\/495570620_1245034227627784_1942295466309364371_n-768x768.jpg 768w, https:\/\/spolecznajedynka.pl\/biblioteka\/wp-content\/uploads\/sites\/4\/2025\/11\/495570620_1245034227627784_1942295466309364371_n.jpg 1536w\" sizes=\"auto, (max-width: 150px) 100vw, 150px\" \/><\/a>\n\t\t\t<\/dt><\/dl><dl class='gallery-item'>\n\t\t\t<dt class='gallery-icon landscape'>\n\t\t\t\t<a href='https:\/\/spolecznajedynka.pl\/biblioteka\/wydarzenia\/grupa-cdn\/dzien-projektowy-w-cdn\/attachment\/496863778_1245036667627540_5471646253478395959_n\/'><img loading=\"lazy\" decoding=\"async\" width=\"150\" height=\"150\" src=\"https:\/\/spolecznajedynka.pl\/biblioteka\/wp-content\/uploads\/sites\/4\/2025\/11\/496863778_1245036667627540_5471646253478395959_n-150x150.jpg\" class=\"attachment-thumbnail size-thumbnail\" alt=\"\" srcset=\"https:\/\/spolecznajedynka.pl\/biblioteka\/wp-content\/uploads\/sites\/4\/2025\/11\/496863778_1245036667627540_5471646253478395959_n-150x150.jpg 150w, https:\/\/spolecznajedynka.pl\/biblioteka\/wp-content\/uploads\/sites\/4\/2025\/11\/496863778_1245036667627540_5471646253478395959_n-300x300.jpg 300w, https:\/\/spolecznajedynka.pl\/biblioteka\/wp-content\/uploads\/sites\/4\/2025\/11\/496863778_1245036667627540_5471646253478395959_n-1024x1024.jpg 1024w, https:\/\/spolecznajedynka.pl\/biblioteka\/wp-content\/uploads\/sites\/4\/2025\/11\/496863778_1245036667627540_5471646253478395959_n-768x768.jpg 768w, https:\/\/spolecznajedynka.pl\/biblioteka\/wp-content\/uploads\/sites\/4\/2025\/11\/496863778_1245036667627540_5471646253478395959_n.jpg 1536w\" sizes=\"auto, (max-width: 150px) 100vw, 150px\" \/><\/a>\n\t\t\t<\/dt><\/dl><dl class='gallery-item'>\n\t\t\t<dt class='gallery-icon landscape'>\n\t\t\t\t<a href='https:\/\/spolecznajedynka.pl\/biblioteka\/wydarzenia\/grupa-cdn\/dzien-projektowy-w-cdn\/attachment\/495566542_1245035734294300_7443881491060501444_n\/'><img loading=\"lazy\" decoding=\"async\" width=\"150\" height=\"150\" src=\"https:\/\/spolecznajedynka.pl\/biblioteka\/wp-content\/uploads\/sites\/4\/2025\/11\/495566542_1245035734294300_7443881491060501444_n-150x150.jpg\" class=\"attachment-thumbnail size-thumbnail\" alt=\"\" srcset=\"https:\/\/spolecznajedynka.pl\/biblioteka\/wp-content\/uploads\/sites\/4\/2025\/11\/495566542_1245035734294300_7443881491060501444_n-150x150.jpg 150w, https:\/\/spolecznajedynka.pl\/biblioteka\/wp-content\/uploads\/sites\/4\/2025\/11\/495566542_1245035734294300_7443881491060501444_n-300x300.jpg 300w, https:\/\/spolecznajedynka.pl\/biblioteka\/wp-content\/uploads\/sites\/4\/2025\/11\/495566542_1245035734294300_7443881491060501444_n-1024x1024.jpg 1024w, https:\/\/spolecznajedynka.pl\/biblioteka\/wp-content\/uploads\/sites\/4\/2025\/11\/495566542_1245035734294300_7443881491060501444_n-768x768.jpg 768w, https:\/\/spolecznajedynka.pl\/biblioteka\/wp-content\/uploads\/sites\/4\/2025\/11\/495566542_1245035734294300_7443881491060501444_n.jpg 1536w\" sizes=\"auto, (max-width: 150px) 100vw, 150px\" \/><\/a>\n\t\t\t<\/dt><\/dl><br style=\"clear: both\" \/><dl class='gallery-item'>\n\t\t\t<dt class='gallery-icon landscape'>\n\t\t\t\t<a href='https:\/\/spolecznajedynka.pl\/biblioteka\/wydarzenia\/grupa-cdn\/dzien-projektowy-w-cdn\/attachment\/495338484_1245037644294109_6893007840993721769_n\/'><img loading=\"lazy\" decoding=\"async\" width=\"150\" height=\"150\" src=\"https:\/\/spolecznajedynka.pl\/biblioteka\/wp-content\/uploads\/sites\/4\/2025\/11\/495338484_1245037644294109_6893007840993721769_n-150x150.jpg\" class=\"attachment-thumbnail size-thumbnail\" alt=\"\" srcset=\"https:\/\/spolecznajedynka.pl\/biblioteka\/wp-content\/uploads\/sites\/4\/2025\/11\/495338484_1245037644294109_6893007840993721769_n-150x150.jpg 150w, https:\/\/spolecznajedynka.pl\/biblioteka\/wp-content\/uploads\/sites\/4\/2025\/11\/495338484_1245037644294109_6893007840993721769_n-300x300.jpg 300w, https:\/\/spolecznajedynka.pl\/biblioteka\/wp-content\/uploads\/sites\/4\/2025\/11\/495338484_1245037644294109_6893007840993721769_n-1024x1024.jpg 1024w, https:\/\/spolecznajedynka.pl\/biblioteka\/wp-content\/uploads\/sites\/4\/2025\/11\/495338484_1245037644294109_6893007840993721769_n-768x768.jpg 768w, https:\/\/spolecznajedynka.pl\/biblioteka\/wp-content\/uploads\/sites\/4\/2025\/11\/495338484_1245037644294109_6893007840993721769_n.jpg 1536w\" sizes=\"auto, (max-width: 150px) 100vw, 150px\" \/><\/a>\n\t\t\t<\/dt><\/dl><dl class='gallery-item'>\n\t\t\t<dt class='gallery-icon landscape'>\n\t\t\t\t<a href='https:\/\/spolecznajedynka.pl\/biblioteka\/wydarzenia\/grupa-cdn\/dzien-projektowy-w-cdn\/attachment\/495214580_1245038704294003_3963835391671231531_n\/'><img loading=\"lazy\" decoding=\"async\" width=\"150\" height=\"150\" src=\"https:\/\/spolecznajedynka.pl\/biblioteka\/wp-content\/uploads\/sites\/4\/2025\/11\/495214580_1245038704294003_3963835391671231531_n-150x150.jpg\" class=\"attachment-thumbnail size-thumbnail\" alt=\"\" srcset=\"https:\/\/spolecznajedynka.pl\/biblioteka\/wp-content\/uploads\/sites\/4\/2025\/11\/495214580_1245038704294003_3963835391671231531_n-150x150.jpg 150w, https:\/\/spolecznajedynka.pl\/biblioteka\/wp-content\/uploads\/sites\/4\/2025\/11\/495214580_1245038704294003_3963835391671231531_n-300x300.jpg 300w, https:\/\/spolecznajedynka.pl\/biblioteka\/wp-content\/uploads\/sites\/4\/2025\/11\/495214580_1245038704294003_3963835391671231531_n-1024x1024.jpg 1024w, https:\/\/spolecznajedynka.pl\/biblioteka\/wp-content\/uploads\/sites\/4\/2025\/11\/495214580_1245038704294003_3963835391671231531_n-768x768.jpg 768w, https:\/\/spolecznajedynka.pl\/biblioteka\/wp-content\/uploads\/sites\/4\/2025\/11\/495214580_1245038704294003_3963835391671231531_n.jpg 1536w\" sizes=\"auto, (max-width: 150px) 100vw, 150px\" \/><\/a>\n\t\t\t<\/dt><\/dl><dl class='gallery-item'>\n\t\t\t<dt class='gallery-icon landscape'>\n\t\t\t\t<a href='https:\/\/spolecznajedynka.pl\/biblioteka\/wydarzenia\/grupa-cdn\/dzien-projektowy-w-cdn\/attachment\/495963053_1245040897627117_6134646016837376745_n\/'><img loading=\"lazy\" decoding=\"async\" width=\"150\" height=\"150\" src=\"https:\/\/spolecznajedynka.pl\/biblioteka\/wp-content\/uploads\/sites\/4\/2025\/11\/495963053_1245040897627117_6134646016837376745_n-150x150.jpg\" class=\"attachment-thumbnail size-thumbnail\" alt=\"\" srcset=\"https:\/\/spolecznajedynka.pl\/biblioteka\/wp-content\/uploads\/sites\/4\/2025\/11\/495963053_1245040897627117_6134646016837376745_n-150x150.jpg 150w, https:\/\/spolecznajedynka.pl\/biblioteka\/wp-content\/uploads\/sites\/4\/2025\/11\/495963053_1245040897627117_6134646016837376745_n-300x300.jpg 300w, https:\/\/spolecznajedynka.pl\/biblioteka\/wp-content\/uploads\/sites\/4\/2025\/11\/495963053_1245040897627117_6134646016837376745_n-1024x1024.jpg 1024w, https:\/\/spolecznajedynka.pl\/biblioteka\/wp-content\/uploads\/sites\/4\/2025\/11\/495963053_1245040897627117_6134646016837376745_n-768x768.jpg 768w, https:\/\/spolecznajedynka.pl\/biblioteka\/wp-content\/uploads\/sites\/4\/2025\/11\/495963053_1245040897627117_6134646016837376745_n.jpg 1536w\" sizes=\"auto, (max-width: 150px) 100vw, 150px\" \/><\/a>\n\t\t\t<\/dt><\/dl><br style=\"clear: both\" \/><dl class='gallery-item'>\n\t\t\t<dt class='gallery-icon landscape'>\n\t\t\t\t<a href='https:\/\/spolecznajedynka.pl\/biblioteka\/wydarzenia\/grupa-cdn\/dzien-projektowy-w-cdn\/attachment\/495666288_1245035897627617_5183200160437441972_n\/'><img loading=\"lazy\" decoding=\"async\" width=\"150\" height=\"150\" src=\"https:\/\/spolecznajedynka.pl\/biblioteka\/wp-content\/uploads\/sites\/4\/2025\/11\/495666288_1245035897627617_5183200160437441972_n-150x150.jpg\" class=\"attachment-thumbnail size-thumbnail\" alt=\"\" srcset=\"https:\/\/spolecznajedynka.pl\/biblioteka\/wp-content\/uploads\/sites\/4\/2025\/11\/495666288_1245035897627617_5183200160437441972_n-150x150.jpg 150w, https:\/\/spolecznajedynka.pl\/biblioteka\/wp-content\/uploads\/sites\/4\/2025\/11\/495666288_1245035897627617_5183200160437441972_n-300x300.jpg 300w, https:\/\/spolecznajedynka.pl\/biblioteka\/wp-content\/uploads\/sites\/4\/2025\/11\/495666288_1245035897627617_5183200160437441972_n-1024x1024.jpg 1024w, https:\/\/spolecznajedynka.pl\/biblioteka\/wp-content\/uploads\/sites\/4\/2025\/11\/495666288_1245035897627617_5183200160437441972_n-768x768.jpg 768w, https:\/\/spolecznajedynka.pl\/biblioteka\/wp-content\/uploads\/sites\/4\/2025\/11\/495666288_1245035897627617_5183200160437441972_n.jpg 1536w\" sizes=\"auto, (max-width: 150px) 100vw, 150px\" \/><\/a>\n\t\t\t<\/dt><\/dl><dl class='gallery-item'>\n\t\t\t<dt class='gallery-icon landscape'>\n\t\t\t\t<a href='https:\/\/spolecznajedynka.pl\/biblioteka\/wydarzenia\/grupa-cdn\/dzien-projektowy-w-cdn\/attachment\/496534628_1245038124294061_4989070884865856840_n\/'><img loading=\"lazy\" decoding=\"async\" width=\"150\" height=\"150\" src=\"https:\/\/spolecznajedynka.pl\/biblioteka\/wp-content\/uploads\/sites\/4\/2025\/11\/496534628_1245038124294061_4989070884865856840_n-150x150.jpg\" class=\"attachment-thumbnail size-thumbnail\" alt=\"\" srcset=\"https:\/\/spolecznajedynka.pl\/biblioteka\/wp-content\/uploads\/sites\/4\/2025\/11\/496534628_1245038124294061_4989070884865856840_n-150x150.jpg 150w, https:\/\/spolecznajedynka.pl\/biblioteka\/wp-content\/uploads\/sites\/4\/2025\/11\/496534628_1245038124294061_4989070884865856840_n-300x300.jpg 300w, https:\/\/spolecznajedynka.pl\/biblioteka\/wp-content\/uploads\/sites\/4\/2025\/11\/496534628_1245038124294061_4989070884865856840_n-1024x1024.jpg 1024w, https:\/\/spolecznajedynka.pl\/biblioteka\/wp-content\/uploads\/sites\/4\/2025\/11\/496534628_1245038124294061_4989070884865856840_n-768x768.jpg 768w, https:\/\/spolecznajedynka.pl\/biblioteka\/wp-content\/uploads\/sites\/4\/2025\/11\/496534628_1245038124294061_4989070884865856840_n.jpg 1536w\" sizes=\"auto, (max-width: 150px) 100vw, 150px\" \/><\/a>\n\t\t\t<\/dt><\/dl><dl class='gallery-item'>\n\t\t\t<dt class='gallery-icon landscape'>\n\t\t\t\t<a href='https:\/\/spolecznajedynka.pl\/biblioteka\/wydarzenia\/grupa-cdn\/dzien-projektowy-w-cdn\/attachment\/495687455_1245040610960479_3724026437234312675_n\/'><img loading=\"lazy\" decoding=\"async\" width=\"150\" height=\"150\" src=\"https:\/\/spolecznajedynka.pl\/biblioteka\/wp-content\/uploads\/sites\/4\/2025\/11\/495687455_1245040610960479_3724026437234312675_n-150x150.jpg\" class=\"attachment-thumbnail size-thumbnail\" alt=\"\" srcset=\"https:\/\/spolecznajedynka.pl\/biblioteka\/wp-content\/uploads\/sites\/4\/2025\/11\/495687455_1245040610960479_3724026437234312675_n-150x150.jpg 150w, https:\/\/spolecznajedynka.pl\/biblioteka\/wp-content\/uploads\/sites\/4\/2025\/11\/495687455_1245040610960479_3724026437234312675_n-300x300.jpg 300w, https:\/\/spolecznajedynka.pl\/biblioteka\/wp-content\/uploads\/sites\/4\/2025\/11\/495687455_1245040610960479_3724026437234312675_n-1024x1024.jpg 1024w, https:\/\/spolecznajedynka.pl\/biblioteka\/wp-content\/uploads\/sites\/4\/2025\/11\/495687455_1245040610960479_3724026437234312675_n-768x768.jpg 768w, https:\/\/spolecznajedynka.pl\/biblioteka\/wp-content\/uploads\/sites\/4\/2025\/11\/495687455_1245040610960479_3724026437234312675_n.jpg 1536w\" sizes=\"auto, (max-width: 150px) 100vw, 150px\" \/><\/a>\n\t\t\t<\/dt><\/dl><br style=\"clear: both\" \/><dl class='gallery-item'>\n\t\t\t<dt class='gallery-icon landscape'>\n\t\t\t\t<a href='https:\/\/spolecznajedynka.pl\/biblioteka\/wydarzenia\/grupa-cdn\/dzien-projektowy-w-cdn\/attachment\/496078465_1245037187627488_7702064316334551988_n\/'><img loading=\"lazy\" decoding=\"async\" width=\"150\" height=\"150\" src=\"https:\/\/spolecznajedynka.pl\/biblioteka\/wp-content\/uploads\/sites\/4\/2025\/11\/496078465_1245037187627488_7702064316334551988_n-150x150.jpg\" class=\"attachment-thumbnail size-thumbnail\" alt=\"\" srcset=\"https:\/\/spolecznajedynka.pl\/biblioteka\/wp-content\/uploads\/sites\/4\/2025\/11\/496078465_1245037187627488_7702064316334551988_n-150x150.jpg 150w, https:\/\/spolecznajedynka.pl\/biblioteka\/wp-content\/uploads\/sites\/4\/2025\/11\/496078465_1245037187627488_7702064316334551988_n-300x300.jpg 300w, https:\/\/spolecznajedynka.pl\/biblioteka\/wp-content\/uploads\/sites\/4\/2025\/11\/496078465_1245037187627488_7702064316334551988_n-1024x1024.jpg 1024w, https:\/\/spolecznajedynka.pl\/biblioteka\/wp-content\/uploads\/sites\/4\/2025\/11\/496078465_1245037187627488_7702064316334551988_n-768x768.jpg 768w, https:\/\/spolecznajedynka.pl\/biblioteka\/wp-content\/uploads\/sites\/4\/2025\/11\/496078465_1245037187627488_7702064316334551988_n.jpg 1536w\" sizes=\"auto, (max-width: 150px) 100vw, 150px\" \/><\/a>\n\t\t\t<\/dt><\/dl><dl class='gallery-item'>\n\t\t\t<dt class='gallery-icon landscape'>\n\t\t\t\t<a href='https:\/\/spolecznajedynka.pl\/biblioteka\/wydarzenia\/grupa-cdn\/dzien-projektowy-w-cdn\/attachment\/496237535_1246234984174375_3465370719842645081_n\/'><img loading=\"lazy\" decoding=\"async\" width=\"150\" height=\"150\" src=\"https:\/\/spolecznajedynka.pl\/biblioteka\/wp-content\/uploads\/sites\/4\/2025\/11\/496237535_1246234984174375_3465370719842645081_n-150x150.jpg\" class=\"attachment-thumbnail size-thumbnail\" alt=\"\" \/><\/a>\n\t\t\t<\/dt><\/dl>\n\t\t\t<br style='clear: both' \/>\n\t\t<\/div>\n\n<\/div>\n","protected":false},"excerpt":{"rendered":"<p>Niekiedy efektem dzia\u0142a\u0144 projektowych s\u0105 &#8222;G\u00f3ry ksi\u0105\u017cek&#8221;, a niekiedy &#8211; &#8222;Zjawa&#8221;.\u00a0 Projekt grupy CDN. rozpocz\u0119\u0142a rozmowa o tym, jakie cechy&#8230;<\/p>\n","protected":false},"author":2,"featured_media":547,"comment_status":"closed","ping_status":"closed","sticky":false,"template":"","format":"standard","meta":{"_acf_changed":false,"footnotes":""},"categories":[6,4],"tags":[],"class_list":["post-536","post","type-post","status-publish","format-standard","has-post-thumbnail","hentry","category-grupa-cdn","category-wydarzenia"],"acf":[],"yoast_head":"<!-- This site is optimized with the Yoast SEO plugin v27.5 - https:\/\/yoast.com\/product\/yoast-seo-wordpress\/ -->\n<title>Dzie\u0144 projektowy w CDN. - Biblioteka Spo\u0142ecznej Jedynki<\/title>\n<meta name=\"robots\" content=\"index, follow, max-snippet:-1, max-image-preview:large, max-video-preview:-1\" \/>\n<link rel=\"canonical\" href=\"https:\/\/spolecznajedynka.pl\/biblioteka\/wydarzenia\/grupa-cdn\/dzien-projektowy-w-cdn\/\" \/>\n<meta property=\"og:locale\" content=\"pl_PL\" \/>\n<meta property=\"og:type\" content=\"article\" \/>\n<meta property=\"og:title\" content=\"Dzie\u0144 projektowy w CDN. - Biblioteka Spo\u0142ecznej Jedynki\" \/>\n<meta property=\"og:description\" content=\"Niekiedy efektem dzia\u0142a\u0144 projektowych s\u0105 &#8222;G\u00f3ry ksi\u0105\u017cek&#8221;, a niekiedy &#8211; &#8222;Zjawa&#8221;.\u00a0 Projekt grupy CDN. rozpocz\u0119\u0142a rozmowa o tym, jakie cechy...\" \/>\n<meta property=\"og:url\" content=\"https:\/\/spolecznajedynka.pl\/biblioteka\/wydarzenia\/grupa-cdn\/dzien-projektowy-w-cdn\/\" \/>\n<meta property=\"og:site_name\" content=\"Biblioteka Spo\u0142ecznej Jedynki\" \/>\n<meta property=\"article:published_time\" content=\"2025-04-11T21:54:31+00:00\" \/>\n<meta property=\"article:modified_time\" content=\"2025-11-15T23:02:24+00:00\" \/>\n<meta property=\"og:image\" content=\"https:\/\/spolecznajedynka.pl\/biblioteka\/wp-content\/uploads\/sites\/4\/2025\/11\/495570620_1245034227627784_1942295466309364371_n.jpg\" \/>\n\t<meta property=\"og:image:width\" content=\"1536\" \/>\n\t<meta property=\"og:image:height\" content=\"1536\" \/>\n\t<meta property=\"og:image:type\" content=\"image\/jpeg\" \/>\n<meta name=\"author\" content=\"Admin Top\" \/>\n<meta name=\"twitter:card\" content=\"summary_large_image\" \/>\n<meta name=\"twitter:label1\" content=\"Napisane przez\" \/>\n\t<meta name=\"twitter:data1\" content=\"Admin Top\" \/>\n\t<meta name=\"twitter:label2\" content=\"Szacowany czas czytania\" \/>\n\t<meta name=\"twitter:data2\" content=\"1 minuta\" \/>\n<script type=\"application\/ld+json\" class=\"yoast-schema-graph\">{\"@context\":\"https:\\\/\\\/schema.org\",\"@graph\":[{\"@type\":\"Article\",\"@id\":\"https:\\\/\\\/spolecznajedynka.pl\\\/biblioteka\\\/wydarzenia\\\/grupa-cdn\\\/dzien-projektowy-w-cdn\\\/#article\",\"isPartOf\":{\"@id\":\"https:\\\/\\\/spolecznajedynka.pl\\\/biblioteka\\\/wydarzenia\\\/grupa-cdn\\\/dzien-projektowy-w-cdn\\\/\"},\"author\":{\"name\":\"Admin Top\",\"@id\":\"https:\\\/\\\/spolecznajedynka.pl\\\/biblioteka\\\/#\\\/schema\\\/person\\\/2516201558d359d325ddfae4255a4356\"},\"headline\":\"Dzie\u0144 projektowy w CDN.\",\"datePublished\":\"2025-04-11T21:54:31+00:00\",\"dateModified\":\"2025-11-15T23:02:24+00:00\",\"mainEntityOfPage\":{\"@id\":\"https:\\\/\\\/spolecznajedynka.pl\\\/biblioteka\\\/wydarzenia\\\/grupa-cdn\\\/dzien-projektowy-w-cdn\\\/\"},\"wordCount\":151,\"image\":{\"@id\":\"https:\\\/\\\/spolecznajedynka.pl\\\/biblioteka\\\/wydarzenia\\\/grupa-cdn\\\/dzien-projektowy-w-cdn\\\/#primaryimage\"},\"thumbnailUrl\":\"https:\\\/\\\/spolecznajedynka.pl\\\/biblioteka\\\/wp-content\\\/uploads\\\/sites\\\/4\\\/2025\\\/11\\\/495570620_1245034227627784_1942295466309364371_n.jpg\",\"articleSection\":[\"Grupa CDN.\",\"Wydarzenia\"],\"inLanguage\":\"pl-PL\"},{\"@type\":\"WebPage\",\"@id\":\"https:\\\/\\\/spolecznajedynka.pl\\\/biblioteka\\\/wydarzenia\\\/grupa-cdn\\\/dzien-projektowy-w-cdn\\\/\",\"url\":\"https:\\\/\\\/spolecznajedynka.pl\\\/biblioteka\\\/wydarzenia\\\/grupa-cdn\\\/dzien-projektowy-w-cdn\\\/\",\"name\":\"Dzie\u0144 projektowy w CDN. - Biblioteka Spo\u0142ecznej Jedynki\",\"isPartOf\":{\"@id\":\"https:\\\/\\\/spolecznajedynka.pl\\\/biblioteka\\\/#website\"},\"primaryImageOfPage\":{\"@id\":\"https:\\\/\\\/spolecznajedynka.pl\\\/biblioteka\\\/wydarzenia\\\/grupa-cdn\\\/dzien-projektowy-w-cdn\\\/#primaryimage\"},\"image\":{\"@id\":\"https:\\\/\\\/spolecznajedynka.pl\\\/biblioteka\\\/wydarzenia\\\/grupa-cdn\\\/dzien-projektowy-w-cdn\\\/#primaryimage\"},\"thumbnailUrl\":\"https:\\\/\\\/spolecznajedynka.pl\\\/biblioteka\\\/wp-content\\\/uploads\\\/sites\\\/4\\\/2025\\\/11\\\/495570620_1245034227627784_1942295466309364371_n.jpg\",\"datePublished\":\"2025-04-11T21:54:31+00:00\",\"dateModified\":\"2025-11-15T23:02:24+00:00\",\"author\":{\"@id\":\"https:\\\/\\\/spolecznajedynka.pl\\\/biblioteka\\\/#\\\/schema\\\/person\\\/2516201558d359d325ddfae4255a4356\"},\"breadcrumb\":{\"@id\":\"https:\\\/\\\/spolecznajedynka.pl\\\/biblioteka\\\/wydarzenia\\\/grupa-cdn\\\/dzien-projektowy-w-cdn\\\/#breadcrumb\"},\"inLanguage\":\"pl-PL\",\"potentialAction\":[{\"@type\":\"ReadAction\",\"target\":[\"https:\\\/\\\/spolecznajedynka.pl\\\/biblioteka\\\/wydarzenia\\\/grupa-cdn\\\/dzien-projektowy-w-cdn\\\/\"]}]},{\"@type\":\"ImageObject\",\"inLanguage\":\"pl-PL\",\"@id\":\"https:\\\/\\\/spolecznajedynka.pl\\\/biblioteka\\\/wydarzenia\\\/grupa-cdn\\\/dzien-projektowy-w-cdn\\\/#primaryimage\",\"url\":\"https:\\\/\\\/spolecznajedynka.pl\\\/biblioteka\\\/wp-content\\\/uploads\\\/sites\\\/4\\\/2025\\\/11\\\/495570620_1245034227627784_1942295466309364371_n.jpg\",\"contentUrl\":\"https:\\\/\\\/spolecznajedynka.pl\\\/biblioteka\\\/wp-content\\\/uploads\\\/sites\\\/4\\\/2025\\\/11\\\/495570620_1245034227627784_1942295466309364371_n.jpg\",\"width\":1536,\"height\":1536},{\"@type\":\"BreadcrumbList\",\"@id\":\"https:\\\/\\\/spolecznajedynka.pl\\\/biblioteka\\\/wydarzenia\\\/grupa-cdn\\\/dzien-projektowy-w-cdn\\\/#breadcrumb\",\"itemListElement\":[{\"@type\":\"ListItem\",\"position\":1,\"name\":\"Strona g\u0142\u00f3wna\",\"item\":\"https:\\\/\\\/spolecznajedynka.pl\\\/biblioteka\\\/\"},{\"@type\":\"ListItem\",\"position\":2,\"name\":\"Dzie\u0144 projektowy w CDN.\"}]},{\"@type\":\"WebSite\",\"@id\":\"https:\\\/\\\/spolecznajedynka.pl\\\/biblioteka\\\/#website\",\"url\":\"https:\\\/\\\/spolecznajedynka.pl\\\/biblioteka\\\/\",\"name\":\"Biblioteka Spo\u0142ecznej Jedynki\",\"description\":\"\",\"potentialAction\":[{\"@type\":\"SearchAction\",\"target\":{\"@type\":\"EntryPoint\",\"urlTemplate\":\"https:\\\/\\\/spolecznajedynka.pl\\\/biblioteka\\\/?s={search_term_string}\"},\"query-input\":{\"@type\":\"PropertyValueSpecification\",\"valueRequired\":true,\"valueName\":\"search_term_string\"}}],\"inLanguage\":\"pl-PL\"},{\"@type\":\"Person\",\"@id\":\"https:\\\/\\\/spolecznajedynka.pl\\\/biblioteka\\\/#\\\/schema\\\/person\\\/2516201558d359d325ddfae4255a4356\",\"name\":\"Admin Top\",\"image\":{\"@type\":\"ImageObject\",\"inLanguage\":\"pl-PL\",\"@id\":\"https:\\\/\\\/secure.gravatar.com\\\/avatar\\\/4faaedc4afabcd882aed6427c06dd9449a4ac635efb8f231a3e4f729e70f1cad?s=96&d=mm&r=g\",\"url\":\"https:\\\/\\\/secure.gravatar.com\\\/avatar\\\/4faaedc4afabcd882aed6427c06dd9449a4ac635efb8f231a3e4f729e70f1cad?s=96&d=mm&r=g\",\"contentUrl\":\"https:\\\/\\\/secure.gravatar.com\\\/avatar\\\/4faaedc4afabcd882aed6427c06dd9449a4ac635efb8f231a3e4f729e70f1cad?s=96&d=mm&r=g\",\"caption\":\"Admin Top\"},\"url\":\"https:\\\/\\\/spolecznajedynka.pl\\\/biblioteka\\\/author\\\/admin_top\\\/\"}]}<\/script>\n<!-- \/ Yoast SEO plugin. -->","yoast_head_json":{"title":"Dzie\u0144 projektowy w CDN. - Biblioteka Spo\u0142ecznej Jedynki","robots":{"index":"index","follow":"follow","max-snippet":"max-snippet:-1","max-image-preview":"max-image-preview:large","max-video-preview":"max-video-preview:-1"},"canonical":"https:\/\/spolecznajedynka.pl\/biblioteka\/wydarzenia\/grupa-cdn\/dzien-projektowy-w-cdn\/","og_locale":"pl_PL","og_type":"article","og_title":"Dzie\u0144 projektowy w CDN. - Biblioteka Spo\u0142ecznej Jedynki","og_description":"Niekiedy efektem dzia\u0142a\u0144 projektowych s\u0105 &#8222;G\u00f3ry ksi\u0105\u017cek&#8221;, a niekiedy &#8211; &#8222;Zjawa&#8221;.\u00a0 Projekt grupy CDN. rozpocz\u0119\u0142a rozmowa o tym, jakie cechy...","og_url":"https:\/\/spolecznajedynka.pl\/biblioteka\/wydarzenia\/grupa-cdn\/dzien-projektowy-w-cdn\/","og_site_name":"Biblioteka Spo\u0142ecznej Jedynki","article_published_time":"2025-04-11T21:54:31+00:00","article_modified_time":"2025-11-15T23:02:24+00:00","og_image":[{"width":1536,"height":1536,"url":"https:\/\/spolecznajedynka.pl\/biblioteka\/wp-content\/uploads\/sites\/4\/2025\/11\/495570620_1245034227627784_1942295466309364371_n.jpg","type":"image\/jpeg"}],"author":"Admin Top","twitter_card":"summary_large_image","twitter_misc":{"Napisane przez":"Admin Top","Szacowany czas czytania":"1 minuta"},"schema":{"@context":"https:\/\/schema.org","@graph":[{"@type":"Article","@id":"https:\/\/spolecznajedynka.pl\/biblioteka\/wydarzenia\/grupa-cdn\/dzien-projektowy-w-cdn\/#article","isPartOf":{"@id":"https:\/\/spolecznajedynka.pl\/biblioteka\/wydarzenia\/grupa-cdn\/dzien-projektowy-w-cdn\/"},"author":{"name":"Admin Top","@id":"https:\/\/spolecznajedynka.pl\/biblioteka\/#\/schema\/person\/2516201558d359d325ddfae4255a4356"},"headline":"Dzie\u0144 projektowy w CDN.","datePublished":"2025-04-11T21:54:31+00:00","dateModified":"2025-11-15T23:02:24+00:00","mainEntityOfPage":{"@id":"https:\/\/spolecznajedynka.pl\/biblioteka\/wydarzenia\/grupa-cdn\/dzien-projektowy-w-cdn\/"},"wordCount":151,"image":{"@id":"https:\/\/spolecznajedynka.pl\/biblioteka\/wydarzenia\/grupa-cdn\/dzien-projektowy-w-cdn\/#primaryimage"},"thumbnailUrl":"https:\/\/spolecznajedynka.pl\/biblioteka\/wp-content\/uploads\/sites\/4\/2025\/11\/495570620_1245034227627784_1942295466309364371_n.jpg","articleSection":["Grupa CDN.","Wydarzenia"],"inLanguage":"pl-PL"},{"@type":"WebPage","@id":"https:\/\/spolecznajedynka.pl\/biblioteka\/wydarzenia\/grupa-cdn\/dzien-projektowy-w-cdn\/","url":"https:\/\/spolecznajedynka.pl\/biblioteka\/wydarzenia\/grupa-cdn\/dzien-projektowy-w-cdn\/","name":"Dzie\u0144 projektowy w CDN. - Biblioteka Spo\u0142ecznej Jedynki","isPartOf":{"@id":"https:\/\/spolecznajedynka.pl\/biblioteka\/#website"},"primaryImageOfPage":{"@id":"https:\/\/spolecznajedynka.pl\/biblioteka\/wydarzenia\/grupa-cdn\/dzien-projektowy-w-cdn\/#primaryimage"},"image":{"@id":"https:\/\/spolecznajedynka.pl\/biblioteka\/wydarzenia\/grupa-cdn\/dzien-projektowy-w-cdn\/#primaryimage"},"thumbnailUrl":"https:\/\/spolecznajedynka.pl\/biblioteka\/wp-content\/uploads\/sites\/4\/2025\/11\/495570620_1245034227627784_1942295466309364371_n.jpg","datePublished":"2025-04-11T21:54:31+00:00","dateModified":"2025-11-15T23:02:24+00:00","author":{"@id":"https:\/\/spolecznajedynka.pl\/biblioteka\/#\/schema\/person\/2516201558d359d325ddfae4255a4356"},"breadcrumb":{"@id":"https:\/\/spolecznajedynka.pl\/biblioteka\/wydarzenia\/grupa-cdn\/dzien-projektowy-w-cdn\/#breadcrumb"},"inLanguage":"pl-PL","potentialAction":[{"@type":"ReadAction","target":["https:\/\/spolecznajedynka.pl\/biblioteka\/wydarzenia\/grupa-cdn\/dzien-projektowy-w-cdn\/"]}]},{"@type":"ImageObject","inLanguage":"pl-PL","@id":"https:\/\/spolecznajedynka.pl\/biblioteka\/wydarzenia\/grupa-cdn\/dzien-projektowy-w-cdn\/#primaryimage","url":"https:\/\/spolecznajedynka.pl\/biblioteka\/wp-content\/uploads\/sites\/4\/2025\/11\/495570620_1245034227627784_1942295466309364371_n.jpg","contentUrl":"https:\/\/spolecznajedynka.pl\/biblioteka\/wp-content\/uploads\/sites\/4\/2025\/11\/495570620_1245034227627784_1942295466309364371_n.jpg","width":1536,"height":1536},{"@type":"BreadcrumbList","@id":"https:\/\/spolecznajedynka.pl\/biblioteka\/wydarzenia\/grupa-cdn\/dzien-projektowy-w-cdn\/#breadcrumb","itemListElement":[{"@type":"ListItem","position":1,"name":"Strona g\u0142\u00f3wna","item":"https:\/\/spolecznajedynka.pl\/biblioteka\/"},{"@type":"ListItem","position":2,"name":"Dzie\u0144 projektowy w CDN."}]},{"@type":"WebSite","@id":"https:\/\/spolecznajedynka.pl\/biblioteka\/#website","url":"https:\/\/spolecznajedynka.pl\/biblioteka\/","name":"Biblioteka Spo\u0142ecznej Jedynki","description":"","potentialAction":[{"@type":"SearchAction","target":{"@type":"EntryPoint","urlTemplate":"https:\/\/spolecznajedynka.pl\/biblioteka\/?s={search_term_string}"},"query-input":{"@type":"PropertyValueSpecification","valueRequired":true,"valueName":"search_term_string"}}],"inLanguage":"pl-PL"},{"@type":"Person","@id":"https:\/\/spolecznajedynka.pl\/biblioteka\/#\/schema\/person\/2516201558d359d325ddfae4255a4356","name":"Admin Top","image":{"@type":"ImageObject","inLanguage":"pl-PL","@id":"https:\/\/secure.gravatar.com\/avatar\/4faaedc4afabcd882aed6427c06dd9449a4ac635efb8f231a3e4f729e70f1cad?s=96&d=mm&r=g","url":"https:\/\/secure.gravatar.com\/avatar\/4faaedc4afabcd882aed6427c06dd9449a4ac635efb8f231a3e4f729e70f1cad?s=96&d=mm&r=g","contentUrl":"https:\/\/secure.gravatar.com\/avatar\/4faaedc4afabcd882aed6427c06dd9449a4ac635efb8f231a3e4f729e70f1cad?s=96&d=mm&r=g","caption":"Admin Top"},"url":"https:\/\/spolecznajedynka.pl\/biblioteka\/author\/admin_top\/"}]}},"_links":{"self":[{"href":"https:\/\/spolecznajedynka.pl\/biblioteka\/wp-json\/wp\/v2\/posts\/536","targetHints":{"allow":["GET"]}}],"collection":[{"href":"https:\/\/spolecznajedynka.pl\/biblioteka\/wp-json\/wp\/v2\/posts"}],"about":[{"href":"https:\/\/spolecznajedynka.pl\/biblioteka\/wp-json\/wp\/v2\/types\/post"}],"author":[{"embeddable":true,"href":"https:\/\/spolecznajedynka.pl\/biblioteka\/wp-json\/wp\/v2\/users\/2"}],"replies":[{"embeddable":true,"href":"https:\/\/spolecznajedynka.pl\/biblioteka\/wp-json\/wp\/v2\/comments?post=536"}],"version-history":[{"count":1,"href":"https:\/\/spolecznajedynka.pl\/biblioteka\/wp-json\/wp\/v2\/posts\/536\/revisions"}],"predecessor-version":[{"id":548,"href":"https:\/\/spolecznajedynka.pl\/biblioteka\/wp-json\/wp\/v2\/posts\/536\/revisions\/548"}],"wp:featuredmedia":[{"embeddable":true,"href":"https:\/\/spolecznajedynka.pl\/biblioteka\/wp-json\/wp\/v2\/media\/547"}],"wp:attachment":[{"href":"https:\/\/spolecznajedynka.pl\/biblioteka\/wp-json\/wp\/v2\/media?parent=536"}],"wp:term":[{"taxonomy":"category","embeddable":true,"href":"https:\/\/spolecznajedynka.pl\/biblioteka\/wp-json\/wp\/v2\/categories?post=536"},{"taxonomy":"post_tag","embeddable":true,"href":"https:\/\/spolecznajedynka.pl\/biblioteka\/wp-json\/wp\/v2\/tags?post=536"}],"curies":[{"name":"wp","href":"https:\/\/api.w.org\/{rel}","templated":true}]}}