{"id":529,"date":"2025-03-25T23:48:35","date_gmt":"2025-03-25T22:48:35","guid":{"rendered":"https:\/\/spolecznajedynka.pl\/biblioteka\/?p=529"},"modified":"2025-11-15T23:54:27","modified_gmt":"2025-11-15T22:54:27","slug":"powitanie-wiosny-w-cdn","status":"publish","type":"post","link":"https:\/\/spolecznajedynka.pl\/biblioteka\/wydarzenia\/grupa-cdn\/powitanie-wiosny-w-cdn\/","title":{"rendered":"Powitanie wiosny w CDN."},"content":{"rendered":"<div class=\"x14z9mp xat24cr x1lziwak x1vvkbs xtlvy1s x126k92a\">\n<div dir=\"auto\"><strong>Mro\u017ana kraina o dw\u00f3ch ksi\u0119\u017cycach, \u015bwiat, kt\u00f3ry chyli si\u0119 ku upadkowi \u00a0i ch\u0142opiec, kt\u00f3ry jest jego ostatni\u0105 nadziej\u0105.<\/strong><\/div>\n<div dir=\"auto\"><strong>Przekonali\u015bmy si\u0119, \u017ce powie\u015b\u0107 Karoliny Lewestam ma wszystko, czego potrzeba, \u017ceby nie m\u00f3c si\u0119 od niej oderwa\u0107 do ostatniej strony!<\/strong><\/div>\n<div dir=\"auto\">\n<hr \/>\n<\/div>\n<\/div>\n<div class=\"x14z9mp xat24cr x1lziwak x1vvkbs xtlvy1s x126k92a\">\n<div dir=\"auto\">\u00a0Aby przywita\u0107 wiosn\u0119, nale\u017ca\u0142o najpierw godnie po\u017cegna\u0107 zim\u0119.<\/div>\n<div dir=\"auto\">Nasza grupa CDN. zrobi\u0142a to naprawd\u0119 mro\u017an\u0105 opowie\u015bci\u0105!<\/div>\n<div dir=\"auto\">Pola i Alicja zaprezentowa\u0142y niezwyk\u0142\u0105 histori\u0119 zawart\u0105 w ksi\u0105\u017cce \u201eSilla\u201d.<\/div>\n<\/div>\n<div class=\"x14z9mp xat24cr x1lziwak x1vvkbs xtlvy1s x126k92a\">\n<div dir=\"auto\">To poruszaj\u0105ca historia o przyja\u017ani, mi\u0142o\u015bci i poznawaniu siebie.<\/div>\n<div dir=\"auto\">Jej g\u0142\u00f3wnym bohaterem jest ch\u0142opiec imieniem Ari, kt\u00f3ry wyrusza w pe\u0142n\u0105 przyg\u00f3d i zapieraj\u0105c\u0105 dech w piersiach podr\u00f3\u017c.<\/div>\n<\/div>\n<div class=\"x14z9mp xat24cr x1lziwak x1vvkbs xtlvy1s x126k92a\">\n<div dir=\"auto\">A kiedy ju\u017c uczniowie i uczennice opu\u015bcili mro\u017ane ksi\u0105\u017ckowe \u015bwiaty, z rado\u015bci\u0105 przywitali wiosn\u0119!<\/div>\n<div dir=\"auto\">Wykorzystali do tego barwne i budz\u0105ce wiele skojarze\u0144 karty metaforyczne.<\/div>\n<\/div>\n<div class=\"x14z9mp xat24cr x1lziwak x1vvkbs xtlvy1s x126k92a\">\n<div dir=\"auto\">\u00a0Za pomoc\u0105 kart powstawa\u0142y skojarzenia ze s\u0142owem &#8222;szcz\u0119\u015bcie&#8221;.<\/div>\n<div dir=\"auto\">W\u0142a\u015bnie ono &#8211; jak \u017cadne inne &#8211; idzie r\u0119ka w r\u0119k\u0119 z budz\u0105c\u0105 si\u0119 do \u017cycia przyrod\u0105 i s\u0142oneczn\u0105 aur\u0105.<\/div>\n<\/div>\n<div class=\"x14z9mp xat24cr x1lziwak x1vvkbs xtlvy1s x126k92a\">\n<div dir=\"auto\">Okaza\u0142o si\u0119, \u017ce obecno\u015b\u0107, zaanga\u017cowane s\u0142uchanie i wsp\u00f3lne odkrywanie pi\u0119kna mo\u017ce by\u0107 podr\u00f3\u017c\u0105 co najmniej tak pi\u0119kn\u0105 jak w\u0119dr\u00f3wki literackich bohater\u00f3w!<\/div>\n<div dir=\"auto\">\n\n\t\t<style type=\"text\/css\">\n\t\t\t#gallery-1 {\n\t\t\t\tmargin: auto;\n\t\t\t}\n\t\t\t#gallery-1 .gallery-item {\n\t\t\t\tfloat: left;\n\t\t\t\tmargin-top: 10px;\n\t\t\t\ttext-align: center;\n\t\t\t\twidth: 33%;\n\t\t\t}\n\t\t\t#gallery-1 img {\n\t\t\t\tborder: 2px solid #cfcfcf;\n\t\t\t}\n\t\t\t#gallery-1 .gallery-caption {\n\t\t\t\tmargin-left: 0;\n\t\t\t}\n\t\t\t\/* see gallery_shortcode() in wp-includes\/media.php *\/\n\t\t<\/style>\n\t\t<div id='gallery-1' class='gallery galleryid-529 gallery-columns-3 gallery-size-thumbnail'><dl class='gallery-item'>\n\t\t\t<dt class='gallery-icon landscape'>\n\t\t\t\t<a href='https:\/\/spolecznajedynka.pl\/biblioteka\/wydarzenia\/grupa-cdn\/powitanie-wiosny-w-cdn\/attachment\/494521024_1238616504936223_6019417219505498543_n\/'><img loading=\"lazy\" decoding=\"async\" width=\"150\" height=\"150\" src=\"https:\/\/spolecznajedynka.pl\/biblioteka\/wp-content\/uploads\/sites\/4\/2025\/11\/494521024_1238616504936223_6019417219505498543_n-150x150.jpg\" class=\"attachment-thumbnail size-thumbnail\" alt=\"\" srcset=\"https:\/\/spolecznajedynka.pl\/biblioteka\/wp-content\/uploads\/sites\/4\/2025\/11\/494521024_1238616504936223_6019417219505498543_n-150x150.jpg 150w, https:\/\/spolecznajedynka.pl\/biblioteka\/wp-content\/uploads\/sites\/4\/2025\/11\/494521024_1238616504936223_6019417219505498543_n-300x300.jpg 300w, https:\/\/spolecznajedynka.pl\/biblioteka\/wp-content\/uploads\/sites\/4\/2025\/11\/494521024_1238616504936223_6019417219505498543_n-1024x1024.jpg 1024w, https:\/\/spolecznajedynka.pl\/biblioteka\/wp-content\/uploads\/sites\/4\/2025\/11\/494521024_1238616504936223_6019417219505498543_n-768x768.jpg 768w, https:\/\/spolecznajedynka.pl\/biblioteka\/wp-content\/uploads\/sites\/4\/2025\/11\/494521024_1238616504936223_6019417219505498543_n-1536x1536.jpg 1536w, https:\/\/spolecznajedynka.pl\/biblioteka\/wp-content\/uploads\/sites\/4\/2025\/11\/494521024_1238616504936223_6019417219505498543_n.jpg 1538w\" sizes=\"auto, (max-width: 150px) 100vw, 150px\" \/><\/a>\n\t\t\t<\/dt><\/dl><dl class='gallery-item'>\n\t\t\t<dt class='gallery-icon landscape'>\n\t\t\t\t<a href='https:\/\/spolecznajedynka.pl\/biblioteka\/wydarzenia\/grupa-cdn\/powitanie-wiosny-w-cdn\/attachment\/494482800_1238616214936252_900394662488172265_n\/'><img loading=\"lazy\" decoding=\"async\" width=\"150\" height=\"150\" src=\"https:\/\/spolecznajedynka.pl\/biblioteka\/wp-content\/uploads\/sites\/4\/2025\/11\/494482800_1238616214936252_900394662488172265_n-150x150.jpg\" class=\"attachment-thumbnail size-thumbnail\" alt=\"\" srcset=\"https:\/\/spolecznajedynka.pl\/biblioteka\/wp-content\/uploads\/sites\/4\/2025\/11\/494482800_1238616214936252_900394662488172265_n-150x150.jpg 150w, https:\/\/spolecznajedynka.pl\/biblioteka\/wp-content\/uploads\/sites\/4\/2025\/11\/494482800_1238616214936252_900394662488172265_n-300x300.jpg 300w, https:\/\/spolecznajedynka.pl\/biblioteka\/wp-content\/uploads\/sites\/4\/2025\/11\/494482800_1238616214936252_900394662488172265_n-1024x1024.jpg 1024w, https:\/\/spolecznajedynka.pl\/biblioteka\/wp-content\/uploads\/sites\/4\/2025\/11\/494482800_1238616214936252_900394662488172265_n-768x768.jpg 768w, https:\/\/spolecznajedynka.pl\/biblioteka\/wp-content\/uploads\/sites\/4\/2025\/11\/494482800_1238616214936252_900394662488172265_n-1536x1536.jpg 1536w, https:\/\/spolecznajedynka.pl\/biblioteka\/wp-content\/uploads\/sites\/4\/2025\/11\/494482800_1238616214936252_900394662488172265_n.jpg 1538w\" sizes=\"auto, (max-width: 150px) 100vw, 150px\" \/><\/a>\n\t\t\t<\/dt><\/dl><dl class='gallery-item'>\n\t\t\t<dt class='gallery-icon landscape'>\n\t\t\t\t<a href='https:\/\/spolecznajedynka.pl\/biblioteka\/wydarzenia\/grupa-cdn\/powitanie-wiosny-w-cdn\/attachment\/494477198_1238616208269586_6079396182728827996_n\/'><img loading=\"lazy\" decoding=\"async\" width=\"150\" height=\"150\" src=\"https:\/\/spolecznajedynka.pl\/biblioteka\/wp-content\/uploads\/sites\/4\/2025\/11\/494477198_1238616208269586_6079396182728827996_n-150x150.jpg\" class=\"attachment-thumbnail size-thumbnail\" alt=\"\" srcset=\"https:\/\/spolecznajedynka.pl\/biblioteka\/wp-content\/uploads\/sites\/4\/2025\/11\/494477198_1238616208269586_6079396182728827996_n-150x150.jpg 150w, https:\/\/spolecznajedynka.pl\/biblioteka\/wp-content\/uploads\/sites\/4\/2025\/11\/494477198_1238616208269586_6079396182728827996_n-300x300.jpg 300w, https:\/\/spolecznajedynka.pl\/biblioteka\/wp-content\/uploads\/sites\/4\/2025\/11\/494477198_1238616208269586_6079396182728827996_n-1024x1024.jpg 1024w, https:\/\/spolecznajedynka.pl\/biblioteka\/wp-content\/uploads\/sites\/4\/2025\/11\/494477198_1238616208269586_6079396182728827996_n-768x768.jpg 768w, https:\/\/spolecznajedynka.pl\/biblioteka\/wp-content\/uploads\/sites\/4\/2025\/11\/494477198_1238616208269586_6079396182728827996_n-1536x1536.jpg 1536w, https:\/\/spolecznajedynka.pl\/biblioteka\/wp-content\/uploads\/sites\/4\/2025\/11\/494477198_1238616208269586_6079396182728827996_n.jpg 1538w\" sizes=\"auto, (max-width: 150px) 100vw, 150px\" \/><\/a>\n\t\t\t<\/dt><\/dl><br style=\"clear: both\" \/><dl class='gallery-item'>\n\t\t\t<dt class='gallery-icon landscape'>\n\t\t\t\t<a href='https:\/\/spolecznajedynka.pl\/biblioteka\/wydarzenia\/grupa-cdn\/powitanie-wiosny-w-cdn\/attachment\/494498136_1238616521602888_8874728048764374118_n\/'><img loading=\"lazy\" decoding=\"async\" width=\"150\" height=\"150\" src=\"https:\/\/spolecznajedynka.pl\/biblioteka\/wp-content\/uploads\/sites\/4\/2025\/11\/494498136_1238616521602888_8874728048764374118_n-150x150.jpg\" class=\"attachment-thumbnail size-thumbnail\" alt=\"\" srcset=\"https:\/\/spolecznajedynka.pl\/biblioteka\/wp-content\/uploads\/sites\/4\/2025\/11\/494498136_1238616521602888_8874728048764374118_n-150x150.jpg 150w, https:\/\/spolecznajedynka.pl\/biblioteka\/wp-content\/uploads\/sites\/4\/2025\/11\/494498136_1238616521602888_8874728048764374118_n-300x300.jpg 300w, https:\/\/spolecznajedynka.pl\/biblioteka\/wp-content\/uploads\/sites\/4\/2025\/11\/494498136_1238616521602888_8874728048764374118_n-1024x1024.jpg 1024w, https:\/\/spolecznajedynka.pl\/biblioteka\/wp-content\/uploads\/sites\/4\/2025\/11\/494498136_1238616521602888_8874728048764374118_n-768x768.jpg 768w, https:\/\/spolecznajedynka.pl\/biblioteka\/wp-content\/uploads\/sites\/4\/2025\/11\/494498136_1238616521602888_8874728048764374118_n-1536x1536.jpg 1536w, https:\/\/spolecznajedynka.pl\/biblioteka\/wp-content\/uploads\/sites\/4\/2025\/11\/494498136_1238616521602888_8874728048764374118_n.jpg 1538w\" sizes=\"auto, (max-width: 150px) 100vw, 150px\" \/><\/a>\n\t\t\t<\/dt><\/dl><dl class='gallery-item'>\n\t\t\t<dt class='gallery-icon landscape'>\n\t\t\t\t<a href='https:\/\/spolecznajedynka.pl\/biblioteka\/wydarzenia\/grupa-cdn\/powitanie-wiosny-w-cdn\/attachment\/494540528_1238616484936225_3484705388602463418_n\/'><img loading=\"lazy\" decoding=\"async\" width=\"150\" height=\"150\" src=\"https:\/\/spolecznajedynka.pl\/biblioteka\/wp-content\/uploads\/sites\/4\/2025\/11\/494540528_1238616484936225_3484705388602463418_n-150x150.jpg\" class=\"attachment-thumbnail size-thumbnail\" alt=\"\" srcset=\"https:\/\/spolecznajedynka.pl\/biblioteka\/wp-content\/uploads\/sites\/4\/2025\/11\/494540528_1238616484936225_3484705388602463418_n-150x150.jpg 150w, https:\/\/spolecznajedynka.pl\/biblioteka\/wp-content\/uploads\/sites\/4\/2025\/11\/494540528_1238616484936225_3484705388602463418_n-300x300.jpg 300w, https:\/\/spolecznajedynka.pl\/biblioteka\/wp-content\/uploads\/sites\/4\/2025\/11\/494540528_1238616484936225_3484705388602463418_n-1024x1024.jpg 1024w, https:\/\/spolecznajedynka.pl\/biblioteka\/wp-content\/uploads\/sites\/4\/2025\/11\/494540528_1238616484936225_3484705388602463418_n-768x768.jpg 768w, https:\/\/spolecznajedynka.pl\/biblioteka\/wp-content\/uploads\/sites\/4\/2025\/11\/494540528_1238616484936225_3484705388602463418_n-1536x1536.jpg 1536w, https:\/\/spolecznajedynka.pl\/biblioteka\/wp-content\/uploads\/sites\/4\/2025\/11\/494540528_1238616484936225_3484705388602463418_n.jpg 1538w\" sizes=\"auto, (max-width: 150px) 100vw, 150px\" \/><\/a>\n\t\t\t<\/dt><\/dl>\n\t\t\t<br style='clear: both' \/>\n\t\t<\/div>\n\n<\/div>\n<\/div>\n","protected":false},"excerpt":{"rendered":"<p>Mro\u017ana kraina o dw\u00f3ch ksi\u0119\u017cycach, \u015bwiat, kt\u00f3ry chyli si\u0119 ku upadkowi \u00a0i ch\u0142opiec, kt\u00f3ry jest jego ostatni\u0105 nadziej\u0105. Przekonali\u015bmy si\u0119,&#8230;<\/p>\n","protected":false},"author":2,"featured_media":532,"comment_status":"closed","ping_status":"closed","sticky":false,"template":"","format":"standard","meta":{"_acf_changed":false,"footnotes":""},"categories":[6,4],"tags":[],"class_list":["post-529","post","type-post","status-publish","format-standard","has-post-thumbnail","hentry","category-grupa-cdn","category-wydarzenia"],"acf":[],"yoast_head":"<!-- This site is optimized with the Yoast SEO plugin v27.5 - https:\/\/yoast.com\/product\/yoast-seo-wordpress\/ -->\n<title>Powitanie wiosny w CDN. - Biblioteka Spo\u0142ecznej Jedynki<\/title>\n<meta name=\"robots\" content=\"index, follow, max-snippet:-1, max-image-preview:large, max-video-preview:-1\" \/>\n<link rel=\"canonical\" href=\"https:\/\/spolecznajedynka.pl\/biblioteka\/wydarzenia\/grupa-cdn\/powitanie-wiosny-w-cdn\/\" \/>\n<meta property=\"og:locale\" content=\"pl_PL\" \/>\n<meta property=\"og:type\" content=\"article\" \/>\n<meta property=\"og:title\" content=\"Powitanie wiosny w CDN. - Biblioteka Spo\u0142ecznej Jedynki\" \/>\n<meta property=\"og:description\" content=\"Mro\u017ana kraina o dw\u00f3ch ksi\u0119\u017cycach, \u015bwiat, kt\u00f3ry chyli si\u0119 ku upadkowi \u00a0i ch\u0142opiec, kt\u00f3ry jest jego ostatni\u0105 nadziej\u0105. Przekonali\u015bmy si\u0119,...\" \/>\n<meta property=\"og:url\" content=\"https:\/\/spolecznajedynka.pl\/biblioteka\/wydarzenia\/grupa-cdn\/powitanie-wiosny-w-cdn\/\" \/>\n<meta property=\"og:site_name\" content=\"Biblioteka Spo\u0142ecznej Jedynki\" \/>\n<meta property=\"article:published_time\" content=\"2025-03-25T22:48:35+00:00\" \/>\n<meta property=\"article:modified_time\" content=\"2025-11-15T22:54:27+00:00\" \/>\n<meta property=\"og:image\" content=\"https:\/\/spolecznajedynka.pl\/biblioteka\/wp-content\/uploads\/sites\/4\/2025\/11\/494521024_1238616504936223_6019417219505498543_n.jpg\" \/>\n\t<meta property=\"og:image:width\" content=\"1538\" \/>\n\t<meta property=\"og:image:height\" content=\"1538\" \/>\n\t<meta property=\"og:image:type\" content=\"image\/jpeg\" \/>\n<meta name=\"author\" content=\"Admin Top\" \/>\n<meta name=\"twitter:card\" content=\"summary_large_image\" \/>\n<meta name=\"twitter:label1\" content=\"Napisane przez\" \/>\n\t<meta name=\"twitter:data1\" content=\"Admin Top\" \/>\n\t<meta name=\"twitter:label2\" content=\"Szacowany czas czytania\" \/>\n\t<meta name=\"twitter:data2\" content=\"2 minuty\" \/>\n<script type=\"application\/ld+json\" class=\"yoast-schema-graph\">{\"@context\":\"https:\\\/\\\/schema.org\",\"@graph\":[{\"@type\":\"Article\",\"@id\":\"https:\\\/\\\/spolecznajedynka.pl\\\/biblioteka\\\/wydarzenia\\\/grupa-cdn\\\/powitanie-wiosny-w-cdn\\\/#article\",\"isPartOf\":{\"@id\":\"https:\\\/\\\/spolecznajedynka.pl\\\/biblioteka\\\/wydarzenia\\\/grupa-cdn\\\/powitanie-wiosny-w-cdn\\\/\"},\"author\":{\"name\":\"Admin Top\",\"@id\":\"https:\\\/\\\/spolecznajedynka.pl\\\/biblioteka\\\/#\\\/schema\\\/person\\\/2516201558d359d325ddfae4255a4356\"},\"headline\":\"Powitanie wiosny w CDN.\",\"datePublished\":\"2025-03-25T22:48:35+00:00\",\"dateModified\":\"2025-11-15T22:54:27+00:00\",\"mainEntityOfPage\":{\"@id\":\"https:\\\/\\\/spolecznajedynka.pl\\\/biblioteka\\\/wydarzenia\\\/grupa-cdn\\\/powitanie-wiosny-w-cdn\\\/\"},\"wordCount\":220,\"image\":{\"@id\":\"https:\\\/\\\/spolecznajedynka.pl\\\/biblioteka\\\/wydarzenia\\\/grupa-cdn\\\/powitanie-wiosny-w-cdn\\\/#primaryimage\"},\"thumbnailUrl\":\"https:\\\/\\\/spolecznajedynka.pl\\\/biblioteka\\\/wp-content\\\/uploads\\\/sites\\\/4\\\/2025\\\/11\\\/494521024_1238616504936223_6019417219505498543_n.jpg\",\"articleSection\":[\"Grupa CDN.\",\"Wydarzenia\"],\"inLanguage\":\"pl-PL\"},{\"@type\":\"WebPage\",\"@id\":\"https:\\\/\\\/spolecznajedynka.pl\\\/biblioteka\\\/wydarzenia\\\/grupa-cdn\\\/powitanie-wiosny-w-cdn\\\/\",\"url\":\"https:\\\/\\\/spolecznajedynka.pl\\\/biblioteka\\\/wydarzenia\\\/grupa-cdn\\\/powitanie-wiosny-w-cdn\\\/\",\"name\":\"Powitanie wiosny w CDN. - Biblioteka Spo\u0142ecznej Jedynki\",\"isPartOf\":{\"@id\":\"https:\\\/\\\/spolecznajedynka.pl\\\/biblioteka\\\/#website\"},\"primaryImageOfPage\":{\"@id\":\"https:\\\/\\\/spolecznajedynka.pl\\\/biblioteka\\\/wydarzenia\\\/grupa-cdn\\\/powitanie-wiosny-w-cdn\\\/#primaryimage\"},\"image\":{\"@id\":\"https:\\\/\\\/spolecznajedynka.pl\\\/biblioteka\\\/wydarzenia\\\/grupa-cdn\\\/powitanie-wiosny-w-cdn\\\/#primaryimage\"},\"thumbnailUrl\":\"https:\\\/\\\/spolecznajedynka.pl\\\/biblioteka\\\/wp-content\\\/uploads\\\/sites\\\/4\\\/2025\\\/11\\\/494521024_1238616504936223_6019417219505498543_n.jpg\",\"datePublished\":\"2025-03-25T22:48:35+00:00\",\"dateModified\":\"2025-11-15T22:54:27+00:00\",\"author\":{\"@id\":\"https:\\\/\\\/spolecznajedynka.pl\\\/biblioteka\\\/#\\\/schema\\\/person\\\/2516201558d359d325ddfae4255a4356\"},\"breadcrumb\":{\"@id\":\"https:\\\/\\\/spolecznajedynka.pl\\\/biblioteka\\\/wydarzenia\\\/grupa-cdn\\\/powitanie-wiosny-w-cdn\\\/#breadcrumb\"},\"inLanguage\":\"pl-PL\",\"potentialAction\":[{\"@type\":\"ReadAction\",\"target\":[\"https:\\\/\\\/spolecznajedynka.pl\\\/biblioteka\\\/wydarzenia\\\/grupa-cdn\\\/powitanie-wiosny-w-cdn\\\/\"]}]},{\"@type\":\"ImageObject\",\"inLanguage\":\"pl-PL\",\"@id\":\"https:\\\/\\\/spolecznajedynka.pl\\\/biblioteka\\\/wydarzenia\\\/grupa-cdn\\\/powitanie-wiosny-w-cdn\\\/#primaryimage\",\"url\":\"https:\\\/\\\/spolecznajedynka.pl\\\/biblioteka\\\/wp-content\\\/uploads\\\/sites\\\/4\\\/2025\\\/11\\\/494521024_1238616504936223_6019417219505498543_n.jpg\",\"contentUrl\":\"https:\\\/\\\/spolecznajedynka.pl\\\/biblioteka\\\/wp-content\\\/uploads\\\/sites\\\/4\\\/2025\\\/11\\\/494521024_1238616504936223_6019417219505498543_n.jpg\",\"width\":1538,\"height\":1538},{\"@type\":\"BreadcrumbList\",\"@id\":\"https:\\\/\\\/spolecznajedynka.pl\\\/biblioteka\\\/wydarzenia\\\/grupa-cdn\\\/powitanie-wiosny-w-cdn\\\/#breadcrumb\",\"itemListElement\":[{\"@type\":\"ListItem\",\"position\":1,\"name\":\"Strona g\u0142\u00f3wna\",\"item\":\"https:\\\/\\\/spolecznajedynka.pl\\\/biblioteka\\\/\"},{\"@type\":\"ListItem\",\"position\":2,\"name\":\"Powitanie wiosny w CDN.\"}]},{\"@type\":\"WebSite\",\"@id\":\"https:\\\/\\\/spolecznajedynka.pl\\\/biblioteka\\\/#website\",\"url\":\"https:\\\/\\\/spolecznajedynka.pl\\\/biblioteka\\\/\",\"name\":\"Biblioteka Spo\u0142ecznej Jedynki\",\"description\":\"\",\"potentialAction\":[{\"@type\":\"SearchAction\",\"target\":{\"@type\":\"EntryPoint\",\"urlTemplate\":\"https:\\\/\\\/spolecznajedynka.pl\\\/biblioteka\\\/?s={search_term_string}\"},\"query-input\":{\"@type\":\"PropertyValueSpecification\",\"valueRequired\":true,\"valueName\":\"search_term_string\"}}],\"inLanguage\":\"pl-PL\"},{\"@type\":\"Person\",\"@id\":\"https:\\\/\\\/spolecznajedynka.pl\\\/biblioteka\\\/#\\\/schema\\\/person\\\/2516201558d359d325ddfae4255a4356\",\"name\":\"Admin Top\",\"image\":{\"@type\":\"ImageObject\",\"inLanguage\":\"pl-PL\",\"@id\":\"https:\\\/\\\/secure.gravatar.com\\\/avatar\\\/4faaedc4afabcd882aed6427c06dd9449a4ac635efb8f231a3e4f729e70f1cad?s=96&d=mm&r=g\",\"url\":\"https:\\\/\\\/secure.gravatar.com\\\/avatar\\\/4faaedc4afabcd882aed6427c06dd9449a4ac635efb8f231a3e4f729e70f1cad?s=96&d=mm&r=g\",\"contentUrl\":\"https:\\\/\\\/secure.gravatar.com\\\/avatar\\\/4faaedc4afabcd882aed6427c06dd9449a4ac635efb8f231a3e4f729e70f1cad?s=96&d=mm&r=g\",\"caption\":\"Admin Top\"},\"url\":\"https:\\\/\\\/spolecznajedynka.pl\\\/biblioteka\\\/author\\\/admin_top\\\/\"}]}<\/script>\n<!-- \/ Yoast SEO plugin. -->","yoast_head_json":{"title":"Powitanie wiosny w CDN. - Biblioteka Spo\u0142ecznej Jedynki","robots":{"index":"index","follow":"follow","max-snippet":"max-snippet:-1","max-image-preview":"max-image-preview:large","max-video-preview":"max-video-preview:-1"},"canonical":"https:\/\/spolecznajedynka.pl\/biblioteka\/wydarzenia\/grupa-cdn\/powitanie-wiosny-w-cdn\/","og_locale":"pl_PL","og_type":"article","og_title":"Powitanie wiosny w CDN. - Biblioteka Spo\u0142ecznej Jedynki","og_description":"Mro\u017ana kraina o dw\u00f3ch ksi\u0119\u017cycach, \u015bwiat, kt\u00f3ry chyli si\u0119 ku upadkowi \u00a0i ch\u0142opiec, kt\u00f3ry jest jego ostatni\u0105 nadziej\u0105. Przekonali\u015bmy si\u0119,...","og_url":"https:\/\/spolecznajedynka.pl\/biblioteka\/wydarzenia\/grupa-cdn\/powitanie-wiosny-w-cdn\/","og_site_name":"Biblioteka Spo\u0142ecznej Jedynki","article_published_time":"2025-03-25T22:48:35+00:00","article_modified_time":"2025-11-15T22:54:27+00:00","og_image":[{"width":1538,"height":1538,"url":"https:\/\/spolecznajedynka.pl\/biblioteka\/wp-content\/uploads\/sites\/4\/2025\/11\/494521024_1238616504936223_6019417219505498543_n.jpg","type":"image\/jpeg"}],"author":"Admin Top","twitter_card":"summary_large_image","twitter_misc":{"Napisane przez":"Admin Top","Szacowany czas czytania":"2 minuty"},"schema":{"@context":"https:\/\/schema.org","@graph":[{"@type":"Article","@id":"https:\/\/spolecznajedynka.pl\/biblioteka\/wydarzenia\/grupa-cdn\/powitanie-wiosny-w-cdn\/#article","isPartOf":{"@id":"https:\/\/spolecznajedynka.pl\/biblioteka\/wydarzenia\/grupa-cdn\/powitanie-wiosny-w-cdn\/"},"author":{"name":"Admin Top","@id":"https:\/\/spolecznajedynka.pl\/biblioteka\/#\/schema\/person\/2516201558d359d325ddfae4255a4356"},"headline":"Powitanie wiosny w CDN.","datePublished":"2025-03-25T22:48:35+00:00","dateModified":"2025-11-15T22:54:27+00:00","mainEntityOfPage":{"@id":"https:\/\/spolecznajedynka.pl\/biblioteka\/wydarzenia\/grupa-cdn\/powitanie-wiosny-w-cdn\/"},"wordCount":220,"image":{"@id":"https:\/\/spolecznajedynka.pl\/biblioteka\/wydarzenia\/grupa-cdn\/powitanie-wiosny-w-cdn\/#primaryimage"},"thumbnailUrl":"https:\/\/spolecznajedynka.pl\/biblioteka\/wp-content\/uploads\/sites\/4\/2025\/11\/494521024_1238616504936223_6019417219505498543_n.jpg","articleSection":["Grupa CDN.","Wydarzenia"],"inLanguage":"pl-PL"},{"@type":"WebPage","@id":"https:\/\/spolecznajedynka.pl\/biblioteka\/wydarzenia\/grupa-cdn\/powitanie-wiosny-w-cdn\/","url":"https:\/\/spolecznajedynka.pl\/biblioteka\/wydarzenia\/grupa-cdn\/powitanie-wiosny-w-cdn\/","name":"Powitanie wiosny w CDN. - Biblioteka Spo\u0142ecznej Jedynki","isPartOf":{"@id":"https:\/\/spolecznajedynka.pl\/biblioteka\/#website"},"primaryImageOfPage":{"@id":"https:\/\/spolecznajedynka.pl\/biblioteka\/wydarzenia\/grupa-cdn\/powitanie-wiosny-w-cdn\/#primaryimage"},"image":{"@id":"https:\/\/spolecznajedynka.pl\/biblioteka\/wydarzenia\/grupa-cdn\/powitanie-wiosny-w-cdn\/#primaryimage"},"thumbnailUrl":"https:\/\/spolecznajedynka.pl\/biblioteka\/wp-content\/uploads\/sites\/4\/2025\/11\/494521024_1238616504936223_6019417219505498543_n.jpg","datePublished":"2025-03-25T22:48:35+00:00","dateModified":"2025-11-15T22:54:27+00:00","author":{"@id":"https:\/\/spolecznajedynka.pl\/biblioteka\/#\/schema\/person\/2516201558d359d325ddfae4255a4356"},"breadcrumb":{"@id":"https:\/\/spolecznajedynka.pl\/biblioteka\/wydarzenia\/grupa-cdn\/powitanie-wiosny-w-cdn\/#breadcrumb"},"inLanguage":"pl-PL","potentialAction":[{"@type":"ReadAction","target":["https:\/\/spolecznajedynka.pl\/biblioteka\/wydarzenia\/grupa-cdn\/powitanie-wiosny-w-cdn\/"]}]},{"@type":"ImageObject","inLanguage":"pl-PL","@id":"https:\/\/spolecznajedynka.pl\/biblioteka\/wydarzenia\/grupa-cdn\/powitanie-wiosny-w-cdn\/#primaryimage","url":"https:\/\/spolecznajedynka.pl\/biblioteka\/wp-content\/uploads\/sites\/4\/2025\/11\/494521024_1238616504936223_6019417219505498543_n.jpg","contentUrl":"https:\/\/spolecznajedynka.pl\/biblioteka\/wp-content\/uploads\/sites\/4\/2025\/11\/494521024_1238616504936223_6019417219505498543_n.jpg","width":1538,"height":1538},{"@type":"BreadcrumbList","@id":"https:\/\/spolecznajedynka.pl\/biblioteka\/wydarzenia\/grupa-cdn\/powitanie-wiosny-w-cdn\/#breadcrumb","itemListElement":[{"@type":"ListItem","position":1,"name":"Strona g\u0142\u00f3wna","item":"https:\/\/spolecznajedynka.pl\/biblioteka\/"},{"@type":"ListItem","position":2,"name":"Powitanie wiosny w CDN."}]},{"@type":"WebSite","@id":"https:\/\/spolecznajedynka.pl\/biblioteka\/#website","url":"https:\/\/spolecznajedynka.pl\/biblioteka\/","name":"Biblioteka Spo\u0142ecznej Jedynki","description":"","potentialAction":[{"@type":"SearchAction","target":{"@type":"EntryPoint","urlTemplate":"https:\/\/spolecznajedynka.pl\/biblioteka\/?s={search_term_string}"},"query-input":{"@type":"PropertyValueSpecification","valueRequired":true,"valueName":"search_term_string"}}],"inLanguage":"pl-PL"},{"@type":"Person","@id":"https:\/\/spolecznajedynka.pl\/biblioteka\/#\/schema\/person\/2516201558d359d325ddfae4255a4356","name":"Admin Top","image":{"@type":"ImageObject","inLanguage":"pl-PL","@id":"https:\/\/secure.gravatar.com\/avatar\/4faaedc4afabcd882aed6427c06dd9449a4ac635efb8f231a3e4f729e70f1cad?s=96&d=mm&r=g","url":"https:\/\/secure.gravatar.com\/avatar\/4faaedc4afabcd882aed6427c06dd9449a4ac635efb8f231a3e4f729e70f1cad?s=96&d=mm&r=g","contentUrl":"https:\/\/secure.gravatar.com\/avatar\/4faaedc4afabcd882aed6427c06dd9449a4ac635efb8f231a3e4f729e70f1cad?s=96&d=mm&r=g","caption":"Admin Top"},"url":"https:\/\/spolecznajedynka.pl\/biblioteka\/author\/admin_top\/"}]}},"_links":{"self":[{"href":"https:\/\/spolecznajedynka.pl\/biblioteka\/wp-json\/wp\/v2\/posts\/529","targetHints":{"allow":["GET"]}}],"collection":[{"href":"https:\/\/spolecznajedynka.pl\/biblioteka\/wp-json\/wp\/v2\/posts"}],"about":[{"href":"https:\/\/spolecznajedynka.pl\/biblioteka\/wp-json\/wp\/v2\/types\/post"}],"author":[{"embeddable":true,"href":"https:\/\/spolecznajedynka.pl\/biblioteka\/wp-json\/wp\/v2\/users\/2"}],"replies":[{"embeddable":true,"href":"https:\/\/spolecznajedynka.pl\/biblioteka\/wp-json\/wp\/v2\/comments?post=529"}],"version-history":[{"count":1,"href":"https:\/\/spolecznajedynka.pl\/biblioteka\/wp-json\/wp\/v2\/posts\/529\/revisions"}],"predecessor-version":[{"id":535,"href":"https:\/\/spolecznajedynka.pl\/biblioteka\/wp-json\/wp\/v2\/posts\/529\/revisions\/535"}],"wp:featuredmedia":[{"embeddable":true,"href":"https:\/\/spolecznajedynka.pl\/biblioteka\/wp-json\/wp\/v2\/media\/532"}],"wp:attachment":[{"href":"https:\/\/spolecznajedynka.pl\/biblioteka\/wp-json\/wp\/v2\/media?parent=529"}],"wp:term":[{"taxonomy":"category","embeddable":true,"href":"https:\/\/spolecznajedynka.pl\/biblioteka\/wp-json\/wp\/v2\/categories?post=529"},{"taxonomy":"post_tag","embeddable":true,"href":"https:\/\/spolecznajedynka.pl\/biblioteka\/wp-json\/wp\/v2\/tags?post=529"}],"curies":[{"name":"wp","href":"https:\/\/api.w.org\/{rel}","templated":true}]}}